{"id":1007,"date":"2021-11-02T17:11:59","date_gmt":"2021-11-02T15:11:59","guid":{"rendered":"https:\/\/tietoturva.fi\/?p=1007"},"modified":"2024-05-31T13:41:03","modified_gmt":"2024-05-31T10:41:03","slug":"tietosuojaverkosto-24-11-2021","status":"publish","type":"post","link":"https:\/\/tivia-jasenyhdistykset.fi\/tietoturva\/2021\/11\/02\/tietosuojaverkosto-24-11-2021\/","title":{"rendered":"Tietosuojaverkosto 24.11.2021"},"content":{"rendered":"<h1>Oman el\u00e4m\u00e4ns\u00e4 tietosuojavastaava<\/h1>\n<p>Tervetuloa seuraavaan tietosuojaverkoston tapaamiseen keskiviikkona 24.11. kello 17.00!<\/p>\n<p>T\u00e4ll\u00e4 kertaa kuulemme Oikeusministeri\u00f6n Tietosuojavastaava Johanna J\u00e4rvisen n\u00e4kemyksi\u00e4 tietosuojasta. Tule linjoille kuulemaan, miten Johanna suojaa tietojaan niin ty\u00f6ss\u00e4 kuin yksityisel\u00e4m\u00e4ss\u00e4.<\/p>\n<p>&nbsp;<\/p>\n<h1>Puhuja<\/h1>\n<p><img loading=\"lazy\" decoding=\"async\" class=\"alignnone size-medium wp-image-1008\" src=\"https:\/\/tietoturva.fi\/wp-content\/uploads\/sites\/7\/2021\/10\/JohannaJarvinen-225x300.jpg\" alt=\"\" width=\"225\" height=\"300\" srcset=\"https:\/\/tivia-jasenyhdistykset.fi\/tietoturva\/wp-content\/uploads\/sites\/7\/2021\/10\/JohannaJarvinen-225x300.jpg 225w, https:\/\/tivia-jasenyhdistykset.fi\/tietoturva\/wp-content\/uploads\/sites\/7\/2021\/10\/JohannaJarvinen.jpg 385w\" sizes=\"auto, (max-width: 225px) 100vw, 225px\" \/><\/p>\n<p><strong>Johanna J\u00e4rvinen, OTM, oikeusministeri\u00f6<\/strong><\/p>\n<p>Johanna on ty\u00f6skennellyt tietosuoja-ammattilaisena vuodesta 2005. Oikeusministeri\u00f6n johtavana asiantuntijana h\u00e4n ohjaa ja kehitt\u00e4\u00e4 hallinnonalan viranomaisten tietosuojaa ja hoitaa oikeusministeri\u00f6n tietosuojavastaavan teht\u00e4v\u00e4\u00e4. H\u00e4n toimii valtioneuvoston tietosuojaverkoston varapuheenjohtajana ja tekee aktiivista yhteisty\u00f6t\u00e4 koko julkishallinnon tietosuojan kehitt\u00e4miseksi.\u00a0<a href=\"https:\/\/www.eoppiva.fi\/koulutukset\/tietosuojan-abc-julkishallinnon-henkilostolle\/\">Tietosuojan ABC julkishallinnon henkil\u00f6st\u00f6lle \u2013kurssi<\/a>\u00a0on kaikkien organisaatioiden vapaasti hy\u00f6dynnett\u00e4viss\u00e4. Johannan mielest\u00e4 oikeus henkil\u00f6tietojen suojaan on kiehtovin perusoikeus, ja h\u00e4n kannustaa meit\u00e4 vaalimaan ja vaatimaan sit\u00e4 my\u00f6s henkil\u00f6kohtaisessa el\u00e4m\u00e4ss\u00e4mme.<\/p>\n<p>&nbsp;<\/p>\n<hr \/>\n<p>Tietosuojaverkoston tapaamiset ovat\u00a0<a href=\"https:\/\/tivia-jasenyhdistykset.fi\/jasenyys\/tivia-verkostokortti\/\" target=\"_blank\" rel=\"noopener\">TIVIA-Verkostokortt<\/a>i -tapahtumia ja avoimia kaikille\u00a0<a href=\"https:\/\/tivia-jasenyhdistykset.fi\/tivia\/tivia-yhteiso\/\" target=\"_blank\" rel=\"noopener\">TIVIA-yhteis\u00f6n<\/a>\u00a0j\u00e4senille.<\/p>\n<p>&nbsp;<\/p>\n<p><strong>Ilmoittautuminen tapahtumaan on suljettu.<\/strong><\/p>\n<p>&nbsp;<\/p>\n<p>&nbsp;<\/p>\n","protected":false},"excerpt":{"rendered":"<p>Oman el\u00e4m\u00e4ns\u00e4 tietosuojavastaava<\/p>\n<p>Tervetuloa seuraavaan tietosuojaverkoston tapaamiseen keskiviikkona 24.11. kello 17.00!<\/p>\n<p>T\u00e4ll\u00e4 kertaa kuulemme Oikeusministeri\u00f6n Tietosuojavastaava Johanna J\u00e4rvisen n\u00e4kemyksi\u00e4 tietosuojasta. Tule linjoille kuulemaan, miten Johanna suojaa tietojaan niin ty\u00f6ss\u00e4 kuin yksityisel\u00e4m\u00e4ss\u00e4.<\/p>\n<p>&nbsp;<\/p>\n<p>Puhuja<\/p>\n<p><img loading=\"lazy\" decoding=\"async\" class=\"alignnone size-medium wp-image-1008\" src=\"https:\/\/tietoturva.fi\/wp-content\/uploads\/sites\/7\/2021\/10\/JohannaJarvinen-225x300.jpg\" alt=\"\" width=\"225\" height=\"300\" srcset=\"https:\/\/tivia-jasenyhdistykset.fi\/tietoturva\/wp-content\/uploads\/sites\/7\/2021\/10\/JohannaJarvinen-225x300.jpg 225w, https:\/\/tivia-jasenyhdistykset.fi\/tietoturva\/wp-content\/uploads\/sites\/7\/2021\/10\/JohannaJarvinen.jpg 385w\" sizes=\"auto, (max-width: 225px) 100vw, 225px\" \/><\/p>\n<p>Johanna J\u00e4rvinen,<\/p>\n","protected":false},"author":2406,"featured_media":0,"comment_status":"closed","ping_status":"closed","sticky":false,"template":"","format":"standard","meta":{"_acf_changed":false,"footnotes":""},"categories":[38,26],"tags":[],"class_list":["post-1007","post","type-post","status-publish","format-standard","hentry","category-tapahtumat","category-tietosuoja"],"acf":[],"yoast_head":"<!-- This site is optimized with the Yoast SEO plugin v27.5 - https:\/\/yoast.com\/product\/yoast-seo-wordpress\/ -->\n<title>Tietosuojaverkosto 24.11.2021 - Tietoturva ry<\/title>\n<meta name=\"robots\" content=\"index, follow, max-snippet:-1, max-image-preview:large, max-video-preview:-1\" \/>\n<link rel=\"canonical\" href=\"https:\/\/tivia-jasenyhdistykset.fi\/tietoturva\/2021\/11\/02\/tietosuojaverkosto-24-11-2021\/\" \/>\n<meta property=\"og:locale\" content=\"fi_FI\" \/>\n<meta property=\"og:type\" content=\"article\" \/>\n<meta property=\"og:title\" content=\"Tietosuojaverkosto 24.11.2021 - Tietoturva ry\" \/>\n<meta property=\"og:description\" content=\"Oman el\u00e4m\u00e4ns\u00e4 tietosuojavastaava Tervetuloa seuraavaan tietosuojaverkoston tapaamiseen keskiviikkona 24.11. kello 17.00! T\u00e4ll\u00e4 kertaa kuulemme Oikeusministeri\u00f6n Tietosuojavastaava Johanna J\u00e4rvisen n\u00e4kemyksi\u00e4 tietosuojasta. Tule linjoille kuulemaan, miten Johanna suojaa tietojaan niin ty\u00f6ss\u00e4 kuin yksityisel\u00e4m\u00e4ss\u00e4. &nbsp; Puhuja Johanna J\u00e4rvinen,\" \/>\n<meta property=\"og:url\" content=\"https:\/\/tivia-jasenyhdistykset.fi\/tietoturva\/2021\/11\/02\/tietosuojaverkosto-24-11-2021\/\" \/>\n<meta property=\"og:site_name\" content=\"Tietoturva ry\" \/>\n<meta property=\"article:publisher\" content=\"https:\/\/www.facebook.com\/TietoturvaRy\/\" \/>\n<meta property=\"article:published_time\" content=\"2021-11-02T15:11:59+00:00\" \/>\n<meta property=\"article:modified_time\" content=\"2024-05-31T10:41:03+00:00\" \/>\n<meta property=\"og:image\" content=\"https:\/\/tietoturva.fi\/wp-content\/uploads\/sites\/7\/2021\/10\/JohannaJarvinen-225x300.jpg\" \/>\n<meta name=\"author\" content=\"marttinentomi14855\" \/>\n<meta name=\"twitter:card\" content=\"summary_large_image\" \/>\n<meta name=\"twitter:creator\" content=\"@tietoturva_ry\" \/>\n<meta name=\"twitter:site\" content=\"@tietoturva_ry\" \/>\n<meta name=\"twitter:label1\" content=\"Kirjoittanut\" \/>\n\t<meta name=\"twitter:data1\" content=\"marttinentomi14855\" \/>\n\t<meta name=\"twitter:label2\" content=\"Arvioitu lukuaika\" \/>\n\t<meta name=\"twitter:data2\" content=\"1 minuutti\" \/>\n<script type=\"application\/ld+json\" class=\"yoast-schema-graph\">{\"@context\":\"https:\\\/\\\/schema.org\",\"@graph\":[{\"@type\":\"Article\",\"@id\":\"https:\\\/\\\/tivia-jasenyhdistykset.fi\\\/tietoturva\\\/2021\\\/11\\\/02\\\/tietosuojaverkosto-24-11-2021\\\/#article\",\"isPartOf\":{\"@id\":\"https:\\\/\\\/tivia-jasenyhdistykset.fi\\\/tietoturva\\\/2021\\\/11\\\/02\\\/tietosuojaverkosto-24-11-2021\\\/\"},\"author\":{\"name\":\"marttinentomi14855\",\"@id\":\"https:\\\/\\\/tivia-jasenyhdistykset.fi\\\/tietoturva\\\/#\\\/schema\\\/person\\\/19adf5a38ed1bb5572c797f59f5d398c\"},\"headline\":\"Tietosuojaverkosto 24.11.2021\",\"datePublished\":\"2021-11-02T15:11:59+00:00\",\"dateModified\":\"2024-05-31T10:41:03+00:00\",\"mainEntityOfPage\":{\"@id\":\"https:\\\/\\\/tivia-jasenyhdistykset.fi\\\/tietoturva\\\/2021\\\/11\\\/02\\\/tietosuojaverkosto-24-11-2021\\\/\"},\"wordCount\":147,\"publisher\":{\"@id\":\"https:\\\/\\\/tivia-jasenyhdistykset.fi\\\/tietoturva\\\/#organization\"},\"image\":{\"@id\":\"https:\\\/\\\/tivia-jasenyhdistykset.fi\\\/tietoturva\\\/2021\\\/11\\\/02\\\/tietosuojaverkosto-24-11-2021\\\/#primaryimage\"},\"thumbnailUrl\":\"https:\\\/\\\/tietoturva.fi\\\/wp-content\\\/uploads\\\/sites\\\/7\\\/2021\\\/10\\\/JohannaJarvinen-225x300.jpg\",\"articleSection\":[\"Tapahtumat\",\"Tietosuoja\"],\"inLanguage\":\"fi\"},{\"@type\":\"WebPage\",\"@id\":\"https:\\\/\\\/tivia-jasenyhdistykset.fi\\\/tietoturva\\\/2021\\\/11\\\/02\\\/tietosuojaverkosto-24-11-2021\\\/\",\"url\":\"https:\\\/\\\/tivia-jasenyhdistykset.fi\\\/tietoturva\\\/2021\\\/11\\\/02\\\/tietosuojaverkosto-24-11-2021\\\/\",\"name\":\"Tietosuojaverkosto 24.11.2021 - Tietoturva ry\",\"isPartOf\":{\"@id\":\"https:\\\/\\\/tivia-jasenyhdistykset.fi\\\/tietoturva\\\/#website\"},\"primaryImageOfPage\":{\"@id\":\"https:\\\/\\\/tivia-jasenyhdistykset.fi\\\/tietoturva\\\/2021\\\/11\\\/02\\\/tietosuojaverkosto-24-11-2021\\\/#primaryimage\"},\"image\":{\"@id\":\"https:\\\/\\\/tivia-jasenyhdistykset.fi\\\/tietoturva\\\/2021\\\/11\\\/02\\\/tietosuojaverkosto-24-11-2021\\\/#primaryimage\"},\"thumbnailUrl\":\"https:\\\/\\\/tietoturva.fi\\\/wp-content\\\/uploads\\\/sites\\\/7\\\/2021\\\/10\\\/JohannaJarvinen-225x300.jpg\",\"datePublished\":\"2021-11-02T15:11:59+00:00\",\"dateModified\":\"2024-05-31T10:41:03+00:00\",\"breadcrumb\":{\"@id\":\"https:\\\/\\\/tivia-jasenyhdistykset.fi\\\/tietoturva\\\/2021\\\/11\\\/02\\\/tietosuojaverkosto-24-11-2021\\\/#breadcrumb\"},\"inLanguage\":\"fi\",\"potentialAction\":[{\"@type\":\"ReadAction\",\"target\":[\"https:\\\/\\\/tivia-jasenyhdistykset.fi\\\/tietoturva\\\/2021\\\/11\\\/02\\\/tietosuojaverkosto-24-11-2021\\\/\"]}]},{\"@type\":\"ImageObject\",\"inLanguage\":\"fi\",\"@id\":\"https:\\\/\\\/tivia-jasenyhdistykset.fi\\\/tietoturva\\\/2021\\\/11\\\/02\\\/tietosuojaverkosto-24-11-2021\\\/#primaryimage\",\"url\":\"https:\\\/\\\/tietoturva.fi\\\/wp-content\\\/uploads\\\/sites\\\/7\\\/2021\\\/10\\\/JohannaJarvinen-225x300.jpg\",\"contentUrl\":\"https:\\\/\\\/tietoturva.fi\\\/wp-content\\\/uploads\\\/sites\\\/7\\\/2021\\\/10\\\/JohannaJarvinen-225x300.jpg\"},{\"@type\":\"BreadcrumbList\",\"@id\":\"https:\\\/\\\/tivia-jasenyhdistykset.fi\\\/tietoturva\\\/2021\\\/11\\\/02\\\/tietosuojaverkosto-24-11-2021\\\/#breadcrumb\",\"itemListElement\":[{\"@type\":\"ListItem\",\"position\":1,\"name\":\"Etusivu\",\"item\":\"https:\\\/\\\/tivia-jasenyhdistykset.fi\\\/tietoturva\\\/\"},{\"@type\":\"ListItem\",\"position\":2,\"name\":\"Tietosuojaverkosto 24.11.2021\"}]},{\"@type\":\"WebSite\",\"@id\":\"https:\\\/\\\/tivia-jasenyhdistykset.fi\\\/tietoturva\\\/#website\",\"url\":\"https:\\\/\\\/tivia-jasenyhdistykset.fi\\\/tietoturva\\\/\",\"name\":\"Tietoturva ry\",\"description\":\"Suomen suurin tietoturva-ammattilaisten verkosto\",\"publisher\":{\"@id\":\"https:\\\/\\\/tivia-jasenyhdistykset.fi\\\/tietoturva\\\/#organization\"},\"potentialAction\":[{\"@type\":\"SearchAction\",\"target\":{\"@type\":\"EntryPoint\",\"urlTemplate\":\"https:\\\/\\\/tivia-jasenyhdistykset.fi\\\/tietoturva\\\/?s={search_term_string}\"},\"query-input\":{\"@type\":\"PropertyValueSpecification\",\"valueRequired\":true,\"valueName\":\"search_term_string\"}}],\"inLanguage\":\"fi\"},{\"@type\":\"Organization\",\"@id\":\"https:\\\/\\\/tivia-jasenyhdistykset.fi\\\/tietoturva\\\/#organization\",\"name\":\"Tietoturva ry\",\"url\":\"https:\\\/\\\/tivia-jasenyhdistykset.fi\\\/tietoturva\\\/\",\"logo\":{\"@type\":\"ImageObject\",\"inLanguage\":\"fi\",\"@id\":\"https:\\\/\\\/tivia-jasenyhdistykset.fi\\\/tietoturva\\\/#\\\/schema\\\/logo\\\/image\\\/\",\"url\":\"https:\\\/\\\/tietoturva.fi\\\/wp-content\\\/uploads\\\/sites\\\/7\\\/2021\\\/05\\\/Tietoturva-logo-2018-100.png\",\"contentUrl\":\"https:\\\/\\\/tietoturva.fi\\\/wp-content\\\/uploads\\\/sites\\\/7\\\/2021\\\/05\\\/Tietoturva-logo-2018-100.png\",\"width\":73,\"height\":100,\"caption\":\"Tietoturva ry\"},\"image\":{\"@id\":\"https:\\\/\\\/tivia-jasenyhdistykset.fi\\\/tietoturva\\\/#\\\/schema\\\/logo\\\/image\\\/\"},\"sameAs\":[\"https:\\\/\\\/www.facebook.com\\\/TietoturvaRy\\\/\",\"https:\\\/\\\/x.com\\\/tietoturva_ry\",\"https:\\\/\\\/www.linkedin.com\\\/company\\\/tietoturva\\\/\",\"https:\\\/\\\/www.youtube.com\\\/channel\\\/UCmXkytjYpJ4_N2msCNy69sw\\\/\"]},{\"@type\":\"Person\",\"@id\":\"https:\\\/\\\/tivia-jasenyhdistykset.fi\\\/tietoturva\\\/#\\\/schema\\\/person\\\/19adf5a38ed1bb5572c797f59f5d398c\",\"name\":\"marttinentomi14855\",\"image\":{\"@type\":\"ImageObject\",\"inLanguage\":\"fi\",\"@id\":\"https:\\\/\\\/secure.gravatar.com\\\/avatar\\\/86ce3195a207958a65db3a2f1a0b53c6822ec82b8849c824270d6274e1a79ff8?s=96&d=mm&r=g\",\"url\":\"https:\\\/\\\/secure.gravatar.com\\\/avatar\\\/86ce3195a207958a65db3a2f1a0b53c6822ec82b8849c824270d6274e1a79ff8?s=96&d=mm&r=g\",\"contentUrl\":\"https:\\\/\\\/secure.gravatar.com\\\/avatar\\\/86ce3195a207958a65db3a2f1a0b53c6822ec82b8849c824270d6274e1a79ff8?s=96&d=mm&r=g\",\"caption\":\"marttinentomi14855\"},\"url\":\"https:\\\/\\\/tivia-jasenyhdistykset.fi\\\/tietoturva\\\/author\\\/marttinentomi14855\\\/\"}]}<\/script>\n<!-- \/ Yoast SEO plugin. -->","yoast_head_json":{"title":"Tietosuojaverkosto 24.11.2021 - Tietoturva ry","robots":{"index":"index","follow":"follow","max-snippet":"max-snippet:-1","max-image-preview":"max-image-preview:large","max-video-preview":"max-video-preview:-1"},"canonical":"https:\/\/tivia-jasenyhdistykset.fi\/tietoturva\/2021\/11\/02\/tietosuojaverkosto-24-11-2021\/","og_locale":"fi_FI","og_type":"article","og_title":"Tietosuojaverkosto 24.11.2021 - Tietoturva ry","og_description":"Oman el\u00e4m\u00e4ns\u00e4 tietosuojavastaava Tervetuloa seuraavaan tietosuojaverkoston tapaamiseen keskiviikkona 24.11. kello 17.00! T\u00e4ll\u00e4 kertaa kuulemme Oikeusministeri\u00f6n Tietosuojavastaava Johanna J\u00e4rvisen n\u00e4kemyksi\u00e4 tietosuojasta. Tule linjoille kuulemaan, miten Johanna suojaa tietojaan niin ty\u00f6ss\u00e4 kuin yksityisel\u00e4m\u00e4ss\u00e4. &nbsp; Puhuja Johanna J\u00e4rvinen,","og_url":"https:\/\/tivia-jasenyhdistykset.fi\/tietoturva\/2021\/11\/02\/tietosuojaverkosto-24-11-2021\/","og_site_name":"Tietoturva ry","article_publisher":"https:\/\/www.facebook.com\/TietoturvaRy\/","article_published_time":"2021-11-02T15:11:59+00:00","article_modified_time":"2024-05-31T10:41:03+00:00","og_image":[{"url":"https:\/\/tietoturva.fi\/wp-content\/uploads\/sites\/7\/2021\/10\/JohannaJarvinen-225x300.jpg","type":"","width":"","height":""}],"author":"marttinentomi14855","twitter_card":"summary_large_image","twitter_creator":"@tietoturva_ry","twitter_site":"@tietoturva_ry","twitter_misc":{"Kirjoittanut":"marttinentomi14855","Arvioitu lukuaika":"1 minuutti"},"schema":{"@context":"https:\/\/schema.org","@graph":[{"@type":"Article","@id":"https:\/\/tivia-jasenyhdistykset.fi\/tietoturva\/2021\/11\/02\/tietosuojaverkosto-24-11-2021\/#article","isPartOf":{"@id":"https:\/\/tivia-jasenyhdistykset.fi\/tietoturva\/2021\/11\/02\/tietosuojaverkosto-24-11-2021\/"},"author":{"name":"marttinentomi14855","@id":"https:\/\/tivia-jasenyhdistykset.fi\/tietoturva\/#\/schema\/person\/19adf5a38ed1bb5572c797f59f5d398c"},"headline":"Tietosuojaverkosto 24.11.2021","datePublished":"2021-11-02T15:11:59+00:00","dateModified":"2024-05-31T10:41:03+00:00","mainEntityOfPage":{"@id":"https:\/\/tivia-jasenyhdistykset.fi\/tietoturva\/2021\/11\/02\/tietosuojaverkosto-24-11-2021\/"},"wordCount":147,"publisher":{"@id":"https:\/\/tivia-jasenyhdistykset.fi\/tietoturva\/#organization"},"image":{"@id":"https:\/\/tivia-jasenyhdistykset.fi\/tietoturva\/2021\/11\/02\/tietosuojaverkosto-24-11-2021\/#primaryimage"},"thumbnailUrl":"https:\/\/tietoturva.fi\/wp-content\/uploads\/sites\/7\/2021\/10\/JohannaJarvinen-225x300.jpg","articleSection":["Tapahtumat","Tietosuoja"],"inLanguage":"fi"},{"@type":"WebPage","@id":"https:\/\/tivia-jasenyhdistykset.fi\/tietoturva\/2021\/11\/02\/tietosuojaverkosto-24-11-2021\/","url":"https:\/\/tivia-jasenyhdistykset.fi\/tietoturva\/2021\/11\/02\/tietosuojaverkosto-24-11-2021\/","name":"Tietosuojaverkosto 24.11.2021 - Tietoturva ry","isPartOf":{"@id":"https:\/\/tivia-jasenyhdistykset.fi\/tietoturva\/#website"},"primaryImageOfPage":{"@id":"https:\/\/tivia-jasenyhdistykset.fi\/tietoturva\/2021\/11\/02\/tietosuojaverkosto-24-11-2021\/#primaryimage"},"image":{"@id":"https:\/\/tivia-jasenyhdistykset.fi\/tietoturva\/2021\/11\/02\/tietosuojaverkosto-24-11-2021\/#primaryimage"},"thumbnailUrl":"https:\/\/tietoturva.fi\/wp-content\/uploads\/sites\/7\/2021\/10\/JohannaJarvinen-225x300.jpg","datePublished":"2021-11-02T15:11:59+00:00","dateModified":"2024-05-31T10:41:03+00:00","breadcrumb":{"@id":"https:\/\/tivia-jasenyhdistykset.fi\/tietoturva\/2021\/11\/02\/tietosuojaverkosto-24-11-2021\/#breadcrumb"},"inLanguage":"fi","potentialAction":[{"@type":"ReadAction","target":["https:\/\/tivia-jasenyhdistykset.fi\/tietoturva\/2021\/11\/02\/tietosuojaverkosto-24-11-2021\/"]}]},{"@type":"ImageObject","inLanguage":"fi","@id":"https:\/\/tivia-jasenyhdistykset.fi\/tietoturva\/2021\/11\/02\/tietosuojaverkosto-24-11-2021\/#primaryimage","url":"https:\/\/tietoturva.fi\/wp-content\/uploads\/sites\/7\/2021\/10\/JohannaJarvinen-225x300.jpg","contentUrl":"https:\/\/tietoturva.fi\/wp-content\/uploads\/sites\/7\/2021\/10\/JohannaJarvinen-225x300.jpg"},{"@type":"BreadcrumbList","@id":"https:\/\/tivia-jasenyhdistykset.fi\/tietoturva\/2021\/11\/02\/tietosuojaverkosto-24-11-2021\/#breadcrumb","itemListElement":[{"@type":"ListItem","position":1,"name":"Etusivu","item":"https:\/\/tivia-jasenyhdistykset.fi\/tietoturva\/"},{"@type":"ListItem","position":2,"name":"Tietosuojaverkosto 24.11.2021"}]},{"@type":"WebSite","@id":"https:\/\/tivia-jasenyhdistykset.fi\/tietoturva\/#website","url":"https:\/\/tivia-jasenyhdistykset.fi\/tietoturva\/","name":"Tietoturva ry","description":"Suomen suurin tietoturva-ammattilaisten verkosto","publisher":{"@id":"https:\/\/tivia-jasenyhdistykset.fi\/tietoturva\/#organization"},"potentialAction":[{"@type":"SearchAction","target":{"@type":"EntryPoint","urlTemplate":"https:\/\/tivia-jasenyhdistykset.fi\/tietoturva\/?s={search_term_string}"},"query-input":{"@type":"PropertyValueSpecification","valueRequired":true,"valueName":"search_term_string"}}],"inLanguage":"fi"},{"@type":"Organization","@id":"https:\/\/tivia-jasenyhdistykset.fi\/tietoturva\/#organization","name":"Tietoturva ry","url":"https:\/\/tivia-jasenyhdistykset.fi\/tietoturva\/","logo":{"@type":"ImageObject","inLanguage":"fi","@id":"https:\/\/tivia-jasenyhdistykset.fi\/tietoturva\/#\/schema\/logo\/image\/","url":"https:\/\/tietoturva.fi\/wp-content\/uploads\/sites\/7\/2021\/05\/Tietoturva-logo-2018-100.png","contentUrl":"https:\/\/tietoturva.fi\/wp-content\/uploads\/sites\/7\/2021\/05\/Tietoturva-logo-2018-100.png","width":73,"height":100,"caption":"Tietoturva ry"},"image":{"@id":"https:\/\/tivia-jasenyhdistykset.fi\/tietoturva\/#\/schema\/logo\/image\/"},"sameAs":["https:\/\/www.facebook.com\/TietoturvaRy\/","https:\/\/x.com\/tietoturva_ry","https:\/\/www.linkedin.com\/company\/tietoturva\/","https:\/\/www.youtube.com\/channel\/UCmXkytjYpJ4_N2msCNy69sw\/"]},{"@type":"Person","@id":"https:\/\/tivia-jasenyhdistykset.fi\/tietoturva\/#\/schema\/person\/19adf5a38ed1bb5572c797f59f5d398c","name":"marttinentomi14855","image":{"@type":"ImageObject","inLanguage":"fi","@id":"https:\/\/secure.gravatar.com\/avatar\/86ce3195a207958a65db3a2f1a0b53c6822ec82b8849c824270d6274e1a79ff8?s=96&d=mm&r=g","url":"https:\/\/secure.gravatar.com\/avatar\/86ce3195a207958a65db3a2f1a0b53c6822ec82b8849c824270d6274e1a79ff8?s=96&d=mm&r=g","contentUrl":"https:\/\/secure.gravatar.com\/avatar\/86ce3195a207958a65db3a2f1a0b53c6822ec82b8849c824270d6274e1a79ff8?s=96&d=mm&r=g","caption":"marttinentomi14855"},"url":"https:\/\/tivia-jasenyhdistykset.fi\/tietoturva\/author\/marttinentomi14855\/"}]}},"_links":{"self":[{"href":"https:\/\/tivia-jasenyhdistykset.fi\/tietoturva\/wp-json\/wp\/v2\/posts\/1007","targetHints":{"allow":["GET"]}}],"collection":[{"href":"https:\/\/tivia-jasenyhdistykset.fi\/tietoturva\/wp-json\/wp\/v2\/posts"}],"about":[{"href":"https:\/\/tivia-jasenyhdistykset.fi\/tietoturva\/wp-json\/wp\/v2\/types\/post"}],"author":[{"embeddable":true,"href":"https:\/\/tivia-jasenyhdistykset.fi\/tietoturva\/wp-json\/wp\/v2\/users\/2406"}],"replies":[{"embeddable":true,"href":"https:\/\/tivia-jasenyhdistykset.fi\/tietoturva\/wp-json\/wp\/v2\/comments?post=1007"}],"version-history":[{"count":4,"href":"https:\/\/tivia-jasenyhdistykset.fi\/tietoturva\/wp-json\/wp\/v2\/posts\/1007\/revisions"}],"predecessor-version":[{"id":1079,"href":"https:\/\/tivia-jasenyhdistykset.fi\/tietoturva\/wp-json\/wp\/v2\/posts\/1007\/revisions\/1079"}],"wp:attachment":[{"href":"https:\/\/tivia-jasenyhdistykset.fi\/tietoturva\/wp-json\/wp\/v2\/media?parent=1007"}],"wp:term":[{"taxonomy":"category","embeddable":true,"href":"https:\/\/tivia-jasenyhdistykset.fi\/tietoturva\/wp-json\/wp\/v2\/categories?post=1007"},{"taxonomy":"post_tag","embeddable":true,"href":"https:\/\/tivia-jasenyhdistykset.fi\/tietoturva\/wp-json\/wp\/v2\/tags?post=1007"}],"curies":[{"name":"wp","href":"https:\/\/api.w.org\/{rel}","templated":true}]}}