{"id":1019,"date":"2021-11-02T16:35:58","date_gmt":"2021-11-02T14:35:58","guid":{"rendered":"https:\/\/tietoturva.fi\/?p=1019"},"modified":"2024-05-31T13:48:00","modified_gmt":"2024-05-31T10:48:00","slug":"tietoturva-ry-avoin-tilaisuus-verkkorikollisuus-ja-kybervakoilu-nouseva-uhka-myos-suomelle","status":"publish","type":"post","link":"https:\/\/tivia-jasenyhdistykset.fi\/tietoturva\/2021\/11\/02\/tietoturva-ry-avoin-tilaisuus-verkkorikollisuus-ja-kybervakoilu-nouseva-uhka-myos-suomelle\/","title":{"rendered":"Tietoturva ry avoin tilaisuus &#8211; Verkkorikollisuus ja kybervakoilu &#8211; nouseva uhka my\u00f6s Suomelle"},"content":{"rendered":"<p><strong>Tietoturva ry avoin tilaisuus &#8211; Verkkorikollisuus ja kybervakoilu &#8211; nouseva uhka my\u00f6s Suomelle<\/strong><\/p>\n<p>Ajankohta: Keskiviikko 10.11. klo 1700 &#8211; 19.15<\/p>\n<p>Paikka: Microsoft, Keilalahdentie 2-4, Espoo<\/p>\n<p>Tilaisuuteen mahtuu 80 ensimm\u00e4ist\u00e4 ilmoittautunutta paikalle sek\u00e4 sit\u00e4 on mahdollista seurata my\u00f6s verkon v\u00e4lityksell\u00e4 (hybriditilaisuus).<br \/>\nIlmoittaudu paikalle tai seuraamaan verkon v\u00e4lityksell\u00e4.<\/p>\n<p>Ohjelma:<\/p>\n<p>17.00 Tervetuloa \u2013 Juha Karppinen, teknologiajohtaja, Microsoft<\/p>\n<p>Tomi Marttinen, Tietoturva ry, puheenjohtaja<\/p>\n<p>Kimmo Rousku, Tietoturva ry, hallituksen j\u00e4sen, toimii tilaisuuden moderaattorina<\/p>\n<p>17.10 Microsoft Digital Defense 2021 -tietoturvaraportti<\/p>\n<p>Juha Karppinen, teknologiajohtaja, Microsoft<br \/>\n&#8211; esityksen j\u00e4lkeen mahdollisuus kysymyksiin<\/p>\n<p>17.40 IT Kimmo kertoo opettavaisen tarinan verkkorikollisten maailmasta (https:\/\/www.is.fi\/digitoday\/tietoturva\/art-2000008377067.html)<\/p>\n<p>17.50 Paneelikeskustelu &#8211; Verkkorikollisuus ja kybervakoilu \u2013 nouseva uhka my\u00f6s Suomelle<\/p>\n<p>Jessikka Aro, tietokirjailija, toimittaja<\/p>\n<p>Aapo Cederberg, toimitusjohtaja, Cyberwatch Finland<\/p>\n<p>Rauli Paananen, kyberturvallisuusjohtaja, liikenne- ja viestint\u00e4ministeri\u00f6<\/p>\n<p>Juha Karppinen, teknologiajohtaja, Microsoft<\/p>\n<p>Otso Manninen, rikosylikonstaapeli, KRP, Kyberrikostorjuntakeskus<\/p>\n<p>18.30 Mahdollisuus keskusteluun ja verkostoitumiseen<\/p>\n<p>19.15 Tilaisuus p\u00e4\u00e4ttyy<\/p>\n<p>Tapahtumaan voi ilmoittautua osoitteessa: <a href=\"https:\/\/www.lyyti.in\/Tietoturva_ry_avoin_tilaisuus__Verkkorikollisuus_ja_kybervakoilu__nouseva_uhka_myos_Suomelle_6782\">https:\/\/www.lyyti.in\/Tietoturva_ry_avoin_tilaisuus__Verkkorikollisuus_ja_kybervakoilu__nouseva_uhka_myos_Suomelle_6782<\/a><\/p>\n<p>&nbsp;<\/p>\n<p>Toivomme, ett\u00e4 tulet paikalle terveen\u00e4 ja kahdesti rokotettuna<\/p>\n","protected":false},"excerpt":{"rendered":"<p>Tietoturva ry avoin tilaisuus &#8211; Verkkorikollisuus ja kybervakoilu &#8211; nouseva uhka my\u00f6s Suomelle<\/p>\n<p>Ajankohta: Keskiviikko 10.11. klo 1700 &#8211; 19.15<\/p>\n<p>Paikka: Microsoft, Keilalahdentie 2-4, Espoo<\/p>\n<p>Tilaisuuteen mahtuu 80 ensimm\u00e4ist\u00e4 ilmoittautunutta paikalle sek\u00e4 sit\u00e4 on mahdollista seurata my\u00f6s verkon v\u00e4lityksell\u00e4 (hybriditilaisuus).<\/p>\n","protected":false},"author":2408,"featured_media":0,"comment_status":"closed","ping_status":"closed","sticky":false,"template":"","format":"standard","meta":{"_acf_changed":false,"footnotes":""},"categories":[3,38,1],"tags":[],"class_list":["post-1019","post","type-post","status-publish","format-standard","hentry","category-blogi","category-tapahtumat","category-yleinen"],"acf":[],"yoast_head":"<!-- This site is optimized with the Yoast SEO plugin v27.5 - https:\/\/yoast.com\/product\/yoast-seo-wordpress\/ -->\n<title>Tietoturva ry avoin tilaisuus - Verkkorikollisuus ja kybervakoilu - nouseva uhka my\u00f6s Suomelle - Tietoturva ry<\/title>\n<meta name=\"robots\" content=\"index, follow, max-snippet:-1, max-image-preview:large, max-video-preview:-1\" \/>\n<link rel=\"canonical\" href=\"https:\/\/tivia-jasenyhdistykset.fi\/tietoturva\/2021\/11\/02\/tietoturva-ry-avoin-tilaisuus-verkkorikollisuus-ja-kybervakoilu-nouseva-uhka-myos-suomelle\/\" \/>\n<meta property=\"og:locale\" content=\"fi_FI\" \/>\n<meta property=\"og:type\" content=\"article\" \/>\n<meta property=\"og:title\" content=\"Tietoturva ry avoin tilaisuus - Verkkorikollisuus ja kybervakoilu - nouseva uhka my\u00f6s Suomelle - Tietoturva ry\" \/>\n<meta property=\"og:description\" content=\"Tietoturva ry avoin tilaisuus &#8211; Verkkorikollisuus ja kybervakoilu &#8211; nouseva uhka my\u00f6s Suomelle Ajankohta: Keskiviikko 10.11. klo 1700 &#8211; 19.15 Paikka: Microsoft, Keilalahdentie 2-4, Espoo Tilaisuuteen mahtuu 80 ensimm\u00e4ist\u00e4 ilmoittautunutta paikalle sek\u00e4 sit\u00e4 on mahdollista seurata my\u00f6s verkon v\u00e4lityksell\u00e4 (hybriditilaisuus).\" \/>\n<meta property=\"og:url\" content=\"https:\/\/tivia-jasenyhdistykset.fi\/tietoturva\/2021\/11\/02\/tietoturva-ry-avoin-tilaisuus-verkkorikollisuus-ja-kybervakoilu-nouseva-uhka-myos-suomelle\/\" \/>\n<meta property=\"og:site_name\" content=\"Tietoturva ry\" \/>\n<meta property=\"article:publisher\" content=\"https:\/\/www.facebook.com\/TietoturvaRy\/\" \/>\n<meta property=\"article:published_time\" content=\"2021-11-02T14:35:58+00:00\" \/>\n<meta property=\"article:modified_time\" content=\"2024-05-31T10:48:00+00:00\" \/>\n<meta property=\"og:image\" content=\"https:\/\/tivia-jasenyhdistykset.fi\/tietoturva\/wp-content\/uploads\/sites\/7\/2021\/05\/Tietoturva-logo-2018-100.png\" \/>\n\t<meta property=\"og:image:width\" content=\"73\" \/>\n\t<meta property=\"og:image:height\" content=\"100\" \/>\n\t<meta property=\"og:image:type\" content=\"image\/png\" \/>\n<meta name=\"author\" content=\"Tommi V\" \/>\n<meta name=\"twitter:card\" content=\"summary_large_image\" \/>\n<meta name=\"twitter:creator\" content=\"@tietoturva_ry\" \/>\n<meta name=\"twitter:site\" content=\"@tietoturva_ry\" \/>\n<meta name=\"twitter:label1\" content=\"Kirjoittanut\" \/>\n\t<meta name=\"twitter:data1\" content=\"Tommi V\" \/>\n\t<meta name=\"twitter:label2\" content=\"Arvioitu lukuaika\" \/>\n\t<meta name=\"twitter:data2\" content=\"1 minuutti\" \/>\n<script type=\"application\/ld+json\" class=\"yoast-schema-graph\">{\"@context\":\"https:\\\/\\\/schema.org\",\"@graph\":[{\"@type\":\"Article\",\"@id\":\"https:\\\/\\\/tivia-jasenyhdistykset.fi\\\/tietoturva\\\/2021\\\/11\\\/02\\\/tietoturva-ry-avoin-tilaisuus-verkkorikollisuus-ja-kybervakoilu-nouseva-uhka-myos-suomelle\\\/#article\",\"isPartOf\":{\"@id\":\"https:\\\/\\\/tivia-jasenyhdistykset.fi\\\/tietoturva\\\/2021\\\/11\\\/02\\\/tietoturva-ry-avoin-tilaisuus-verkkorikollisuus-ja-kybervakoilu-nouseva-uhka-myos-suomelle\\\/\"},\"author\":{\"name\":\"Tommi V\",\"@id\":\"https:\\\/\\\/tivia-jasenyhdistykset.fi\\\/tietoturva\\\/#\\\/schema\\\/person\\\/509d9bb392337a2d220ec611546998ec\"},\"headline\":\"Tietoturva ry avoin tilaisuus &#8211; Verkkorikollisuus ja kybervakoilu &#8211; nouseva uhka my\u00f6s Suomelle\",\"datePublished\":\"2021-11-02T14:35:58+00:00\",\"dateModified\":\"2024-05-31T10:48:00+00:00\",\"mainEntityOfPage\":{\"@id\":\"https:\\\/\\\/tivia-jasenyhdistykset.fi\\\/tietoturva\\\/2021\\\/11\\\/02\\\/tietoturva-ry-avoin-tilaisuus-verkkorikollisuus-ja-kybervakoilu-nouseva-uhka-myos-suomelle\\\/\"},\"wordCount\":181,\"publisher\":{\"@id\":\"https:\\\/\\\/tivia-jasenyhdistykset.fi\\\/tietoturva\\\/#organization\"},\"articleSection\":[\"Blogi\",\"Tapahtumat\"],\"inLanguage\":\"fi\"},{\"@type\":\"WebPage\",\"@id\":\"https:\\\/\\\/tivia-jasenyhdistykset.fi\\\/tietoturva\\\/2021\\\/11\\\/02\\\/tietoturva-ry-avoin-tilaisuus-verkkorikollisuus-ja-kybervakoilu-nouseva-uhka-myos-suomelle\\\/\",\"url\":\"https:\\\/\\\/tivia-jasenyhdistykset.fi\\\/tietoturva\\\/2021\\\/11\\\/02\\\/tietoturva-ry-avoin-tilaisuus-verkkorikollisuus-ja-kybervakoilu-nouseva-uhka-myos-suomelle\\\/\",\"name\":\"Tietoturva ry avoin tilaisuus - Verkkorikollisuus ja kybervakoilu - nouseva uhka my\u00f6s Suomelle - Tietoturva ry\",\"isPartOf\":{\"@id\":\"https:\\\/\\\/tivia-jasenyhdistykset.fi\\\/tietoturva\\\/#website\"},\"datePublished\":\"2021-11-02T14:35:58+00:00\",\"dateModified\":\"2024-05-31T10:48:00+00:00\",\"breadcrumb\":{\"@id\":\"https:\\\/\\\/tivia-jasenyhdistykset.fi\\\/tietoturva\\\/2021\\\/11\\\/02\\\/tietoturva-ry-avoin-tilaisuus-verkkorikollisuus-ja-kybervakoilu-nouseva-uhka-myos-suomelle\\\/#breadcrumb\"},\"inLanguage\":\"fi\",\"potentialAction\":[{\"@type\":\"ReadAction\",\"target\":[\"https:\\\/\\\/tivia-jasenyhdistykset.fi\\\/tietoturva\\\/2021\\\/11\\\/02\\\/tietoturva-ry-avoin-tilaisuus-verkkorikollisuus-ja-kybervakoilu-nouseva-uhka-myos-suomelle\\\/\"]}]},{\"@type\":\"BreadcrumbList\",\"@id\":\"https:\\\/\\\/tivia-jasenyhdistykset.fi\\\/tietoturva\\\/2021\\\/11\\\/02\\\/tietoturva-ry-avoin-tilaisuus-verkkorikollisuus-ja-kybervakoilu-nouseva-uhka-myos-suomelle\\\/#breadcrumb\",\"itemListElement\":[{\"@type\":\"ListItem\",\"position\":1,\"name\":\"Etusivu\",\"item\":\"https:\\\/\\\/tivia-jasenyhdistykset.fi\\\/tietoturva\\\/\"},{\"@type\":\"ListItem\",\"position\":2,\"name\":\"Tietoturva ry avoin tilaisuus &#8211; Verkkorikollisuus ja kybervakoilu &#8211; nouseva uhka my\u00f6s Suomelle\"}]},{\"@type\":\"WebSite\",\"@id\":\"https:\\\/\\\/tivia-jasenyhdistykset.fi\\\/tietoturva\\\/#website\",\"url\":\"https:\\\/\\\/tivia-jasenyhdistykset.fi\\\/tietoturva\\\/\",\"name\":\"Tietoturva ry\",\"description\":\"Suomen suurin tietoturva-ammattilaisten verkosto\",\"publisher\":{\"@id\":\"https:\\\/\\\/tivia-jasenyhdistykset.fi\\\/tietoturva\\\/#organization\"},\"potentialAction\":[{\"@type\":\"SearchAction\",\"target\":{\"@type\":\"EntryPoint\",\"urlTemplate\":\"https:\\\/\\\/tivia-jasenyhdistykset.fi\\\/tietoturva\\\/?s={search_term_string}\"},\"query-input\":{\"@type\":\"PropertyValueSpecification\",\"valueRequired\":true,\"valueName\":\"search_term_string\"}}],\"inLanguage\":\"fi\"},{\"@type\":\"Organization\",\"@id\":\"https:\\\/\\\/tivia-jasenyhdistykset.fi\\\/tietoturva\\\/#organization\",\"name\":\"Tietoturva ry\",\"url\":\"https:\\\/\\\/tivia-jasenyhdistykset.fi\\\/tietoturva\\\/\",\"logo\":{\"@type\":\"ImageObject\",\"inLanguage\":\"fi\",\"@id\":\"https:\\\/\\\/tivia-jasenyhdistykset.fi\\\/tietoturva\\\/#\\\/schema\\\/logo\\\/image\\\/\",\"url\":\"https:\\\/\\\/tietoturva.fi\\\/wp-content\\\/uploads\\\/sites\\\/7\\\/2021\\\/05\\\/Tietoturva-logo-2018-100.png\",\"contentUrl\":\"https:\\\/\\\/tietoturva.fi\\\/wp-content\\\/uploads\\\/sites\\\/7\\\/2021\\\/05\\\/Tietoturva-logo-2018-100.png\",\"width\":73,\"height\":100,\"caption\":\"Tietoturva ry\"},\"image\":{\"@id\":\"https:\\\/\\\/tivia-jasenyhdistykset.fi\\\/tietoturva\\\/#\\\/schema\\\/logo\\\/image\\\/\"},\"sameAs\":[\"https:\\\/\\\/www.facebook.com\\\/TietoturvaRy\\\/\",\"https:\\\/\\\/x.com\\\/tietoturva_ry\",\"https:\\\/\\\/www.linkedin.com\\\/company\\\/tietoturva\\\/\",\"https:\\\/\\\/www.youtube.com\\\/channel\\\/UCmXkytjYpJ4_N2msCNy69sw\\\/\"]},{\"@type\":\"Person\",\"@id\":\"https:\\\/\\\/tivia-jasenyhdistykset.fi\\\/tietoturva\\\/#\\\/schema\\\/person\\\/509d9bb392337a2d220ec611546998ec\",\"name\":\"Tommi V\",\"image\":{\"@type\":\"ImageObject\",\"inLanguage\":\"fi\",\"@id\":\"https:\\\/\\\/secure.gravatar.com\\\/avatar\\\/407fe7c123719aedfe1043bea0075baf31b4805e5599ab36f3b560d37cfba06d?s=96&d=mm&r=g\",\"url\":\"https:\\\/\\\/secure.gravatar.com\\\/avatar\\\/407fe7c123719aedfe1043bea0075baf31b4805e5599ab36f3b560d37cfba06d?s=96&d=mm&r=g\",\"contentUrl\":\"https:\\\/\\\/secure.gravatar.com\\\/avatar\\\/407fe7c123719aedfe1043bea0075baf31b4805e5599ab36f3b560d37cfba06d?s=96&d=mm&r=g\",\"caption\":\"Tommi V\"},\"url\":\"https:\\\/\\\/tivia-jasenyhdistykset.fi\\\/tietoturva\\\/author\\\/vanninentommi10605\\\/\"}]}<\/script>\n<!-- \/ Yoast SEO plugin. -->","yoast_head_json":{"title":"Tietoturva ry avoin tilaisuus - Verkkorikollisuus ja kybervakoilu - nouseva uhka my\u00f6s Suomelle - Tietoturva ry","robots":{"index":"index","follow":"follow","max-snippet":"max-snippet:-1","max-image-preview":"max-image-preview:large","max-video-preview":"max-video-preview:-1"},"canonical":"https:\/\/tivia-jasenyhdistykset.fi\/tietoturva\/2021\/11\/02\/tietoturva-ry-avoin-tilaisuus-verkkorikollisuus-ja-kybervakoilu-nouseva-uhka-myos-suomelle\/","og_locale":"fi_FI","og_type":"article","og_title":"Tietoturva ry avoin tilaisuus - Verkkorikollisuus ja kybervakoilu - nouseva uhka my\u00f6s Suomelle - Tietoturva ry","og_description":"Tietoturva ry avoin tilaisuus &#8211; Verkkorikollisuus ja kybervakoilu &#8211; nouseva uhka my\u00f6s Suomelle Ajankohta: Keskiviikko 10.11. klo 1700 &#8211; 19.15 Paikka: Microsoft, Keilalahdentie 2-4, Espoo Tilaisuuteen mahtuu 80 ensimm\u00e4ist\u00e4 ilmoittautunutta paikalle sek\u00e4 sit\u00e4 on mahdollista seurata my\u00f6s verkon v\u00e4lityksell\u00e4 (hybriditilaisuus).","og_url":"https:\/\/tivia-jasenyhdistykset.fi\/tietoturva\/2021\/11\/02\/tietoturva-ry-avoin-tilaisuus-verkkorikollisuus-ja-kybervakoilu-nouseva-uhka-myos-suomelle\/","og_site_name":"Tietoturva ry","article_publisher":"https:\/\/www.facebook.com\/TietoturvaRy\/","article_published_time":"2021-11-02T14:35:58+00:00","article_modified_time":"2024-05-31T10:48:00+00:00","og_image":[{"width":73,"height":100,"url":"https:\/\/tivia-jasenyhdistykset.fi\/tietoturva\/wp-content\/uploads\/sites\/7\/2021\/05\/Tietoturva-logo-2018-100.png","type":"image\/png"}],"author":"Tommi V","twitter_card":"summary_large_image","twitter_creator":"@tietoturva_ry","twitter_site":"@tietoturva_ry","twitter_misc":{"Kirjoittanut":"Tommi V","Arvioitu lukuaika":"1 minuutti"},"schema":{"@context":"https:\/\/schema.org","@graph":[{"@type":"Article","@id":"https:\/\/tivia-jasenyhdistykset.fi\/tietoturva\/2021\/11\/02\/tietoturva-ry-avoin-tilaisuus-verkkorikollisuus-ja-kybervakoilu-nouseva-uhka-myos-suomelle\/#article","isPartOf":{"@id":"https:\/\/tivia-jasenyhdistykset.fi\/tietoturva\/2021\/11\/02\/tietoturva-ry-avoin-tilaisuus-verkkorikollisuus-ja-kybervakoilu-nouseva-uhka-myos-suomelle\/"},"author":{"name":"Tommi V","@id":"https:\/\/tivia-jasenyhdistykset.fi\/tietoturva\/#\/schema\/person\/509d9bb392337a2d220ec611546998ec"},"headline":"Tietoturva ry avoin tilaisuus &#8211; Verkkorikollisuus ja kybervakoilu &#8211; nouseva uhka my\u00f6s Suomelle","datePublished":"2021-11-02T14:35:58+00:00","dateModified":"2024-05-31T10:48:00+00:00","mainEntityOfPage":{"@id":"https:\/\/tivia-jasenyhdistykset.fi\/tietoturva\/2021\/11\/02\/tietoturva-ry-avoin-tilaisuus-verkkorikollisuus-ja-kybervakoilu-nouseva-uhka-myos-suomelle\/"},"wordCount":181,"publisher":{"@id":"https:\/\/tivia-jasenyhdistykset.fi\/tietoturva\/#organization"},"articleSection":["Blogi","Tapahtumat"],"inLanguage":"fi"},{"@type":"WebPage","@id":"https:\/\/tivia-jasenyhdistykset.fi\/tietoturva\/2021\/11\/02\/tietoturva-ry-avoin-tilaisuus-verkkorikollisuus-ja-kybervakoilu-nouseva-uhka-myos-suomelle\/","url":"https:\/\/tivia-jasenyhdistykset.fi\/tietoturva\/2021\/11\/02\/tietoturva-ry-avoin-tilaisuus-verkkorikollisuus-ja-kybervakoilu-nouseva-uhka-myos-suomelle\/","name":"Tietoturva ry avoin tilaisuus - Verkkorikollisuus ja kybervakoilu - nouseva uhka my\u00f6s Suomelle - Tietoturva ry","isPartOf":{"@id":"https:\/\/tivia-jasenyhdistykset.fi\/tietoturva\/#website"},"datePublished":"2021-11-02T14:35:58+00:00","dateModified":"2024-05-31T10:48:00+00:00","breadcrumb":{"@id":"https:\/\/tivia-jasenyhdistykset.fi\/tietoturva\/2021\/11\/02\/tietoturva-ry-avoin-tilaisuus-verkkorikollisuus-ja-kybervakoilu-nouseva-uhka-myos-suomelle\/#breadcrumb"},"inLanguage":"fi","potentialAction":[{"@type":"ReadAction","target":["https:\/\/tivia-jasenyhdistykset.fi\/tietoturva\/2021\/11\/02\/tietoturva-ry-avoin-tilaisuus-verkkorikollisuus-ja-kybervakoilu-nouseva-uhka-myos-suomelle\/"]}]},{"@type":"BreadcrumbList","@id":"https:\/\/tivia-jasenyhdistykset.fi\/tietoturva\/2021\/11\/02\/tietoturva-ry-avoin-tilaisuus-verkkorikollisuus-ja-kybervakoilu-nouseva-uhka-myos-suomelle\/#breadcrumb","itemListElement":[{"@type":"ListItem","position":1,"name":"Etusivu","item":"https:\/\/tivia-jasenyhdistykset.fi\/tietoturva\/"},{"@type":"ListItem","position":2,"name":"Tietoturva ry avoin tilaisuus &#8211; Verkkorikollisuus ja kybervakoilu &#8211; nouseva uhka my\u00f6s Suomelle"}]},{"@type":"WebSite","@id":"https:\/\/tivia-jasenyhdistykset.fi\/tietoturva\/#website","url":"https:\/\/tivia-jasenyhdistykset.fi\/tietoturva\/","name":"Tietoturva ry","description":"Suomen suurin tietoturva-ammattilaisten verkosto","publisher":{"@id":"https:\/\/tivia-jasenyhdistykset.fi\/tietoturva\/#organization"},"potentialAction":[{"@type":"SearchAction","target":{"@type":"EntryPoint","urlTemplate":"https:\/\/tivia-jasenyhdistykset.fi\/tietoturva\/?s={search_term_string}"},"query-input":{"@type":"PropertyValueSpecification","valueRequired":true,"valueName":"search_term_string"}}],"inLanguage":"fi"},{"@type":"Organization","@id":"https:\/\/tivia-jasenyhdistykset.fi\/tietoturva\/#organization","name":"Tietoturva ry","url":"https:\/\/tivia-jasenyhdistykset.fi\/tietoturva\/","logo":{"@type":"ImageObject","inLanguage":"fi","@id":"https:\/\/tivia-jasenyhdistykset.fi\/tietoturva\/#\/schema\/logo\/image\/","url":"https:\/\/tietoturva.fi\/wp-content\/uploads\/sites\/7\/2021\/05\/Tietoturva-logo-2018-100.png","contentUrl":"https:\/\/tietoturva.fi\/wp-content\/uploads\/sites\/7\/2021\/05\/Tietoturva-logo-2018-100.png","width":73,"height":100,"caption":"Tietoturva ry"},"image":{"@id":"https:\/\/tivia-jasenyhdistykset.fi\/tietoturva\/#\/schema\/logo\/image\/"},"sameAs":["https:\/\/www.facebook.com\/TietoturvaRy\/","https:\/\/x.com\/tietoturva_ry","https:\/\/www.linkedin.com\/company\/tietoturva\/","https:\/\/www.youtube.com\/channel\/UCmXkytjYpJ4_N2msCNy69sw\/"]},{"@type":"Person","@id":"https:\/\/tivia-jasenyhdistykset.fi\/tietoturva\/#\/schema\/person\/509d9bb392337a2d220ec611546998ec","name":"Tommi V","image":{"@type":"ImageObject","inLanguage":"fi","@id":"https:\/\/secure.gravatar.com\/avatar\/407fe7c123719aedfe1043bea0075baf31b4805e5599ab36f3b560d37cfba06d?s=96&d=mm&r=g","url":"https:\/\/secure.gravatar.com\/avatar\/407fe7c123719aedfe1043bea0075baf31b4805e5599ab36f3b560d37cfba06d?s=96&d=mm&r=g","contentUrl":"https:\/\/secure.gravatar.com\/avatar\/407fe7c123719aedfe1043bea0075baf31b4805e5599ab36f3b560d37cfba06d?s=96&d=mm&r=g","caption":"Tommi V"},"url":"https:\/\/tivia-jasenyhdistykset.fi\/tietoturva\/author\/vanninentommi10605\/"}]}},"_links":{"self":[{"href":"https:\/\/tivia-jasenyhdistykset.fi\/tietoturva\/wp-json\/wp\/v2\/posts\/1019","targetHints":{"allow":["GET"]}}],"collection":[{"href":"https:\/\/tivia-jasenyhdistykset.fi\/tietoturva\/wp-json\/wp\/v2\/posts"}],"about":[{"href":"https:\/\/tivia-jasenyhdistykset.fi\/tietoturva\/wp-json\/wp\/v2\/types\/post"}],"author":[{"embeddable":true,"href":"https:\/\/tivia-jasenyhdistykset.fi\/tietoturva\/wp-json\/wp\/v2\/users\/2408"}],"replies":[{"embeddable":true,"href":"https:\/\/tivia-jasenyhdistykset.fi\/tietoturva\/wp-json\/wp\/v2\/comments?post=1019"}],"version-history":[{"count":6,"href":"https:\/\/tivia-jasenyhdistykset.fi\/tietoturva\/wp-json\/wp\/v2\/posts\/1019\/revisions"}],"predecessor-version":[{"id":1031,"href":"https:\/\/tivia-jasenyhdistykset.fi\/tietoturva\/wp-json\/wp\/v2\/posts\/1019\/revisions\/1031"}],"wp:attachment":[{"href":"https:\/\/tivia-jasenyhdistykset.fi\/tietoturva\/wp-json\/wp\/v2\/media?parent=1019"}],"wp:term":[{"taxonomy":"category","embeddable":true,"href":"https:\/\/tivia-jasenyhdistykset.fi\/tietoturva\/wp-json\/wp\/v2\/categories?post=1019"},{"taxonomy":"post_tag","embeddable":true,"href":"https:\/\/tivia-jasenyhdistykset.fi\/tietoturva\/wp-json\/wp\/v2\/tags?post=1019"}],"curies":[{"name":"wp","href":"https:\/\/api.w.org\/{rel}","templated":true}]}}