{"id":1068,"date":"2021-11-17T19:50:04","date_gmt":"2021-11-17T17:50:04","guid":{"rendered":"https:\/\/tietoturva.fi\/?p=1068"},"modified":"2024-05-31T13:41:01","modified_gmt":"2024-05-31T10:41:01","slug":"elamantyopalkittu-jyrki-kasvi-on-kuollut","status":"publish","type":"post","link":"https:\/\/tivia-jasenyhdistykset.fi\/tietoturva\/2021\/11\/17\/elamantyopalkittu-jyrki-kasvi-on-kuollut\/","title":{"rendered":"El\u00e4m\u00e4nty\u00f6palkittu Jyrki Kasvi on kuollut"},"content":{"rendered":"<p>Kuulimme t\u00e4n\u00e4\u00e4n 17.11.2021 suru-uutisen Jyrkin Kasvin kuolemasta.<\/p>\n<p>Tietoturva ry my\u00f6nsi h\u00e4nelle 27.10. El\u00e4m\u00e4nty\u00f6palkinnon poikkeuksellisen merkitt\u00e4v\u00e4st\u00e4 el\u00e4m\u00e4nty\u00f6st\u00e4 tietoturvallisuuden edist\u00e4misen parissa. T\u00e4m\u00e4 on vain yksi niist\u00e4 osa-alueista, joista h\u00e4net muistetaan ja h\u00e4net on palkittu.<\/p>\n<p>Kuvassa Jyrki 25.10. Digiturvaviikon seminaarissa keskustelemassa ja tuomassa h\u00e4nelle t\u00e4rkeit\u00e4 ja keskeisi\u00e4 havaintoja mm.\u00a0<a href=\"https:\/\/www.linkedin.com\/feed\/hashtag\/?keywords=data&amp;highlightedUpdateUrns=urn%3Ali%3Aactivity%3A6866780426652917760\" data-attribute-index=\"0\">#data<\/a>,\u00a0<a href=\"https:\/\/www.linkedin.com\/feed\/hashtag\/?keywords=ihminen&amp;highlightedUpdateUrns=urn%3Ali%3Aactivity%3A6866780426652917760\" data-attribute-index=\"1\">#ihminen<\/a>\u00a0ja\u00a0<a href=\"https:\/\/www.linkedin.com\/feed\/hashtag\/?keywords=k%C3%A4ytett%C3%A4vyys&amp;highlightedUpdateUrns=urn%3Ali%3Aactivity%3A6866780426652917760\" data-attribute-index=\"2\">#k\u00e4ytett\u00e4vyys<\/a>\u00a0merkityksest\u00e4.<\/p>\n<p>Voit katsoa t\u00e4m\u00e4n noin 30 minuutin keskustelun:<br \/>\n<a href=\"https:\/\/lnkd.in\/d_4v42WT\" data-attribute-index=\"3\">https:\/\/www.mediaserver.fi\/video\/digiturvaviikko2021\/10002\/CwLcywhttps:\/\/lnkd.in\/d_4v42WT<\/a><\/p>\n<p>Muistamme Jyrki\u00e4 25.11. Tietoturva ry s\u00e4\u00e4nt\u00f6m\u00e4\u00e4r\u00e4isess\u00e4 syyskokouksessa.<\/p>\n<p>R.I.P. Jyrki<\/p>\n<p>(kuva: Kimmo Rousku)<\/p>\n<p>&nbsp;<\/p>\n<p><img loading=\"lazy\" decoding=\"async\" class=\"alignnone size-medium wp-image-1071\" src=\"https:\/\/tietoturva.fi\/wp-content\/uploads\/sites\/7\/2021\/11\/palkinto-1-259x300.png\" alt=\"\" width=\"259\" height=\"300\" srcset=\"https:\/\/tivia-jasenyhdistykset.fi\/tietoturva\/wp-content\/uploads\/sites\/7\/2021\/11\/palkinto-1-259x300.png 259w, https:\/\/tivia-jasenyhdistykset.fi\/tietoturva\/wp-content\/uploads\/sites\/7\/2021\/11\/palkinto-1.png 714w\" sizes=\"auto, (max-width: 259px) 100vw, 259px\" \/><\/p>\n","protected":false},"excerpt":{"rendered":"<p>Kuulimme t\u00e4n\u00e4\u00e4n 17.11.2021 suru-uutisen Jyrkin Kasvin kuolemasta.<\/p>\n<p>Tietoturva ry my\u00f6nsi h\u00e4nelle 27.10. El\u00e4m\u00e4nty\u00f6palkinnon poikkeuksellisen merkitt\u00e4v\u00e4st\u00e4 el\u00e4m\u00e4nty\u00f6st\u00e4 tietoturvallisuuden edist\u00e4misen parissa. T\u00e4m\u00e4 on vain yksi niist\u00e4 osa-alueista, joista h\u00e4net muistetaan ja h\u00e4net on palkittu.<\/p>\n<p>Kuvassa Jyrki 25.10. Digiturvaviikon seminaarissa keskustelemassa ja tuomassa h\u00e4nelle t\u00e4rkeit\u00e4 ja keskeisi\u00e4 havaintoja mm.\u00a0<\/p>\n","protected":false},"author":2406,"featured_media":1069,"comment_status":"closed","ping_status":"closed","sticky":false,"template":"","format":"standard","meta":{"_acf_changed":false,"footnotes":""},"categories":[67,1],"tags":[],"class_list":["post-1068","post","type-post","status-publish","format-standard","has-post-thumbnail","hentry","category-tietoturvatunnustus","category-yleinen"],"acf":[],"yoast_head":"<!-- This site is optimized with the Yoast SEO plugin v27.5 - https:\/\/yoast.com\/product\/yoast-seo-wordpress\/ -->\n<title>El\u00e4m\u00e4nty\u00f6palkittu Jyrki Kasvi on kuollut - Tietoturva ry<\/title>\n<meta name=\"robots\" content=\"index, follow, max-snippet:-1, max-image-preview:large, max-video-preview:-1\" \/>\n<link rel=\"canonical\" href=\"https:\/\/tivia-jasenyhdistykset.fi\/tietoturva\/2021\/11\/17\/elamantyopalkittu-jyrki-kasvi-on-kuollut\/\" \/>\n<meta property=\"og:locale\" content=\"fi_FI\" \/>\n<meta property=\"og:type\" content=\"article\" \/>\n<meta property=\"og:title\" content=\"El\u00e4m\u00e4nty\u00f6palkittu Jyrki Kasvi on kuollut - Tietoturva ry\" \/>\n<meta property=\"og:description\" content=\"Kuulimme t\u00e4n\u00e4\u00e4n 17.11.2021 suru-uutisen Jyrkin Kasvin kuolemasta. Tietoturva ry my\u00f6nsi h\u00e4nelle 27.10. El\u00e4m\u00e4nty\u00f6palkinnon poikkeuksellisen merkitt\u00e4v\u00e4st\u00e4 el\u00e4m\u00e4nty\u00f6st\u00e4 tietoturvallisuuden edist\u00e4misen parissa. T\u00e4m\u00e4 on vain yksi niist\u00e4 osa-alueista, joista h\u00e4net muistetaan ja h\u00e4net on palkittu. Kuvassa Jyrki 25.10. Digiturvaviikon seminaarissa keskustelemassa ja tuomassa h\u00e4nelle t\u00e4rkeit\u00e4 ja keskeisi\u00e4 havaintoja mm.\u00a0\" \/>\n<meta property=\"og:url\" content=\"https:\/\/tivia-jasenyhdistykset.fi\/tietoturva\/2021\/11\/17\/elamantyopalkittu-jyrki-kasvi-on-kuollut\/\" \/>\n<meta property=\"og:site_name\" content=\"Tietoturva ry\" \/>\n<meta property=\"article:publisher\" content=\"https:\/\/www.facebook.com\/TietoturvaRy\/\" \/>\n<meta property=\"article:published_time\" content=\"2021-11-17T17:50:04+00:00\" \/>\n<meta property=\"article:modified_time\" content=\"2024-05-31T10:41:01+00:00\" \/>\n<meta property=\"og:image\" content=\"https:\/\/tivia-jasenyhdistykset.fi\/tietoturva\/wp-content\/uploads\/sites\/7\/2021\/11\/jyrki.jpg\" \/>\n\t<meta property=\"og:image:width\" content=\"671\" \/>\n\t<meta property=\"og:image:height\" content=\"689\" \/>\n\t<meta property=\"og:image:type\" content=\"image\/jpeg\" \/>\n<meta name=\"author\" content=\"marttinentomi14855\" \/>\n<meta name=\"twitter:card\" content=\"summary_large_image\" \/>\n<meta name=\"twitter:creator\" content=\"@tietoturva_ry\" \/>\n<meta name=\"twitter:site\" content=\"@tietoturva_ry\" \/>\n<meta name=\"twitter:label1\" content=\"Kirjoittanut\" \/>\n\t<meta name=\"twitter:data1\" content=\"marttinentomi14855\" \/>\n\t<meta name=\"twitter:label2\" content=\"Arvioitu lukuaika\" \/>\n\t<meta name=\"twitter:data2\" content=\"1 minuutti\" \/>\n<script type=\"application\/ld+json\" class=\"yoast-schema-graph\">{\"@context\":\"https:\\\/\\\/schema.org\",\"@graph\":[{\"@type\":\"Article\",\"@id\":\"https:\\\/\\\/tivia-jasenyhdistykset.fi\\\/tietoturva\\\/2021\\\/11\\\/17\\\/elamantyopalkittu-jyrki-kasvi-on-kuollut\\\/#article\",\"isPartOf\":{\"@id\":\"https:\\\/\\\/tivia-jasenyhdistykset.fi\\\/tietoturva\\\/2021\\\/11\\\/17\\\/elamantyopalkittu-jyrki-kasvi-on-kuollut\\\/\"},\"author\":{\"name\":\"marttinentomi14855\",\"@id\":\"https:\\\/\\\/tivia-jasenyhdistykset.fi\\\/tietoturva\\\/#\\\/schema\\\/person\\\/19adf5a38ed1bb5572c797f59f5d398c\"},\"headline\":\"El\u00e4m\u00e4nty\u00f6palkittu Jyrki Kasvi on kuollut\",\"datePublished\":\"2021-11-17T17:50:04+00:00\",\"dateModified\":\"2024-05-31T10:41:01+00:00\",\"mainEntityOfPage\":{\"@id\":\"https:\\\/\\\/tivia-jasenyhdistykset.fi\\\/tietoturva\\\/2021\\\/11\\\/17\\\/elamantyopalkittu-jyrki-kasvi-on-kuollut\\\/\"},\"wordCount\":114,\"publisher\":{\"@id\":\"https:\\\/\\\/tivia-jasenyhdistykset.fi\\\/tietoturva\\\/#organization\"},\"image\":{\"@id\":\"https:\\\/\\\/tivia-jasenyhdistykset.fi\\\/tietoturva\\\/2021\\\/11\\\/17\\\/elamantyopalkittu-jyrki-kasvi-on-kuollut\\\/#primaryimage\"},\"thumbnailUrl\":\"https:\\\/\\\/tivia-jasenyhdistykset.fi\\\/tietoturva\\\/wp-content\\\/uploads\\\/sites\\\/7\\\/2021\\\/11\\\/jyrki.jpg\",\"articleSection\":[\"Tietoturvatunnustus\"],\"inLanguage\":\"fi\"},{\"@type\":\"WebPage\",\"@id\":\"https:\\\/\\\/tivia-jasenyhdistykset.fi\\\/tietoturva\\\/2021\\\/11\\\/17\\\/elamantyopalkittu-jyrki-kasvi-on-kuollut\\\/\",\"url\":\"https:\\\/\\\/tivia-jasenyhdistykset.fi\\\/tietoturva\\\/2021\\\/11\\\/17\\\/elamantyopalkittu-jyrki-kasvi-on-kuollut\\\/\",\"name\":\"El\u00e4m\u00e4nty\u00f6palkittu Jyrki Kasvi on kuollut - Tietoturva ry\",\"isPartOf\":{\"@id\":\"https:\\\/\\\/tivia-jasenyhdistykset.fi\\\/tietoturva\\\/#website\"},\"primaryImageOfPage\":{\"@id\":\"https:\\\/\\\/tivia-jasenyhdistykset.fi\\\/tietoturva\\\/2021\\\/11\\\/17\\\/elamantyopalkittu-jyrki-kasvi-on-kuollut\\\/#primaryimage\"},\"image\":{\"@id\":\"https:\\\/\\\/tivia-jasenyhdistykset.fi\\\/tietoturva\\\/2021\\\/11\\\/17\\\/elamantyopalkittu-jyrki-kasvi-on-kuollut\\\/#primaryimage\"},\"thumbnailUrl\":\"https:\\\/\\\/tivia-jasenyhdistykset.fi\\\/tietoturva\\\/wp-content\\\/uploads\\\/sites\\\/7\\\/2021\\\/11\\\/jyrki.jpg\",\"datePublished\":\"2021-11-17T17:50:04+00:00\",\"dateModified\":\"2024-05-31T10:41:01+00:00\",\"breadcrumb\":{\"@id\":\"https:\\\/\\\/tivia-jasenyhdistykset.fi\\\/tietoturva\\\/2021\\\/11\\\/17\\\/elamantyopalkittu-jyrki-kasvi-on-kuollut\\\/#breadcrumb\"},\"inLanguage\":\"fi\",\"potentialAction\":[{\"@type\":\"ReadAction\",\"target\":[\"https:\\\/\\\/tivia-jasenyhdistykset.fi\\\/tietoturva\\\/2021\\\/11\\\/17\\\/elamantyopalkittu-jyrki-kasvi-on-kuollut\\\/\"]}]},{\"@type\":\"ImageObject\",\"inLanguage\":\"fi\",\"@id\":\"https:\\\/\\\/tivia-jasenyhdistykset.fi\\\/tietoturva\\\/2021\\\/11\\\/17\\\/elamantyopalkittu-jyrki-kasvi-on-kuollut\\\/#primaryimage\",\"url\":\"https:\\\/\\\/tivia-jasenyhdistykset.fi\\\/tietoturva\\\/wp-content\\\/uploads\\\/sites\\\/7\\\/2021\\\/11\\\/jyrki.jpg\",\"contentUrl\":\"https:\\\/\\\/tivia-jasenyhdistykset.fi\\\/tietoturva\\\/wp-content\\\/uploads\\\/sites\\\/7\\\/2021\\\/11\\\/jyrki.jpg\",\"width\":671,\"height\":689},{\"@type\":\"BreadcrumbList\",\"@id\":\"https:\\\/\\\/tivia-jasenyhdistykset.fi\\\/tietoturva\\\/2021\\\/11\\\/17\\\/elamantyopalkittu-jyrki-kasvi-on-kuollut\\\/#breadcrumb\",\"itemListElement\":[{\"@type\":\"ListItem\",\"position\":1,\"name\":\"Etusivu\",\"item\":\"https:\\\/\\\/tivia-jasenyhdistykset.fi\\\/tietoturva\\\/\"},{\"@type\":\"ListItem\",\"position\":2,\"name\":\"El\u00e4m\u00e4nty\u00f6palkittu Jyrki Kasvi on kuollut\"}]},{\"@type\":\"WebSite\",\"@id\":\"https:\\\/\\\/tivia-jasenyhdistykset.fi\\\/tietoturva\\\/#website\",\"url\":\"https:\\\/\\\/tivia-jasenyhdistykset.fi\\\/tietoturva\\\/\",\"name\":\"Tietoturva ry\",\"description\":\"Suomen suurin tietoturva-ammattilaisten verkosto\",\"publisher\":{\"@id\":\"https:\\\/\\\/tivia-jasenyhdistykset.fi\\\/tietoturva\\\/#organization\"},\"potentialAction\":[{\"@type\":\"SearchAction\",\"target\":{\"@type\":\"EntryPoint\",\"urlTemplate\":\"https:\\\/\\\/tivia-jasenyhdistykset.fi\\\/tietoturva\\\/?s={search_term_string}\"},\"query-input\":{\"@type\":\"PropertyValueSpecification\",\"valueRequired\":true,\"valueName\":\"search_term_string\"}}],\"inLanguage\":\"fi\"},{\"@type\":\"Organization\",\"@id\":\"https:\\\/\\\/tivia-jasenyhdistykset.fi\\\/tietoturva\\\/#organization\",\"name\":\"Tietoturva ry\",\"url\":\"https:\\\/\\\/tivia-jasenyhdistykset.fi\\\/tietoturva\\\/\",\"logo\":{\"@type\":\"ImageObject\",\"inLanguage\":\"fi\",\"@id\":\"https:\\\/\\\/tivia-jasenyhdistykset.fi\\\/tietoturva\\\/#\\\/schema\\\/logo\\\/image\\\/\",\"url\":\"https:\\\/\\\/tietoturva.fi\\\/wp-content\\\/uploads\\\/sites\\\/7\\\/2021\\\/05\\\/Tietoturva-logo-2018-100.png\",\"contentUrl\":\"https:\\\/\\\/tietoturva.fi\\\/wp-content\\\/uploads\\\/sites\\\/7\\\/2021\\\/05\\\/Tietoturva-logo-2018-100.png\",\"width\":73,\"height\":100,\"caption\":\"Tietoturva ry\"},\"image\":{\"@id\":\"https:\\\/\\\/tivia-jasenyhdistykset.fi\\\/tietoturva\\\/#\\\/schema\\\/logo\\\/image\\\/\"},\"sameAs\":[\"https:\\\/\\\/www.facebook.com\\\/TietoturvaRy\\\/\",\"https:\\\/\\\/x.com\\\/tietoturva_ry\",\"https:\\\/\\\/www.linkedin.com\\\/company\\\/tietoturva\\\/\",\"https:\\\/\\\/www.youtube.com\\\/channel\\\/UCmXkytjYpJ4_N2msCNy69sw\\\/\"]},{\"@type\":\"Person\",\"@id\":\"https:\\\/\\\/tivia-jasenyhdistykset.fi\\\/tietoturva\\\/#\\\/schema\\\/person\\\/19adf5a38ed1bb5572c797f59f5d398c\",\"name\":\"marttinentomi14855\",\"image\":{\"@type\":\"ImageObject\",\"inLanguage\":\"fi\",\"@id\":\"https:\\\/\\\/secure.gravatar.com\\\/avatar\\\/86ce3195a207958a65db3a2f1a0b53c6822ec82b8849c824270d6274e1a79ff8?s=96&d=mm&r=g\",\"url\":\"https:\\\/\\\/secure.gravatar.com\\\/avatar\\\/86ce3195a207958a65db3a2f1a0b53c6822ec82b8849c824270d6274e1a79ff8?s=96&d=mm&r=g\",\"contentUrl\":\"https:\\\/\\\/secure.gravatar.com\\\/avatar\\\/86ce3195a207958a65db3a2f1a0b53c6822ec82b8849c824270d6274e1a79ff8?s=96&d=mm&r=g\",\"caption\":\"marttinentomi14855\"},\"url\":\"https:\\\/\\\/tivia-jasenyhdistykset.fi\\\/tietoturva\\\/author\\\/marttinentomi14855\\\/\"}]}<\/script>\n<!-- \/ Yoast SEO plugin. -->","yoast_head_json":{"title":"El\u00e4m\u00e4nty\u00f6palkittu Jyrki Kasvi on kuollut - Tietoturva ry","robots":{"index":"index","follow":"follow","max-snippet":"max-snippet:-1","max-image-preview":"max-image-preview:large","max-video-preview":"max-video-preview:-1"},"canonical":"https:\/\/tivia-jasenyhdistykset.fi\/tietoturva\/2021\/11\/17\/elamantyopalkittu-jyrki-kasvi-on-kuollut\/","og_locale":"fi_FI","og_type":"article","og_title":"El\u00e4m\u00e4nty\u00f6palkittu Jyrki Kasvi on kuollut - Tietoturva ry","og_description":"Kuulimme t\u00e4n\u00e4\u00e4n 17.11.2021 suru-uutisen Jyrkin Kasvin kuolemasta. Tietoturva ry my\u00f6nsi h\u00e4nelle 27.10. El\u00e4m\u00e4nty\u00f6palkinnon poikkeuksellisen merkitt\u00e4v\u00e4st\u00e4 el\u00e4m\u00e4nty\u00f6st\u00e4 tietoturvallisuuden edist\u00e4misen parissa. T\u00e4m\u00e4 on vain yksi niist\u00e4 osa-alueista, joista h\u00e4net muistetaan ja h\u00e4net on palkittu. Kuvassa Jyrki 25.10. Digiturvaviikon seminaarissa keskustelemassa ja tuomassa h\u00e4nelle t\u00e4rkeit\u00e4 ja keskeisi\u00e4 havaintoja mm.\u00a0","og_url":"https:\/\/tivia-jasenyhdistykset.fi\/tietoturva\/2021\/11\/17\/elamantyopalkittu-jyrki-kasvi-on-kuollut\/","og_site_name":"Tietoturva ry","article_publisher":"https:\/\/www.facebook.com\/TietoturvaRy\/","article_published_time":"2021-11-17T17:50:04+00:00","article_modified_time":"2024-05-31T10:41:01+00:00","og_image":[{"width":671,"height":689,"url":"https:\/\/tivia-jasenyhdistykset.fi\/tietoturva\/wp-content\/uploads\/sites\/7\/2021\/11\/jyrki.jpg","type":"image\/jpeg"}],"author":"marttinentomi14855","twitter_card":"summary_large_image","twitter_creator":"@tietoturva_ry","twitter_site":"@tietoturva_ry","twitter_misc":{"Kirjoittanut":"marttinentomi14855","Arvioitu lukuaika":"1 minuutti"},"schema":{"@context":"https:\/\/schema.org","@graph":[{"@type":"Article","@id":"https:\/\/tivia-jasenyhdistykset.fi\/tietoturva\/2021\/11\/17\/elamantyopalkittu-jyrki-kasvi-on-kuollut\/#article","isPartOf":{"@id":"https:\/\/tivia-jasenyhdistykset.fi\/tietoturva\/2021\/11\/17\/elamantyopalkittu-jyrki-kasvi-on-kuollut\/"},"author":{"name":"marttinentomi14855","@id":"https:\/\/tivia-jasenyhdistykset.fi\/tietoturva\/#\/schema\/person\/19adf5a38ed1bb5572c797f59f5d398c"},"headline":"El\u00e4m\u00e4nty\u00f6palkittu Jyrki Kasvi on kuollut","datePublished":"2021-11-17T17:50:04+00:00","dateModified":"2024-05-31T10:41:01+00:00","mainEntityOfPage":{"@id":"https:\/\/tivia-jasenyhdistykset.fi\/tietoturva\/2021\/11\/17\/elamantyopalkittu-jyrki-kasvi-on-kuollut\/"},"wordCount":114,"publisher":{"@id":"https:\/\/tivia-jasenyhdistykset.fi\/tietoturva\/#organization"},"image":{"@id":"https:\/\/tivia-jasenyhdistykset.fi\/tietoturva\/2021\/11\/17\/elamantyopalkittu-jyrki-kasvi-on-kuollut\/#primaryimage"},"thumbnailUrl":"https:\/\/tivia-jasenyhdistykset.fi\/tietoturva\/wp-content\/uploads\/sites\/7\/2021\/11\/jyrki.jpg","articleSection":["Tietoturvatunnustus"],"inLanguage":"fi"},{"@type":"WebPage","@id":"https:\/\/tivia-jasenyhdistykset.fi\/tietoturva\/2021\/11\/17\/elamantyopalkittu-jyrki-kasvi-on-kuollut\/","url":"https:\/\/tivia-jasenyhdistykset.fi\/tietoturva\/2021\/11\/17\/elamantyopalkittu-jyrki-kasvi-on-kuollut\/","name":"El\u00e4m\u00e4nty\u00f6palkittu Jyrki Kasvi on kuollut - Tietoturva ry","isPartOf":{"@id":"https:\/\/tivia-jasenyhdistykset.fi\/tietoturva\/#website"},"primaryImageOfPage":{"@id":"https:\/\/tivia-jasenyhdistykset.fi\/tietoturva\/2021\/11\/17\/elamantyopalkittu-jyrki-kasvi-on-kuollut\/#primaryimage"},"image":{"@id":"https:\/\/tivia-jasenyhdistykset.fi\/tietoturva\/2021\/11\/17\/elamantyopalkittu-jyrki-kasvi-on-kuollut\/#primaryimage"},"thumbnailUrl":"https:\/\/tivia-jasenyhdistykset.fi\/tietoturva\/wp-content\/uploads\/sites\/7\/2021\/11\/jyrki.jpg","datePublished":"2021-11-17T17:50:04+00:00","dateModified":"2024-05-31T10:41:01+00:00","breadcrumb":{"@id":"https:\/\/tivia-jasenyhdistykset.fi\/tietoturva\/2021\/11\/17\/elamantyopalkittu-jyrki-kasvi-on-kuollut\/#breadcrumb"},"inLanguage":"fi","potentialAction":[{"@type":"ReadAction","target":["https:\/\/tivia-jasenyhdistykset.fi\/tietoturva\/2021\/11\/17\/elamantyopalkittu-jyrki-kasvi-on-kuollut\/"]}]},{"@type":"ImageObject","inLanguage":"fi","@id":"https:\/\/tivia-jasenyhdistykset.fi\/tietoturva\/2021\/11\/17\/elamantyopalkittu-jyrki-kasvi-on-kuollut\/#primaryimage","url":"https:\/\/tivia-jasenyhdistykset.fi\/tietoturva\/wp-content\/uploads\/sites\/7\/2021\/11\/jyrki.jpg","contentUrl":"https:\/\/tivia-jasenyhdistykset.fi\/tietoturva\/wp-content\/uploads\/sites\/7\/2021\/11\/jyrki.jpg","width":671,"height":689},{"@type":"BreadcrumbList","@id":"https:\/\/tivia-jasenyhdistykset.fi\/tietoturva\/2021\/11\/17\/elamantyopalkittu-jyrki-kasvi-on-kuollut\/#breadcrumb","itemListElement":[{"@type":"ListItem","position":1,"name":"Etusivu","item":"https:\/\/tivia-jasenyhdistykset.fi\/tietoturva\/"},{"@type":"ListItem","position":2,"name":"El\u00e4m\u00e4nty\u00f6palkittu Jyrki Kasvi on kuollut"}]},{"@type":"WebSite","@id":"https:\/\/tivia-jasenyhdistykset.fi\/tietoturva\/#website","url":"https:\/\/tivia-jasenyhdistykset.fi\/tietoturva\/","name":"Tietoturva ry","description":"Suomen suurin tietoturva-ammattilaisten verkosto","publisher":{"@id":"https:\/\/tivia-jasenyhdistykset.fi\/tietoturva\/#organization"},"potentialAction":[{"@type":"SearchAction","target":{"@type":"EntryPoint","urlTemplate":"https:\/\/tivia-jasenyhdistykset.fi\/tietoturva\/?s={search_term_string}"},"query-input":{"@type":"PropertyValueSpecification","valueRequired":true,"valueName":"search_term_string"}}],"inLanguage":"fi"},{"@type":"Organization","@id":"https:\/\/tivia-jasenyhdistykset.fi\/tietoturva\/#organization","name":"Tietoturva ry","url":"https:\/\/tivia-jasenyhdistykset.fi\/tietoturva\/","logo":{"@type":"ImageObject","inLanguage":"fi","@id":"https:\/\/tivia-jasenyhdistykset.fi\/tietoturva\/#\/schema\/logo\/image\/","url":"https:\/\/tietoturva.fi\/wp-content\/uploads\/sites\/7\/2021\/05\/Tietoturva-logo-2018-100.png","contentUrl":"https:\/\/tietoturva.fi\/wp-content\/uploads\/sites\/7\/2021\/05\/Tietoturva-logo-2018-100.png","width":73,"height":100,"caption":"Tietoturva ry"},"image":{"@id":"https:\/\/tivia-jasenyhdistykset.fi\/tietoturva\/#\/schema\/logo\/image\/"},"sameAs":["https:\/\/www.facebook.com\/TietoturvaRy\/","https:\/\/x.com\/tietoturva_ry","https:\/\/www.linkedin.com\/company\/tietoturva\/","https:\/\/www.youtube.com\/channel\/UCmXkytjYpJ4_N2msCNy69sw\/"]},{"@type":"Person","@id":"https:\/\/tivia-jasenyhdistykset.fi\/tietoturva\/#\/schema\/person\/19adf5a38ed1bb5572c797f59f5d398c","name":"marttinentomi14855","image":{"@type":"ImageObject","inLanguage":"fi","@id":"https:\/\/secure.gravatar.com\/avatar\/86ce3195a207958a65db3a2f1a0b53c6822ec82b8849c824270d6274e1a79ff8?s=96&d=mm&r=g","url":"https:\/\/secure.gravatar.com\/avatar\/86ce3195a207958a65db3a2f1a0b53c6822ec82b8849c824270d6274e1a79ff8?s=96&d=mm&r=g","contentUrl":"https:\/\/secure.gravatar.com\/avatar\/86ce3195a207958a65db3a2f1a0b53c6822ec82b8849c824270d6274e1a79ff8?s=96&d=mm&r=g","caption":"marttinentomi14855"},"url":"https:\/\/tivia-jasenyhdistykset.fi\/tietoturva\/author\/marttinentomi14855\/"}]}},"_links":{"self":[{"href":"https:\/\/tivia-jasenyhdistykset.fi\/tietoturva\/wp-json\/wp\/v2\/posts\/1068","targetHints":{"allow":["GET"]}}],"collection":[{"href":"https:\/\/tivia-jasenyhdistykset.fi\/tietoturva\/wp-json\/wp\/v2\/posts"}],"about":[{"href":"https:\/\/tivia-jasenyhdistykset.fi\/tietoturva\/wp-json\/wp\/v2\/types\/post"}],"author":[{"embeddable":true,"href":"https:\/\/tivia-jasenyhdistykset.fi\/tietoturva\/wp-json\/wp\/v2\/users\/2406"}],"replies":[{"embeddable":true,"href":"https:\/\/tivia-jasenyhdistykset.fi\/tietoturva\/wp-json\/wp\/v2\/comments?post=1068"}],"version-history":[{"count":1,"href":"https:\/\/tivia-jasenyhdistykset.fi\/tietoturva\/wp-json\/wp\/v2\/posts\/1068\/revisions"}],"predecessor-version":[{"id":1072,"href":"https:\/\/tivia-jasenyhdistykset.fi\/tietoturva\/wp-json\/wp\/v2\/posts\/1068\/revisions\/1072"}],"wp:featuredmedia":[{"embeddable":true,"href":"https:\/\/tivia-jasenyhdistykset.fi\/tietoturva\/wp-json\/wp\/v2\/media\/1069"}],"wp:attachment":[{"href":"https:\/\/tivia-jasenyhdistykset.fi\/tietoturva\/wp-json\/wp\/v2\/media?parent=1068"}],"wp:term":[{"taxonomy":"category","embeddable":true,"href":"https:\/\/tivia-jasenyhdistykset.fi\/tietoturva\/wp-json\/wp\/v2\/categories?post=1068"},{"taxonomy":"post_tag","embeddable":true,"href":"https:\/\/tivia-jasenyhdistykset.fi\/tietoturva\/wp-json\/wp\/v2\/tags?post=1068"}],"curies":[{"name":"wp","href":"https:\/\/api.w.org\/{rel}","templated":true}]}}