{"id":1269,"date":"2022-03-02T17:44:56","date_gmt":"2022-03-02T15:44:56","guid":{"rendered":"https:\/\/tietoturva.fi\/?p=1269"},"modified":"2024-05-31T13:42:39","modified_gmt":"2024-05-31T10:42:39","slug":"tietoturva-ry-webinaari-03-2022","status":"publish","type":"post","link":"https:\/\/tivia-jasenyhdistykset.fi\/tietoturva\/2022\/03\/02\/tietoturva-ry-webinaari-03-2022\/","title":{"rendered":"Webinaaritallenne: Sodan vaikutukset kybertoimintaymp\u00e4rist\u00f6\u00f6n"},"content":{"rendered":"<p style=\"text-align: center;\"><span style=\"color: #339966;\"><strong><img loading=\"lazy\" decoding=\"async\" class=\"alignnone  wp-image-1326\" src=\"https:\/\/tietoturva.fi\/wp-content\/uploads\/sites\/7\/2022\/03\/TTRY-tallenne-scaled-e1647280764217-1024x508.jpg\" alt=\"\" width=\"332\" height=\"165\" srcset=\"https:\/\/tivia-jasenyhdistykset.fi\/tietoturva\/wp-content\/uploads\/sites\/7\/2022\/03\/TTRY-tallenne-scaled-e1647280764217-1024x508.jpg 1024w, https:\/\/tivia-jasenyhdistykset.fi\/tietoturva\/wp-content\/uploads\/sites\/7\/2022\/03\/TTRY-tallenne-scaled-e1647280764217-300x149.jpg 300w, https:\/\/tivia-jasenyhdistykset.fi\/tietoturva\/wp-content\/uploads\/sites\/7\/2022\/03\/TTRY-tallenne-scaled-e1647280764217-768x381.jpg 768w, https:\/\/tivia-jasenyhdistykset.fi\/tietoturva\/wp-content\/uploads\/sites\/7\/2022\/03\/TTRY-tallenne-scaled-e1647280764217-1536x762.jpg 1536w, https:\/\/tivia-jasenyhdistykset.fi\/tietoturva\/wp-content\/uploads\/sites\/7\/2022\/03\/TTRY-tallenne-scaled-e1647280764217.jpg 1715w\" sizes=\"auto, (max-width: 332px) 100vw, 332px\" \/><\/strong><\/span><\/p>\n<p style=\"text-align: left;\"><strong>TIETOTURVA RY:N AVOIMEN WEBINAARIN TALLENNE<\/strong><br \/>\nTietoturva ry j\u00e4rjesti 09.03.2022 avoimen ajankohtaiswebinaarin, jossa k\u00e4siteltiin miten Ven\u00e4j\u00e4n hy\u00f6kk\u00e4ys Ukrainaan on vaikuttanut kybertoimintaymp\u00e4rist\u00f6\u00f6n ja mit\u00e4 nyt kannattaisi tehd\u00e4? Paikalla Suomen johtavat tieto- ja kyberturvan asiantuntijat keskustelemassa aiheesta.<\/p>\n<p><iframe loading=\"lazy\" title=\"Ajankohtaiskatsaus: Sodan vaikutukset kybertoimintaymp\u00e4rist\u00f6\u00f6n\" width=\"640\" height=\"360\" src=\"https:\/\/www.youtube.com\/embed\/dk8WXV558lE?feature=oembed\" frameborder=\"0\" allow=\"accelerometer; autoplay; clipboard-write; encrypted-media; gyroscope; picture-in-picture; web-share\" referrerpolicy=\"strict-origin-when-cross-origin\" allowfullscreen><\/iframe><\/p>\n<p><center><\/center>&nbsp;<\/p>\n<p><b data-stringify-type=\"bold\">TAPAHTUMAN AGENDA:<\/b><\/p>\n<ul>\n<li>Tapahtuman avaus, <a href=\"https:\/\/www.linkedin.com\/in\/tomimarttinen\/\" target=\"_blank\" rel=\"noopener\">Tomi Marttinen<\/a>, Tietoturva ry:n PJ<\/li>\n<li>Johdatus paneeliin &#8211; Ven\u00e4j\u00e4n hy\u00f6kk\u00e4ys 24.2.2022\u00a0 Ukrainaan &#8211; miten t\u00e4m\u00e4 on n\u00e4kynyt kybermaailmassa, ent\u00e4 muualla?<a href=\"https:\/\/www.linkedin.com\/in\/kimmo-rousku-00539\/\" target=\"_blank\" rel=\"noopener\"> Kimmo Rousku<\/a>, Tietoturva ry, hallituksen j\u00e4sen<\/li>\n<li>Paneelikeskustelu<\/li>\n<li>Yleist\u00e4 keskustelua<\/li>\n<\/ul>\n<p><strong>Panelistit:<\/strong><\/p>\n<ul>\n<li><a href=\"https:\/\/www.linkedin.com\/in\/catharina-candolin-b5555\/\" target=\"_blank\" rel=\"noopener\">Catharina Candolin<\/a>, kyberasiantuntija<\/li>\n<li><a href=\"https:\/\/www.linkedin.com\/in\/aapo-cederberg-3185a485\/\" target=\"_blank\" rel=\"noopener\">Aapo Cederberg<\/a>, CEO, Cyberwatch Finland<\/li>\n<li><a href=\"https:\/\/www.linkedin.com\/in\/jarna-hartikainen-4a28884\/\" target=\"_blank\" rel=\"noopener\">Jarna Hartikainen<\/a>, varautumisp\u00e4\u00e4llikk\u00f6, Huoltovarmuuskeskus<\/li>\n<li><a href=\"https:\/\/www.linkedin.com\/in\/%C2%A9%EF%B8%8F-matti-parviainen-668497108\/\" target=\"_blank\" rel=\"noopener\">Matti Parviainen<\/a>, tietoturvap\u00e4\u00e4llikk\u00f6, ulkoministeri\u00f6<\/li>\n<li><a href=\"https:\/\/www.linkedin.com\/in\/leaviljanen\/\" target=\"_blank\" rel=\"noopener\">Lea Viljanen<\/a>, toimitusjohtaja, LAV Security<\/li>\n<\/ul>\n<p><strong>J\u00c4SENEKSI?<\/strong><\/p>\n<p>Halutessasi voit liitty\u00e4 Tietoturva ry:n j\u00e4seneksi [<a href=\"https:\/\/tietoturva.fi\/jaseneksi\/\">t\u00e4st\u00e4]<\/a>.<\/p>\n<p>&nbsp;<\/p>\n","protected":false},"excerpt":{"rendered":"<p style=\"text-align: center;\"><img loading=\"lazy\" decoding=\"async\" class=\"alignnone  wp-image-1326\" src=\"https:\/\/tietoturva.fi\/wp-content\/uploads\/sites\/7\/2022\/03\/TTRY-tallenne-scaled-e1647280764217-1024x508.jpg\" alt=\"\" width=\"332\" height=\"165\" srcset=\"https:\/\/tivia-jasenyhdistykset.fi\/tietoturva\/wp-content\/uploads\/sites\/7\/2022\/03\/TTRY-tallenne-scaled-e1647280764217-1024x508.jpg 1024w, https:\/\/tivia-jasenyhdistykset.fi\/tietoturva\/wp-content\/uploads\/sites\/7\/2022\/03\/TTRY-tallenne-scaled-e1647280764217-300x149.jpg 300w, https:\/\/tivia-jasenyhdistykset.fi\/tietoturva\/wp-content\/uploads\/sites\/7\/2022\/03\/TTRY-tallenne-scaled-e1647280764217-768x381.jpg 768w, https:\/\/tivia-jasenyhdistykset.fi\/tietoturva\/wp-content\/uploads\/sites\/7\/2022\/03\/TTRY-tallenne-scaled-e1647280764217-1536x762.jpg 1536w, https:\/\/tivia-jasenyhdistykset.fi\/tietoturva\/wp-content\/uploads\/sites\/7\/2022\/03\/TTRY-tallenne-scaled-e1647280764217.jpg 1715w\" sizes=\"auto, (max-width: 332px) 100vw, 332px\" \/><\/p>\n<p style=\"text-align: left;\">TIETOTURVA RY:N AVOIMEN WEBINAARIN TALLENNE<br \/>\nTietoturva ry j\u00e4rjesti 09.03.2022 avoimen ajankohtaiswebinaarin, jossa k\u00e4siteltiin miten Ven\u00e4j\u00e4n hy\u00f6kk\u00e4ys Ukrainaan on vaikuttanut kybertoimintaymp\u00e4rist\u00f6\u00f6n ja mit\u00e4 nyt kannattaisi tehd\u00e4? Paikalla Suomen johtavat tieto- ja kyberturvan asiantuntijat keskustelemassa aiheesta.<\/p>\n<p>&nbsp;<\/p>\n","protected":false},"author":2408,"featured_media":0,"comment_status":"closed","ping_status":"closed","sticky":false,"template":"","format":"video","meta":{"_acf_changed":false,"footnotes":""},"categories":[38,24],"tags":[],"class_list":["post-1269","post","type-post","status-publish","format-video","hentry","category-tapahtumat","category-webinaari","post_format-post-format-video"],"acf":[],"yoast_head":"<!-- This site is optimized with the Yoast SEO plugin v27.5 - https:\/\/yoast.com\/product\/yoast-seo-wordpress\/ -->\n<title>Webinaaritallenne: Sodan vaikutukset kybertoimintaymp\u00e4rist\u00f6\u00f6n - Tietoturva ry<\/title>\n<meta name=\"robots\" content=\"index, follow, max-snippet:-1, max-image-preview:large, max-video-preview:-1\" \/>\n<link rel=\"canonical\" href=\"https:\/\/tivia-jasenyhdistykset.fi\/tietoturva\/2022\/03\/02\/tietoturva-ry-webinaari-03-2022\/\" \/>\n<meta property=\"og:locale\" content=\"fi_FI\" \/>\n<meta property=\"og:type\" content=\"article\" \/>\n<meta property=\"og:title\" content=\"Webinaaritallenne: Sodan vaikutukset kybertoimintaymp\u00e4rist\u00f6\u00f6n - Tietoturva ry\" \/>\n<meta property=\"og:description\" content=\"TIETOTURVA RY:N AVOIMEN WEBINAARIN TALLENNE Tietoturva ry j\u00e4rjesti 09.03.2022 avoimen ajankohtaiswebinaarin, jossa k\u00e4siteltiin miten Ven\u00e4j\u00e4n hy\u00f6kk\u00e4ys Ukrainaan on vaikuttanut kybertoimintaymp\u00e4rist\u00f6\u00f6n ja mit\u00e4 nyt kannattaisi tehd\u00e4? Paikalla Suomen johtavat tieto- ja kyberturvan asiantuntijat keskustelemassa aiheesta. &nbsp;\" \/>\n<meta property=\"og:url\" content=\"https:\/\/tivia-jasenyhdistykset.fi\/tietoturva\/2022\/03\/02\/tietoturva-ry-webinaari-03-2022\/\" \/>\n<meta property=\"og:site_name\" content=\"Tietoturva ry\" \/>\n<meta property=\"article:publisher\" content=\"https:\/\/www.facebook.com\/TietoturvaRy\/\" \/>\n<meta property=\"article:published_time\" content=\"2022-03-02T15:44:56+00:00\" \/>\n<meta property=\"article:modified_time\" content=\"2024-05-31T10:42:39+00:00\" \/>\n<meta property=\"og:image\" content=\"https:\/\/tietoturva.fi\/wp-content\/uploads\/sites\/7\/2022\/03\/TTRY-tallenne-scaled-e1647280764217-1024x508.jpg\" \/>\n<meta name=\"author\" content=\"Tommi V\" \/>\n<meta name=\"twitter:card\" content=\"summary_large_image\" \/>\n<meta name=\"twitter:creator\" content=\"@tietoturva_ry\" \/>\n<meta name=\"twitter:site\" content=\"@tietoturva_ry\" \/>\n<meta name=\"twitter:label1\" content=\"Kirjoittanut\" \/>\n\t<meta name=\"twitter:data1\" content=\"Tommi V\" \/>\n\t<meta name=\"twitter:label2\" content=\"Arvioitu lukuaika\" \/>\n\t<meta name=\"twitter:data2\" content=\"1 minuutti\" \/>\n<script type=\"application\/ld+json\" class=\"yoast-schema-graph\">{\"@context\":\"https:\\\/\\\/schema.org\",\"@graph\":[{\"@type\":\"Article\",\"@id\":\"https:\\\/\\\/tivia-jasenyhdistykset.fi\\\/tietoturva\\\/2022\\\/03\\\/02\\\/tietoturva-ry-webinaari-03-2022\\\/#article\",\"isPartOf\":{\"@id\":\"https:\\\/\\\/tivia-jasenyhdistykset.fi\\\/tietoturva\\\/2022\\\/03\\\/02\\\/tietoturva-ry-webinaari-03-2022\\\/\"},\"author\":{\"name\":\"Tommi V\",\"@id\":\"https:\\\/\\\/tivia-jasenyhdistykset.fi\\\/tietoturva\\\/#\\\/schema\\\/person\\\/509d9bb392337a2d220ec611546998ec\"},\"headline\":\"Webinaaritallenne: Sodan vaikutukset kybertoimintaymp\u00e4rist\u00f6\u00f6n\",\"datePublished\":\"2022-03-02T15:44:56+00:00\",\"dateModified\":\"2024-05-31T10:42:39+00:00\",\"mainEntityOfPage\":{\"@id\":\"https:\\\/\\\/tivia-jasenyhdistykset.fi\\\/tietoturva\\\/2022\\\/03\\\/02\\\/tietoturva-ry-webinaari-03-2022\\\/\"},\"wordCount\":137,\"publisher\":{\"@id\":\"https:\\\/\\\/tivia-jasenyhdistykset.fi\\\/tietoturva\\\/#organization\"},\"image\":{\"@id\":\"https:\\\/\\\/tivia-jasenyhdistykset.fi\\\/tietoturva\\\/2022\\\/03\\\/02\\\/tietoturva-ry-webinaari-03-2022\\\/#primaryimage\"},\"thumbnailUrl\":\"https:\\\/\\\/tietoturva.fi\\\/wp-content\\\/uploads\\\/sites\\\/7\\\/2022\\\/03\\\/TTRY-tallenne-scaled-e1647280764217-1024x508.jpg\",\"articleSection\":[\"Tapahtumat\",\"Webinaari\"],\"inLanguage\":\"fi\"},{\"@type\":\"WebPage\",\"@id\":\"https:\\\/\\\/tivia-jasenyhdistykset.fi\\\/tietoturva\\\/2022\\\/03\\\/02\\\/tietoturva-ry-webinaari-03-2022\\\/\",\"url\":\"https:\\\/\\\/tivia-jasenyhdistykset.fi\\\/tietoturva\\\/2022\\\/03\\\/02\\\/tietoturva-ry-webinaari-03-2022\\\/\",\"name\":\"Webinaaritallenne: Sodan vaikutukset kybertoimintaymp\u00e4rist\u00f6\u00f6n - Tietoturva ry\",\"isPartOf\":{\"@id\":\"https:\\\/\\\/tivia-jasenyhdistykset.fi\\\/tietoturva\\\/#website\"},\"primaryImageOfPage\":{\"@id\":\"https:\\\/\\\/tivia-jasenyhdistykset.fi\\\/tietoturva\\\/2022\\\/03\\\/02\\\/tietoturva-ry-webinaari-03-2022\\\/#primaryimage\"},\"image\":{\"@id\":\"https:\\\/\\\/tivia-jasenyhdistykset.fi\\\/tietoturva\\\/2022\\\/03\\\/02\\\/tietoturva-ry-webinaari-03-2022\\\/#primaryimage\"},\"thumbnailUrl\":\"https:\\\/\\\/tietoturva.fi\\\/wp-content\\\/uploads\\\/sites\\\/7\\\/2022\\\/03\\\/TTRY-tallenne-scaled-e1647280764217-1024x508.jpg\",\"datePublished\":\"2022-03-02T15:44:56+00:00\",\"dateModified\":\"2024-05-31T10:42:39+00:00\",\"breadcrumb\":{\"@id\":\"https:\\\/\\\/tivia-jasenyhdistykset.fi\\\/tietoturva\\\/2022\\\/03\\\/02\\\/tietoturva-ry-webinaari-03-2022\\\/#breadcrumb\"},\"inLanguage\":\"fi\",\"potentialAction\":[{\"@type\":\"ReadAction\",\"target\":[\"https:\\\/\\\/tivia-jasenyhdistykset.fi\\\/tietoturva\\\/2022\\\/03\\\/02\\\/tietoturva-ry-webinaari-03-2022\\\/\"]}]},{\"@type\":\"ImageObject\",\"inLanguage\":\"fi\",\"@id\":\"https:\\\/\\\/tivia-jasenyhdistykset.fi\\\/tietoturva\\\/2022\\\/03\\\/02\\\/tietoturva-ry-webinaari-03-2022\\\/#primaryimage\",\"url\":\"https:\\\/\\\/tietoturva.fi\\\/wp-content\\\/uploads\\\/sites\\\/7\\\/2022\\\/03\\\/TTRY-tallenne-scaled-e1647280764217-1024x508.jpg\",\"contentUrl\":\"https:\\\/\\\/tietoturva.fi\\\/wp-content\\\/uploads\\\/sites\\\/7\\\/2022\\\/03\\\/TTRY-tallenne-scaled-e1647280764217-1024x508.jpg\"},{\"@type\":\"BreadcrumbList\",\"@id\":\"https:\\\/\\\/tivia-jasenyhdistykset.fi\\\/tietoturva\\\/2022\\\/03\\\/02\\\/tietoturva-ry-webinaari-03-2022\\\/#breadcrumb\",\"itemListElement\":[{\"@type\":\"ListItem\",\"position\":1,\"name\":\"Etusivu\",\"item\":\"https:\\\/\\\/tivia-jasenyhdistykset.fi\\\/tietoturva\\\/\"},{\"@type\":\"ListItem\",\"position\":2,\"name\":\"Webinaaritallenne: Sodan vaikutukset kybertoimintaymp\u00e4rist\u00f6\u00f6n\"}]},{\"@type\":\"WebSite\",\"@id\":\"https:\\\/\\\/tivia-jasenyhdistykset.fi\\\/tietoturva\\\/#website\",\"url\":\"https:\\\/\\\/tivia-jasenyhdistykset.fi\\\/tietoturva\\\/\",\"name\":\"Tietoturva ry\",\"description\":\"Suomen suurin tietoturva-ammattilaisten verkosto\",\"publisher\":{\"@id\":\"https:\\\/\\\/tivia-jasenyhdistykset.fi\\\/tietoturva\\\/#organization\"},\"potentialAction\":[{\"@type\":\"SearchAction\",\"target\":{\"@type\":\"EntryPoint\",\"urlTemplate\":\"https:\\\/\\\/tivia-jasenyhdistykset.fi\\\/tietoturva\\\/?s={search_term_string}\"},\"query-input\":{\"@type\":\"PropertyValueSpecification\",\"valueRequired\":true,\"valueName\":\"search_term_string\"}}],\"inLanguage\":\"fi\"},{\"@type\":\"Organization\",\"@id\":\"https:\\\/\\\/tivia-jasenyhdistykset.fi\\\/tietoturva\\\/#organization\",\"name\":\"Tietoturva ry\",\"url\":\"https:\\\/\\\/tivia-jasenyhdistykset.fi\\\/tietoturva\\\/\",\"logo\":{\"@type\":\"ImageObject\",\"inLanguage\":\"fi\",\"@id\":\"https:\\\/\\\/tivia-jasenyhdistykset.fi\\\/tietoturva\\\/#\\\/schema\\\/logo\\\/image\\\/\",\"url\":\"https:\\\/\\\/tietoturva.fi\\\/wp-content\\\/uploads\\\/sites\\\/7\\\/2021\\\/05\\\/Tietoturva-logo-2018-100.png\",\"contentUrl\":\"https:\\\/\\\/tietoturva.fi\\\/wp-content\\\/uploads\\\/sites\\\/7\\\/2021\\\/05\\\/Tietoturva-logo-2018-100.png\",\"width\":73,\"height\":100,\"caption\":\"Tietoturva ry\"},\"image\":{\"@id\":\"https:\\\/\\\/tivia-jasenyhdistykset.fi\\\/tietoturva\\\/#\\\/schema\\\/logo\\\/image\\\/\"},\"sameAs\":[\"https:\\\/\\\/www.facebook.com\\\/TietoturvaRy\\\/\",\"https:\\\/\\\/x.com\\\/tietoturva_ry\",\"https:\\\/\\\/www.linkedin.com\\\/company\\\/tietoturva\\\/\",\"https:\\\/\\\/www.youtube.com\\\/channel\\\/UCmXkytjYpJ4_N2msCNy69sw\\\/\"]},{\"@type\":\"Person\",\"@id\":\"https:\\\/\\\/tivia-jasenyhdistykset.fi\\\/tietoturva\\\/#\\\/schema\\\/person\\\/509d9bb392337a2d220ec611546998ec\",\"name\":\"Tommi V\",\"image\":{\"@type\":\"ImageObject\",\"inLanguage\":\"fi\",\"@id\":\"https:\\\/\\\/secure.gravatar.com\\\/avatar\\\/407fe7c123719aedfe1043bea0075baf31b4805e5599ab36f3b560d37cfba06d?s=96&d=mm&r=g\",\"url\":\"https:\\\/\\\/secure.gravatar.com\\\/avatar\\\/407fe7c123719aedfe1043bea0075baf31b4805e5599ab36f3b560d37cfba06d?s=96&d=mm&r=g\",\"contentUrl\":\"https:\\\/\\\/secure.gravatar.com\\\/avatar\\\/407fe7c123719aedfe1043bea0075baf31b4805e5599ab36f3b560d37cfba06d?s=96&d=mm&r=g\",\"caption\":\"Tommi V\"},\"url\":\"https:\\\/\\\/tivia-jasenyhdistykset.fi\\\/tietoturva\\\/author\\\/vanninentommi10605\\\/\"}]}<\/script>\n<!-- \/ Yoast SEO plugin. -->","yoast_head_json":{"title":"Webinaaritallenne: Sodan vaikutukset kybertoimintaymp\u00e4rist\u00f6\u00f6n - Tietoturva ry","robots":{"index":"index","follow":"follow","max-snippet":"max-snippet:-1","max-image-preview":"max-image-preview:large","max-video-preview":"max-video-preview:-1"},"canonical":"https:\/\/tivia-jasenyhdistykset.fi\/tietoturva\/2022\/03\/02\/tietoturva-ry-webinaari-03-2022\/","og_locale":"fi_FI","og_type":"article","og_title":"Webinaaritallenne: Sodan vaikutukset kybertoimintaymp\u00e4rist\u00f6\u00f6n - Tietoturva ry","og_description":"TIETOTURVA RY:N AVOIMEN WEBINAARIN TALLENNE Tietoturva ry j\u00e4rjesti 09.03.2022 avoimen ajankohtaiswebinaarin, jossa k\u00e4siteltiin miten Ven\u00e4j\u00e4n hy\u00f6kk\u00e4ys Ukrainaan on vaikuttanut kybertoimintaymp\u00e4rist\u00f6\u00f6n ja mit\u00e4 nyt kannattaisi tehd\u00e4? Paikalla Suomen johtavat tieto- ja kyberturvan asiantuntijat keskustelemassa aiheesta. &nbsp;","og_url":"https:\/\/tivia-jasenyhdistykset.fi\/tietoturva\/2022\/03\/02\/tietoturva-ry-webinaari-03-2022\/","og_site_name":"Tietoturva ry","article_publisher":"https:\/\/www.facebook.com\/TietoturvaRy\/","article_published_time":"2022-03-02T15:44:56+00:00","article_modified_time":"2024-05-31T10:42:39+00:00","og_image":[{"url":"https:\/\/tietoturva.fi\/wp-content\/uploads\/sites\/7\/2022\/03\/TTRY-tallenne-scaled-e1647280764217-1024x508.jpg","type":"","width":"","height":""}],"author":"Tommi V","twitter_card":"summary_large_image","twitter_creator":"@tietoturva_ry","twitter_site":"@tietoturva_ry","twitter_misc":{"Kirjoittanut":"Tommi V","Arvioitu lukuaika":"1 minuutti"},"schema":{"@context":"https:\/\/schema.org","@graph":[{"@type":"Article","@id":"https:\/\/tivia-jasenyhdistykset.fi\/tietoturva\/2022\/03\/02\/tietoturva-ry-webinaari-03-2022\/#article","isPartOf":{"@id":"https:\/\/tivia-jasenyhdistykset.fi\/tietoturva\/2022\/03\/02\/tietoturva-ry-webinaari-03-2022\/"},"author":{"name":"Tommi V","@id":"https:\/\/tivia-jasenyhdistykset.fi\/tietoturva\/#\/schema\/person\/509d9bb392337a2d220ec611546998ec"},"headline":"Webinaaritallenne: Sodan vaikutukset kybertoimintaymp\u00e4rist\u00f6\u00f6n","datePublished":"2022-03-02T15:44:56+00:00","dateModified":"2024-05-31T10:42:39+00:00","mainEntityOfPage":{"@id":"https:\/\/tivia-jasenyhdistykset.fi\/tietoturva\/2022\/03\/02\/tietoturva-ry-webinaari-03-2022\/"},"wordCount":137,"publisher":{"@id":"https:\/\/tivia-jasenyhdistykset.fi\/tietoturva\/#organization"},"image":{"@id":"https:\/\/tivia-jasenyhdistykset.fi\/tietoturva\/2022\/03\/02\/tietoturva-ry-webinaari-03-2022\/#primaryimage"},"thumbnailUrl":"https:\/\/tietoturva.fi\/wp-content\/uploads\/sites\/7\/2022\/03\/TTRY-tallenne-scaled-e1647280764217-1024x508.jpg","articleSection":["Tapahtumat","Webinaari"],"inLanguage":"fi"},{"@type":"WebPage","@id":"https:\/\/tivia-jasenyhdistykset.fi\/tietoturva\/2022\/03\/02\/tietoturva-ry-webinaari-03-2022\/","url":"https:\/\/tivia-jasenyhdistykset.fi\/tietoturva\/2022\/03\/02\/tietoturva-ry-webinaari-03-2022\/","name":"Webinaaritallenne: Sodan vaikutukset kybertoimintaymp\u00e4rist\u00f6\u00f6n - Tietoturva ry","isPartOf":{"@id":"https:\/\/tivia-jasenyhdistykset.fi\/tietoturva\/#website"},"primaryImageOfPage":{"@id":"https:\/\/tivia-jasenyhdistykset.fi\/tietoturva\/2022\/03\/02\/tietoturva-ry-webinaari-03-2022\/#primaryimage"},"image":{"@id":"https:\/\/tivia-jasenyhdistykset.fi\/tietoturva\/2022\/03\/02\/tietoturva-ry-webinaari-03-2022\/#primaryimage"},"thumbnailUrl":"https:\/\/tietoturva.fi\/wp-content\/uploads\/sites\/7\/2022\/03\/TTRY-tallenne-scaled-e1647280764217-1024x508.jpg","datePublished":"2022-03-02T15:44:56+00:00","dateModified":"2024-05-31T10:42:39+00:00","breadcrumb":{"@id":"https:\/\/tivia-jasenyhdistykset.fi\/tietoturva\/2022\/03\/02\/tietoturva-ry-webinaari-03-2022\/#breadcrumb"},"inLanguage":"fi","potentialAction":[{"@type":"ReadAction","target":["https:\/\/tivia-jasenyhdistykset.fi\/tietoturva\/2022\/03\/02\/tietoturva-ry-webinaari-03-2022\/"]}]},{"@type":"ImageObject","inLanguage":"fi","@id":"https:\/\/tivia-jasenyhdistykset.fi\/tietoturva\/2022\/03\/02\/tietoturva-ry-webinaari-03-2022\/#primaryimage","url":"https:\/\/tietoturva.fi\/wp-content\/uploads\/sites\/7\/2022\/03\/TTRY-tallenne-scaled-e1647280764217-1024x508.jpg","contentUrl":"https:\/\/tietoturva.fi\/wp-content\/uploads\/sites\/7\/2022\/03\/TTRY-tallenne-scaled-e1647280764217-1024x508.jpg"},{"@type":"BreadcrumbList","@id":"https:\/\/tivia-jasenyhdistykset.fi\/tietoturva\/2022\/03\/02\/tietoturva-ry-webinaari-03-2022\/#breadcrumb","itemListElement":[{"@type":"ListItem","position":1,"name":"Etusivu","item":"https:\/\/tivia-jasenyhdistykset.fi\/tietoturva\/"},{"@type":"ListItem","position":2,"name":"Webinaaritallenne: Sodan vaikutukset kybertoimintaymp\u00e4rist\u00f6\u00f6n"}]},{"@type":"WebSite","@id":"https:\/\/tivia-jasenyhdistykset.fi\/tietoturva\/#website","url":"https:\/\/tivia-jasenyhdistykset.fi\/tietoturva\/","name":"Tietoturva ry","description":"Suomen suurin tietoturva-ammattilaisten verkosto","publisher":{"@id":"https:\/\/tivia-jasenyhdistykset.fi\/tietoturva\/#organization"},"potentialAction":[{"@type":"SearchAction","target":{"@type":"EntryPoint","urlTemplate":"https:\/\/tivia-jasenyhdistykset.fi\/tietoturva\/?s={search_term_string}"},"query-input":{"@type":"PropertyValueSpecification","valueRequired":true,"valueName":"search_term_string"}}],"inLanguage":"fi"},{"@type":"Organization","@id":"https:\/\/tivia-jasenyhdistykset.fi\/tietoturva\/#organization","name":"Tietoturva ry","url":"https:\/\/tivia-jasenyhdistykset.fi\/tietoturva\/","logo":{"@type":"ImageObject","inLanguage":"fi","@id":"https:\/\/tivia-jasenyhdistykset.fi\/tietoturva\/#\/schema\/logo\/image\/","url":"https:\/\/tietoturva.fi\/wp-content\/uploads\/sites\/7\/2021\/05\/Tietoturva-logo-2018-100.png","contentUrl":"https:\/\/tietoturva.fi\/wp-content\/uploads\/sites\/7\/2021\/05\/Tietoturva-logo-2018-100.png","width":73,"height":100,"caption":"Tietoturva ry"},"image":{"@id":"https:\/\/tivia-jasenyhdistykset.fi\/tietoturva\/#\/schema\/logo\/image\/"},"sameAs":["https:\/\/www.facebook.com\/TietoturvaRy\/","https:\/\/x.com\/tietoturva_ry","https:\/\/www.linkedin.com\/company\/tietoturva\/","https:\/\/www.youtube.com\/channel\/UCmXkytjYpJ4_N2msCNy69sw\/"]},{"@type":"Person","@id":"https:\/\/tivia-jasenyhdistykset.fi\/tietoturva\/#\/schema\/person\/509d9bb392337a2d220ec611546998ec","name":"Tommi V","image":{"@type":"ImageObject","inLanguage":"fi","@id":"https:\/\/secure.gravatar.com\/avatar\/407fe7c123719aedfe1043bea0075baf31b4805e5599ab36f3b560d37cfba06d?s=96&d=mm&r=g","url":"https:\/\/secure.gravatar.com\/avatar\/407fe7c123719aedfe1043bea0075baf31b4805e5599ab36f3b560d37cfba06d?s=96&d=mm&r=g","contentUrl":"https:\/\/secure.gravatar.com\/avatar\/407fe7c123719aedfe1043bea0075baf31b4805e5599ab36f3b560d37cfba06d?s=96&d=mm&r=g","caption":"Tommi V"},"url":"https:\/\/tivia-jasenyhdistykset.fi\/tietoturva\/author\/vanninentommi10605\/"}]}},"_links":{"self":[{"href":"https:\/\/tivia-jasenyhdistykset.fi\/tietoturva\/wp-json\/wp\/v2\/posts\/1269","targetHints":{"allow":["GET"]}}],"collection":[{"href":"https:\/\/tivia-jasenyhdistykset.fi\/tietoturva\/wp-json\/wp\/v2\/posts"}],"about":[{"href":"https:\/\/tivia-jasenyhdistykset.fi\/tietoturva\/wp-json\/wp\/v2\/types\/post"}],"author":[{"embeddable":true,"href":"https:\/\/tivia-jasenyhdistykset.fi\/tietoturva\/wp-json\/wp\/v2\/users\/2408"}],"replies":[{"embeddable":true,"href":"https:\/\/tivia-jasenyhdistykset.fi\/tietoturva\/wp-json\/wp\/v2\/comments?post=1269"}],"version-history":[{"count":38,"href":"https:\/\/tivia-jasenyhdistykset.fi\/tietoturva\/wp-json\/wp\/v2\/posts\/1269\/revisions"}],"predecessor-version":[{"id":1327,"href":"https:\/\/tivia-jasenyhdistykset.fi\/tietoturva\/wp-json\/wp\/v2\/posts\/1269\/revisions\/1327"}],"wp:attachment":[{"href":"https:\/\/tivia-jasenyhdistykset.fi\/tietoturva\/wp-json\/wp\/v2\/media?parent=1269"}],"wp:term":[{"taxonomy":"category","embeddable":true,"href":"https:\/\/tivia-jasenyhdistykset.fi\/tietoturva\/wp-json\/wp\/v2\/categories?post=1269"},{"taxonomy":"post_tag","embeddable":true,"href":"https:\/\/tivia-jasenyhdistykset.fi\/tietoturva\/wp-json\/wp\/v2\/tags?post=1269"}],"curies":[{"name":"wp","href":"https:\/\/api.w.org\/{rel}","templated":true}]}}