{"id":1451,"date":"2022-06-09T11:42:15","date_gmt":"2022-06-09T08:42:15","guid":{"rendered":"https:\/\/tietoturva.fi\/?p=1451"},"modified":"2024-05-31T13:48:15","modified_gmt":"2024-05-31T10:48:15","slug":"tietosuojan-syysriehan-iltatilaisuus","status":"publish","type":"post","link":"https:\/\/tivia-jasenyhdistykset.fi\/tietoturva\/2022\/06\/09\/tietosuojan-syysriehan-iltatilaisuus\/","title":{"rendered":"Tietosuojan syysriehan iltatilaisuus 9.9.2022"},"content":{"rendered":"<p><span style=\"font-weight: 400;\"><img loading=\"lazy\" decoding=\"async\" class=\"size-full wp-image-1469 aligncenter\" src=\"https:\/\/tietoturva.fi\/wp-content\/uploads\/sites\/7\/2022\/06\/ttry_dinner_party.png\" alt=\"\" width=\"991\" height=\"527\" srcset=\"https:\/\/tivia-jasenyhdistykset.fi\/tietoturva\/wp-content\/uploads\/sites\/7\/2022\/06\/ttry_dinner_party.png 991w, https:\/\/tivia-jasenyhdistykset.fi\/tietoturva\/wp-content\/uploads\/sites\/7\/2022\/06\/ttry_dinner_party-300x160.png 300w, https:\/\/tivia-jasenyhdistykset.fi\/tietoturva\/wp-content\/uploads\/sites\/7\/2022\/06\/ttry_dinner_party-768x408.png 768w\" sizes=\"auto, (max-width: 991px) 100vw, 991px\" \/><\/span><\/p>\n<p><strong><span style=\"color: #ff0000;\">P\u00e4ivitys: Tapahtuma on peruutettu\u00a0<\/span><\/p>\n<p>Tervetuloa tietosuojan syysriehan iltatilaisuuteen !<\/strong><\/p>\n<p><span style=\"font-weight: 400;\">Tietoturva ry:n tietosuojaverkosto j\u00e4rjest\u00e4\u00e4 perjantaina 9.9.2022 tietosuojan syysriehan iltaseminaarin Helsingiss\u00e4, Scandic Hotel Simonkent\u00e4n tiloissa.\u00a0<\/span><\/p>\n<p><span style=\"font-weight: 400;\">Tilaisuus toimii jatkona Digi- ja v\u00e4est\u00f6tietoviraston Julkisen hallinnon digitaalisen turvallisuuden johtoryhm\u00e4n (VAHTI) asettaman Tietosuojan kehitt\u00e4misen ty\u00f6ryhm\u00e4 (TIKE) tietosuojawebinaarille tarjoten mahdollisuuden lis\u00e4esitysten ohella verkostoitua hyv\u00e4ss\u00e4 seurassa.<\/span><\/p>\n<p>&nbsp;<\/p>\n<hr \/>\n<p><strong>TIEDOT TAPAHTUMASTA<\/strong><\/p>\n<p><span style=\"font-weight: 400;\">Aika ja paikka: <\/span> <span style=\"font-weight: 400;\">Perjantai 9.9.2022<br \/>\n<\/span><span style=\"font-weight: 400;\">Paikka: <\/span><span style=\"font-weight: 400;\">Scandic Simonkentt\u00e4, Helsinki<br \/>\n<\/span><span style=\"font-weight: 400;\">Pukukoodi:<\/span> <span style=\"font-weight: 400;\">Smart casual<br \/>\n<\/span><span style=\"font-weight: 400;\">Hinta:<\/span> <span style=\"font-weight: 400;\">Tietoturva ry:n j\u00e4sen &#8211; 80 \u20ac (alv 0%)<br \/>\n<\/span><span style=\"font-weight: 400;\">Ei j\u00e4senet &#8211; 120 \u20ac (alv 0%)<br \/>\n<\/span><span style=\"font-weight: 400;\">* Hinta sis\u00e4lt\u00e4\u00e4 alkumaljan, 3 ruokalajin illallisen, 2 lasia viini\u00e4, kahvi\/tee ja <\/span><span style=\"font-weight: 400;\">avec<\/span><\/p>\n<p>&nbsp;<\/p>\n<p><b>AGENDA<br \/>\n<\/b>17:30 Tervetuloa!<\/p>\n<p><span style=\"font-weight: 400;\">18:00<\/span> <span style=\"font-weight: 400;\">Jarno Limn\u00e9llin haastattelu<\/span><\/p>\n<p><span style=\"font-weight: 400;\">18:25<\/span> <span style=\"font-weight: 400;\">Tietosuoja Paneelikeskustelu\u00a0<\/span><\/p>\n<p><span style=\"font-weight: 400;\">19:00<\/span> <span style=\"font-weight: 400;\">Kolmen ruokalajin illallinen ja vapaamuotoista verkostoitumista<\/span><\/p>\n<p><span style=\"font-weight: 400;\">22:00<\/span> <span style=\"font-weight: 400;\">Tilaisuus p\u00e4\u00e4ttyy<\/span><\/p>\n<p><strong>ILMOITTAUTUMINEN<br \/>\n<\/strong><br \/>\n<span style=\"color: #ff0000;\">Tapahtumaan ilmoittautuminen on p\u00e4\u00e4ttynyt. Tapahtuma on peruttu.<\/span><\/p>\n<p><b>MUUTA<\/b><\/p>\n<p><span style=\"font-weight: 400;\">P\u00e4ivit\u00e4mme tapahtuman tietoja kes\u00e4n aikana. Mik\u00e4li et ole viel\u00e4 Tietoturva ry:n j\u00e4sen, voit liitty\u00e4 <\/span><a href=\"https:\/\/tivia.fi\/shop\/henkilojasen-4#attr=346\"><span style=\"font-weight: 400;\">t\u00e4\u00e4lt\u00e4<\/span><\/a><span style=\"font-weight: 400;\"> ja saat heti tapahtuman j\u00e4senhintaan.\u00a0<\/span><\/p>\n<hr \/>\n<p><b>TAPAHTUMASSA MUKANA<\/b><\/p>\n<p><img loading=\"lazy\" decoding=\"async\" class=\"size-medium wp-image-1460 alignleft\" src=\"https:\/\/tietoturva.fi\/wp-content\/uploads\/sites\/7\/2022\/06\/TG-logo-300x176.png\" alt=\"\" width=\"300\" height=\"176\" srcset=\"https:\/\/tivia-jasenyhdistykset.fi\/tietoturva\/wp-content\/uploads\/sites\/7\/2022\/06\/TG-logo-300x176.png 300w, https:\/\/tivia-jasenyhdistykset.fi\/tietoturva\/wp-content\/uploads\/sites\/7\/2022\/06\/TG-logo-1024x602.png 1024w, https:\/\/tivia-jasenyhdistykset.fi\/tietoturva\/wp-content\/uploads\/sites\/7\/2022\/06\/TG-logo-768x452.png 768w, https:\/\/tivia-jasenyhdistykset.fi\/tietoturva\/wp-content\/uploads\/sites\/7\/2022\/06\/TG-logo-1536x903.png 1536w, https:\/\/tivia-jasenyhdistykset.fi\/tietoturva\/wp-content\/uploads\/sites\/7\/2022\/06\/TG-logo-2048x1205.png 2048w\" sizes=\"auto, (max-width: 300px) 100vw, 300px\" \/> <img loading=\"lazy\" decoding=\"async\" class=\"size-medium wp-image-1459 alignleft\" src=\"https:\/\/tietoturva.fi\/wp-content\/uploads\/sites\/7\/2022\/06\/PrivaonDPO365_logo_CMYK-300x128.jpg\" alt=\"\" width=\"300\" height=\"128\" srcset=\"https:\/\/tivia-jasenyhdistykset.fi\/tietoturva\/wp-content\/uploads\/sites\/7\/2022\/06\/PrivaonDPO365_logo_CMYK-300x128.jpg 300w, https:\/\/tivia-jasenyhdistykset.fi\/tietoturva\/wp-content\/uploads\/sites\/7\/2022\/06\/PrivaonDPO365_logo_CMYK-1024x437.jpg 1024w, https:\/\/tivia-jasenyhdistykset.fi\/tietoturva\/wp-content\/uploads\/sites\/7\/2022\/06\/PrivaonDPO365_logo_CMYK-768x328.jpg 768w, https:\/\/tivia-jasenyhdistykset.fi\/tietoturva\/wp-content\/uploads\/sites\/7\/2022\/06\/PrivaonDPO365_logo_CMYK-1536x655.jpg 1536w, https:\/\/tivia-jasenyhdistykset.fi\/tietoturva\/wp-content\/uploads\/sites\/7\/2022\/06\/PrivaonDPO365_logo_CMYK-2048x873.jpg 2048w\" sizes=\"auto, (max-width: 300px) 100vw, 300px\" \/><\/p>\n<p>&nbsp;<\/p>\n<p>&nbsp;<\/p>\n<p>&nbsp;<\/p>\n<p>&nbsp;<\/p>\n<p>&nbsp;<\/p>\n<p>&nbsp;<\/p>\n<p><b>Jarno Limn\u00e9ll<img loading=\"lazy\" decoding=\"async\" class=\"alignright size-medium wp-image-1456\" src=\"https:\/\/tietoturva.fi\/wp-content\/uploads\/sites\/7\/2022\/06\/aop-jarno-limnell-2jarno-300x236.jpg\" alt=\"\" width=\"300\" height=\"236\" srcset=\"https:\/\/tivia-jasenyhdistykset.fi\/tietoturva\/wp-content\/uploads\/sites\/7\/2022\/06\/aop-jarno-limnell-2jarno-300x236.jpg 300w, https:\/\/tivia-jasenyhdistykset.fi\/tietoturva\/wp-content\/uploads\/sites\/7\/2022\/06\/aop-jarno-limnell-2jarno-1024x807.jpg 1024w, https:\/\/tivia-jasenyhdistykset.fi\/tietoturva\/wp-content\/uploads\/sites\/7\/2022\/06\/aop-jarno-limnell-2jarno-768x605.jpg 768w, https:\/\/tivia-jasenyhdistykset.fi\/tietoturva\/wp-content\/uploads\/sites\/7\/2022\/06\/aop-jarno-limnell-2jarno.jpg 1137w\" sizes=\"auto, (max-width: 300px) 100vw, 300px\" \/><\/b><span style=\"font-weight: 400;\"><br \/>\n<\/span><span style=\"font-weight: 400;\">Professor of Practice, Aalto University, Cybersecurity<\/span><span style=\"font-weight: 400;\"><br \/>\n<\/span><span style=\"font-weight: 400;\">Adjunct Professor, National Defence University, Cybersecurity leadership<\/span><span style=\"font-weight: 400;\"><br \/>\n<\/span><span style=\"font-weight: 400;\">Adjunct Professor, University of Jyv\u00e4skyl\u00e4, Security<\/span><span style=\"font-weight: 400;\"><br \/>\n<\/span><span style=\"font-weight: 400;\">Adjunct Professor, Tampere University, Cybersecurity<\/span><\/p>\n<p>&nbsp;<\/p>\n<p><b>Ida-Emilia Laasonen<img loading=\"lazy\" decoding=\"async\" class=\"alignright size-medium wp-image-1457\" src=\"https:\/\/tietoturva.fi\/wp-content\/uploads\/sites\/7\/2022\/06\/ida-emilia-300x300.jpg\" alt=\"\" width=\"300\" height=\"300\" srcset=\"https:\/\/tivia-jasenyhdistykset.fi\/tietoturva\/wp-content\/uploads\/sites\/7\/2022\/06\/ida-emilia-300x300.jpg 300w, https:\/\/tivia-jasenyhdistykset.fi\/tietoturva\/wp-content\/uploads\/sites\/7\/2022\/06\/ida-emilia-150x150.jpg 150w, https:\/\/tivia-jasenyhdistykset.fi\/tietoturva\/wp-content\/uploads\/sites\/7\/2022\/06\/ida-emilia.jpg 631w\" sizes=\"auto, (max-width: 300px) 100vw, 300px\" \/><\/b><b><br \/>\n<\/b><span style=\"font-weight: 400;\">Pirkanmaan hyvinvointialueen tietosuojan ja tietoturvan kehitt\u00e4misp\u00e4\u00e4llikk\u00f6, tietosuojavastaava<\/span><\/p>\n<p>&nbsp;<\/p>\n<p>&nbsp;<\/p>\n<p>&nbsp;<\/p>\n<p>&nbsp;<\/p>\n<p>&nbsp;<\/p>\n<p>&nbsp;<\/p>\n<p>&nbsp;<\/p>\n<p><b>Oona Matinpalo<img loading=\"lazy\" decoding=\"async\" class=\"alignright size-medium wp-image-1458\" src=\"https:\/\/tietoturva.fi\/wp-content\/uploads\/sites\/7\/2022\/06\/Oona3-200x300.jpg\" alt=\"\" width=\"200\" height=\"300\" srcset=\"https:\/\/tivia-jasenyhdistykset.fi\/tietoturva\/wp-content\/uploads\/sites\/7\/2022\/06\/Oona3-200x300.jpg 200w, https:\/\/tivia-jasenyhdistykset.fi\/tietoturva\/wp-content\/uploads\/sites\/7\/2022\/06\/Oona3.jpg 448w\" sizes=\"auto, (max-width: 200px) 100vw, 200px\" \/><\/b><span style=\"font-weight: 400;\"><br \/>\n<\/span><span style=\"font-weight: 400;\">Hallituksen j\u00e4sen ja tietosuojaverkoston puheenjohtaja, Tietoturva ry<\/span><\/p>\n<p>&nbsp;<\/p>\n<p>&nbsp;<\/p>\n<p>&nbsp;<\/p>\n<p>&nbsp;<\/p>\n<p>&nbsp;<\/p>\n<p>&nbsp;<\/p>\n<p>&nbsp;<\/p>\n","protected":false},"excerpt":{"rendered":"<p><img loading=\"lazy\" decoding=\"async\" class=\"size-full wp-image-1469 aligncenter\" src=\"https:\/\/tietoturva.fi\/wp-content\/uploads\/sites\/7\/2022\/06\/ttry_dinner_party.png\" alt=\"\" width=\"991\" height=\"527\" srcset=\"https:\/\/tivia-jasenyhdistykset.fi\/tietoturva\/wp-content\/uploads\/sites\/7\/2022\/06\/ttry_dinner_party.png 991w, https:\/\/tivia-jasenyhdistykset.fi\/tietoturva\/wp-content\/uploads\/sites\/7\/2022\/06\/ttry_dinner_party-300x160.png 300w, https:\/\/tivia-jasenyhdistykset.fi\/tietoturva\/wp-content\/uploads\/sites\/7\/2022\/06\/ttry_dinner_party-768x408.png 768w\" sizes=\"auto, (max-width: 991px) 100vw, 991px\" \/><\/p>\n<p>P\u00e4ivitys: Tapahtuma on peruutettu\u00a0<\/p>\n<p>Tervetuloa tietosuojan syysriehan iltatilaisuuteen !<\/p>\n<p>Tietoturva ry:n tietosuojaverkosto j\u00e4rjest\u00e4\u00e4 perjantaina 9.9.2022 tietosuojan syysriehan iltaseminaarin Helsingiss\u00e4, Scandic Hotel Simonkent\u00e4n tiloissa.\u00a0<\/p>\n<p>Tilaisuus toimii jatkona Digi- ja v\u00e4est\u00f6tietoviraston Julkisen hallinnon digitaalisen turvallisuuden johtoryhm\u00e4n (VAHTI) asettaman Tietosuojan kehitt\u00e4misen ty\u00f6ryhm\u00e4 (TIKE) tietosuojawebinaarille tarjoten mahdollisuuden lis\u00e4esitysten ohella verkostoitua hyv\u00e4ss\u00e4 seurassa.<\/p>\n","protected":false},"author":2408,"featured_media":0,"comment_status":"closed","ping_status":"closed","sticky":false,"template":"","format":"standard","meta":{"_acf_changed":false,"footnotes":""},"categories":[1],"tags":[],"class_list":["post-1451","post","type-post","status-publish","format-standard","hentry","category-yleinen"],"acf":[],"yoast_head":"<!-- This site is optimized with the Yoast SEO plugin v27.5 - https:\/\/yoast.com\/product\/yoast-seo-wordpress\/ -->\n<title>Tietosuojan syysriehan iltatilaisuus 9.9.2022 - Tietoturva ry<\/title>\n<meta name=\"robots\" content=\"index, follow, max-snippet:-1, max-image-preview:large, max-video-preview:-1\" \/>\n<link rel=\"canonical\" href=\"https:\/\/tivia-jasenyhdistykset.fi\/tietoturva\/2022\/06\/09\/tietosuojan-syysriehan-iltatilaisuus\/\" \/>\n<meta property=\"og:locale\" content=\"fi_FI\" \/>\n<meta property=\"og:type\" content=\"article\" \/>\n<meta property=\"og:title\" content=\"Tietosuojan syysriehan iltatilaisuus 9.9.2022 - Tietoturva ry\" \/>\n<meta property=\"og:description\" content=\"P\u00e4ivitys: Tapahtuma on peruutettu\u00a0 Tervetuloa tietosuojan syysriehan iltatilaisuuteen ! Tietoturva ry:n tietosuojaverkosto j\u00e4rjest\u00e4\u00e4 perjantaina 9.9.2022 tietosuojan syysriehan iltaseminaarin Helsingiss\u00e4, Scandic Hotel Simonkent\u00e4n tiloissa.\u00a0 Tilaisuus toimii jatkona Digi- ja v\u00e4est\u00f6tietoviraston Julkisen hallinnon digitaalisen turvallisuuden johtoryhm\u00e4n (VAHTI) asettaman Tietosuojan kehitt\u00e4misen ty\u00f6ryhm\u00e4 (TIKE) tietosuojawebinaarille tarjoten mahdollisuuden lis\u00e4esitysten ohella verkostoitua hyv\u00e4ss\u00e4 seurassa.\" \/>\n<meta property=\"og:url\" content=\"https:\/\/tivia-jasenyhdistykset.fi\/tietoturva\/2022\/06\/09\/tietosuojan-syysriehan-iltatilaisuus\/\" \/>\n<meta property=\"og:site_name\" content=\"Tietoturva ry\" \/>\n<meta property=\"article:publisher\" content=\"https:\/\/www.facebook.com\/TietoturvaRy\/\" \/>\n<meta property=\"article:published_time\" content=\"2022-06-09T08:42:15+00:00\" \/>\n<meta property=\"article:modified_time\" content=\"2024-05-31T10:48:15+00:00\" \/>\n<meta property=\"og:image\" content=\"https:\/\/tietoturva.fi\/wp-content\/uploads\/sites\/7\/2022\/06\/ttry_dinner_party.png\" \/>\n<meta name=\"author\" content=\"Tommi V\" \/>\n<meta name=\"twitter:card\" content=\"summary_large_image\" \/>\n<meta name=\"twitter:creator\" content=\"@tietoturva_ry\" \/>\n<meta name=\"twitter:site\" content=\"@tietoturva_ry\" \/>\n<meta name=\"twitter:label1\" content=\"Kirjoittanut\" \/>\n\t<meta name=\"twitter:data1\" content=\"Tommi V\" \/>\n\t<meta name=\"twitter:label2\" content=\"Arvioitu lukuaika\" \/>\n\t<meta name=\"twitter:data2\" content=\"3 minuuttia\" \/>\n<script type=\"application\/ld+json\" class=\"yoast-schema-graph\">{\"@context\":\"https:\\\/\\\/schema.org\",\"@graph\":[{\"@type\":\"Article\",\"@id\":\"https:\\\/\\\/tivia-jasenyhdistykset.fi\\\/tietoturva\\\/2022\\\/06\\\/09\\\/tietosuojan-syysriehan-iltatilaisuus\\\/#article\",\"isPartOf\":{\"@id\":\"https:\\\/\\\/tivia-jasenyhdistykset.fi\\\/tietoturva\\\/2022\\\/06\\\/09\\\/tietosuojan-syysriehan-iltatilaisuus\\\/\"},\"author\":{\"name\":\"Tommi V\",\"@id\":\"https:\\\/\\\/tivia-jasenyhdistykset.fi\\\/tietoturva\\\/#\\\/schema\\\/person\\\/509d9bb392337a2d220ec611546998ec\"},\"headline\":\"Tietosuojan syysriehan iltatilaisuus 9.9.2022\",\"datePublished\":\"2022-06-09T08:42:15+00:00\",\"dateModified\":\"2024-05-31T10:48:15+00:00\",\"mainEntityOfPage\":{\"@id\":\"https:\\\/\\\/tivia-jasenyhdistykset.fi\\\/tietoturva\\\/2022\\\/06\\\/09\\\/tietosuojan-syysriehan-iltatilaisuus\\\/\"},\"wordCount\":227,\"publisher\":{\"@id\":\"https:\\\/\\\/tivia-jasenyhdistykset.fi\\\/tietoturva\\\/#organization\"},\"image\":{\"@id\":\"https:\\\/\\\/tivia-jasenyhdistykset.fi\\\/tietoturva\\\/2022\\\/06\\\/09\\\/tietosuojan-syysriehan-iltatilaisuus\\\/#primaryimage\"},\"thumbnailUrl\":\"https:\\\/\\\/tietoturva.fi\\\/wp-content\\\/uploads\\\/sites\\\/7\\\/2022\\\/06\\\/ttry_dinner_party.png\",\"inLanguage\":\"fi\"},{\"@type\":\"WebPage\",\"@id\":\"https:\\\/\\\/tivia-jasenyhdistykset.fi\\\/tietoturva\\\/2022\\\/06\\\/09\\\/tietosuojan-syysriehan-iltatilaisuus\\\/\",\"url\":\"https:\\\/\\\/tivia-jasenyhdistykset.fi\\\/tietoturva\\\/2022\\\/06\\\/09\\\/tietosuojan-syysriehan-iltatilaisuus\\\/\",\"name\":\"Tietosuojan syysriehan iltatilaisuus 9.9.2022 - Tietoturva ry\",\"isPartOf\":{\"@id\":\"https:\\\/\\\/tivia-jasenyhdistykset.fi\\\/tietoturva\\\/#website\"},\"primaryImageOfPage\":{\"@id\":\"https:\\\/\\\/tivia-jasenyhdistykset.fi\\\/tietoturva\\\/2022\\\/06\\\/09\\\/tietosuojan-syysriehan-iltatilaisuus\\\/#primaryimage\"},\"image\":{\"@id\":\"https:\\\/\\\/tivia-jasenyhdistykset.fi\\\/tietoturva\\\/2022\\\/06\\\/09\\\/tietosuojan-syysriehan-iltatilaisuus\\\/#primaryimage\"},\"thumbnailUrl\":\"https:\\\/\\\/tietoturva.fi\\\/wp-content\\\/uploads\\\/sites\\\/7\\\/2022\\\/06\\\/ttry_dinner_party.png\",\"datePublished\":\"2022-06-09T08:42:15+00:00\",\"dateModified\":\"2024-05-31T10:48:15+00:00\",\"breadcrumb\":{\"@id\":\"https:\\\/\\\/tivia-jasenyhdistykset.fi\\\/tietoturva\\\/2022\\\/06\\\/09\\\/tietosuojan-syysriehan-iltatilaisuus\\\/#breadcrumb\"},\"inLanguage\":\"fi\",\"potentialAction\":[{\"@type\":\"ReadAction\",\"target\":[\"https:\\\/\\\/tivia-jasenyhdistykset.fi\\\/tietoturva\\\/2022\\\/06\\\/09\\\/tietosuojan-syysriehan-iltatilaisuus\\\/\"]}]},{\"@type\":\"ImageObject\",\"inLanguage\":\"fi\",\"@id\":\"https:\\\/\\\/tivia-jasenyhdistykset.fi\\\/tietoturva\\\/2022\\\/06\\\/09\\\/tietosuojan-syysriehan-iltatilaisuus\\\/#primaryimage\",\"url\":\"https:\\\/\\\/tietoturva.fi\\\/wp-content\\\/uploads\\\/sites\\\/7\\\/2022\\\/06\\\/ttry_dinner_party.png\",\"contentUrl\":\"https:\\\/\\\/tietoturva.fi\\\/wp-content\\\/uploads\\\/sites\\\/7\\\/2022\\\/06\\\/ttry_dinner_party.png\"},{\"@type\":\"BreadcrumbList\",\"@id\":\"https:\\\/\\\/tivia-jasenyhdistykset.fi\\\/tietoturva\\\/2022\\\/06\\\/09\\\/tietosuojan-syysriehan-iltatilaisuus\\\/#breadcrumb\",\"itemListElement\":[{\"@type\":\"ListItem\",\"position\":1,\"name\":\"Etusivu\",\"item\":\"https:\\\/\\\/tivia-jasenyhdistykset.fi\\\/tietoturva\\\/\"},{\"@type\":\"ListItem\",\"position\":2,\"name\":\"Tietosuojan syysriehan iltatilaisuus 9.9.2022\"}]},{\"@type\":\"WebSite\",\"@id\":\"https:\\\/\\\/tivia-jasenyhdistykset.fi\\\/tietoturva\\\/#website\",\"url\":\"https:\\\/\\\/tivia-jasenyhdistykset.fi\\\/tietoturva\\\/\",\"name\":\"Tietoturva ry\",\"description\":\"Suomen suurin tietoturva-ammattilaisten verkosto\",\"publisher\":{\"@id\":\"https:\\\/\\\/tivia-jasenyhdistykset.fi\\\/tietoturva\\\/#organization\"},\"potentialAction\":[{\"@type\":\"SearchAction\",\"target\":{\"@type\":\"EntryPoint\",\"urlTemplate\":\"https:\\\/\\\/tivia-jasenyhdistykset.fi\\\/tietoturva\\\/?s={search_term_string}\"},\"query-input\":{\"@type\":\"PropertyValueSpecification\",\"valueRequired\":true,\"valueName\":\"search_term_string\"}}],\"inLanguage\":\"fi\"},{\"@type\":\"Organization\",\"@id\":\"https:\\\/\\\/tivia-jasenyhdistykset.fi\\\/tietoturva\\\/#organization\",\"name\":\"Tietoturva ry\",\"url\":\"https:\\\/\\\/tivia-jasenyhdistykset.fi\\\/tietoturva\\\/\",\"logo\":{\"@type\":\"ImageObject\",\"inLanguage\":\"fi\",\"@id\":\"https:\\\/\\\/tivia-jasenyhdistykset.fi\\\/tietoturva\\\/#\\\/schema\\\/logo\\\/image\\\/\",\"url\":\"https:\\\/\\\/tietoturva.fi\\\/wp-content\\\/uploads\\\/sites\\\/7\\\/2021\\\/05\\\/Tietoturva-logo-2018-100.png\",\"contentUrl\":\"https:\\\/\\\/tietoturva.fi\\\/wp-content\\\/uploads\\\/sites\\\/7\\\/2021\\\/05\\\/Tietoturva-logo-2018-100.png\",\"width\":73,\"height\":100,\"caption\":\"Tietoturva ry\"},\"image\":{\"@id\":\"https:\\\/\\\/tivia-jasenyhdistykset.fi\\\/tietoturva\\\/#\\\/schema\\\/logo\\\/image\\\/\"},\"sameAs\":[\"https:\\\/\\\/www.facebook.com\\\/TietoturvaRy\\\/\",\"https:\\\/\\\/x.com\\\/tietoturva_ry\",\"https:\\\/\\\/www.linkedin.com\\\/company\\\/tietoturva\\\/\",\"https:\\\/\\\/www.youtube.com\\\/channel\\\/UCmXkytjYpJ4_N2msCNy69sw\\\/\"]},{\"@type\":\"Person\",\"@id\":\"https:\\\/\\\/tivia-jasenyhdistykset.fi\\\/tietoturva\\\/#\\\/schema\\\/person\\\/509d9bb392337a2d220ec611546998ec\",\"name\":\"Tommi V\",\"image\":{\"@type\":\"ImageObject\",\"inLanguage\":\"fi\",\"@id\":\"https:\\\/\\\/secure.gravatar.com\\\/avatar\\\/407fe7c123719aedfe1043bea0075baf31b4805e5599ab36f3b560d37cfba06d?s=96&d=mm&r=g\",\"url\":\"https:\\\/\\\/secure.gravatar.com\\\/avatar\\\/407fe7c123719aedfe1043bea0075baf31b4805e5599ab36f3b560d37cfba06d?s=96&d=mm&r=g\",\"contentUrl\":\"https:\\\/\\\/secure.gravatar.com\\\/avatar\\\/407fe7c123719aedfe1043bea0075baf31b4805e5599ab36f3b560d37cfba06d?s=96&d=mm&r=g\",\"caption\":\"Tommi V\"},\"url\":\"https:\\\/\\\/tivia-jasenyhdistykset.fi\\\/tietoturva\\\/author\\\/vanninentommi10605\\\/\"}]}<\/script>\n<!-- \/ Yoast SEO plugin. -->","yoast_head_json":{"title":"Tietosuojan syysriehan iltatilaisuus 9.9.2022 - Tietoturva ry","robots":{"index":"index","follow":"follow","max-snippet":"max-snippet:-1","max-image-preview":"max-image-preview:large","max-video-preview":"max-video-preview:-1"},"canonical":"https:\/\/tivia-jasenyhdistykset.fi\/tietoturva\/2022\/06\/09\/tietosuojan-syysriehan-iltatilaisuus\/","og_locale":"fi_FI","og_type":"article","og_title":"Tietosuojan syysriehan iltatilaisuus 9.9.2022 - Tietoturva ry","og_description":"P\u00e4ivitys: Tapahtuma on peruutettu\u00a0 Tervetuloa tietosuojan syysriehan iltatilaisuuteen ! Tietoturva ry:n tietosuojaverkosto j\u00e4rjest\u00e4\u00e4 perjantaina 9.9.2022 tietosuojan syysriehan iltaseminaarin Helsingiss\u00e4, Scandic Hotel Simonkent\u00e4n tiloissa.\u00a0 Tilaisuus toimii jatkona Digi- ja v\u00e4est\u00f6tietoviraston Julkisen hallinnon digitaalisen turvallisuuden johtoryhm\u00e4n (VAHTI) asettaman Tietosuojan kehitt\u00e4misen ty\u00f6ryhm\u00e4 (TIKE) tietosuojawebinaarille tarjoten mahdollisuuden lis\u00e4esitysten ohella verkostoitua hyv\u00e4ss\u00e4 seurassa.","og_url":"https:\/\/tivia-jasenyhdistykset.fi\/tietoturva\/2022\/06\/09\/tietosuojan-syysriehan-iltatilaisuus\/","og_site_name":"Tietoturva ry","article_publisher":"https:\/\/www.facebook.com\/TietoturvaRy\/","article_published_time":"2022-06-09T08:42:15+00:00","article_modified_time":"2024-05-31T10:48:15+00:00","og_image":[{"url":"https:\/\/tietoturva.fi\/wp-content\/uploads\/sites\/7\/2022\/06\/ttry_dinner_party.png","type":"","width":"","height":""}],"author":"Tommi V","twitter_card":"summary_large_image","twitter_creator":"@tietoturva_ry","twitter_site":"@tietoturva_ry","twitter_misc":{"Kirjoittanut":"Tommi V","Arvioitu lukuaika":"3 minuuttia"},"schema":{"@context":"https:\/\/schema.org","@graph":[{"@type":"Article","@id":"https:\/\/tivia-jasenyhdistykset.fi\/tietoturva\/2022\/06\/09\/tietosuojan-syysriehan-iltatilaisuus\/#article","isPartOf":{"@id":"https:\/\/tivia-jasenyhdistykset.fi\/tietoturva\/2022\/06\/09\/tietosuojan-syysriehan-iltatilaisuus\/"},"author":{"name":"Tommi V","@id":"https:\/\/tivia-jasenyhdistykset.fi\/tietoturva\/#\/schema\/person\/509d9bb392337a2d220ec611546998ec"},"headline":"Tietosuojan syysriehan iltatilaisuus 9.9.2022","datePublished":"2022-06-09T08:42:15+00:00","dateModified":"2024-05-31T10:48:15+00:00","mainEntityOfPage":{"@id":"https:\/\/tivia-jasenyhdistykset.fi\/tietoturva\/2022\/06\/09\/tietosuojan-syysriehan-iltatilaisuus\/"},"wordCount":227,"publisher":{"@id":"https:\/\/tivia-jasenyhdistykset.fi\/tietoturva\/#organization"},"image":{"@id":"https:\/\/tivia-jasenyhdistykset.fi\/tietoturva\/2022\/06\/09\/tietosuojan-syysriehan-iltatilaisuus\/#primaryimage"},"thumbnailUrl":"https:\/\/tietoturva.fi\/wp-content\/uploads\/sites\/7\/2022\/06\/ttry_dinner_party.png","inLanguage":"fi"},{"@type":"WebPage","@id":"https:\/\/tivia-jasenyhdistykset.fi\/tietoturva\/2022\/06\/09\/tietosuojan-syysriehan-iltatilaisuus\/","url":"https:\/\/tivia-jasenyhdistykset.fi\/tietoturva\/2022\/06\/09\/tietosuojan-syysriehan-iltatilaisuus\/","name":"Tietosuojan syysriehan iltatilaisuus 9.9.2022 - Tietoturva ry","isPartOf":{"@id":"https:\/\/tivia-jasenyhdistykset.fi\/tietoturva\/#website"},"primaryImageOfPage":{"@id":"https:\/\/tivia-jasenyhdistykset.fi\/tietoturva\/2022\/06\/09\/tietosuojan-syysriehan-iltatilaisuus\/#primaryimage"},"image":{"@id":"https:\/\/tivia-jasenyhdistykset.fi\/tietoturva\/2022\/06\/09\/tietosuojan-syysriehan-iltatilaisuus\/#primaryimage"},"thumbnailUrl":"https:\/\/tietoturva.fi\/wp-content\/uploads\/sites\/7\/2022\/06\/ttry_dinner_party.png","datePublished":"2022-06-09T08:42:15+00:00","dateModified":"2024-05-31T10:48:15+00:00","breadcrumb":{"@id":"https:\/\/tivia-jasenyhdistykset.fi\/tietoturva\/2022\/06\/09\/tietosuojan-syysriehan-iltatilaisuus\/#breadcrumb"},"inLanguage":"fi","potentialAction":[{"@type":"ReadAction","target":["https:\/\/tivia-jasenyhdistykset.fi\/tietoturva\/2022\/06\/09\/tietosuojan-syysriehan-iltatilaisuus\/"]}]},{"@type":"ImageObject","inLanguage":"fi","@id":"https:\/\/tivia-jasenyhdistykset.fi\/tietoturva\/2022\/06\/09\/tietosuojan-syysriehan-iltatilaisuus\/#primaryimage","url":"https:\/\/tietoturva.fi\/wp-content\/uploads\/sites\/7\/2022\/06\/ttry_dinner_party.png","contentUrl":"https:\/\/tietoturva.fi\/wp-content\/uploads\/sites\/7\/2022\/06\/ttry_dinner_party.png"},{"@type":"BreadcrumbList","@id":"https:\/\/tivia-jasenyhdistykset.fi\/tietoturva\/2022\/06\/09\/tietosuojan-syysriehan-iltatilaisuus\/#breadcrumb","itemListElement":[{"@type":"ListItem","position":1,"name":"Etusivu","item":"https:\/\/tivia-jasenyhdistykset.fi\/tietoturva\/"},{"@type":"ListItem","position":2,"name":"Tietosuojan syysriehan iltatilaisuus 9.9.2022"}]},{"@type":"WebSite","@id":"https:\/\/tivia-jasenyhdistykset.fi\/tietoturva\/#website","url":"https:\/\/tivia-jasenyhdistykset.fi\/tietoturva\/","name":"Tietoturva ry","description":"Suomen suurin tietoturva-ammattilaisten verkosto","publisher":{"@id":"https:\/\/tivia-jasenyhdistykset.fi\/tietoturva\/#organization"},"potentialAction":[{"@type":"SearchAction","target":{"@type":"EntryPoint","urlTemplate":"https:\/\/tivia-jasenyhdistykset.fi\/tietoturva\/?s={search_term_string}"},"query-input":{"@type":"PropertyValueSpecification","valueRequired":true,"valueName":"search_term_string"}}],"inLanguage":"fi"},{"@type":"Organization","@id":"https:\/\/tivia-jasenyhdistykset.fi\/tietoturva\/#organization","name":"Tietoturva ry","url":"https:\/\/tivia-jasenyhdistykset.fi\/tietoturva\/","logo":{"@type":"ImageObject","inLanguage":"fi","@id":"https:\/\/tivia-jasenyhdistykset.fi\/tietoturva\/#\/schema\/logo\/image\/","url":"https:\/\/tietoturva.fi\/wp-content\/uploads\/sites\/7\/2021\/05\/Tietoturva-logo-2018-100.png","contentUrl":"https:\/\/tietoturva.fi\/wp-content\/uploads\/sites\/7\/2021\/05\/Tietoturva-logo-2018-100.png","width":73,"height":100,"caption":"Tietoturva ry"},"image":{"@id":"https:\/\/tivia-jasenyhdistykset.fi\/tietoturva\/#\/schema\/logo\/image\/"},"sameAs":["https:\/\/www.facebook.com\/TietoturvaRy\/","https:\/\/x.com\/tietoturva_ry","https:\/\/www.linkedin.com\/company\/tietoturva\/","https:\/\/www.youtube.com\/channel\/UCmXkytjYpJ4_N2msCNy69sw\/"]},{"@type":"Person","@id":"https:\/\/tivia-jasenyhdistykset.fi\/tietoturva\/#\/schema\/person\/509d9bb392337a2d220ec611546998ec","name":"Tommi V","image":{"@type":"ImageObject","inLanguage":"fi","@id":"https:\/\/secure.gravatar.com\/avatar\/407fe7c123719aedfe1043bea0075baf31b4805e5599ab36f3b560d37cfba06d?s=96&d=mm&r=g","url":"https:\/\/secure.gravatar.com\/avatar\/407fe7c123719aedfe1043bea0075baf31b4805e5599ab36f3b560d37cfba06d?s=96&d=mm&r=g","contentUrl":"https:\/\/secure.gravatar.com\/avatar\/407fe7c123719aedfe1043bea0075baf31b4805e5599ab36f3b560d37cfba06d?s=96&d=mm&r=g","caption":"Tommi V"},"url":"https:\/\/tivia-jasenyhdistykset.fi\/tietoturva\/author\/vanninentommi10605\/"}]}},"_links":{"self":[{"href":"https:\/\/tivia-jasenyhdistykset.fi\/tietoturva\/wp-json\/wp\/v2\/posts\/1451","targetHints":{"allow":["GET"]}}],"collection":[{"href":"https:\/\/tivia-jasenyhdistykset.fi\/tietoturva\/wp-json\/wp\/v2\/posts"}],"about":[{"href":"https:\/\/tivia-jasenyhdistykset.fi\/tietoturva\/wp-json\/wp\/v2\/types\/post"}],"author":[{"embeddable":true,"href":"https:\/\/tivia-jasenyhdistykset.fi\/tietoturva\/wp-json\/wp\/v2\/users\/2408"}],"replies":[{"embeddable":true,"href":"https:\/\/tivia-jasenyhdistykset.fi\/tietoturva\/wp-json\/wp\/v2\/comments?post=1451"}],"version-history":[{"count":12,"href":"https:\/\/tivia-jasenyhdistykset.fi\/tietoturva\/wp-json\/wp\/v2\/posts\/1451\/revisions"}],"predecessor-version":[{"id":1497,"href":"https:\/\/tivia-jasenyhdistykset.fi\/tietoturva\/wp-json\/wp\/v2\/posts\/1451\/revisions\/1497"}],"wp:attachment":[{"href":"https:\/\/tivia-jasenyhdistykset.fi\/tietoturva\/wp-json\/wp\/v2\/media?parent=1451"}],"wp:term":[{"taxonomy":"category","embeddable":true,"href":"https:\/\/tivia-jasenyhdistykset.fi\/tietoturva\/wp-json\/wp\/v2\/categories?post=1451"},{"taxonomy":"post_tag","embeddable":true,"href":"https:\/\/tivia-jasenyhdistykset.fi\/tietoturva\/wp-json\/wp\/v2\/tags?post=1451"}],"curies":[{"name":"wp","href":"https:\/\/api.w.org\/{rel}","templated":true}]}}