{"id":1474,"date":"2022-06-20T11:15:07","date_gmt":"2022-06-20T08:15:07","guid":{"rendered":"https:\/\/tietoturva.fi\/?p=1474"},"modified":"2025-09-26T10:10:38","modified_gmt":"2025-09-26T07:10:38","slug":"tietoturvakatsaus_2022","status":"publish","type":"post","link":"https:\/\/tivia-jasenyhdistykset.fi\/tietoturva\/2022\/06\/20\/tietoturvakatsaus_2022\/","title":{"rendered":"Tietoturvakatsaus #1, elokuu 2022"},"content":{"rendered":"<p><img loading=\"lazy\" decoding=\"async\" class=\"wp-image-1272 aligncenter\" src=\"https:\/\/tietoturva.fi\/wp-content\/uploads\/sites\/7\/2022\/03\/ttry-webinar.png\" alt=\"\" width=\"490\" height=\"424\" srcset=\"https:\/\/tivia-jasenyhdistykset.fi\/tietoturva\/wp-content\/uploads\/sites\/7\/2022\/03\/ttry-webinar.png 723w, https:\/\/tivia-jasenyhdistykset.fi\/tietoturva\/wp-content\/uploads\/sites\/7\/2022\/03\/ttry-webinar-300x259.png 300w\" sizes=\"auto, (max-width: 490px) 100vw, 490px\" \/><\/p>\n<p>&nbsp;<\/p>\n<p><strong>Tervetuloa Tietoturva ry:n Tietoturvakatsaus 2022- webinaariin 30.8.2022!<\/strong><\/p>\n<p>Tietoturvakatsaus 2022 -tilaisuus koostuu Suomen johtavien asiantuntijoiden nostamista havainnoista ja keskusteluista koskien toimintaymp\u00e4rist\u00f6mme nykytilaa ja osin tulevaisuutta.<\/p>\n<p>T\u00e4st\u00e4 vastaa muun muassa Tietoturva ry:n kymmenen Vuoden Tietoturvap\u00e4\u00e4llikk\u00f6 -tunnustuksen saanutta asiantuntijaa. Samoin julistamme tilaisuudessa Vuoden 2022 Tietoturvap\u00e4\u00e4llikk\u00f6 -tunnustuksen saajan.<\/p>\n<p>Webinaarissa kuulemme tarkkaan valittuja ajankohtaisesityksi\u00e4 tietoturvallisuuden eri n\u00e4k\u00f6kulmista. Tilaisuudessa on paneelikeskustelu, jonka sis\u00e4lt\u00f6\u00f6n p\u00e4\u00e4set my\u00f6s vaikuttamaan!<\/p>\n<hr \/>\n<h2><strong>TAPAHTUMAN TIEDOT<\/strong><\/h2>\n<p>Aika: Tiistai 30.8.2022, kello 9.00 &#8211; 17.15<br \/>\nPaikka: Verkossa, linkki alla.<\/p>\n<h3>KATSELULINKKI:<\/h3>\n<p><a class=\"c-link\" tabindex=\"-1\" href=\"https:\/\/vimeo.com\/event\/2356594\/4190f57348\" target=\"_blank\" rel=\"noopener noreferrer\" data-stringify-link=\"https:\/\/vimeo.com\/event\/2356594\/4190f57348\" data-sk=\"tooltip_parent\" data-remove-tab-index=\"true\">https:\/\/vimeo.com\/event\/2356594\/4190f57348<\/a>\u00a0&#8211;\u00a0 jaathan t\u00e4t\u00e4 sivua verkostossasi<\/p>\n<h3>HINNAT:<\/h3>\n<p>Tilaisuus on maksuton<\/p>\n<h3><strong>ILMOITTAUTUMINEN:<\/strong><\/h3>\n<p>Tilaisuus ei vaadi ennakkoilmoittutumista.<\/p>\n<p>Lis\u00e4tietoa ja muut tiedustelut: <a href=\"mailto:info@tietoturva.fi\">info@tietoturva.fi<\/a><\/p>\n<hr \/>\n<h2>OHJELMA:<\/h2>\n<p><em>Ohjelma tarkentuu viel\u00e4 l\u00e4hemp\u00e4n\u00e4 tapahtumaa.<\/em><\/p>\n<p><b data-stringify-type=\"bold\">9.00 Tervetuloa tapahtumaan!<\/b><br \/>\nTomi Marttinen, Tietoturva ry hallituksen puheenjohtaja<\/p>\n<ul>\n<li>Vuoden Tietoturvap\u00e4\u00e4llikk\u00f6 2022 tunnustuksen julkistaminen<\/li>\n<\/ul>\n<p><b data-stringify-type=\"bold\">9.20 Tietoturva nyt ja tulevaisuudessa<\/b><\/p>\n<p>Kymmenen Tietoturva ry:n Vuoden CISO-tunnustuksen saaneen asiantuntijan havainnot nykytilasta ja vinkit tulevaisuuteen<\/p>\n<ul>\n<li>\u00a0 \u00a0Vuoden 2022 vasta nimetty CISO<\/li>\n<li><strong>Samuli Bergstr\u00f6m<\/strong>, Verohallinto<\/li>\n<li><strong>Teemu M\u00e4kel\u00e4<\/strong>, Elisa<\/li>\n<li><strong>Matti Parviainen<\/strong>, Ulkoministeri\u00f6<\/li>\n<li><strong>Tomi Pitk\u00e4nen,<\/strong> Neste<\/li>\n<li><strong>Jari Pirhonen<\/strong>, Tietoevry<\/li>\n<li><strong>Helvi Salminen<\/strong>, Kiisec oy<\/li>\n<li><strong>Jani Arnell<\/strong>, PwC<\/li>\n<li><strong>Jyri-Petteri Aro<\/strong>, Maanpuolustuskorkeakoulu<\/li>\n<\/ul>\n<p><b data-stringify-type=\"bold\">10.00 Tauko<\/b><br \/>\n<b data-stringify-type=\"bold\"><\/b><br \/>\n<b data-stringify-type=\"bold\">10.10 CISO-puheenvuorot jatkuvat<\/b><\/p>\n<ul>\n<li>Yhteenveto puheenvuoroista &amp; tauko<\/li>\n<\/ul>\n<p><b data-stringify-type=\"bold\">11.15 Tauko<\/b><\/p>\n<p><b>11.20 Avoin keskustelu sek\u00e4 yleis\u00f6kysymykset<\/b><\/p>\n<p><b data-stringify-type=\"bold\"><\/b><b data-stringify-type=\"bold\">12.00 Lounastauko<\/b><\/p>\n<p><b data-stringify-type=\"bold\">13.00 Ajankohtaista informaatiovaikuttamisessa<\/b><\/p>\n<ul>\n<li><b data-stringify-type=\"bold\">Saara Jantunen<\/b>, erityisasiantuntija, Valtioneuvoston kanslia, viestint\u00e4osasto<\/li>\n<\/ul>\n<p><b data-stringify-type=\"bold\">13.25 Oppeja tietomurroista toipumisesta ja ymp\u00e4rist\u00f6n haltuunotosta<\/b><\/p>\n<ul>\n<li><b data-stringify-type=\"bold\">Pietari Sarjakivi<\/b>, Senior Vice President, Labs, Nixu<\/li>\n<\/ul>\n<p><b data-stringify-type=\"bold\">13.45 Tutkimus kyberrikoksista \u2013 miss\u00e4 kyberrikolliset ovat?<\/b><\/p>\n<ul>\n<li><b data-stringify-type=\"bold\">Jyri Paasonen<\/b>, OTT, dosentti, tutkija, Vaasan yliopisto<\/li>\n<\/ul>\n<p><b data-stringify-type=\"bold\">14.10 Kyberriskien hallinta ja alati kasvava digitaalinen hy\u00f6kk\u00e4yspinta-ala<\/b><\/p>\n<ul>\n<li><b data-stringify-type=\"bold\">Kimmo Vesajoki<\/b>, maajohtaja, Trend Micro<\/li>\n<\/ul>\n<p><b data-stringify-type=\"bold\">14.30 Kahvitauko<\/b><\/p>\n<p><b data-stringify-type=\"bold\">14.50 Ukrainaan hy\u00f6kk\u00e4\u00e4 Ven\u00e4j\u00e4, Turkki ja Kiina. Vastatoimissa on mukana koko maailma.<\/b><\/p>\n<ul>\n<li><b data-stringify-type=\"bold\">Benjamin S\u00e4rkk\u00e4<\/b>, johtaja, Loihde Trust, hakkeri, Disobey<\/li>\n<\/ul>\n<p><b data-stringify-type=\"bold\">15.15 Tietoturvasta kyberturvaan<\/b><\/p>\n<ul>\n<li><b data-stringify-type=\"bold\">Jouni Hiltunen<\/b>, tietoturva-arkkitehti, Fujitsu<\/li>\n<li><\/li>\n<\/ul>\n<p><b data-stringify-type=\"bold\">15.35 15.35 <\/b>Hundreds of Incidents, What can we share?<\/p>\n<ul>\n<li><b data-stringify-type=\"bold\">Guy Barnhart-Magen | CTO &amp; Co-Founder, Profero, Israel<\/b><\/li>\n<\/ul>\n<p>&nbsp;<\/p>\n<p><b data-stringify-type=\"bold\">16.00 Toimitusketjujen merkitys hy\u00f6kk\u00e4\u00e4j\u00e4n n\u00e4k\u00f6kulmasta<br \/>\n<\/b><\/p>\n<ul>\n<li><b data-stringify-type=\"bold\">\u00a0Juho Ranta, <\/b>CTO, Second Nature Security Oy<\/li>\n<\/ul>\n<p><b data-stringify-type=\"bold\">16.20 Tauko<\/b><\/p>\n<p><b data-stringify-type=\"bold\">16.30 Tietoturvakatsaus 2022 paneeli<\/b><\/p>\n<ul>\n<li>Aapo Cederberg, CEO, Cyberwatch Finland<\/li>\n<li>Marja Dunderfelt, CSO, Huawei<\/li>\n<li>Arttu Lepp\u00e4l\u00e4, Johtaja, Kyberturvallisuuspalvelut, CGI<\/li>\n<li>Benjamin S\u00e4rkk\u00e4, Director of Cyber Security, Loihde Trust<\/li>\n<li>Juho Ranta, CTO, Second Nature Security Oy<\/li>\n<\/ul>\n<p><b data-stringify-type=\"bold\">17.15 Tilaisuus p\u00e4\u00e4ttyy<\/b><\/p>\n<p><b data-stringify-type=\"bold\"><\/b><br \/>\nTietoturva ry hallituksen j\u00e4sen Kimmo Rousku moderoi tilaisuuden.<\/p>\n<p>&#8212;&#8211;<\/p>\n<p><em>Yhdistys varaa oikeuden muutoksille<\/em><\/p>\n","protected":false},"excerpt":{"rendered":"<p><img loading=\"lazy\" decoding=\"async\" class=\"wp-image-1272 aligncenter\" src=\"https:\/\/tietoturva.fi\/wp-content\/uploads\/sites\/7\/2022\/03\/ttry-webinar.png\" alt=\"\" width=\"490\" height=\"424\" srcset=\"https:\/\/tivia-jasenyhdistykset.fi\/tietoturva\/wp-content\/uploads\/sites\/7\/2022\/03\/ttry-webinar.png 723w, https:\/\/tivia-jasenyhdistykset.fi\/tietoturva\/wp-content\/uploads\/sites\/7\/2022\/03\/ttry-webinar-300x259.png 300w\" sizes=\"auto, (max-width: 490px) 100vw, 490px\" \/><\/p>\n<p>&nbsp;<\/p>\n<p>Tervetuloa Tietoturva ry:n Tietoturvakatsaus 2022- webinaariin 30.8.2022!<\/p>\n<p>Tietoturvakatsaus 2022 -tilaisuus koostuu Suomen johtavien asiantuntijoiden nostamista havainnoista ja keskusteluista koskien toimintaymp\u00e4rist\u00f6mme nykytilaa ja osin tulevaisuutta.<\/p>\n<p>T\u00e4st\u00e4 vastaa muun muassa Tietoturva ry:n kymmenen Vuoden Tietoturvap\u00e4\u00e4llikk\u00f6 -tunnustuksen saanutta asiantuntijaa.<\/p>\n","protected":false},"author":2408,"featured_media":0,"comment_status":"closed","ping_status":"closed","sticky":false,"template":"","format":"standard","meta":{"_acf_changed":false,"footnotes":""},"categories":[90],"tags":[],"class_list":["post-1474","post","type-post","status-publish","format-standard","hentry","category-tietoturvakatsaus"],"acf":[],"yoast_head":"<!-- This site is optimized with the Yoast SEO plugin v27.5 - https:\/\/yoast.com\/product\/yoast-seo-wordpress\/ -->\n<title>Tietoturvakatsaus #1, elokuu 2022 - Tietoturva ry<\/title>\n<meta name=\"robots\" content=\"index, follow, max-snippet:-1, max-image-preview:large, max-video-preview:-1\" \/>\n<link rel=\"canonical\" href=\"https:\/\/tivia-jasenyhdistykset.fi\/tietoturva\/2022\/06\/20\/tietoturvakatsaus_2022\/\" \/>\n<meta property=\"og:locale\" content=\"fi_FI\" \/>\n<meta property=\"og:type\" content=\"article\" \/>\n<meta property=\"og:title\" content=\"Tietoturvakatsaus #1, elokuu 2022 - Tietoturva ry\" \/>\n<meta property=\"og:description\" content=\"&nbsp; Tervetuloa Tietoturva ry:n Tietoturvakatsaus 2022- webinaariin 30.8.2022! Tietoturvakatsaus 2022 -tilaisuus koostuu Suomen johtavien asiantuntijoiden nostamista havainnoista ja keskusteluista koskien toimintaymp\u00e4rist\u00f6mme nykytilaa ja osin tulevaisuutta. T\u00e4st\u00e4 vastaa muun muassa Tietoturva ry:n kymmenen Vuoden Tietoturvap\u00e4\u00e4llikk\u00f6 -tunnustuksen saanutta asiantuntijaa.\" \/>\n<meta property=\"og:url\" content=\"https:\/\/tivia-jasenyhdistykset.fi\/tietoturva\/2022\/06\/20\/tietoturvakatsaus_2022\/\" \/>\n<meta property=\"og:site_name\" content=\"Tietoturva ry\" \/>\n<meta property=\"article:publisher\" content=\"https:\/\/www.facebook.com\/TietoturvaRy\/\" \/>\n<meta property=\"article:published_time\" content=\"2022-06-20T08:15:07+00:00\" \/>\n<meta property=\"article:modified_time\" content=\"2025-09-26T07:10:38+00:00\" \/>\n<meta property=\"og:image\" content=\"https:\/\/tietoturva.fi\/wp-content\/uploads\/sites\/7\/2022\/03\/ttry-webinar.png\" \/>\n<meta name=\"author\" content=\"Tommi V\" \/>\n<meta name=\"twitter:card\" content=\"summary_large_image\" \/>\n<meta name=\"twitter:creator\" content=\"@tietoturva_ry\" \/>\n<meta name=\"twitter:site\" content=\"@tietoturva_ry\" \/>\n<meta name=\"twitter:label1\" content=\"Kirjoittanut\" \/>\n\t<meta name=\"twitter:data1\" content=\"Tommi V\" \/>\n\t<meta name=\"twitter:label2\" content=\"Arvioitu lukuaika\" \/>\n\t<meta name=\"twitter:data2\" content=\"3 minuuttia\" \/>\n<script type=\"application\/ld+json\" class=\"yoast-schema-graph\">{\"@context\":\"https:\\\/\\\/schema.org\",\"@graph\":[{\"@type\":\"Article\",\"@id\":\"https:\\\/\\\/tivia-jasenyhdistykset.fi\\\/tietoturva\\\/2022\\\/06\\\/20\\\/tietoturvakatsaus_2022\\\/#article\",\"isPartOf\":{\"@id\":\"https:\\\/\\\/tivia-jasenyhdistykset.fi\\\/tietoturva\\\/2022\\\/06\\\/20\\\/tietoturvakatsaus_2022\\\/\"},\"author\":{\"name\":\"Tommi V\",\"@id\":\"https:\\\/\\\/tivia-jasenyhdistykset.fi\\\/tietoturva\\\/#\\\/schema\\\/person\\\/509d9bb392337a2d220ec611546998ec\"},\"headline\":\"Tietoturvakatsaus #1, elokuu 2022\",\"datePublished\":\"2022-06-20T08:15:07+00:00\",\"dateModified\":\"2025-09-26T07:10:38+00:00\",\"mainEntityOfPage\":{\"@id\":\"https:\\\/\\\/tivia-jasenyhdistykset.fi\\\/tietoturva\\\/2022\\\/06\\\/20\\\/tietoturvakatsaus_2022\\\/\"},\"wordCount\":356,\"publisher\":{\"@id\":\"https:\\\/\\\/tivia-jasenyhdistykset.fi\\\/tietoturva\\\/#organization\"},\"image\":{\"@id\":\"https:\\\/\\\/tivia-jasenyhdistykset.fi\\\/tietoturva\\\/2022\\\/06\\\/20\\\/tietoturvakatsaus_2022\\\/#primaryimage\"},\"thumbnailUrl\":\"https:\\\/\\\/tietoturva.fi\\\/wp-content\\\/uploads\\\/sites\\\/7\\\/2022\\\/03\\\/ttry-webinar.png\",\"articleSection\":[\"Tietoturvakatsaus\"],\"inLanguage\":\"fi\"},{\"@type\":\"WebPage\",\"@id\":\"https:\\\/\\\/tivia-jasenyhdistykset.fi\\\/tietoturva\\\/2022\\\/06\\\/20\\\/tietoturvakatsaus_2022\\\/\",\"url\":\"https:\\\/\\\/tivia-jasenyhdistykset.fi\\\/tietoturva\\\/2022\\\/06\\\/20\\\/tietoturvakatsaus_2022\\\/\",\"name\":\"Tietoturvakatsaus #1, elokuu 2022 - Tietoturva ry\",\"isPartOf\":{\"@id\":\"https:\\\/\\\/tivia-jasenyhdistykset.fi\\\/tietoturva\\\/#website\"},\"primaryImageOfPage\":{\"@id\":\"https:\\\/\\\/tivia-jasenyhdistykset.fi\\\/tietoturva\\\/2022\\\/06\\\/20\\\/tietoturvakatsaus_2022\\\/#primaryimage\"},\"image\":{\"@id\":\"https:\\\/\\\/tivia-jasenyhdistykset.fi\\\/tietoturva\\\/2022\\\/06\\\/20\\\/tietoturvakatsaus_2022\\\/#primaryimage\"},\"thumbnailUrl\":\"https:\\\/\\\/tietoturva.fi\\\/wp-content\\\/uploads\\\/sites\\\/7\\\/2022\\\/03\\\/ttry-webinar.png\",\"datePublished\":\"2022-06-20T08:15:07+00:00\",\"dateModified\":\"2025-09-26T07:10:38+00:00\",\"breadcrumb\":{\"@id\":\"https:\\\/\\\/tivia-jasenyhdistykset.fi\\\/tietoturva\\\/2022\\\/06\\\/20\\\/tietoturvakatsaus_2022\\\/#breadcrumb\"},\"inLanguage\":\"fi\",\"potentialAction\":[{\"@type\":\"ReadAction\",\"target\":[\"https:\\\/\\\/tivia-jasenyhdistykset.fi\\\/tietoturva\\\/2022\\\/06\\\/20\\\/tietoturvakatsaus_2022\\\/\"]}]},{\"@type\":\"ImageObject\",\"inLanguage\":\"fi\",\"@id\":\"https:\\\/\\\/tivia-jasenyhdistykset.fi\\\/tietoturva\\\/2022\\\/06\\\/20\\\/tietoturvakatsaus_2022\\\/#primaryimage\",\"url\":\"https:\\\/\\\/tietoturva.fi\\\/wp-content\\\/uploads\\\/sites\\\/7\\\/2022\\\/03\\\/ttry-webinar.png\",\"contentUrl\":\"https:\\\/\\\/tietoturva.fi\\\/wp-content\\\/uploads\\\/sites\\\/7\\\/2022\\\/03\\\/ttry-webinar.png\"},{\"@type\":\"BreadcrumbList\",\"@id\":\"https:\\\/\\\/tivia-jasenyhdistykset.fi\\\/tietoturva\\\/2022\\\/06\\\/20\\\/tietoturvakatsaus_2022\\\/#breadcrumb\",\"itemListElement\":[{\"@type\":\"ListItem\",\"position\":1,\"name\":\"Etusivu\",\"item\":\"https:\\\/\\\/tivia-jasenyhdistykset.fi\\\/tietoturva\\\/\"},{\"@type\":\"ListItem\",\"position\":2,\"name\":\"Tietoturvakatsaus #1, elokuu 2022\"}]},{\"@type\":\"WebSite\",\"@id\":\"https:\\\/\\\/tivia-jasenyhdistykset.fi\\\/tietoturva\\\/#website\",\"url\":\"https:\\\/\\\/tivia-jasenyhdistykset.fi\\\/tietoturva\\\/\",\"name\":\"Tietoturva ry\",\"description\":\"Suomen suurin tietoturva-ammattilaisten verkosto\",\"publisher\":{\"@id\":\"https:\\\/\\\/tivia-jasenyhdistykset.fi\\\/tietoturva\\\/#organization\"},\"potentialAction\":[{\"@type\":\"SearchAction\",\"target\":{\"@type\":\"EntryPoint\",\"urlTemplate\":\"https:\\\/\\\/tivia-jasenyhdistykset.fi\\\/tietoturva\\\/?s={search_term_string}\"},\"query-input\":{\"@type\":\"PropertyValueSpecification\",\"valueRequired\":true,\"valueName\":\"search_term_string\"}}],\"inLanguage\":\"fi\"},{\"@type\":\"Organization\",\"@id\":\"https:\\\/\\\/tivia-jasenyhdistykset.fi\\\/tietoturva\\\/#organization\",\"name\":\"Tietoturva ry\",\"url\":\"https:\\\/\\\/tivia-jasenyhdistykset.fi\\\/tietoturva\\\/\",\"logo\":{\"@type\":\"ImageObject\",\"inLanguage\":\"fi\",\"@id\":\"https:\\\/\\\/tivia-jasenyhdistykset.fi\\\/tietoturva\\\/#\\\/schema\\\/logo\\\/image\\\/\",\"url\":\"https:\\\/\\\/tietoturva.fi\\\/wp-content\\\/uploads\\\/sites\\\/7\\\/2021\\\/05\\\/Tietoturva-logo-2018-100.png\",\"contentUrl\":\"https:\\\/\\\/tietoturva.fi\\\/wp-content\\\/uploads\\\/sites\\\/7\\\/2021\\\/05\\\/Tietoturva-logo-2018-100.png\",\"width\":73,\"height\":100,\"caption\":\"Tietoturva ry\"},\"image\":{\"@id\":\"https:\\\/\\\/tivia-jasenyhdistykset.fi\\\/tietoturva\\\/#\\\/schema\\\/logo\\\/image\\\/\"},\"sameAs\":[\"https:\\\/\\\/www.facebook.com\\\/TietoturvaRy\\\/\",\"https:\\\/\\\/x.com\\\/tietoturva_ry\",\"https:\\\/\\\/www.linkedin.com\\\/company\\\/tietoturva\\\/\",\"https:\\\/\\\/www.youtube.com\\\/channel\\\/UCmXkytjYpJ4_N2msCNy69sw\\\/\"]},{\"@type\":\"Person\",\"@id\":\"https:\\\/\\\/tivia-jasenyhdistykset.fi\\\/tietoturva\\\/#\\\/schema\\\/person\\\/509d9bb392337a2d220ec611546998ec\",\"name\":\"Tommi V\",\"image\":{\"@type\":\"ImageObject\",\"inLanguage\":\"fi\",\"@id\":\"https:\\\/\\\/secure.gravatar.com\\\/avatar\\\/407fe7c123719aedfe1043bea0075baf31b4805e5599ab36f3b560d37cfba06d?s=96&d=mm&r=g\",\"url\":\"https:\\\/\\\/secure.gravatar.com\\\/avatar\\\/407fe7c123719aedfe1043bea0075baf31b4805e5599ab36f3b560d37cfba06d?s=96&d=mm&r=g\",\"contentUrl\":\"https:\\\/\\\/secure.gravatar.com\\\/avatar\\\/407fe7c123719aedfe1043bea0075baf31b4805e5599ab36f3b560d37cfba06d?s=96&d=mm&r=g\",\"caption\":\"Tommi V\"},\"url\":\"https:\\\/\\\/tivia-jasenyhdistykset.fi\\\/tietoturva\\\/author\\\/vanninentommi10605\\\/\"}]}<\/script>\n<!-- \/ Yoast SEO plugin. -->","yoast_head_json":{"title":"Tietoturvakatsaus #1, elokuu 2022 - Tietoturva ry","robots":{"index":"index","follow":"follow","max-snippet":"max-snippet:-1","max-image-preview":"max-image-preview:large","max-video-preview":"max-video-preview:-1"},"canonical":"https:\/\/tivia-jasenyhdistykset.fi\/tietoturva\/2022\/06\/20\/tietoturvakatsaus_2022\/","og_locale":"fi_FI","og_type":"article","og_title":"Tietoturvakatsaus #1, elokuu 2022 - Tietoturva ry","og_description":"&nbsp; Tervetuloa Tietoturva ry:n Tietoturvakatsaus 2022- webinaariin 30.8.2022! Tietoturvakatsaus 2022 -tilaisuus koostuu Suomen johtavien asiantuntijoiden nostamista havainnoista ja keskusteluista koskien toimintaymp\u00e4rist\u00f6mme nykytilaa ja osin tulevaisuutta. T\u00e4st\u00e4 vastaa muun muassa Tietoturva ry:n kymmenen Vuoden Tietoturvap\u00e4\u00e4llikk\u00f6 -tunnustuksen saanutta asiantuntijaa.","og_url":"https:\/\/tivia-jasenyhdistykset.fi\/tietoturva\/2022\/06\/20\/tietoturvakatsaus_2022\/","og_site_name":"Tietoturva ry","article_publisher":"https:\/\/www.facebook.com\/TietoturvaRy\/","article_published_time":"2022-06-20T08:15:07+00:00","article_modified_time":"2025-09-26T07:10:38+00:00","og_image":[{"url":"https:\/\/tietoturva.fi\/wp-content\/uploads\/sites\/7\/2022\/03\/ttry-webinar.png","type":"","width":"","height":""}],"author":"Tommi V","twitter_card":"summary_large_image","twitter_creator":"@tietoturva_ry","twitter_site":"@tietoturva_ry","twitter_misc":{"Kirjoittanut":"Tommi V","Arvioitu lukuaika":"3 minuuttia"},"schema":{"@context":"https:\/\/schema.org","@graph":[{"@type":"Article","@id":"https:\/\/tivia-jasenyhdistykset.fi\/tietoturva\/2022\/06\/20\/tietoturvakatsaus_2022\/#article","isPartOf":{"@id":"https:\/\/tivia-jasenyhdistykset.fi\/tietoturva\/2022\/06\/20\/tietoturvakatsaus_2022\/"},"author":{"name":"Tommi V","@id":"https:\/\/tivia-jasenyhdistykset.fi\/tietoturva\/#\/schema\/person\/509d9bb392337a2d220ec611546998ec"},"headline":"Tietoturvakatsaus #1, elokuu 2022","datePublished":"2022-06-20T08:15:07+00:00","dateModified":"2025-09-26T07:10:38+00:00","mainEntityOfPage":{"@id":"https:\/\/tivia-jasenyhdistykset.fi\/tietoturva\/2022\/06\/20\/tietoturvakatsaus_2022\/"},"wordCount":356,"publisher":{"@id":"https:\/\/tivia-jasenyhdistykset.fi\/tietoturva\/#organization"},"image":{"@id":"https:\/\/tivia-jasenyhdistykset.fi\/tietoturva\/2022\/06\/20\/tietoturvakatsaus_2022\/#primaryimage"},"thumbnailUrl":"https:\/\/tietoturva.fi\/wp-content\/uploads\/sites\/7\/2022\/03\/ttry-webinar.png","articleSection":["Tietoturvakatsaus"],"inLanguage":"fi"},{"@type":"WebPage","@id":"https:\/\/tivia-jasenyhdistykset.fi\/tietoturva\/2022\/06\/20\/tietoturvakatsaus_2022\/","url":"https:\/\/tivia-jasenyhdistykset.fi\/tietoturva\/2022\/06\/20\/tietoturvakatsaus_2022\/","name":"Tietoturvakatsaus #1, elokuu 2022 - Tietoturva ry","isPartOf":{"@id":"https:\/\/tivia-jasenyhdistykset.fi\/tietoturva\/#website"},"primaryImageOfPage":{"@id":"https:\/\/tivia-jasenyhdistykset.fi\/tietoturva\/2022\/06\/20\/tietoturvakatsaus_2022\/#primaryimage"},"image":{"@id":"https:\/\/tivia-jasenyhdistykset.fi\/tietoturva\/2022\/06\/20\/tietoturvakatsaus_2022\/#primaryimage"},"thumbnailUrl":"https:\/\/tietoturva.fi\/wp-content\/uploads\/sites\/7\/2022\/03\/ttry-webinar.png","datePublished":"2022-06-20T08:15:07+00:00","dateModified":"2025-09-26T07:10:38+00:00","breadcrumb":{"@id":"https:\/\/tivia-jasenyhdistykset.fi\/tietoturva\/2022\/06\/20\/tietoturvakatsaus_2022\/#breadcrumb"},"inLanguage":"fi","potentialAction":[{"@type":"ReadAction","target":["https:\/\/tivia-jasenyhdistykset.fi\/tietoturva\/2022\/06\/20\/tietoturvakatsaus_2022\/"]}]},{"@type":"ImageObject","inLanguage":"fi","@id":"https:\/\/tivia-jasenyhdistykset.fi\/tietoturva\/2022\/06\/20\/tietoturvakatsaus_2022\/#primaryimage","url":"https:\/\/tietoturva.fi\/wp-content\/uploads\/sites\/7\/2022\/03\/ttry-webinar.png","contentUrl":"https:\/\/tietoturva.fi\/wp-content\/uploads\/sites\/7\/2022\/03\/ttry-webinar.png"},{"@type":"BreadcrumbList","@id":"https:\/\/tivia-jasenyhdistykset.fi\/tietoturva\/2022\/06\/20\/tietoturvakatsaus_2022\/#breadcrumb","itemListElement":[{"@type":"ListItem","position":1,"name":"Etusivu","item":"https:\/\/tivia-jasenyhdistykset.fi\/tietoturva\/"},{"@type":"ListItem","position":2,"name":"Tietoturvakatsaus #1, elokuu 2022"}]},{"@type":"WebSite","@id":"https:\/\/tivia-jasenyhdistykset.fi\/tietoturva\/#website","url":"https:\/\/tivia-jasenyhdistykset.fi\/tietoturva\/","name":"Tietoturva ry","description":"Suomen suurin tietoturva-ammattilaisten verkosto","publisher":{"@id":"https:\/\/tivia-jasenyhdistykset.fi\/tietoturva\/#organization"},"potentialAction":[{"@type":"SearchAction","target":{"@type":"EntryPoint","urlTemplate":"https:\/\/tivia-jasenyhdistykset.fi\/tietoturva\/?s={search_term_string}"},"query-input":{"@type":"PropertyValueSpecification","valueRequired":true,"valueName":"search_term_string"}}],"inLanguage":"fi"},{"@type":"Organization","@id":"https:\/\/tivia-jasenyhdistykset.fi\/tietoturva\/#organization","name":"Tietoturva ry","url":"https:\/\/tivia-jasenyhdistykset.fi\/tietoturva\/","logo":{"@type":"ImageObject","inLanguage":"fi","@id":"https:\/\/tivia-jasenyhdistykset.fi\/tietoturva\/#\/schema\/logo\/image\/","url":"https:\/\/tietoturva.fi\/wp-content\/uploads\/sites\/7\/2021\/05\/Tietoturva-logo-2018-100.png","contentUrl":"https:\/\/tietoturva.fi\/wp-content\/uploads\/sites\/7\/2021\/05\/Tietoturva-logo-2018-100.png","width":73,"height":100,"caption":"Tietoturva ry"},"image":{"@id":"https:\/\/tivia-jasenyhdistykset.fi\/tietoturva\/#\/schema\/logo\/image\/"},"sameAs":["https:\/\/www.facebook.com\/TietoturvaRy\/","https:\/\/x.com\/tietoturva_ry","https:\/\/www.linkedin.com\/company\/tietoturva\/","https:\/\/www.youtube.com\/channel\/UCmXkytjYpJ4_N2msCNy69sw\/"]},{"@type":"Person","@id":"https:\/\/tivia-jasenyhdistykset.fi\/tietoturva\/#\/schema\/person\/509d9bb392337a2d220ec611546998ec","name":"Tommi V","image":{"@type":"ImageObject","inLanguage":"fi","@id":"https:\/\/secure.gravatar.com\/avatar\/407fe7c123719aedfe1043bea0075baf31b4805e5599ab36f3b560d37cfba06d?s=96&d=mm&r=g","url":"https:\/\/secure.gravatar.com\/avatar\/407fe7c123719aedfe1043bea0075baf31b4805e5599ab36f3b560d37cfba06d?s=96&d=mm&r=g","contentUrl":"https:\/\/secure.gravatar.com\/avatar\/407fe7c123719aedfe1043bea0075baf31b4805e5599ab36f3b560d37cfba06d?s=96&d=mm&r=g","caption":"Tommi V"},"url":"https:\/\/tivia-jasenyhdistykset.fi\/tietoturva\/author\/vanninentommi10605\/"}]}},"_links":{"self":[{"href":"https:\/\/tivia-jasenyhdistykset.fi\/tietoturva\/wp-json\/wp\/v2\/posts\/1474","targetHints":{"allow":["GET"]}}],"collection":[{"href":"https:\/\/tivia-jasenyhdistykset.fi\/tietoturva\/wp-json\/wp\/v2\/posts"}],"about":[{"href":"https:\/\/tivia-jasenyhdistykset.fi\/tietoturva\/wp-json\/wp\/v2\/types\/post"}],"author":[{"embeddable":true,"href":"https:\/\/tivia-jasenyhdistykset.fi\/tietoturva\/wp-json\/wp\/v2\/users\/2408"}],"replies":[{"embeddable":true,"href":"https:\/\/tivia-jasenyhdistykset.fi\/tietoturva\/wp-json\/wp\/v2\/comments?post=1474"}],"version-history":[{"count":39,"href":"https:\/\/tivia-jasenyhdistykset.fi\/tietoturva\/wp-json\/wp\/v2\/posts\/1474\/revisions"}],"predecessor-version":[{"id":3331,"href":"https:\/\/tivia-jasenyhdistykset.fi\/tietoturva\/wp-json\/wp\/v2\/posts\/1474\/revisions\/3331"}],"wp:attachment":[{"href":"https:\/\/tivia-jasenyhdistykset.fi\/tietoturva\/wp-json\/wp\/v2\/media?parent=1474"}],"wp:term":[{"taxonomy":"category","embeddable":true,"href":"https:\/\/tivia-jasenyhdistykset.fi\/tietoturva\/wp-json\/wp\/v2\/categories?post=1474"},{"taxonomy":"post_tag","embeddable":true,"href":"https:\/\/tivia-jasenyhdistykset.fi\/tietoturva\/wp-json\/wp\/v2\/tags?post=1474"}],"curies":[{"name":"wp","href":"https:\/\/api.w.org\/{rel}","templated":true}]}}