{"id":1531,"date":"2022-08-30T09:10:18","date_gmt":"2022-08-30T06:10:18","guid":{"rendered":"https:\/\/tietoturva.fi\/?p=1531"},"modified":"2024-05-31T13:41:00","modified_gmt":"2024-05-31T10:41:00","slug":"vuoden-tietoturvapaallikko-2022","status":"publish","type":"post","link":"https:\/\/tivia-jasenyhdistykset.fi\/tietoturva\/2022\/08\/30\/vuoden-tietoturvapaallikko-2022\/","title":{"rendered":"Vuoden Tietoturvap\u00e4\u00e4llikk\u00f6\u00ae 2022"},"content":{"rendered":"<h2>Vuoden Tietoturvap\u00e4\u00e4llikk\u00f6\u00ae 2022 on Teemu Ylh\u00e4isi !<\/h2>\n<div><a href=\"https:\/\/www.linkedin.com\/in\/teemuylhaisi\/\" target=\"_blank\" rel=\"noopener\">Teemu\u00a0<span class=\"il\">Ylh\u00e4isi<\/span><\/a> on toiminut OP:n tietoturvajohtajana vuodesta 2017.<\/div>\n<div>Ylh\u00e4isin aikana OP:n\u00a0tietoturvahenkil\u00f6st\u00f6n lukum\u00e4\u00e4r\u00e4 ja budjetti ovat kasvaneet 2,5 \u2013kertaiseksi. H\u00e4n on onnistunut siin\u00e4, mist\u00e4 vain moni CISO puhuu ja unelmoi: tietoturva on OP Ryhm\u00e4ss\u00e4 koko henkil\u00f6st\u00f6n vastuulla ja\u00a0 tietoturvan huomiointi on sis\u00e4\u00e4nrakennettuna niin liiketoiminnan kuin kehitt\u00e4misen prosesseihin. Ylh\u00e4isin aikana OP:n tietoturvallisuus on siirtynyt tukemaan ketter\u00e4\u00e4 kehitt\u00e4mist\u00e4 ja ketter\u00e4\u00e4 organisaatiota.<\/div>\n<div><\/div>\n<div><span class=\"il\">Ylh\u00e4isi<\/span>\u00a0osallistuu aktiivisesti OP:n ulkopuolella tietoturvaforumeiden toimintaan ja on arvostettu esiintyj\u00e4.<\/div>\n<div><\/div>\n<div>Teemu\u00a0<span class=\"il\">Ylh\u00e4isi<\/span>\u00a0on my\u00f6s pidetty ja arvostettu esimies. H\u00e4nt\u00e4 pidet\u00e4\u00e4n aitona ja vilpitt\u00f6m\u00e4n\u00e4<\/div>\n<div>johtajana, joka osaa kuunnella, mutta my\u00f6s haastaa tarvittaessa. H\u00e4n toimii OP:n arvojen<\/div>\n<div>mukaisesti: on ihmisl\u00e4heinen, vastuullinen ja kannustaa yhdess\u00e4 menestymiseen. H\u00e4n ottaa ty\u00f6ns\u00e4 vaaditulla vakavuudella, huumoria unohtamatta.<\/div>\n<p>.<\/p>\n<p><a href=\"https:\/\/tietoturva.fi\/\" target=\"_blank\" rel=\"noopener\">Tietoturva ry<\/a>\u00a0yhdess\u00e4 yhteisty\u00f6kumppaninsa\u00a0\u00a0<a href=\"https:\/\/edu.arrow.com\/fi\/\" target=\"_blank\" rel=\"noopener\">Arrow ECS<\/a>;n kanssa tarjoaa Teemulle veloituksettoman <a href=\"https:\/\/edu.arrow.com\/fi\/trainings\/open\/certified-ethical-hacker--cehv11-\/410443\/training-sheet\" target=\"_blank\" rel=\"noopener\">Certified Ethical Hacker (CEHv11)<\/a>\u00a0-kurssin sek\u00e4 vuoden veloituksettoman henkil\u00f6j\u00e4senyyden Tietoturva ry:ss\u00e4.<\/p>\n","protected":false},"excerpt":{"rendered":"<p>Vuoden Tietoturvap\u00e4\u00e4llikk\u00f6\u00ae 2022 on Teemu Ylh\u00e4isi !<br \/>\n<a href=\"https:\/\/www.linkedin.com\/in\/teemuylhaisi\/\" target=\"_blank\" rel=\"noopener\">Teemu\u00a0Ylh\u00e4isi<\/a> on toiminut OP:n tietoturvajohtajana vuodesta 2017.<br \/>\nYlh\u00e4isin aikana OP:n\u00a0tietoturvahenkil\u00f6st\u00f6n lukum\u00e4\u00e4r\u00e4 ja budjetti ovat kasvaneet 2,5 \u2013kertaiseksi. H\u00e4n on onnistunut siin\u00e4, mist\u00e4 vain moni CISO puhuu ja unelmoi: tietoturva on OP Ryhm\u00e4ss\u00e4 koko henkil\u00f6st\u00f6n vastuulla ja\u00a0 tietoturvan huomiointi on sis\u00e4\u00e4nrakennettuna niin liiketoiminnan kuin kehitt\u00e4misen prosesseihin.<\/p>\n","protected":false},"author":2406,"featured_media":0,"comment_status":"closed","ping_status":"closed","sticky":false,"template":"","format":"standard","meta":{"_acf_changed":false,"footnotes":""},"categories":[1],"tags":[],"class_list":["post-1531","post","type-post","status-publish","format-standard","hentry","category-yleinen"],"acf":[],"yoast_head":"<!-- This site is optimized with the Yoast SEO plugin v27.5 - https:\/\/yoast.com\/product\/yoast-seo-wordpress\/ -->\n<title>Vuoden Tietoturvap\u00e4\u00e4llikk\u00f6\u00ae 2022 - Tietoturva ry<\/title>\n<meta name=\"robots\" content=\"index, follow, max-snippet:-1, max-image-preview:large, max-video-preview:-1\" \/>\n<link rel=\"canonical\" href=\"https:\/\/tivia-jasenyhdistykset.fi\/tietoturva\/2022\/08\/30\/vuoden-tietoturvapaallikko-2022\/\" \/>\n<meta property=\"og:locale\" content=\"fi_FI\" \/>\n<meta property=\"og:type\" content=\"article\" \/>\n<meta property=\"og:title\" content=\"Vuoden Tietoturvap\u00e4\u00e4llikk\u00f6\u00ae 2022 - Tietoturva ry\" \/>\n<meta property=\"og:description\" content=\"Vuoden Tietoturvap\u00e4\u00e4llikk\u00f6\u00ae 2022 on Teemu Ylh\u00e4isi ! Teemu\u00a0Ylh\u00e4isi on toiminut OP:n tietoturvajohtajana vuodesta 2017. Ylh\u00e4isin aikana OP:n\u00a0tietoturvahenkil\u00f6st\u00f6n lukum\u00e4\u00e4r\u00e4 ja budjetti ovat kasvaneet 2,5 \u2013kertaiseksi. H\u00e4n on onnistunut siin\u00e4, mist\u00e4 vain moni CISO puhuu ja unelmoi: tietoturva on OP Ryhm\u00e4ss\u00e4 koko henkil\u00f6st\u00f6n vastuulla ja\u00a0 tietoturvan huomiointi on sis\u00e4\u00e4nrakennettuna niin liiketoiminnan kuin kehitt\u00e4misen prosesseihin.\" \/>\n<meta property=\"og:url\" content=\"https:\/\/tivia-jasenyhdistykset.fi\/tietoturva\/2022\/08\/30\/vuoden-tietoturvapaallikko-2022\/\" \/>\n<meta property=\"og:site_name\" content=\"Tietoturva ry\" \/>\n<meta property=\"article:publisher\" content=\"https:\/\/www.facebook.com\/TietoturvaRy\/\" \/>\n<meta property=\"article:published_time\" content=\"2022-08-30T06:10:18+00:00\" \/>\n<meta property=\"article:modified_time\" content=\"2024-05-31T10:41:00+00:00\" \/>\n<meta property=\"og:image\" content=\"https:\/\/tivia-jasenyhdistykset.fi\/tietoturva\/wp-content\/uploads\/sites\/7\/2021\/05\/Tietoturva-logo-2018-100.png\" \/>\n\t<meta property=\"og:image:width\" content=\"73\" \/>\n\t<meta property=\"og:image:height\" content=\"100\" \/>\n\t<meta property=\"og:image:type\" content=\"image\/png\" \/>\n<meta name=\"author\" content=\"marttinentomi14855\" \/>\n<meta name=\"twitter:card\" content=\"summary_large_image\" \/>\n<meta name=\"twitter:creator\" content=\"@tietoturva_ry\" \/>\n<meta name=\"twitter:site\" content=\"@tietoturva_ry\" \/>\n<meta name=\"twitter:label1\" content=\"Kirjoittanut\" \/>\n\t<meta name=\"twitter:data1\" content=\"marttinentomi14855\" \/>\n\t<meta name=\"twitter:label2\" content=\"Arvioitu lukuaika\" \/>\n\t<meta name=\"twitter:data2\" content=\"1 minuutti\" \/>\n<script type=\"application\/ld+json\" class=\"yoast-schema-graph\">{\"@context\":\"https:\\\/\\\/schema.org\",\"@graph\":[{\"@type\":\"Article\",\"@id\":\"https:\\\/\\\/tivia-jasenyhdistykset.fi\\\/tietoturva\\\/2022\\\/08\\\/30\\\/vuoden-tietoturvapaallikko-2022\\\/#article\",\"isPartOf\":{\"@id\":\"https:\\\/\\\/tivia-jasenyhdistykset.fi\\\/tietoturva\\\/2022\\\/08\\\/30\\\/vuoden-tietoturvapaallikko-2022\\\/\"},\"author\":{\"name\":\"marttinentomi14855\",\"@id\":\"https:\\\/\\\/tivia-jasenyhdistykset.fi\\\/tietoturva\\\/#\\\/schema\\\/person\\\/19adf5a38ed1bb5572c797f59f5d398c\"},\"headline\":\"Vuoden Tietoturvap\u00e4\u00e4llikk\u00f6\u00ae 2022\",\"datePublished\":\"2022-08-30T06:10:18+00:00\",\"dateModified\":\"2024-05-31T10:41:00+00:00\",\"mainEntityOfPage\":{\"@id\":\"https:\\\/\\\/tivia-jasenyhdistykset.fi\\\/tietoturva\\\/2022\\\/08\\\/30\\\/vuoden-tietoturvapaallikko-2022\\\/\"},\"wordCount\":174,\"publisher\":{\"@id\":\"https:\\\/\\\/tivia-jasenyhdistykset.fi\\\/tietoturva\\\/#organization\"},\"inLanguage\":\"fi\"},{\"@type\":\"WebPage\",\"@id\":\"https:\\\/\\\/tivia-jasenyhdistykset.fi\\\/tietoturva\\\/2022\\\/08\\\/30\\\/vuoden-tietoturvapaallikko-2022\\\/\",\"url\":\"https:\\\/\\\/tivia-jasenyhdistykset.fi\\\/tietoturva\\\/2022\\\/08\\\/30\\\/vuoden-tietoturvapaallikko-2022\\\/\",\"name\":\"Vuoden Tietoturvap\u00e4\u00e4llikk\u00f6\u00ae 2022 - Tietoturva ry\",\"isPartOf\":{\"@id\":\"https:\\\/\\\/tivia-jasenyhdistykset.fi\\\/tietoturva\\\/#website\"},\"datePublished\":\"2022-08-30T06:10:18+00:00\",\"dateModified\":\"2024-05-31T10:41:00+00:00\",\"breadcrumb\":{\"@id\":\"https:\\\/\\\/tivia-jasenyhdistykset.fi\\\/tietoturva\\\/2022\\\/08\\\/30\\\/vuoden-tietoturvapaallikko-2022\\\/#breadcrumb\"},\"inLanguage\":\"fi\",\"potentialAction\":[{\"@type\":\"ReadAction\",\"target\":[\"https:\\\/\\\/tivia-jasenyhdistykset.fi\\\/tietoturva\\\/2022\\\/08\\\/30\\\/vuoden-tietoturvapaallikko-2022\\\/\"]}]},{\"@type\":\"BreadcrumbList\",\"@id\":\"https:\\\/\\\/tivia-jasenyhdistykset.fi\\\/tietoturva\\\/2022\\\/08\\\/30\\\/vuoden-tietoturvapaallikko-2022\\\/#breadcrumb\",\"itemListElement\":[{\"@type\":\"ListItem\",\"position\":1,\"name\":\"Etusivu\",\"item\":\"https:\\\/\\\/tivia-jasenyhdistykset.fi\\\/tietoturva\\\/\"},{\"@type\":\"ListItem\",\"position\":2,\"name\":\"Vuoden Tietoturvap\u00e4\u00e4llikk\u00f6\u00ae 2022\"}]},{\"@type\":\"WebSite\",\"@id\":\"https:\\\/\\\/tivia-jasenyhdistykset.fi\\\/tietoturva\\\/#website\",\"url\":\"https:\\\/\\\/tivia-jasenyhdistykset.fi\\\/tietoturva\\\/\",\"name\":\"Tietoturva ry\",\"description\":\"Suomen suurin tietoturva-ammattilaisten verkosto\",\"publisher\":{\"@id\":\"https:\\\/\\\/tivia-jasenyhdistykset.fi\\\/tietoturva\\\/#organization\"},\"potentialAction\":[{\"@type\":\"SearchAction\",\"target\":{\"@type\":\"EntryPoint\",\"urlTemplate\":\"https:\\\/\\\/tivia-jasenyhdistykset.fi\\\/tietoturva\\\/?s={search_term_string}\"},\"query-input\":{\"@type\":\"PropertyValueSpecification\",\"valueRequired\":true,\"valueName\":\"search_term_string\"}}],\"inLanguage\":\"fi\"},{\"@type\":\"Organization\",\"@id\":\"https:\\\/\\\/tivia-jasenyhdistykset.fi\\\/tietoturva\\\/#organization\",\"name\":\"Tietoturva ry\",\"url\":\"https:\\\/\\\/tivia-jasenyhdistykset.fi\\\/tietoturva\\\/\",\"logo\":{\"@type\":\"ImageObject\",\"inLanguage\":\"fi\",\"@id\":\"https:\\\/\\\/tivia-jasenyhdistykset.fi\\\/tietoturva\\\/#\\\/schema\\\/logo\\\/image\\\/\",\"url\":\"https:\\\/\\\/tietoturva.fi\\\/wp-content\\\/uploads\\\/sites\\\/7\\\/2021\\\/05\\\/Tietoturva-logo-2018-100.png\",\"contentUrl\":\"https:\\\/\\\/tietoturva.fi\\\/wp-content\\\/uploads\\\/sites\\\/7\\\/2021\\\/05\\\/Tietoturva-logo-2018-100.png\",\"width\":73,\"height\":100,\"caption\":\"Tietoturva ry\"},\"image\":{\"@id\":\"https:\\\/\\\/tivia-jasenyhdistykset.fi\\\/tietoturva\\\/#\\\/schema\\\/logo\\\/image\\\/\"},\"sameAs\":[\"https:\\\/\\\/www.facebook.com\\\/TietoturvaRy\\\/\",\"https:\\\/\\\/x.com\\\/tietoturva_ry\",\"https:\\\/\\\/www.linkedin.com\\\/company\\\/tietoturva\\\/\",\"https:\\\/\\\/www.youtube.com\\\/channel\\\/UCmXkytjYpJ4_N2msCNy69sw\\\/\"]},{\"@type\":\"Person\",\"@id\":\"https:\\\/\\\/tivia-jasenyhdistykset.fi\\\/tietoturva\\\/#\\\/schema\\\/person\\\/19adf5a38ed1bb5572c797f59f5d398c\",\"name\":\"marttinentomi14855\",\"image\":{\"@type\":\"ImageObject\",\"inLanguage\":\"fi\",\"@id\":\"https:\\\/\\\/secure.gravatar.com\\\/avatar\\\/86ce3195a207958a65db3a2f1a0b53c6822ec82b8849c824270d6274e1a79ff8?s=96&d=mm&r=g\",\"url\":\"https:\\\/\\\/secure.gravatar.com\\\/avatar\\\/86ce3195a207958a65db3a2f1a0b53c6822ec82b8849c824270d6274e1a79ff8?s=96&d=mm&r=g\",\"contentUrl\":\"https:\\\/\\\/secure.gravatar.com\\\/avatar\\\/86ce3195a207958a65db3a2f1a0b53c6822ec82b8849c824270d6274e1a79ff8?s=96&d=mm&r=g\",\"caption\":\"marttinentomi14855\"},\"url\":\"https:\\\/\\\/tivia-jasenyhdistykset.fi\\\/tietoturva\\\/author\\\/marttinentomi14855\\\/\"}]}<\/script>\n<!-- \/ Yoast SEO plugin. -->","yoast_head_json":{"title":"Vuoden Tietoturvap\u00e4\u00e4llikk\u00f6\u00ae 2022 - Tietoturva ry","robots":{"index":"index","follow":"follow","max-snippet":"max-snippet:-1","max-image-preview":"max-image-preview:large","max-video-preview":"max-video-preview:-1"},"canonical":"https:\/\/tivia-jasenyhdistykset.fi\/tietoturva\/2022\/08\/30\/vuoden-tietoturvapaallikko-2022\/","og_locale":"fi_FI","og_type":"article","og_title":"Vuoden Tietoturvap\u00e4\u00e4llikk\u00f6\u00ae 2022 - Tietoturva ry","og_description":"Vuoden Tietoturvap\u00e4\u00e4llikk\u00f6\u00ae 2022 on Teemu Ylh\u00e4isi ! Teemu\u00a0Ylh\u00e4isi on toiminut OP:n tietoturvajohtajana vuodesta 2017. Ylh\u00e4isin aikana OP:n\u00a0tietoturvahenkil\u00f6st\u00f6n lukum\u00e4\u00e4r\u00e4 ja budjetti ovat kasvaneet 2,5 \u2013kertaiseksi. H\u00e4n on onnistunut siin\u00e4, mist\u00e4 vain moni CISO puhuu ja unelmoi: tietoturva on OP Ryhm\u00e4ss\u00e4 koko henkil\u00f6st\u00f6n vastuulla ja\u00a0 tietoturvan huomiointi on sis\u00e4\u00e4nrakennettuna niin liiketoiminnan kuin kehitt\u00e4misen prosesseihin.","og_url":"https:\/\/tivia-jasenyhdistykset.fi\/tietoturva\/2022\/08\/30\/vuoden-tietoturvapaallikko-2022\/","og_site_name":"Tietoturva ry","article_publisher":"https:\/\/www.facebook.com\/TietoturvaRy\/","article_published_time":"2022-08-30T06:10:18+00:00","article_modified_time":"2024-05-31T10:41:00+00:00","og_image":[{"width":73,"height":100,"url":"https:\/\/tivia-jasenyhdistykset.fi\/tietoturva\/wp-content\/uploads\/sites\/7\/2021\/05\/Tietoturva-logo-2018-100.png","type":"image\/png"}],"author":"marttinentomi14855","twitter_card":"summary_large_image","twitter_creator":"@tietoturva_ry","twitter_site":"@tietoturva_ry","twitter_misc":{"Kirjoittanut":"marttinentomi14855","Arvioitu lukuaika":"1 minuutti"},"schema":{"@context":"https:\/\/schema.org","@graph":[{"@type":"Article","@id":"https:\/\/tivia-jasenyhdistykset.fi\/tietoturva\/2022\/08\/30\/vuoden-tietoturvapaallikko-2022\/#article","isPartOf":{"@id":"https:\/\/tivia-jasenyhdistykset.fi\/tietoturva\/2022\/08\/30\/vuoden-tietoturvapaallikko-2022\/"},"author":{"name":"marttinentomi14855","@id":"https:\/\/tivia-jasenyhdistykset.fi\/tietoturva\/#\/schema\/person\/19adf5a38ed1bb5572c797f59f5d398c"},"headline":"Vuoden Tietoturvap\u00e4\u00e4llikk\u00f6\u00ae 2022","datePublished":"2022-08-30T06:10:18+00:00","dateModified":"2024-05-31T10:41:00+00:00","mainEntityOfPage":{"@id":"https:\/\/tivia-jasenyhdistykset.fi\/tietoturva\/2022\/08\/30\/vuoden-tietoturvapaallikko-2022\/"},"wordCount":174,"publisher":{"@id":"https:\/\/tivia-jasenyhdistykset.fi\/tietoturva\/#organization"},"inLanguage":"fi"},{"@type":"WebPage","@id":"https:\/\/tivia-jasenyhdistykset.fi\/tietoturva\/2022\/08\/30\/vuoden-tietoturvapaallikko-2022\/","url":"https:\/\/tivia-jasenyhdistykset.fi\/tietoturva\/2022\/08\/30\/vuoden-tietoturvapaallikko-2022\/","name":"Vuoden Tietoturvap\u00e4\u00e4llikk\u00f6\u00ae 2022 - Tietoturva ry","isPartOf":{"@id":"https:\/\/tivia-jasenyhdistykset.fi\/tietoturva\/#website"},"datePublished":"2022-08-30T06:10:18+00:00","dateModified":"2024-05-31T10:41:00+00:00","breadcrumb":{"@id":"https:\/\/tivia-jasenyhdistykset.fi\/tietoturva\/2022\/08\/30\/vuoden-tietoturvapaallikko-2022\/#breadcrumb"},"inLanguage":"fi","potentialAction":[{"@type":"ReadAction","target":["https:\/\/tivia-jasenyhdistykset.fi\/tietoturva\/2022\/08\/30\/vuoden-tietoturvapaallikko-2022\/"]}]},{"@type":"BreadcrumbList","@id":"https:\/\/tivia-jasenyhdistykset.fi\/tietoturva\/2022\/08\/30\/vuoden-tietoturvapaallikko-2022\/#breadcrumb","itemListElement":[{"@type":"ListItem","position":1,"name":"Etusivu","item":"https:\/\/tivia-jasenyhdistykset.fi\/tietoturva\/"},{"@type":"ListItem","position":2,"name":"Vuoden Tietoturvap\u00e4\u00e4llikk\u00f6\u00ae 2022"}]},{"@type":"WebSite","@id":"https:\/\/tivia-jasenyhdistykset.fi\/tietoturva\/#website","url":"https:\/\/tivia-jasenyhdistykset.fi\/tietoturva\/","name":"Tietoturva ry","description":"Suomen suurin tietoturva-ammattilaisten verkosto","publisher":{"@id":"https:\/\/tivia-jasenyhdistykset.fi\/tietoturva\/#organization"},"potentialAction":[{"@type":"SearchAction","target":{"@type":"EntryPoint","urlTemplate":"https:\/\/tivia-jasenyhdistykset.fi\/tietoturva\/?s={search_term_string}"},"query-input":{"@type":"PropertyValueSpecification","valueRequired":true,"valueName":"search_term_string"}}],"inLanguage":"fi"},{"@type":"Organization","@id":"https:\/\/tivia-jasenyhdistykset.fi\/tietoturva\/#organization","name":"Tietoturva ry","url":"https:\/\/tivia-jasenyhdistykset.fi\/tietoturva\/","logo":{"@type":"ImageObject","inLanguage":"fi","@id":"https:\/\/tivia-jasenyhdistykset.fi\/tietoturva\/#\/schema\/logo\/image\/","url":"https:\/\/tietoturva.fi\/wp-content\/uploads\/sites\/7\/2021\/05\/Tietoturva-logo-2018-100.png","contentUrl":"https:\/\/tietoturva.fi\/wp-content\/uploads\/sites\/7\/2021\/05\/Tietoturva-logo-2018-100.png","width":73,"height":100,"caption":"Tietoturva ry"},"image":{"@id":"https:\/\/tivia-jasenyhdistykset.fi\/tietoturva\/#\/schema\/logo\/image\/"},"sameAs":["https:\/\/www.facebook.com\/TietoturvaRy\/","https:\/\/x.com\/tietoturva_ry","https:\/\/www.linkedin.com\/company\/tietoturva\/","https:\/\/www.youtube.com\/channel\/UCmXkytjYpJ4_N2msCNy69sw\/"]},{"@type":"Person","@id":"https:\/\/tivia-jasenyhdistykset.fi\/tietoturva\/#\/schema\/person\/19adf5a38ed1bb5572c797f59f5d398c","name":"marttinentomi14855","image":{"@type":"ImageObject","inLanguage":"fi","@id":"https:\/\/secure.gravatar.com\/avatar\/86ce3195a207958a65db3a2f1a0b53c6822ec82b8849c824270d6274e1a79ff8?s=96&d=mm&r=g","url":"https:\/\/secure.gravatar.com\/avatar\/86ce3195a207958a65db3a2f1a0b53c6822ec82b8849c824270d6274e1a79ff8?s=96&d=mm&r=g","contentUrl":"https:\/\/secure.gravatar.com\/avatar\/86ce3195a207958a65db3a2f1a0b53c6822ec82b8849c824270d6274e1a79ff8?s=96&d=mm&r=g","caption":"marttinentomi14855"},"url":"https:\/\/tivia-jasenyhdistykset.fi\/tietoturva\/author\/marttinentomi14855\/"}]}},"_links":{"self":[{"href":"https:\/\/tivia-jasenyhdistykset.fi\/tietoturva\/wp-json\/wp\/v2\/posts\/1531","targetHints":{"allow":["GET"]}}],"collection":[{"href":"https:\/\/tivia-jasenyhdistykset.fi\/tietoturva\/wp-json\/wp\/v2\/posts"}],"about":[{"href":"https:\/\/tivia-jasenyhdistykset.fi\/tietoturva\/wp-json\/wp\/v2\/types\/post"}],"author":[{"embeddable":true,"href":"https:\/\/tivia-jasenyhdistykset.fi\/tietoturva\/wp-json\/wp\/v2\/users\/2406"}],"replies":[{"embeddable":true,"href":"https:\/\/tivia-jasenyhdistykset.fi\/tietoturva\/wp-json\/wp\/v2\/comments?post=1531"}],"version-history":[{"count":2,"href":"https:\/\/tivia-jasenyhdistykset.fi\/tietoturva\/wp-json\/wp\/v2\/posts\/1531\/revisions"}],"predecessor-version":[{"id":1533,"href":"https:\/\/tivia-jasenyhdistykset.fi\/tietoturva\/wp-json\/wp\/v2\/posts\/1531\/revisions\/1533"}],"wp:attachment":[{"href":"https:\/\/tivia-jasenyhdistykset.fi\/tietoturva\/wp-json\/wp\/v2\/media?parent=1531"}],"wp:term":[{"taxonomy":"category","embeddable":true,"href":"https:\/\/tivia-jasenyhdistykset.fi\/tietoturva\/wp-json\/wp\/v2\/categories?post=1531"},{"taxonomy":"post_tag","embeddable":true,"href":"https:\/\/tivia-jasenyhdistykset.fi\/tietoturva\/wp-json\/wp\/v2\/tags?post=1531"}],"curies":[{"name":"wp","href":"https:\/\/api.w.org\/{rel}","templated":true}]}}