{"id":1547,"date":"2022-09-26T10:24:49","date_gmt":"2022-09-26T07:24:49","guid":{"rendered":"https:\/\/tietoturva.fi\/?p=1547"},"modified":"2024-05-31T13:42:37","modified_gmt":"2024-05-31T10:42:37","slug":"tia-prosessi-valtorissa","status":"publish","type":"post","link":"https:\/\/tivia-jasenyhdistykset.fi\/tietoturva\/2022\/09\/26\/tia-prosessi-valtorissa\/","title":{"rendered":"TIA-prosessi Valtorissa webinaari 1.11.2022"},"content":{"rendered":"<p><span style=\"font-weight: 400;\"><img loading=\"lazy\" decoding=\"async\" class=\"aligncenter wp-image-1272\" src=\"https:\/\/tietoturva.fi\/wp-content\/uploads\/sites\/7\/2022\/03\/ttry-webinar.png\" alt=\"\" width=\"310\" height=\"268\" srcset=\"https:\/\/tivia-jasenyhdistykset.fi\/tietoturva\/wp-content\/uploads\/sites\/7\/2022\/03\/ttry-webinar.png 723w, https:\/\/tivia-jasenyhdistykset.fi\/tietoturva\/wp-content\/uploads\/sites\/7\/2022\/03\/ttry-webinar-300x259.png 300w\" sizes=\"auto, (max-width: 310px) 100vw, 310px\" \/><\/span><\/p>\n<p><span style=\"font-weight: 400;\">Tervetuloa seuraavaan tietosuojaverkoston webinaariin tiistaina 1.11.2022 kello 8:30! <\/span><\/p>\n<p><span style=\"font-weight: 400;\">Jatkamme kuuman perunan parissa, kun Valtorilta Maija Ronkainen tulee kertomaan Valtorin Transfer Impact Assessment eli TIA-prosessista. TIA on Schrems II -tuomion my\u00f6t\u00e4 organisaatioiden vastuulla oleva tiedonsiirtoja koskeva riskiarvio. EU:n ja Euroopan talousalueen ulkopuolelle tapahtuvissa siirroissa on henkil\u00f6tietojen suojan oltava EU:n vaatimustentasolla ja TIA-prosessilla pyrit\u00e4\u00e4n vastaamaan t\u00e4h\u00e4n riitt\u00e4vyyden henkil\u00f6tietojen suojan kysymykseen.<br \/>\n<\/span><\/p>\n<p><span style=\"font-weight: 400;\">Tervetuloa linjoille ja aloita ty\u00f6p\u00e4iv\u00e4 ajankohtaisen aiheen parissa!<\/span><\/p>\n<hr \/>\n<p><strong>Ilmoittautuminen:<br \/>\n<\/strong>P\u00e4iv\u00e4: tiistai 1.11.2022<br \/>\nKello: 08.30<br \/>\nIlmoittautuminen: Voit ilmoittautua tapahtumaan [<a href=\"https:\/\/tivia.fi\/event\/tia-prosessi-valtorissa-webinaari-2022-11-01-548\/register\">t\u00e4st\u00e4<\/a>].<\/p>\n<p><span style=\"font-weight: 400;\"><strong>Puhuja:<\/strong><br \/>\n<\/span><span style=\"font-weight: 400;\"><img loading=\"lazy\" decoding=\"async\" class=\" wp-image-1548 alignleft\" src=\"https:\/\/tietoturva.fi\/wp-content\/uploads\/sites\/7\/2022\/09\/valtori_maija_ronkainen.png\" alt=\"\" width=\"120\" height=\"150\" \/>Maija Ronkainen on liittynyt Valtorin riveihin koulun penkilt\u00e4 ensin harjoittelijana, ja maaliskuussa 2016 tietoturva-asiantuntijan teht\u00e4viin. Tietosuojan parissa h\u00e4n on ty\u00f6skennellyt kev\u00e4\u00e4st\u00e4 2018 saakka. Maija on kes\u00e4ll\u00e4 2022 valmistunut kyberturvallisuuden maisteriohjelmasta.<\/span><\/p>\n<h4><\/h4>\n<p>&nbsp;<\/p>\n<p>&nbsp;<\/p>\n<p>&nbsp;<\/p>\n<p><strong>Tietosuojaverkosto<\/strong><br \/>\nTietosuojaverkosto on TIVIAn j\u00e4senyhdistyksien j\u00e4senille suunnattu Tietoturva ry:n j\u00e4rjest\u00e4m\u00e4 verkosto kaikille tietosuojaosaajille tai siit\u00e4 muuten kiinnostuneille. Verkostossa keskustellaan tietosuojan ajankohtaisista asioista, jaetaan parhaita k\u00e4yt\u00e4nt\u00f6j\u00e4 sek\u00e4 annetaan vertaistukea.<\/p>\n<p><strong>Kenelle?<\/strong><br \/>\nKaikille Tivian j\u00e4senyhteis\u00f6jen j\u00e4senille, kuten Tietoturva ry:n j\u00e4senille.\u00a0 Tietoturva ry:n j\u00e4seneksi voit liitty\u00e4 <a href=\"https:\/\/tietoturva.fi\/jaseneksi\/\">sivustomme kautta<\/a>.<\/p>\n<p>Mik\u00e4li tietosuoja kiinnostaa, seuraa verkkosivujamme ja Twitter-tili\u00e4mme, joissa ilmoitamme verkoston kokoontumisesta!<\/p>\n<p>&nbsp;<\/p>\n<p><strong>Webinaarin materiaalit\u00a0<\/strong><br \/>\nTapahtumamateriaalit l\u00f6yd\u00e4t <a href=\"https:\/\/tivia.fi\/slides\/slide\/valtorin-tia-webinaarin-materiaalit-161\">t\u00e4\u00e4lt\u00e4<\/a> <em>(vaatii sis\u00e4\u00e4nkirjautumisen). <\/em><\/p>\n<p>Mik\u00e4li sis\u00e4\u00e4nkirjautumisessa on ongelmia tai\u00a0 j\u00e4sentietoihisi ei ole liitetty s\u00e4hk\u00f6postiosoitetta <em>(tai et muista sit\u00e4)<\/em>, l\u00e4het\u00e4 viesti osoitteeseen jasenasiat(at)tivia.fi. Laita viestiin yhteystietosi (esim. osoite ja\/tai laskusta l\u00f6ytyv\u00e4 j\u00e4sennumerosi).<\/p>\n<hr \/>\n<p><em>Yhdistys varaa oikeudet muutoksille.<\/em><\/p>\n<p>&nbsp;<\/p>\n","protected":false},"excerpt":{"rendered":"<p><img loading=\"lazy\" decoding=\"async\" class=\"aligncenter wp-image-1272\" src=\"https:\/\/tietoturva.fi\/wp-content\/uploads\/sites\/7\/2022\/03\/ttry-webinar.png\" alt=\"\" width=\"310\" height=\"268\" srcset=\"https:\/\/tivia-jasenyhdistykset.fi\/tietoturva\/wp-content\/uploads\/sites\/7\/2022\/03\/ttry-webinar.png 723w, https:\/\/tivia-jasenyhdistykset.fi\/tietoturva\/wp-content\/uploads\/sites\/7\/2022\/03\/ttry-webinar-300x259.png 300w\" sizes=\"auto, (max-width: 310px) 100vw, 310px\" \/><\/p>\n<p>Tervetuloa seuraavaan tietosuojaverkoston webinaariin tiistaina 1.11.2022 kello 8:30! <\/p>\n<p>Jatkamme kuuman perunan parissa, kun Valtorilta Maija Ronkainen tulee kertomaan Valtorin Transfer Impact Assessment eli TIA-prosessista. TIA on Schrems II -tuomion my\u00f6t\u00e4 organisaatioiden vastuulla oleva tiedonsiirtoja koskeva riskiarvio.<\/p>\n","protected":false},"author":2408,"featured_media":0,"comment_status":"closed","ping_status":"closed","sticky":false,"template":"","format":"standard","meta":{"_acf_changed":false,"footnotes":""},"categories":[24],"tags":[],"class_list":["post-1547","post","type-post","status-publish","format-standard","hentry","category-webinaari"],"acf":[],"yoast_head":"<!-- This site is optimized with the Yoast SEO plugin v27.5 - https:\/\/yoast.com\/product\/yoast-seo-wordpress\/ -->\n<title>TIA-prosessi Valtorissa webinaari 1.11.2022 - Tietoturva ry<\/title>\n<meta name=\"robots\" content=\"index, follow, max-snippet:-1, max-image-preview:large, max-video-preview:-1\" \/>\n<link rel=\"canonical\" href=\"https:\/\/tivia-jasenyhdistykset.fi\/tietoturva\/2022\/09\/26\/tia-prosessi-valtorissa\/\" \/>\n<meta property=\"og:locale\" content=\"fi_FI\" \/>\n<meta property=\"og:type\" content=\"article\" \/>\n<meta property=\"og:title\" content=\"TIA-prosessi Valtorissa webinaari 1.11.2022 - Tietoturva ry\" \/>\n<meta property=\"og:description\" content=\"Tervetuloa seuraavaan tietosuojaverkoston webinaariin tiistaina 1.11.2022 kello 8:30! Jatkamme kuuman perunan parissa, kun Valtorilta Maija Ronkainen tulee kertomaan Valtorin Transfer Impact Assessment eli TIA-prosessista. TIA on Schrems II -tuomion my\u00f6t\u00e4 organisaatioiden vastuulla oleva tiedonsiirtoja koskeva riskiarvio.\" \/>\n<meta property=\"og:url\" content=\"https:\/\/tivia-jasenyhdistykset.fi\/tietoturva\/2022\/09\/26\/tia-prosessi-valtorissa\/\" \/>\n<meta property=\"og:site_name\" content=\"Tietoturva ry\" \/>\n<meta property=\"article:publisher\" content=\"https:\/\/www.facebook.com\/TietoturvaRy\/\" \/>\n<meta property=\"article:published_time\" content=\"2022-09-26T07:24:49+00:00\" \/>\n<meta property=\"article:modified_time\" content=\"2024-05-31T10:42:37+00:00\" \/>\n<meta property=\"og:image\" content=\"https:\/\/tietoturva.fi\/wp-content\/uploads\/sites\/7\/2022\/03\/ttry-webinar.png\" \/>\n<meta name=\"author\" content=\"Tommi V\" \/>\n<meta name=\"twitter:card\" content=\"summary_large_image\" \/>\n<meta name=\"twitter:creator\" content=\"@tietoturva_ry\" \/>\n<meta name=\"twitter:site\" content=\"@tietoturva_ry\" \/>\n<meta name=\"twitter:label1\" content=\"Kirjoittanut\" \/>\n\t<meta name=\"twitter:data1\" content=\"Tommi V\" \/>\n\t<meta name=\"twitter:label2\" content=\"Arvioitu lukuaika\" \/>\n\t<meta name=\"twitter:data2\" content=\"2 minuuttia\" \/>\n<script type=\"application\/ld+json\" class=\"yoast-schema-graph\">{\"@context\":\"https:\\\/\\\/schema.org\",\"@graph\":[{\"@type\":\"Article\",\"@id\":\"https:\\\/\\\/tivia-jasenyhdistykset.fi\\\/tietoturva\\\/2022\\\/09\\\/26\\\/tia-prosessi-valtorissa\\\/#article\",\"isPartOf\":{\"@id\":\"https:\\\/\\\/tivia-jasenyhdistykset.fi\\\/tietoturva\\\/2022\\\/09\\\/26\\\/tia-prosessi-valtorissa\\\/\"},\"author\":{\"name\":\"Tommi V\",\"@id\":\"https:\\\/\\\/tivia-jasenyhdistykset.fi\\\/tietoturva\\\/#\\\/schema\\\/person\\\/509d9bb392337a2d220ec611546998ec\"},\"headline\":\"TIA-prosessi Valtorissa webinaari 1.11.2022\",\"datePublished\":\"2022-09-26T07:24:49+00:00\",\"dateModified\":\"2024-05-31T10:42:37+00:00\",\"mainEntityOfPage\":{\"@id\":\"https:\\\/\\\/tivia-jasenyhdistykset.fi\\\/tietoturva\\\/2022\\\/09\\\/26\\\/tia-prosessi-valtorissa\\\/\"},\"wordCount\":253,\"publisher\":{\"@id\":\"https:\\\/\\\/tivia-jasenyhdistykset.fi\\\/tietoturva\\\/#organization\"},\"image\":{\"@id\":\"https:\\\/\\\/tivia-jasenyhdistykset.fi\\\/tietoturva\\\/2022\\\/09\\\/26\\\/tia-prosessi-valtorissa\\\/#primaryimage\"},\"thumbnailUrl\":\"https:\\\/\\\/tietoturva.fi\\\/wp-content\\\/uploads\\\/sites\\\/7\\\/2022\\\/03\\\/ttry-webinar.png\",\"articleSection\":[\"Webinaari\"],\"inLanguage\":\"fi\"},{\"@type\":\"WebPage\",\"@id\":\"https:\\\/\\\/tivia-jasenyhdistykset.fi\\\/tietoturva\\\/2022\\\/09\\\/26\\\/tia-prosessi-valtorissa\\\/\",\"url\":\"https:\\\/\\\/tivia-jasenyhdistykset.fi\\\/tietoturva\\\/2022\\\/09\\\/26\\\/tia-prosessi-valtorissa\\\/\",\"name\":\"TIA-prosessi Valtorissa webinaari 1.11.2022 - Tietoturva ry\",\"isPartOf\":{\"@id\":\"https:\\\/\\\/tivia-jasenyhdistykset.fi\\\/tietoturva\\\/#website\"},\"primaryImageOfPage\":{\"@id\":\"https:\\\/\\\/tivia-jasenyhdistykset.fi\\\/tietoturva\\\/2022\\\/09\\\/26\\\/tia-prosessi-valtorissa\\\/#primaryimage\"},\"image\":{\"@id\":\"https:\\\/\\\/tivia-jasenyhdistykset.fi\\\/tietoturva\\\/2022\\\/09\\\/26\\\/tia-prosessi-valtorissa\\\/#primaryimage\"},\"thumbnailUrl\":\"https:\\\/\\\/tietoturva.fi\\\/wp-content\\\/uploads\\\/sites\\\/7\\\/2022\\\/03\\\/ttry-webinar.png\",\"datePublished\":\"2022-09-26T07:24:49+00:00\",\"dateModified\":\"2024-05-31T10:42:37+00:00\",\"breadcrumb\":{\"@id\":\"https:\\\/\\\/tivia-jasenyhdistykset.fi\\\/tietoturva\\\/2022\\\/09\\\/26\\\/tia-prosessi-valtorissa\\\/#breadcrumb\"},\"inLanguage\":\"fi\",\"potentialAction\":[{\"@type\":\"ReadAction\",\"target\":[\"https:\\\/\\\/tivia-jasenyhdistykset.fi\\\/tietoturva\\\/2022\\\/09\\\/26\\\/tia-prosessi-valtorissa\\\/\"]}]},{\"@type\":\"ImageObject\",\"inLanguage\":\"fi\",\"@id\":\"https:\\\/\\\/tivia-jasenyhdistykset.fi\\\/tietoturva\\\/2022\\\/09\\\/26\\\/tia-prosessi-valtorissa\\\/#primaryimage\",\"url\":\"https:\\\/\\\/tietoturva.fi\\\/wp-content\\\/uploads\\\/sites\\\/7\\\/2022\\\/03\\\/ttry-webinar.png\",\"contentUrl\":\"https:\\\/\\\/tietoturva.fi\\\/wp-content\\\/uploads\\\/sites\\\/7\\\/2022\\\/03\\\/ttry-webinar.png\"},{\"@type\":\"BreadcrumbList\",\"@id\":\"https:\\\/\\\/tivia-jasenyhdistykset.fi\\\/tietoturva\\\/2022\\\/09\\\/26\\\/tia-prosessi-valtorissa\\\/#breadcrumb\",\"itemListElement\":[{\"@type\":\"ListItem\",\"position\":1,\"name\":\"Etusivu\",\"item\":\"https:\\\/\\\/tivia-jasenyhdistykset.fi\\\/tietoturva\\\/\"},{\"@type\":\"ListItem\",\"position\":2,\"name\":\"TIA-prosessi Valtorissa webinaari 1.11.2022\"}]},{\"@type\":\"WebSite\",\"@id\":\"https:\\\/\\\/tivia-jasenyhdistykset.fi\\\/tietoturva\\\/#website\",\"url\":\"https:\\\/\\\/tivia-jasenyhdistykset.fi\\\/tietoturva\\\/\",\"name\":\"Tietoturva ry\",\"description\":\"Suomen suurin tietoturva-ammattilaisten verkosto\",\"publisher\":{\"@id\":\"https:\\\/\\\/tivia-jasenyhdistykset.fi\\\/tietoturva\\\/#organization\"},\"potentialAction\":[{\"@type\":\"SearchAction\",\"target\":{\"@type\":\"EntryPoint\",\"urlTemplate\":\"https:\\\/\\\/tivia-jasenyhdistykset.fi\\\/tietoturva\\\/?s={search_term_string}\"},\"query-input\":{\"@type\":\"PropertyValueSpecification\",\"valueRequired\":true,\"valueName\":\"search_term_string\"}}],\"inLanguage\":\"fi\"},{\"@type\":\"Organization\",\"@id\":\"https:\\\/\\\/tivia-jasenyhdistykset.fi\\\/tietoturva\\\/#organization\",\"name\":\"Tietoturva ry\",\"url\":\"https:\\\/\\\/tivia-jasenyhdistykset.fi\\\/tietoturva\\\/\",\"logo\":{\"@type\":\"ImageObject\",\"inLanguage\":\"fi\",\"@id\":\"https:\\\/\\\/tivia-jasenyhdistykset.fi\\\/tietoturva\\\/#\\\/schema\\\/logo\\\/image\\\/\",\"url\":\"https:\\\/\\\/tietoturva.fi\\\/wp-content\\\/uploads\\\/sites\\\/7\\\/2021\\\/05\\\/Tietoturva-logo-2018-100.png\",\"contentUrl\":\"https:\\\/\\\/tietoturva.fi\\\/wp-content\\\/uploads\\\/sites\\\/7\\\/2021\\\/05\\\/Tietoturva-logo-2018-100.png\",\"width\":73,\"height\":100,\"caption\":\"Tietoturva ry\"},\"image\":{\"@id\":\"https:\\\/\\\/tivia-jasenyhdistykset.fi\\\/tietoturva\\\/#\\\/schema\\\/logo\\\/image\\\/\"},\"sameAs\":[\"https:\\\/\\\/www.facebook.com\\\/TietoturvaRy\\\/\",\"https:\\\/\\\/x.com\\\/tietoturva_ry\",\"https:\\\/\\\/www.linkedin.com\\\/company\\\/tietoturva\\\/\",\"https:\\\/\\\/www.youtube.com\\\/channel\\\/UCmXkytjYpJ4_N2msCNy69sw\\\/\"]},{\"@type\":\"Person\",\"@id\":\"https:\\\/\\\/tivia-jasenyhdistykset.fi\\\/tietoturva\\\/#\\\/schema\\\/person\\\/509d9bb392337a2d220ec611546998ec\",\"name\":\"Tommi V\",\"image\":{\"@type\":\"ImageObject\",\"inLanguage\":\"fi\",\"@id\":\"https:\\\/\\\/secure.gravatar.com\\\/avatar\\\/407fe7c123719aedfe1043bea0075baf31b4805e5599ab36f3b560d37cfba06d?s=96&d=mm&r=g\",\"url\":\"https:\\\/\\\/secure.gravatar.com\\\/avatar\\\/407fe7c123719aedfe1043bea0075baf31b4805e5599ab36f3b560d37cfba06d?s=96&d=mm&r=g\",\"contentUrl\":\"https:\\\/\\\/secure.gravatar.com\\\/avatar\\\/407fe7c123719aedfe1043bea0075baf31b4805e5599ab36f3b560d37cfba06d?s=96&d=mm&r=g\",\"caption\":\"Tommi V\"},\"url\":\"https:\\\/\\\/tivia-jasenyhdistykset.fi\\\/tietoturva\\\/author\\\/vanninentommi10605\\\/\"}]}<\/script>\n<!-- \/ Yoast SEO plugin. -->","yoast_head_json":{"title":"TIA-prosessi Valtorissa webinaari 1.11.2022 - Tietoturva ry","robots":{"index":"index","follow":"follow","max-snippet":"max-snippet:-1","max-image-preview":"max-image-preview:large","max-video-preview":"max-video-preview:-1"},"canonical":"https:\/\/tivia-jasenyhdistykset.fi\/tietoturva\/2022\/09\/26\/tia-prosessi-valtorissa\/","og_locale":"fi_FI","og_type":"article","og_title":"TIA-prosessi Valtorissa webinaari 1.11.2022 - Tietoturva ry","og_description":"Tervetuloa seuraavaan tietosuojaverkoston webinaariin tiistaina 1.11.2022 kello 8:30! Jatkamme kuuman perunan parissa, kun Valtorilta Maija Ronkainen tulee kertomaan Valtorin Transfer Impact Assessment eli TIA-prosessista. TIA on Schrems II -tuomion my\u00f6t\u00e4 organisaatioiden vastuulla oleva tiedonsiirtoja koskeva riskiarvio.","og_url":"https:\/\/tivia-jasenyhdistykset.fi\/tietoturva\/2022\/09\/26\/tia-prosessi-valtorissa\/","og_site_name":"Tietoturva ry","article_publisher":"https:\/\/www.facebook.com\/TietoturvaRy\/","article_published_time":"2022-09-26T07:24:49+00:00","article_modified_time":"2024-05-31T10:42:37+00:00","og_image":[{"url":"https:\/\/tietoturva.fi\/wp-content\/uploads\/sites\/7\/2022\/03\/ttry-webinar.png","type":"","width":"","height":""}],"author":"Tommi V","twitter_card":"summary_large_image","twitter_creator":"@tietoturva_ry","twitter_site":"@tietoturva_ry","twitter_misc":{"Kirjoittanut":"Tommi V","Arvioitu lukuaika":"2 minuuttia"},"schema":{"@context":"https:\/\/schema.org","@graph":[{"@type":"Article","@id":"https:\/\/tivia-jasenyhdistykset.fi\/tietoturva\/2022\/09\/26\/tia-prosessi-valtorissa\/#article","isPartOf":{"@id":"https:\/\/tivia-jasenyhdistykset.fi\/tietoturva\/2022\/09\/26\/tia-prosessi-valtorissa\/"},"author":{"name":"Tommi V","@id":"https:\/\/tivia-jasenyhdistykset.fi\/tietoturva\/#\/schema\/person\/509d9bb392337a2d220ec611546998ec"},"headline":"TIA-prosessi Valtorissa webinaari 1.11.2022","datePublished":"2022-09-26T07:24:49+00:00","dateModified":"2024-05-31T10:42:37+00:00","mainEntityOfPage":{"@id":"https:\/\/tivia-jasenyhdistykset.fi\/tietoturva\/2022\/09\/26\/tia-prosessi-valtorissa\/"},"wordCount":253,"publisher":{"@id":"https:\/\/tivia-jasenyhdistykset.fi\/tietoturva\/#organization"},"image":{"@id":"https:\/\/tivia-jasenyhdistykset.fi\/tietoturva\/2022\/09\/26\/tia-prosessi-valtorissa\/#primaryimage"},"thumbnailUrl":"https:\/\/tietoturva.fi\/wp-content\/uploads\/sites\/7\/2022\/03\/ttry-webinar.png","articleSection":["Webinaari"],"inLanguage":"fi"},{"@type":"WebPage","@id":"https:\/\/tivia-jasenyhdistykset.fi\/tietoturva\/2022\/09\/26\/tia-prosessi-valtorissa\/","url":"https:\/\/tivia-jasenyhdistykset.fi\/tietoturva\/2022\/09\/26\/tia-prosessi-valtorissa\/","name":"TIA-prosessi Valtorissa webinaari 1.11.2022 - Tietoturva ry","isPartOf":{"@id":"https:\/\/tivia-jasenyhdistykset.fi\/tietoturva\/#website"},"primaryImageOfPage":{"@id":"https:\/\/tivia-jasenyhdistykset.fi\/tietoturva\/2022\/09\/26\/tia-prosessi-valtorissa\/#primaryimage"},"image":{"@id":"https:\/\/tivia-jasenyhdistykset.fi\/tietoturva\/2022\/09\/26\/tia-prosessi-valtorissa\/#primaryimage"},"thumbnailUrl":"https:\/\/tietoturva.fi\/wp-content\/uploads\/sites\/7\/2022\/03\/ttry-webinar.png","datePublished":"2022-09-26T07:24:49+00:00","dateModified":"2024-05-31T10:42:37+00:00","breadcrumb":{"@id":"https:\/\/tivia-jasenyhdistykset.fi\/tietoturva\/2022\/09\/26\/tia-prosessi-valtorissa\/#breadcrumb"},"inLanguage":"fi","potentialAction":[{"@type":"ReadAction","target":["https:\/\/tivia-jasenyhdistykset.fi\/tietoturva\/2022\/09\/26\/tia-prosessi-valtorissa\/"]}]},{"@type":"ImageObject","inLanguage":"fi","@id":"https:\/\/tivia-jasenyhdistykset.fi\/tietoturva\/2022\/09\/26\/tia-prosessi-valtorissa\/#primaryimage","url":"https:\/\/tietoturva.fi\/wp-content\/uploads\/sites\/7\/2022\/03\/ttry-webinar.png","contentUrl":"https:\/\/tietoturva.fi\/wp-content\/uploads\/sites\/7\/2022\/03\/ttry-webinar.png"},{"@type":"BreadcrumbList","@id":"https:\/\/tivia-jasenyhdistykset.fi\/tietoturva\/2022\/09\/26\/tia-prosessi-valtorissa\/#breadcrumb","itemListElement":[{"@type":"ListItem","position":1,"name":"Etusivu","item":"https:\/\/tivia-jasenyhdistykset.fi\/tietoturva\/"},{"@type":"ListItem","position":2,"name":"TIA-prosessi Valtorissa webinaari 1.11.2022"}]},{"@type":"WebSite","@id":"https:\/\/tivia-jasenyhdistykset.fi\/tietoturva\/#website","url":"https:\/\/tivia-jasenyhdistykset.fi\/tietoturva\/","name":"Tietoturva ry","description":"Suomen suurin tietoturva-ammattilaisten verkosto","publisher":{"@id":"https:\/\/tivia-jasenyhdistykset.fi\/tietoturva\/#organization"},"potentialAction":[{"@type":"SearchAction","target":{"@type":"EntryPoint","urlTemplate":"https:\/\/tivia-jasenyhdistykset.fi\/tietoturva\/?s={search_term_string}"},"query-input":{"@type":"PropertyValueSpecification","valueRequired":true,"valueName":"search_term_string"}}],"inLanguage":"fi"},{"@type":"Organization","@id":"https:\/\/tivia-jasenyhdistykset.fi\/tietoturva\/#organization","name":"Tietoturva ry","url":"https:\/\/tivia-jasenyhdistykset.fi\/tietoturva\/","logo":{"@type":"ImageObject","inLanguage":"fi","@id":"https:\/\/tivia-jasenyhdistykset.fi\/tietoturva\/#\/schema\/logo\/image\/","url":"https:\/\/tietoturva.fi\/wp-content\/uploads\/sites\/7\/2021\/05\/Tietoturva-logo-2018-100.png","contentUrl":"https:\/\/tietoturva.fi\/wp-content\/uploads\/sites\/7\/2021\/05\/Tietoturva-logo-2018-100.png","width":73,"height":100,"caption":"Tietoturva ry"},"image":{"@id":"https:\/\/tivia-jasenyhdistykset.fi\/tietoturva\/#\/schema\/logo\/image\/"},"sameAs":["https:\/\/www.facebook.com\/TietoturvaRy\/","https:\/\/x.com\/tietoturva_ry","https:\/\/www.linkedin.com\/company\/tietoturva\/","https:\/\/www.youtube.com\/channel\/UCmXkytjYpJ4_N2msCNy69sw\/"]},{"@type":"Person","@id":"https:\/\/tivia-jasenyhdistykset.fi\/tietoturva\/#\/schema\/person\/509d9bb392337a2d220ec611546998ec","name":"Tommi V","image":{"@type":"ImageObject","inLanguage":"fi","@id":"https:\/\/secure.gravatar.com\/avatar\/407fe7c123719aedfe1043bea0075baf31b4805e5599ab36f3b560d37cfba06d?s=96&d=mm&r=g","url":"https:\/\/secure.gravatar.com\/avatar\/407fe7c123719aedfe1043bea0075baf31b4805e5599ab36f3b560d37cfba06d?s=96&d=mm&r=g","contentUrl":"https:\/\/secure.gravatar.com\/avatar\/407fe7c123719aedfe1043bea0075baf31b4805e5599ab36f3b560d37cfba06d?s=96&d=mm&r=g","caption":"Tommi V"},"url":"https:\/\/tivia-jasenyhdistykset.fi\/tietoturva\/author\/vanninentommi10605\/"}]}},"_links":{"self":[{"href":"https:\/\/tivia-jasenyhdistykset.fi\/tietoturva\/wp-json\/wp\/v2\/posts\/1547","targetHints":{"allow":["GET"]}}],"collection":[{"href":"https:\/\/tivia-jasenyhdistykset.fi\/tietoturva\/wp-json\/wp\/v2\/posts"}],"about":[{"href":"https:\/\/tivia-jasenyhdistykset.fi\/tietoturva\/wp-json\/wp\/v2\/types\/post"}],"author":[{"embeddable":true,"href":"https:\/\/tivia-jasenyhdistykset.fi\/tietoturva\/wp-json\/wp\/v2\/users\/2408"}],"replies":[{"embeddable":true,"href":"https:\/\/tivia-jasenyhdistykset.fi\/tietoturva\/wp-json\/wp\/v2\/comments?post=1547"}],"version-history":[{"count":13,"href":"https:\/\/tivia-jasenyhdistykset.fi\/tietoturva\/wp-json\/wp\/v2\/posts\/1547\/revisions"}],"predecessor-version":[{"id":1692,"href":"https:\/\/tivia-jasenyhdistykset.fi\/tietoturva\/wp-json\/wp\/v2\/posts\/1547\/revisions\/1692"}],"wp:attachment":[{"href":"https:\/\/tivia-jasenyhdistykset.fi\/tietoturva\/wp-json\/wp\/v2\/media?parent=1547"}],"wp:term":[{"taxonomy":"category","embeddable":true,"href":"https:\/\/tivia-jasenyhdistykset.fi\/tietoturva\/wp-json\/wp\/v2\/categories?post=1547"},{"taxonomy":"post_tag","embeddable":true,"href":"https:\/\/tivia-jasenyhdistykset.fi\/tietoturva\/wp-json\/wp\/v2\/tags?post=1547"}],"curies":[{"name":"wp","href":"https:\/\/api.w.org\/{rel}","templated":true}]}}