{"id":1663,"date":"2023-01-04T10:11:17","date_gmt":"2023-01-04T08:11:17","guid":{"rendered":"https:\/\/tietoturva.fi\/?p=1663"},"modified":"2024-05-31T13:42:36","modified_gmt":"2024-05-31T10:42:36","slug":"vuoden-tietosuojavastaava-ja-tietosuojateko","status":"publish","type":"post","link":"https:\/\/tivia-jasenyhdistykset.fi\/tietoturva\/2023\/01\/04\/vuoden-tietosuojavastaava-ja-tietosuojateko\/","title":{"rendered":"Ehdota vuoden tietosuojavastaavaa ja tietosuojatekoa"},"content":{"rendered":"<div class=\"p-rich_text_section\">\n<p><img loading=\"lazy\" decoding=\"async\" class=\"size-full wp-image-1655 aligncenter\" src=\"https:\/\/tietoturva.fi\/wp-content\/uploads\/sites\/7\/2023\/01\/ttry-tietosuoja-scaled.jpg\" alt=\"\" width=\"2560\" height=\"1057\" srcset=\"https:\/\/tivia-jasenyhdistykset.fi\/tietoturva\/wp-content\/uploads\/sites\/7\/2023\/01\/ttry-tietosuoja-scaled.jpg 2560w, https:\/\/tivia-jasenyhdistykset.fi\/tietoturva\/wp-content\/uploads\/sites\/7\/2023\/01\/ttry-tietosuoja-300x124.jpg 300w, https:\/\/tivia-jasenyhdistykset.fi\/tietoturva\/wp-content\/uploads\/sites\/7\/2023\/01\/ttry-tietosuoja-1024x423.jpg 1024w, https:\/\/tivia-jasenyhdistykset.fi\/tietoturva\/wp-content\/uploads\/sites\/7\/2023\/01\/ttry-tietosuoja-768x317.jpg 768w, https:\/\/tivia-jasenyhdistykset.fi\/tietoturva\/wp-content\/uploads\/sites\/7\/2023\/01\/ttry-tietosuoja-1536x634.jpg 1536w, https:\/\/tivia-jasenyhdistykset.fi\/tietoturva\/wp-content\/uploads\/sites\/7\/2023\/01\/ttry-tietosuoja-2048x846.jpg 2048w\" sizes=\"auto, (max-width: 2560px) 100vw, 2560px\" \/><\/p>\n<h3>Ehdota vuoden tietosuojavastaavaa ja tietosuojatekoa<\/h3>\n<p>Tietoturva ry haluaa edist\u00e4\u00e4 ja kannustaa suomalaista tietoturva- ja tietosuojayhteis\u00f6\u00e4 erilaisilla tunnustuksilla. Tunnustuksien tarkoituksena on kannustaa tietosuoja-ammattilaisia kehittym\u00e4\u00e4n omassa ty\u00f6ss\u00e4\u00e4n, sek\u00e4 edist\u00e4\u00e4 suomalaista tietosuojaosaamista ja sen arvostusta. Vuoden tietosuojavastaava ja vuoden tietosuojateko -tunnustukset toteutetaan yhteisty\u00f6ss\u00e4 Suomen <a href=\"https:\/\/iapp.org\/\" target=\"_blank\" rel=\"noopener\">IAPP<\/a>:n Chapter Chairien kanssa.<\/p>\n<hr \/>\n<\/div>\n<h3 class=\"p-rich_text_section\"><b data-stringify-type=\"bold\">Kilpailun s\u00e4\u00e4nn\u00f6t<\/b><\/h3>\n<div class=\"p-rich_text_section\">\n<p>Vuoden Tietosuojavastaavaksi etsit\u00e4\u00e4n henkil\u00f6\u00e4, joka on organisaatiossa ennakkoluulottomasti ja esimerkillisesti kehitt\u00e4nyt tietosuojan toimintatapoja sek\u00e4 edellytyksi\u00e4 ja\/tai omalla toiminnallaan merkitt\u00e4v\u00e4sti edist\u00e4nyt tietosuoja-ammattilaisten verkostoitumista ja osaamista sek\u00e4 tiedon jakoa organisaatiorajojen yli.<\/p>\n<p>Palkittavan henkil\u00f6n tulee toimia Suomessa esimerkiksi tietosuojap\u00e4\u00e4llik\u00f6n, tietosuojavastaavan tai tietosuojajohtajan teht\u00e4v\u00e4ss\u00e4. Henkil\u00f6n teht\u00e4v\u00e4nimike ei kuitenkaan ole rajoittava tekij\u00e4. Mik\u00e4li henkil\u00f6 toimii konsulttina, niin t\u00e4ll\u00f6in hakemuksessa tulee pysty\u00e4 osoittamaan henkil\u00f6n toimivan vaaditussa teht\u00e4v\u00e4ss\u00e4.<\/p>\n<div><\/div>\n<hr \/>\n<h3 class=\"p-rich_text_section\"><strong>Vuoden tietosuojateon<\/strong> valintakriteerit<\/h3>\n<p class=\"p-rich_text_section\"><strong>Vuoden tietosuojavastaava<\/strong> -tunnustuksen saajaa valittaessa, tulee valinnan perustua yhteen tai useampaan seuraavista valintakriteereist\u00e4:<\/p>\n<ul class=\"p-rich_text_list p-rich_text_list__bullet\" data-stringify-type=\"unordered-list\" data-indent=\"0\" data-border=\"false\" data-border-radius-top-cap=\"false\" data-border-radius-bottom-cap=\"false\">\n<li data-stringify-indent=\"0\" data-stringify-border=\"0\">tunnettavuus<\/li>\n<li data-stringify-indent=\"0\" data-stringify-border=\"0\">laadukkuus<\/li>\n<li data-stringify-indent=\"0\" data-stringify-border=\"0\">merkitys alan kehitykseen<\/li>\n<li data-stringify-indent=\"0\" data-stringify-border=\"0\">kotimaisuus<\/li>\n<li data-stringify-indent=\"0\" data-stringify-border=\"0\">vaikuttajan osalta vaikutus esimerkiksi suomalaiseen tietosuojaosaamisen, kulttuurin tai asenteen kehittymiseen<\/li>\n<\/ul>\n<div class=\"p-rich_text_section\">Tunnustuksien avoin ehdokasasettelu on auki 1.1 \u2013 23.1.2023 v\u00e4lisen aikana.<\/div>\n<div><\/div>\n<div class=\"p-rich_text_section\">Ehdotukset palkittavasta henkil\u00f6st\u00e4 ja teosta perusteluineen pyydet\u00e4\u00e4n ilmoittamaan sivun lopusta l\u00f6ytyv\u00e4ll\u00e4 lomakkeella.\u00a0 Voit ilmiantaa itsesi tai jonkun tuntemasi henkil\u00f6n.<\/div>\n<div><\/div>\n<div class=\"p-rich_text_section\">Tietoturva ry:n hallituksen j\u00e4sent\u00e4 ei voi valita Vuoden Tietosuojavastaavaksi, eik\u00e4 Tietoturva ry:n omaa toimintaa voida palkita Vuoden Tietosuojatekona.<\/div>\n<div><\/div>\n<hr \/>\n<h3 class=\"p-rich_text_section\"><b data-stringify-type=\"bold\">Voittajan p\u00e4\u00e4tt\u00e4minen<\/b><\/h3>\n<div class=\"p-rich_text_section\">Tunnustukset toteutetaan yhteisty\u00f6ss\u00e4 Suomen <a href=\"https:\/\/iapp.org\/\" target=\"_blank\" rel=\"noopener\">IAPP<\/a>:n Chapter Chairien kanssa. N\u00e4ist\u00e4 tahoista koostuva ty\u00f6ryhm\u00e4 k\u00e4y l\u00e4pi m\u00e4\u00e4r\u00e4aikaan menness\u00e4 tulleet hakemukset ja varmistaa, ett\u00e4 hakijat t\u00e4ytt\u00e4v\u00e4t asetetut kriteerit. Ehdokkaat pisteytet\u00e4\u00e4n taulukkoon.<\/div>\n<div><\/div>\n<div class=\"p-rich_text_section\">Mik\u00e4li kaksi tai useampi ehdokas saa saman verran pisteit\u00e4, niin ty\u00f6ryhm\u00e4 \u00e4\u00e4nest\u00e4\u00e4 voittajasta. Mik\u00e4li \u00e4\u00e4net menev\u00e4t tasan, ty\u00f6ryhm\u00e4n puheenjohtajan \u00e4\u00e4ni ratkaisee. Valintatilaisuudesta tulee laatia p\u00f6yt\u00e4kirja, josta ilmenee voittajan valintamenettely.<\/div>\n<div><\/div>\n<hr \/>\n<h3 class=\"p-rich_text_section\"><b data-stringify-type=\"bold\">Kilpailun palkinto<\/b><\/h3>\n<div class=\"p-rich_text_section\">Palkinnoksi Vuoden Tietosuojavastaava ja Vuoden Tietosuojateko saa Tietoturva ry:n lahjoittaman kunniamaininnan sek\u00e4 yhden (1) vuoden mittaisen Tietoturva ry:n henkil\u00f6j\u00e4senyyden, joka oikeuttaa osallistumaan yhdistyksen j\u00e4rjest\u00e4miin tilaisuuksiin ja muihin ja\u00a0 j\u00e4senetuihin\u00a0 sek\u00e4 maksuttoman osallistumisen <a href=\"https:\/\/www.almatalent.fi\/\" target=\"_blank\" rel=\"noopener\">AlmaTalent<\/a>in toteuttamaan tilaisuuteen vuoden 2023 aikana, palkinnoksi my\u00f6nnett\u00e4v\u00e4n tilaisuuden tiedot julkistetaan my\u00f6hemmin.<\/div>\n<div><\/div>\n<hr \/>\n<h3 class=\"p-rich_text_section\"><b data-stringify-type=\"bold\">Voittajan\u00a0julkistaminen<\/b><\/h3>\n<div class=\"p-rich_text_section\">\n<p>Vuoden Tietosuojavastaava ja tietosuojateko 2023 tunnustuksien saajat julkistetaan Tietosuojap\u00e4iv\u00e4ss\u00e4 27.1.2023.<\/p>\n<p>Lis\u00e4tietoa:<br \/>\nOona Matinpalo<br \/>\nTietoturva ry \u2013 Tietosuojaverkoston vet\u00e4j\u00e4<br \/>\n<a class=\"c-link\" tabindex=\"-1\" href=\"mailto:oona.matinpalo@tietoturva.fi\" target=\"_blank\" rel=\"noopener noreferrer\" data-stringify-link=\"mailto:oona.matinpalo@tietoturva.fi\" data-sk=\"tooltip_parent\" aria-haspopup=\"menu\" aria-expanded=\"false\" data-remove-tab-index=\"true\">oona.matinpalo@tietoturva.fi<\/a><\/p>\n<\/div>\n<div><em>Yhdistys varaa oikeuden muutoksiin<\/em><\/div>\n<hr \/>\n<div><\/div>\n<div><script type=\"text\/javascript\">\n\/* <![CDATA[ *\/\nvar gform;gform||(document.addEventListener(\"gform_main_scripts_loaded\",function(){gform.scriptsLoaded=!0}),document.addEventListener(\"gform\/theme\/scripts_loaded\",function(){gform.themeScriptsLoaded=!0}),window.addEventListener(\"DOMContentLoaded\",function(){gform.domLoaded=!0}),gform={domLoaded:!1,scriptsLoaded:!1,themeScriptsLoaded:!1,isFormEditor:()=>\"function\"==typeof InitializeEditor,callIfLoaded:function(o){return!(!gform.domLoaded||!gform.scriptsLoaded||!gform.themeScriptsLoaded&&!gform.isFormEditor()||(gform.isFormEditor()&&console.warn(\"The use of gform.initializeOnLoaded() is deprecated in the form editor context and will be removed in Gravity Forms 3.1.\"),o(),0))},initializeOnLoaded:function(o){gform.callIfLoaded(o)||(document.addEventListener(\"gform_main_scripts_loaded\",()=>{gform.scriptsLoaded=!0,gform.callIfLoaded(o)}),document.addEventListener(\"gform\/theme\/scripts_loaded\",()=>{gform.themeScriptsLoaded=!0,gform.callIfLoaded(o)}),window.addEventListener(\"DOMContentLoaded\",()=>{gform.domLoaded=!0,gform.callIfLoaded(o)}))},hooks:{action:{},filter:{}},addAction:function(o,r,e,t){gform.addHook(\"action\",o,r,e,t)},addFilter:function(o,r,e,t){gform.addHook(\"filter\",o,r,e,t)},doAction:function(o){gform.doHook(\"action\",o,arguments)},applyFilters:function(o){return gform.doHook(\"filter\",o,arguments)},removeAction:function(o,r){gform.removeHook(\"action\",o,r)},removeFilter:function(o,r,e){gform.removeHook(\"filter\",o,r,e)},addHook:function(o,r,e,t,n){null==gform.hooks[o][r]&&(gform.hooks[o][r]=[]);var d=gform.hooks[o][r];null==n&&(n=r+\"_\"+d.length),gform.hooks[o][r].push({tag:n,callable:e,priority:t=null==t?10:t})},doHook:function(r,o,e){var t;if(e=Array.prototype.slice.call(e,1),null!=gform.hooks[r][o]&&((o=gform.hooks[r][o]).sort(function(o,r){return o.priority-r.priority}),o.forEach(function(o){\"function\"!=typeof(t=o.callable)&&(t=window[t]),\"action\"==r?t.apply(null,e):e[0]=t.apply(null,e)})),\"filter\"==r)return e[0]},removeHook:function(o,r,t,n){var e;null!=gform.hooks[o][r]&&(e=(e=gform.hooks[o][r]).filter(function(o,r,e){return!!(null!=n&&n!=o.tag||null!=t&&t!=o.priority)}),gform.hooks[o][r]=e)}});\n\/* ]]> *\/\n<\/script>\n\n                <div class='gf_browser_gecko gform_wrapper gravity-theme gform-theme--no-framework' data-form-theme='gravity-theme' data-form-index='0' id='gform_wrapper_5' >\n                        <div class='gform_heading'>\n                            <h2 class=\"gform_title\">Vuoden Tietosuojavastaava \/ Vuoden tietosuojateko<\/h2>\n                            <p class='gform_description'><\/p>\n                        <\/div><form method='post' enctype='multipart\/form-data'  id='gform_5'  action='\/tietoturva\/wp-json\/wp\/v2\/posts\/1663' data-formid='5' novalidate>\n                        <div class='gform-body gform_body'><div id='gform_fields_5' class='gform_fields top_label form_sublabel_below description_below validation_below'><div id=\"field_5_8\" class=\"gfield gfield--type-honeypot gform_validation_container field_sublabel_below gfield--has-description field_description_below field_validation_below gfield_visibility_visible\"  ><label class='gfield_label gform-field-label' for='input_5_8'>Name<\/label><div class='ginput_container'><input name='input_8' id='input_5_8' type='text' value='' autocomplete='new-password'\/><\/div><div class='gfield_description' id='gfield_description_5_8'>Kentt\u00e4 on validointitarkoituksiin ja tulee j\u00e4tt\u00e4\u00e4 koskemattomaksi.<\/div><\/div><fieldset id=\"field_5_1\" class=\"gfield gfield--type-name field_sublabel_below gfield--no-description field_description_below field_validation_below gfield_visibility_visible\"  ><legend class='gfield_label gform-field-label gfield_label_before_complex' >Tunnustusta ehdottavan henkil\u00f6n nimi<\/legend><div class='ginput_complex ginput_container ginput_container--name no_prefix has_first_name no_middle_name has_last_name no_suffix gf_name_has_2 ginput_container_name gform-grid-row' id='input_5_1'>\n                            \n                            <span id='input_5_1_3_container' class='name_first gform-grid-col gform-grid-col--size-auto' >\n                                                    <input type='text' name='input_1.3' id='input_5_1_3' value=''   aria-required='false'     \/>\n                                                    <label for='input_5_1_3' class='gform-field-label gform-field-label--type-sub '>Etunimi<\/label>\n                                                <\/span>\n                            \n                            <span id='input_5_1_6_container' class='name_last gform-grid-col gform-grid-col--size-auto' >\n                                                    <input type='text' name='input_1.6' id='input_5_1_6' value=''   aria-required='false'     \/>\n                                                    <label for='input_5_1_6' class='gform-field-label gform-field-label--type-sub '>Sukunimi<\/label>\n                                                <\/span>\n                            \n                        <\/div><\/fieldset><div id=\"field_5_2\" class=\"gfield gfield--type-email gfield--width-full field_sublabel_below gfield--no-description field_description_below field_validation_below gfield_visibility_visible\"  ><label class='gfield_label gform-field-label' for='input_5_2'>Tunnustusta ehdottavan s\u00e4hk\u00f6postiosoite<\/label><div class='ginput_container ginput_container_email'>\n                            <input name='input_2' id='input_5_2' type='email' value='' class='large'     aria-invalid=\"false\"  \/>\n                        <\/div><\/div><fieldset id=\"field_5_7\" class=\"gfield gfield--type-checkbox gfield--type-choice gfield--width-full field_sublabel_below gfield--no-description field_description_below field_validation_below gfield_visibility_visible\"  ><legend class='gfield_label gform-field-label gfield_label_before_complex' >Valitse mit\u00e4 aluetta ehdotuksesi koskee:<\/legend><div class='ginput_container ginput_container_checkbox'><div class='gfield_checkbox ' id='input_5_7'><div class='gchoice gchoice_5_7_1'>\n\t\t\t\t\t\t\t\t<input class='gfield-choice-input' name='input_7.1' type='checkbox'  value='Vuoden tietosuojavastaava'  id='choice_5_7_1'   \/>\n\t\t\t\t\t\t\t\t<label for='choice_5_7_1' id='label_5_7_1' class='gform-field-label gform-field-label--type-inline'>Vuoden tietosuojavastaava<\/label>\n\t\t\t\t\t\t\t<\/div><div class='gchoice gchoice_5_7_2'>\n\t\t\t\t\t\t\t\t<input class='gfield-choice-input' name='input_7.2' type='checkbox'  value='Vuoden tietosuojateko'  id='choice_5_7_2'   \/>\n\t\t\t\t\t\t\t\t<label for='choice_5_7_2' id='label_5_7_2' class='gform-field-label gform-field-label--type-inline'>Vuoden tietosuojateko<\/label>\n\t\t\t\t\t\t\t<\/div><\/div><\/div><\/fieldset><div id=\"field_5_5\" class=\"gfield gfield--type-textarea gfield--width-full gfield_contains_required field_sublabel_below gfield--no-description field_description_below field_validation_below gfield_visibility_visible\"  ><label class='gfield_label gform-field-label' for='input_5_5'>Ehdotettava tietotosuojavastaava ja\/tai tietosuojateko perusteluineen. Mik\u00e4li mahdollista, kirjoita ehdotuksen yhteyteen my\u00f6s palkittavan tahon yhteystiedot. Perusteluiden osalta kehotamme perusteellisuuteen, hyvill\u00e4 perusteluilla on helpompi valita ansioitunein tunnuksen saaja<span class=\"gfield_required\"><span class=\"gfield_required gfield_required_text\">(Pakollinen)<\/span><\/span><\/label><div class='ginput_container ginput_container_textarea'><textarea name='input_5' id='input_5_5' class='textarea large'     aria-required=\"true\" aria-invalid=\"false\"   rows='10' cols='50'><\/textarea><\/div><\/div><\/div><\/div>\n        <div class='gform-footer gform_footer top_label'> <input type='submit' id='gform_submit_button_5' class='gform_button button' onclick='gform.submission.handleButtonClick(this);' data-submission-type='submit' value='L\u00e4het\u00e4'  \/> \n            <input type='hidden' class='gform_hidden' name='gform_submission_method' data-js='gform_submission_method_5' value='postback' \/>\n            <input type='hidden' class='gform_hidden' name='gform_theme' data-js='gform_theme_5' id='gform_theme_5' value='gravity-theme' \/>\n            <input type='hidden' class='gform_hidden' name='gform_style_settings' data-js='gform_style_settings_5' id='gform_style_settings_5' value='[]' \/>\n            <input type='hidden' class='gform_hidden' name='is_submit_5' value='1' \/>\n            <input type='hidden' class='gform_hidden' name='gform_submit' value='5' \/>\n            \n            <input type='hidden' class='gform_hidden' name='gform_currency' data-currency='EUR' value='UvBEEukyMmzWEP4BBdNK3cmp5fCd0xS5dR8Nk14T2eaNrvbr5My3S6tK\/FIu4FDAfQ6HQRaghGinvX\/fNP1IiaivX65Rglz6JjolozAt67nnHAY=' \/>\n            <input type='hidden' class='gform_hidden' name='gform_unique_id' value='' \/>\n            <input type='hidden' class='gform_hidden' name='state_5' value='WyJbXSIsImZmMWI3YzNhNDIwNzkyMzA0OWMzNzNhYTlmZmU2MDI3Il0=' \/>\n            <input type='hidden' autocomplete='off' class='gform_hidden' name='gform_target_page_number_5' id='gform_target_page_number_5' value='0' \/>\n            <input type='hidden' autocomplete='off' class='gform_hidden' name='gform_source_page_number_5' id='gform_source_page_number_5' value='1' \/>\n            <input type='hidden' name='gform_field_values' value='' \/>\n            \n        <\/div>\n                        <\/form>\n                        <\/div><script type=\"text\/javascript\">\n\/* <![CDATA[ *\/\n gform.initializeOnLoaded( function() {gformInitSpinner( 5, 'https:\/\/tivia-jasenyhdistykset.fi\/tietoturva\/wp-content\/plugins\/gravityforms\/images\/spinner.svg', true );jQuery('#gform_ajax_frame_5').on('load',function(){var contents = jQuery(this).contents().find('*').html();var is_postback = contents.indexOf('GF_AJAX_POSTBACK') >= 0;if(!is_postback){return;}var form_content = jQuery(this).contents().find('#gform_wrapper_5');var is_confirmation = jQuery(this).contents().find('#gform_confirmation_wrapper_5').length > 0;var is_redirect = contents.indexOf('gformRedirect(){') >= 0;var is_form = form_content.length > 0 && ! is_redirect && ! is_confirmation;var mt = parseInt(jQuery('html').css('margin-top'), 10) + parseInt(jQuery('body').css('margin-top'), 10) + 100;if(is_form){jQuery('#gform_wrapper_5').html(form_content.html());if(form_content.hasClass('gform_validation_error')){jQuery('#gform_wrapper_5').addClass('gform_validation_error');} else {jQuery('#gform_wrapper_5').removeClass('gform_validation_error');}setTimeout( function() { \/* delay the scroll by 50 milliseconds to fix a bug in chrome *\/  }, 50 );if(window['gformInitDatepicker']) {gformInitDatepicker();}if(window['gformInitPriceFields']) {gformInitPriceFields();}var current_page = jQuery('#gform_source_page_number_5').val();gformInitSpinner( 5, 'https:\/\/tivia-jasenyhdistykset.fi\/tietoturva\/wp-content\/plugins\/gravityforms\/images\/spinner.svg', true );jQuery(document).trigger('gform_page_loaded', [5, current_page]);window['gf_submitting_5'] = false;}else if(!is_redirect){var confirmation_content = jQuery(this).contents().find('.GF_AJAX_POSTBACK').html();if(!confirmation_content){confirmation_content = contents;}jQuery('#gform_wrapper_5').replaceWith(confirmation_content);jQuery(document).trigger('gform_confirmation_loaded', [5]);window['gf_submitting_5'] = false;wp.a11y.speak(jQuery('#gform_confirmation_message_5').text());}else{jQuery('#gform_5').append(contents);if(window['gformRedirect']) {gformRedirect();}}jQuery(document).trigger(\"gform_pre_post_render\", [{ formId: \"5\", currentPage: \"current_page\", abort: function() { this.preventDefault(); } }]);        if (event && event.defaultPrevented) {                return;        }        const gformWrapperDiv = document.getElementById( \"gform_wrapper_5\" );        if ( gformWrapperDiv ) {            const visibilitySpan = document.createElement( \"span\" );            visibilitySpan.id = \"gform_visibility_test_5\";            gformWrapperDiv.insertAdjacentElement( \"afterend\", visibilitySpan );        }        const visibilityTestDiv = document.getElementById( \"gform_visibility_test_5\" );        let postRenderFired = false;        function triggerPostRender() {            if ( postRenderFired ) {                return;            }            postRenderFired = true;            gform.core.triggerPostRenderEvents( 5, current_page );            if ( visibilityTestDiv ) {                visibilityTestDiv.parentNode.removeChild( visibilityTestDiv );            }        }        function debounce( func, wait, immediate ) {            var timeout;            return function() {                var context = this, args = arguments;                var later = function() {                    timeout = null;                    if ( !immediate ) func.apply( context, args );                };                var callNow = immediate && !timeout;                clearTimeout( timeout );                timeout = setTimeout( later, wait );                if ( callNow ) func.apply( context, args );            };        }        const debouncedTriggerPostRender = debounce( function() {            triggerPostRender();        }, 200 );        if ( visibilityTestDiv && visibilityTestDiv.offsetParent === null ) {            const observer = new MutationObserver( ( mutations ) => {                mutations.forEach( ( mutation ) => {                    if ( mutation.type === 'attributes' && visibilityTestDiv.offsetParent !== null ) {                        debouncedTriggerPostRender();                        observer.disconnect();                    }                });            });            observer.observe( document.body, {                attributes: true,                childList: false,                subtree: true,                attributeFilter: [ 'style', 'class' ],            });        } else {            triggerPostRender();        }    } );} ); \n\/* ]]> *\/\n<\/script>\n<\/div>\n<\/div>\n","protected":false},"excerpt":{"rendered":"<p><img loading=\"lazy\" decoding=\"async\" class=\"size-full wp-image-1655 aligncenter\" src=\"https:\/\/tietoturva.fi\/wp-content\/uploads\/sites\/7\/2023\/01\/ttry-tietosuoja-scaled.jpg\" alt=\"\" width=\"2560\" height=\"1057\" srcset=\"https:\/\/tivia-jasenyhdistykset.fi\/tietoturva\/wp-content\/uploads\/sites\/7\/2023\/01\/ttry-tietosuoja-scaled.jpg 2560w, https:\/\/tivia-jasenyhdistykset.fi\/tietoturva\/wp-content\/uploads\/sites\/7\/2023\/01\/ttry-tietosuoja-300x124.jpg 300w, https:\/\/tivia-jasenyhdistykset.fi\/tietoturva\/wp-content\/uploads\/sites\/7\/2023\/01\/ttry-tietosuoja-1024x423.jpg 1024w, https:\/\/tivia-jasenyhdistykset.fi\/tietoturva\/wp-content\/uploads\/sites\/7\/2023\/01\/ttry-tietosuoja-768x317.jpg 768w, https:\/\/tivia-jasenyhdistykset.fi\/tietoturva\/wp-content\/uploads\/sites\/7\/2023\/01\/ttry-tietosuoja-1536x634.jpg 1536w, https:\/\/tivia-jasenyhdistykset.fi\/tietoturva\/wp-content\/uploads\/sites\/7\/2023\/01\/ttry-tietosuoja-2048x846.jpg 2048w\" sizes=\"auto, (max-width: 2560px) 100vw, 2560px\" \/><\/p>\n<p>Ehdota vuoden tietosuojavastaavaa ja tietosuojatekoa<\/p>\n<p>Tietoturva ry haluaa edist\u00e4\u00e4 ja kannustaa suomalaista tietoturva- ja tietosuojayhteis\u00f6\u00e4 erilaisilla tunnustuksilla. Tunnustuksien tarkoituksena on kannustaa tietosuoja-ammattilaisia kehittym\u00e4\u00e4n omassa ty\u00f6ss\u00e4\u00e4n, sek\u00e4 edist\u00e4\u00e4 suomalaista tietosuojaosaamista ja sen arvostusta. Vuoden tietosuojavastaava ja vuoden tietosuojateko -tunnustukset toteutetaan yhteisty\u00f6ss\u00e4 Suomen <a href=\"https:\/\/iapp.org\/\" target=\"_blank\" rel=\"noopener\">IAPP<\/a>:n Chapter Chairien kanssa.<\/p>\n","protected":false},"author":2408,"featured_media":0,"comment_status":"closed","ping_status":"closed","sticky":false,"template":"","format":"standard","meta":{"_acf_changed":false,"footnotes":""},"categories":[26,1],"tags":[],"class_list":["post-1663","post","type-post","status-publish","format-standard","hentry","category-tietosuoja","category-yleinen"],"acf":[],"yoast_head":"<!-- This site is optimized with the Yoast SEO plugin v27.5 - https:\/\/yoast.com\/product\/yoast-seo-wordpress\/ -->\n<title>Ehdota vuoden tietosuojavastaavaa ja tietosuojatekoa - Tietoturva ry<\/title>\n<meta name=\"robots\" content=\"index, follow, max-snippet:-1, max-image-preview:large, max-video-preview:-1\" \/>\n<link rel=\"canonical\" href=\"https:\/\/tivia-jasenyhdistykset.fi\/tietoturva\/2023\/01\/04\/vuoden-tietosuojavastaava-ja-tietosuojateko\/\" \/>\n<meta property=\"og:locale\" content=\"fi_FI\" \/>\n<meta property=\"og:type\" content=\"article\" \/>\n<meta property=\"og:title\" content=\"Ehdota vuoden tietosuojavastaavaa ja tietosuojatekoa - Tietoturva ry\" \/>\n<meta property=\"og:description\" content=\"Ehdota vuoden tietosuojavastaavaa ja tietosuojatekoa Tietoturva ry haluaa edist\u00e4\u00e4 ja kannustaa suomalaista tietoturva- ja tietosuojayhteis\u00f6\u00e4 erilaisilla tunnustuksilla. Tunnustuksien tarkoituksena on kannustaa tietosuoja-ammattilaisia kehittym\u00e4\u00e4n omassa ty\u00f6ss\u00e4\u00e4n, sek\u00e4 edist\u00e4\u00e4 suomalaista tietosuojaosaamista ja sen arvostusta. Vuoden tietosuojavastaava ja vuoden tietosuojateko -tunnustukset toteutetaan yhteisty\u00f6ss\u00e4 Suomen IAPP:n Chapter Chairien kanssa.\" \/>\n<meta property=\"og:url\" content=\"https:\/\/tivia-jasenyhdistykset.fi\/tietoturva\/2023\/01\/04\/vuoden-tietosuojavastaava-ja-tietosuojateko\/\" \/>\n<meta property=\"og:site_name\" content=\"Tietoturva ry\" \/>\n<meta property=\"article:publisher\" content=\"https:\/\/www.facebook.com\/TietoturvaRy\/\" \/>\n<meta property=\"article:published_time\" content=\"2023-01-04T08:11:17+00:00\" \/>\n<meta property=\"article:modified_time\" content=\"2024-05-31T10:42:36+00:00\" \/>\n<meta property=\"og:image\" content=\"https:\/\/tietoturva.fi\/wp-content\/uploads\/sites\/7\/2023\/01\/ttry-tietosuoja-scaled.jpg\" \/>\n<meta name=\"author\" content=\"Tommi V\" \/>\n<meta name=\"twitter:card\" content=\"summary_large_image\" \/>\n<meta name=\"twitter:creator\" content=\"@tietoturva_ry\" \/>\n<meta name=\"twitter:site\" content=\"@tietoturva_ry\" \/>\n<meta name=\"twitter:label1\" content=\"Kirjoittanut\" \/>\n\t<meta name=\"twitter:data1\" content=\"Tommi V\" \/>\n\t<meta name=\"twitter:label2\" content=\"Arvioitu lukuaika\" \/>\n\t<meta name=\"twitter:data2\" content=\"3 minuuttia\" \/>\n<script type=\"application\/ld+json\" class=\"yoast-schema-graph\">{\"@context\":\"https:\\\/\\\/schema.org\",\"@graph\":[{\"@type\":\"Article\",\"@id\":\"https:\\\/\\\/tivia-jasenyhdistykset.fi\\\/tietoturva\\\/2023\\\/01\\\/04\\\/vuoden-tietosuojavastaava-ja-tietosuojateko\\\/#article\",\"isPartOf\":{\"@id\":\"https:\\\/\\\/tivia-jasenyhdistykset.fi\\\/tietoturva\\\/2023\\\/01\\\/04\\\/vuoden-tietosuojavastaava-ja-tietosuojateko\\\/\"},\"author\":{\"name\":\"Tommi V\",\"@id\":\"https:\\\/\\\/tivia-jasenyhdistykset.fi\\\/tietoturva\\\/#\\\/schema\\\/person\\\/509d9bb392337a2d220ec611546998ec\"},\"headline\":\"Ehdota vuoden tietosuojavastaavaa ja tietosuojatekoa\",\"datePublished\":\"2023-01-04T08:11:17+00:00\",\"dateModified\":\"2024-05-31T10:42:36+00:00\",\"mainEntityOfPage\":{\"@id\":\"https:\\\/\\\/tivia-jasenyhdistykset.fi\\\/tietoturva\\\/2023\\\/01\\\/04\\\/vuoden-tietosuojavastaava-ja-tietosuojateko\\\/\"},\"wordCount\":394,\"publisher\":{\"@id\":\"https:\\\/\\\/tivia-jasenyhdistykset.fi\\\/tietoturva\\\/#organization\"},\"image\":{\"@id\":\"https:\\\/\\\/tivia-jasenyhdistykset.fi\\\/tietoturva\\\/2023\\\/01\\\/04\\\/vuoden-tietosuojavastaava-ja-tietosuojateko\\\/#primaryimage\"},\"thumbnailUrl\":\"https:\\\/\\\/tietoturva.fi\\\/wp-content\\\/uploads\\\/sites\\\/7\\\/2023\\\/01\\\/ttry-tietosuoja-scaled.jpg\",\"articleSection\":[\"Tietosuoja\"],\"inLanguage\":\"fi\"},{\"@type\":\"WebPage\",\"@id\":\"https:\\\/\\\/tivia-jasenyhdistykset.fi\\\/tietoturva\\\/2023\\\/01\\\/04\\\/vuoden-tietosuojavastaava-ja-tietosuojateko\\\/\",\"url\":\"https:\\\/\\\/tivia-jasenyhdistykset.fi\\\/tietoturva\\\/2023\\\/01\\\/04\\\/vuoden-tietosuojavastaava-ja-tietosuojateko\\\/\",\"name\":\"Ehdota vuoden tietosuojavastaavaa ja tietosuojatekoa - Tietoturva ry\",\"isPartOf\":{\"@id\":\"https:\\\/\\\/tivia-jasenyhdistykset.fi\\\/tietoturva\\\/#website\"},\"primaryImageOfPage\":{\"@id\":\"https:\\\/\\\/tivia-jasenyhdistykset.fi\\\/tietoturva\\\/2023\\\/01\\\/04\\\/vuoden-tietosuojavastaava-ja-tietosuojateko\\\/#primaryimage\"},\"image\":{\"@id\":\"https:\\\/\\\/tivia-jasenyhdistykset.fi\\\/tietoturva\\\/2023\\\/01\\\/04\\\/vuoden-tietosuojavastaava-ja-tietosuojateko\\\/#primaryimage\"},\"thumbnailUrl\":\"https:\\\/\\\/tietoturva.fi\\\/wp-content\\\/uploads\\\/sites\\\/7\\\/2023\\\/01\\\/ttry-tietosuoja-scaled.jpg\",\"datePublished\":\"2023-01-04T08:11:17+00:00\",\"dateModified\":\"2024-05-31T10:42:36+00:00\",\"breadcrumb\":{\"@id\":\"https:\\\/\\\/tivia-jasenyhdistykset.fi\\\/tietoturva\\\/2023\\\/01\\\/04\\\/vuoden-tietosuojavastaava-ja-tietosuojateko\\\/#breadcrumb\"},\"inLanguage\":\"fi\",\"potentialAction\":[{\"@type\":\"ReadAction\",\"target\":[\"https:\\\/\\\/tivia-jasenyhdistykset.fi\\\/tietoturva\\\/2023\\\/01\\\/04\\\/vuoden-tietosuojavastaava-ja-tietosuojateko\\\/\"]}]},{\"@type\":\"ImageObject\",\"inLanguage\":\"fi\",\"@id\":\"https:\\\/\\\/tivia-jasenyhdistykset.fi\\\/tietoturva\\\/2023\\\/01\\\/04\\\/vuoden-tietosuojavastaava-ja-tietosuojateko\\\/#primaryimage\",\"url\":\"https:\\\/\\\/tietoturva.fi\\\/wp-content\\\/uploads\\\/sites\\\/7\\\/2023\\\/01\\\/ttry-tietosuoja-scaled.jpg\",\"contentUrl\":\"https:\\\/\\\/tietoturva.fi\\\/wp-content\\\/uploads\\\/sites\\\/7\\\/2023\\\/01\\\/ttry-tietosuoja-scaled.jpg\"},{\"@type\":\"BreadcrumbList\",\"@id\":\"https:\\\/\\\/tivia-jasenyhdistykset.fi\\\/tietoturva\\\/2023\\\/01\\\/04\\\/vuoden-tietosuojavastaava-ja-tietosuojateko\\\/#breadcrumb\",\"itemListElement\":[{\"@type\":\"ListItem\",\"position\":1,\"name\":\"Etusivu\",\"item\":\"https:\\\/\\\/tivia-jasenyhdistykset.fi\\\/tietoturva\\\/\"},{\"@type\":\"ListItem\",\"position\":2,\"name\":\"Ehdota vuoden tietosuojavastaavaa ja tietosuojatekoa\"}]},{\"@type\":\"WebSite\",\"@id\":\"https:\\\/\\\/tivia-jasenyhdistykset.fi\\\/tietoturva\\\/#website\",\"url\":\"https:\\\/\\\/tivia-jasenyhdistykset.fi\\\/tietoturva\\\/\",\"name\":\"Tietoturva ry\",\"description\":\"Suomen suurin tietoturva-ammattilaisten verkosto\",\"publisher\":{\"@id\":\"https:\\\/\\\/tivia-jasenyhdistykset.fi\\\/tietoturva\\\/#organization\"},\"potentialAction\":[{\"@type\":\"SearchAction\",\"target\":{\"@type\":\"EntryPoint\",\"urlTemplate\":\"https:\\\/\\\/tivia-jasenyhdistykset.fi\\\/tietoturva\\\/?s={search_term_string}\"},\"query-input\":{\"@type\":\"PropertyValueSpecification\",\"valueRequired\":true,\"valueName\":\"search_term_string\"}}],\"inLanguage\":\"fi\"},{\"@type\":\"Organization\",\"@id\":\"https:\\\/\\\/tivia-jasenyhdistykset.fi\\\/tietoturva\\\/#organization\",\"name\":\"Tietoturva ry\",\"url\":\"https:\\\/\\\/tivia-jasenyhdistykset.fi\\\/tietoturva\\\/\",\"logo\":{\"@type\":\"ImageObject\",\"inLanguage\":\"fi\",\"@id\":\"https:\\\/\\\/tivia-jasenyhdistykset.fi\\\/tietoturva\\\/#\\\/schema\\\/logo\\\/image\\\/\",\"url\":\"https:\\\/\\\/tietoturva.fi\\\/wp-content\\\/uploads\\\/sites\\\/7\\\/2021\\\/05\\\/Tietoturva-logo-2018-100.png\",\"contentUrl\":\"https:\\\/\\\/tietoturva.fi\\\/wp-content\\\/uploads\\\/sites\\\/7\\\/2021\\\/05\\\/Tietoturva-logo-2018-100.png\",\"width\":73,\"height\":100,\"caption\":\"Tietoturva ry\"},\"image\":{\"@id\":\"https:\\\/\\\/tivia-jasenyhdistykset.fi\\\/tietoturva\\\/#\\\/schema\\\/logo\\\/image\\\/\"},\"sameAs\":[\"https:\\\/\\\/www.facebook.com\\\/TietoturvaRy\\\/\",\"https:\\\/\\\/x.com\\\/tietoturva_ry\",\"https:\\\/\\\/www.linkedin.com\\\/company\\\/tietoturva\\\/\",\"https:\\\/\\\/www.youtube.com\\\/channel\\\/UCmXkytjYpJ4_N2msCNy69sw\\\/\"]},{\"@type\":\"Person\",\"@id\":\"https:\\\/\\\/tivia-jasenyhdistykset.fi\\\/tietoturva\\\/#\\\/schema\\\/person\\\/509d9bb392337a2d220ec611546998ec\",\"name\":\"Tommi V\",\"image\":{\"@type\":\"ImageObject\",\"inLanguage\":\"fi\",\"@id\":\"https:\\\/\\\/secure.gravatar.com\\\/avatar\\\/407fe7c123719aedfe1043bea0075baf31b4805e5599ab36f3b560d37cfba06d?s=96&d=mm&r=g\",\"url\":\"https:\\\/\\\/secure.gravatar.com\\\/avatar\\\/407fe7c123719aedfe1043bea0075baf31b4805e5599ab36f3b560d37cfba06d?s=96&d=mm&r=g\",\"contentUrl\":\"https:\\\/\\\/secure.gravatar.com\\\/avatar\\\/407fe7c123719aedfe1043bea0075baf31b4805e5599ab36f3b560d37cfba06d?s=96&d=mm&r=g\",\"caption\":\"Tommi V\"},\"url\":\"https:\\\/\\\/tivia-jasenyhdistykset.fi\\\/tietoturva\\\/author\\\/vanninentommi10605\\\/\"}]}<\/script>\n<!-- \/ Yoast SEO plugin. -->","yoast_head_json":{"title":"Ehdota vuoden tietosuojavastaavaa ja tietosuojatekoa - Tietoturva ry","robots":{"index":"index","follow":"follow","max-snippet":"max-snippet:-1","max-image-preview":"max-image-preview:large","max-video-preview":"max-video-preview:-1"},"canonical":"https:\/\/tivia-jasenyhdistykset.fi\/tietoturva\/2023\/01\/04\/vuoden-tietosuojavastaava-ja-tietosuojateko\/","og_locale":"fi_FI","og_type":"article","og_title":"Ehdota vuoden tietosuojavastaavaa ja tietosuojatekoa - Tietoturva ry","og_description":"Ehdota vuoden tietosuojavastaavaa ja tietosuojatekoa Tietoturva ry haluaa edist\u00e4\u00e4 ja kannustaa suomalaista tietoturva- ja tietosuojayhteis\u00f6\u00e4 erilaisilla tunnustuksilla. Tunnustuksien tarkoituksena on kannustaa tietosuoja-ammattilaisia kehittym\u00e4\u00e4n omassa ty\u00f6ss\u00e4\u00e4n, sek\u00e4 edist\u00e4\u00e4 suomalaista tietosuojaosaamista ja sen arvostusta. Vuoden tietosuojavastaava ja vuoden tietosuojateko -tunnustukset toteutetaan yhteisty\u00f6ss\u00e4 Suomen IAPP:n Chapter Chairien kanssa.","og_url":"https:\/\/tivia-jasenyhdistykset.fi\/tietoturva\/2023\/01\/04\/vuoden-tietosuojavastaava-ja-tietosuojateko\/","og_site_name":"Tietoturva ry","article_publisher":"https:\/\/www.facebook.com\/TietoturvaRy\/","article_published_time":"2023-01-04T08:11:17+00:00","article_modified_time":"2024-05-31T10:42:36+00:00","og_image":[{"url":"https:\/\/tietoturva.fi\/wp-content\/uploads\/sites\/7\/2023\/01\/ttry-tietosuoja-scaled.jpg","type":"","width":"","height":""}],"author":"Tommi V","twitter_card":"summary_large_image","twitter_creator":"@tietoturva_ry","twitter_site":"@tietoturva_ry","twitter_misc":{"Kirjoittanut":"Tommi V","Arvioitu lukuaika":"3 minuuttia"},"schema":{"@context":"https:\/\/schema.org","@graph":[{"@type":"Article","@id":"https:\/\/tivia-jasenyhdistykset.fi\/tietoturva\/2023\/01\/04\/vuoden-tietosuojavastaava-ja-tietosuojateko\/#article","isPartOf":{"@id":"https:\/\/tivia-jasenyhdistykset.fi\/tietoturva\/2023\/01\/04\/vuoden-tietosuojavastaava-ja-tietosuojateko\/"},"author":{"name":"Tommi V","@id":"https:\/\/tivia-jasenyhdistykset.fi\/tietoturva\/#\/schema\/person\/509d9bb392337a2d220ec611546998ec"},"headline":"Ehdota vuoden tietosuojavastaavaa ja tietosuojatekoa","datePublished":"2023-01-04T08:11:17+00:00","dateModified":"2024-05-31T10:42:36+00:00","mainEntityOfPage":{"@id":"https:\/\/tivia-jasenyhdistykset.fi\/tietoturva\/2023\/01\/04\/vuoden-tietosuojavastaava-ja-tietosuojateko\/"},"wordCount":394,"publisher":{"@id":"https:\/\/tivia-jasenyhdistykset.fi\/tietoturva\/#organization"},"image":{"@id":"https:\/\/tivia-jasenyhdistykset.fi\/tietoturva\/2023\/01\/04\/vuoden-tietosuojavastaava-ja-tietosuojateko\/#primaryimage"},"thumbnailUrl":"https:\/\/tietoturva.fi\/wp-content\/uploads\/sites\/7\/2023\/01\/ttry-tietosuoja-scaled.jpg","articleSection":["Tietosuoja"],"inLanguage":"fi"},{"@type":"WebPage","@id":"https:\/\/tivia-jasenyhdistykset.fi\/tietoturva\/2023\/01\/04\/vuoden-tietosuojavastaava-ja-tietosuojateko\/","url":"https:\/\/tivia-jasenyhdistykset.fi\/tietoturva\/2023\/01\/04\/vuoden-tietosuojavastaava-ja-tietosuojateko\/","name":"Ehdota vuoden tietosuojavastaavaa ja tietosuojatekoa - Tietoturva ry","isPartOf":{"@id":"https:\/\/tivia-jasenyhdistykset.fi\/tietoturva\/#website"},"primaryImageOfPage":{"@id":"https:\/\/tivia-jasenyhdistykset.fi\/tietoturva\/2023\/01\/04\/vuoden-tietosuojavastaava-ja-tietosuojateko\/#primaryimage"},"image":{"@id":"https:\/\/tivia-jasenyhdistykset.fi\/tietoturva\/2023\/01\/04\/vuoden-tietosuojavastaava-ja-tietosuojateko\/#primaryimage"},"thumbnailUrl":"https:\/\/tietoturva.fi\/wp-content\/uploads\/sites\/7\/2023\/01\/ttry-tietosuoja-scaled.jpg","datePublished":"2023-01-04T08:11:17+00:00","dateModified":"2024-05-31T10:42:36+00:00","breadcrumb":{"@id":"https:\/\/tivia-jasenyhdistykset.fi\/tietoturva\/2023\/01\/04\/vuoden-tietosuojavastaava-ja-tietosuojateko\/#breadcrumb"},"inLanguage":"fi","potentialAction":[{"@type":"ReadAction","target":["https:\/\/tivia-jasenyhdistykset.fi\/tietoturva\/2023\/01\/04\/vuoden-tietosuojavastaava-ja-tietosuojateko\/"]}]},{"@type":"ImageObject","inLanguage":"fi","@id":"https:\/\/tivia-jasenyhdistykset.fi\/tietoturva\/2023\/01\/04\/vuoden-tietosuojavastaava-ja-tietosuojateko\/#primaryimage","url":"https:\/\/tietoturva.fi\/wp-content\/uploads\/sites\/7\/2023\/01\/ttry-tietosuoja-scaled.jpg","contentUrl":"https:\/\/tietoturva.fi\/wp-content\/uploads\/sites\/7\/2023\/01\/ttry-tietosuoja-scaled.jpg"},{"@type":"BreadcrumbList","@id":"https:\/\/tivia-jasenyhdistykset.fi\/tietoturva\/2023\/01\/04\/vuoden-tietosuojavastaava-ja-tietosuojateko\/#breadcrumb","itemListElement":[{"@type":"ListItem","position":1,"name":"Etusivu","item":"https:\/\/tivia-jasenyhdistykset.fi\/tietoturva\/"},{"@type":"ListItem","position":2,"name":"Ehdota vuoden tietosuojavastaavaa ja tietosuojatekoa"}]},{"@type":"WebSite","@id":"https:\/\/tivia-jasenyhdistykset.fi\/tietoturva\/#website","url":"https:\/\/tivia-jasenyhdistykset.fi\/tietoturva\/","name":"Tietoturva ry","description":"Suomen suurin tietoturva-ammattilaisten verkosto","publisher":{"@id":"https:\/\/tivia-jasenyhdistykset.fi\/tietoturva\/#organization"},"potentialAction":[{"@type":"SearchAction","target":{"@type":"EntryPoint","urlTemplate":"https:\/\/tivia-jasenyhdistykset.fi\/tietoturva\/?s={search_term_string}"},"query-input":{"@type":"PropertyValueSpecification","valueRequired":true,"valueName":"search_term_string"}}],"inLanguage":"fi"},{"@type":"Organization","@id":"https:\/\/tivia-jasenyhdistykset.fi\/tietoturva\/#organization","name":"Tietoturva ry","url":"https:\/\/tivia-jasenyhdistykset.fi\/tietoturva\/","logo":{"@type":"ImageObject","inLanguage":"fi","@id":"https:\/\/tivia-jasenyhdistykset.fi\/tietoturva\/#\/schema\/logo\/image\/","url":"https:\/\/tietoturva.fi\/wp-content\/uploads\/sites\/7\/2021\/05\/Tietoturva-logo-2018-100.png","contentUrl":"https:\/\/tietoturva.fi\/wp-content\/uploads\/sites\/7\/2021\/05\/Tietoturva-logo-2018-100.png","width":73,"height":100,"caption":"Tietoturva ry"},"image":{"@id":"https:\/\/tivia-jasenyhdistykset.fi\/tietoturva\/#\/schema\/logo\/image\/"},"sameAs":["https:\/\/www.facebook.com\/TietoturvaRy\/","https:\/\/x.com\/tietoturva_ry","https:\/\/www.linkedin.com\/company\/tietoturva\/","https:\/\/www.youtube.com\/channel\/UCmXkytjYpJ4_N2msCNy69sw\/"]},{"@type":"Person","@id":"https:\/\/tivia-jasenyhdistykset.fi\/tietoturva\/#\/schema\/person\/509d9bb392337a2d220ec611546998ec","name":"Tommi V","image":{"@type":"ImageObject","inLanguage":"fi","@id":"https:\/\/secure.gravatar.com\/avatar\/407fe7c123719aedfe1043bea0075baf31b4805e5599ab36f3b560d37cfba06d?s=96&d=mm&r=g","url":"https:\/\/secure.gravatar.com\/avatar\/407fe7c123719aedfe1043bea0075baf31b4805e5599ab36f3b560d37cfba06d?s=96&d=mm&r=g","contentUrl":"https:\/\/secure.gravatar.com\/avatar\/407fe7c123719aedfe1043bea0075baf31b4805e5599ab36f3b560d37cfba06d?s=96&d=mm&r=g","caption":"Tommi V"},"url":"https:\/\/tivia-jasenyhdistykset.fi\/tietoturva\/author\/vanninentommi10605\/"}]}},"_links":{"self":[{"href":"https:\/\/tivia-jasenyhdistykset.fi\/tietoturva\/wp-json\/wp\/v2\/posts\/1663","targetHints":{"allow":["GET"]}}],"collection":[{"href":"https:\/\/tivia-jasenyhdistykset.fi\/tietoturva\/wp-json\/wp\/v2\/posts"}],"about":[{"href":"https:\/\/tivia-jasenyhdistykset.fi\/tietoturva\/wp-json\/wp\/v2\/types\/post"}],"author":[{"embeddable":true,"href":"https:\/\/tivia-jasenyhdistykset.fi\/tietoturva\/wp-json\/wp\/v2\/users\/2408"}],"replies":[{"embeddable":true,"href":"https:\/\/tivia-jasenyhdistykset.fi\/tietoturva\/wp-json\/wp\/v2\/comments?post=1663"}],"version-history":[{"count":13,"href":"https:\/\/tivia-jasenyhdistykset.fi\/tietoturva\/wp-json\/wp\/v2\/posts\/1663\/revisions"}],"predecessor-version":[{"id":3438,"href":"https:\/\/tivia-jasenyhdistykset.fi\/tietoturva\/wp-json\/wp\/v2\/posts\/1663\/revisions\/3438"}],"wp:attachment":[{"href":"https:\/\/tivia-jasenyhdistykset.fi\/tietoturva\/wp-json\/wp\/v2\/media?parent=1663"}],"wp:term":[{"taxonomy":"category","embeddable":true,"href":"https:\/\/tivia-jasenyhdistykset.fi\/tietoturva\/wp-json\/wp\/v2\/categories?post=1663"},{"taxonomy":"post_tag","embeddable":true,"href":"https:\/\/tivia-jasenyhdistykset.fi\/tietoturva\/wp-json\/wp\/v2\/tags?post=1663"}],"curies":[{"name":"wp","href":"https:\/\/api.w.org\/{rel}","templated":true}]}}