{"id":1694,"date":"2023-01-28T11:45:15","date_gmt":"2023-01-28T09:45:15","guid":{"rendered":"https:\/\/tietoturva.fi\/?p=1694"},"modified":"2024-05-31T13:40:59","modified_gmt":"2024-05-31T10:40:59","slug":"tietosuojatunnustukset-2022","status":"publish","type":"post","link":"https:\/\/tivia-jasenyhdistykset.fi\/tietoturva\/2023\/01\/28\/tietosuojatunnustukset-2022\/","title":{"rendered":"Vuoden tietosuojavastaava ja Vuoden tietosuojateko -tunnustukset julkistettu!"},"content":{"rendered":"<p dir=\"auto\"><img loading=\"lazy\" decoding=\"async\" class=\"wp-image-1696 aligncenter\" src=\"https:\/\/tietoturva.fi\/wp-content\/uploads\/sites\/7\/2023\/01\/IMG_2629-scaled.jpg\" alt=\"\" width=\"858\" height=\"483\" srcset=\"https:\/\/tivia-jasenyhdistykset.fi\/tietoturva\/wp-content\/uploads\/sites\/7\/2023\/01\/IMG_2629-scaled.jpg 2560w, https:\/\/tivia-jasenyhdistykset.fi\/tietoturva\/wp-content\/uploads\/sites\/7\/2023\/01\/IMG_2629-300x169.jpg 300w, https:\/\/tivia-jasenyhdistykset.fi\/tietoturva\/wp-content\/uploads\/sites\/7\/2023\/01\/IMG_2629-1024x576.jpg 1024w, https:\/\/tivia-jasenyhdistykset.fi\/tietoturva\/wp-content\/uploads\/sites\/7\/2023\/01\/IMG_2629-768x432.jpg 768w, https:\/\/tivia-jasenyhdistykset.fi\/tietoturva\/wp-content\/uploads\/sites\/7\/2023\/01\/IMG_2629-1536x864.jpg 1536w, https:\/\/tivia-jasenyhdistykset.fi\/tietoturva\/wp-content\/uploads\/sites\/7\/2023\/01\/IMG_2629-2048x1152.jpg 2048w\" sizes=\"auto, (max-width: 858px) 100vw, 858px\" \/><br \/>\n<strong>Vuoden 2022 tietosuojavastaava on Ari Andreasson ja Vuoden tietosuojateko on Keskusrikospoliisin Psykoterapiakeskus Vastaamon tutkinta.<\/strong><\/p>\n<p dir=\"auto\"><a href=\"https:\/\/tietoturva.fi\/\" target=\"_blank\" rel=\"noopener\">Tietoturva ry<\/a> jakaa jo toistamiseen tietosuojatunnustukset yhteisty\u00f6ss\u00e4 <a href=\"https:\/\/iapp.org\/connect\/communities\/chapters\/\" target=\"_blank\" rel=\"noopener\">IAPP Helsinki KnowledgeNet Chapterin<\/a> kanssa.<\/p>\n<h2 style=\"font-weight: 400;\">Hyv\u00e4\u00e4 kansainv\u00e4list\u00e4 tietosuojap\u00e4iv\u00e4\u00e4 28.1.2023!<\/h2>\n<p style=\"font-weight: 400;\"><a href=\"https:\/\/tietoturva.fi\/\" target=\"_blank\" rel=\"noopener\">Tietoturva ry<\/a> jakoi 27.1.2023 toistamiseen yhteisty\u00f6ss\u00e4 <a href=\"https:\/\/iapp.org\/connect\/communities\/chapters\/\" target=\"_blank\" rel=\"noopener\">IAPP Helsinki KnowledgeNet Chapterin<\/a> kanssa Vuoden tietosuojavastaava ja Vuoden tietosuojateko tunnustukset 27.1. vuosittaisessa Tietosuojavaltuutetun toimiston, Juristiliiton koulutuksen ja Alma Talentin j\u00e4rjest\u00e4m\u00e4ss\u00e4 Tietosuojap\u00e4iv\u00e4 2023 seminaarissa Helsingiss\u00e4.<\/p>\n<h2 style=\"font-weight: 400;\"><strong>Vuoden 2022 tietosuojavastaava:<\/strong><br \/>\n<b><strong><a href=\"https:\/\/www.linkedin.com\/in\/ari-andreasson-86a60623\/\" target=\"_blank\" rel=\"noopener\">Ari Andreasson<\/a>, tietosuojavastaava, Tampereen kaupunki<\/strong><\/b><\/h2>\n<div dir=\"auto\"><img loading=\"lazy\" decoding=\"async\" class=\"size-medium wp-image-1695 alignleft\" src=\"https:\/\/tietoturva.fi\/wp-content\/uploads\/sites\/7\/2023\/01\/IMG_2623-300x266.jpg\" alt=\"\" width=\"300\" height=\"266\" srcset=\"https:\/\/tivia-jasenyhdistykset.fi\/tietoturva\/wp-content\/uploads\/sites\/7\/2023\/01\/IMG_2623-300x266.jpg 300w, https:\/\/tivia-jasenyhdistykset.fi\/tietoturva\/wp-content\/uploads\/sites\/7\/2023\/01\/IMG_2623-1024x907.jpg 1024w, https:\/\/tivia-jasenyhdistykset.fi\/tietoturva\/wp-content\/uploads\/sites\/7\/2023\/01\/IMG_2623-768x680.jpg 768w, https:\/\/tivia-jasenyhdistykset.fi\/tietoturva\/wp-content\/uploads\/sites\/7\/2023\/01\/IMG_2623-1536x1360.jpg 1536w, https:\/\/tivia-jasenyhdistykset.fi\/tietoturva\/wp-content\/uploads\/sites\/7\/2023\/01\/IMG_2623.jpg 1982w\" sizes=\"auto, (max-width: 300px) 100vw, 300px\" \/><\/div>\n<div dir=\"auto\"><\/div>\n<div dir=\"auto\">Vuoden tietosuojavastaavaksi etsittiin henkil\u00f6\u00e4, joka on organisaatiossa ennakkoluulottomasti ja esimerkillisesti kehitt\u00e4nyt tietosuojan toimintatapoja sek\u00e4 edellytyksi\u00e4 ja omalla toiminnallaan merkitt\u00e4v\u00e4sti edist\u00e4nyt tietosuoja-ammattilaisten verkostoitumista ja osaamista sek\u00e4 tiedon jakamista organisaatiorajojen yli.<\/div>\n<div dir=\"auto\"><\/div>\n<div dir=\"auto\"><a href=\"https:\/\/www.linkedin.com\/in\/ari-andreasson-86a60623\/\" target=\"_blank\" rel=\"noopener\">Ari Andreasson<\/a> on kirjoittanut useita tietosuojaan liittyvi\u00e4 teoksia (mm. Osaava tietosuojavastaava, Tietosuojak\u00e4sikirja johdolle). H\u00e4n jakaa osaamista yli organisaatiorajojen sek\u00e4 nostaa hankaliakin tietosuojap\u00e4hkin\u00f6it\u00e4 keskusteluun avoimesti. Lis\u00e4ksi Ari edist\u00e4\u00e4 j\u00e4rkev\u00e4\u00e4 ja k\u00e4yt\u00e4nn\u00f6nl\u00e4heist\u00e4 tietosuojakulttuuria sek\u00e4 toimii hyv\u00e4n\u00e4 esikuvana omalla toiminnallaan.<\/div>\n<div dir=\"auto\">\n<p style=\"font-weight: 400;\">Ty\u00f6ryhm\u00e4 kannatti valintaa yksimielisesti.<\/p>\n<p style=\"font-weight: 400;\">\n<\/div>\n<div dir=\"auto\">\n<hr \/>\n<\/div>\n<h2 dir=\"auto\">Vuoden 2022 tietosuojateko:<br \/>\n<a href=\"https:\/\/www.linkedin.com\/company\/keskusrikospoliisi\/\" target=\"_blank\" rel=\"noopener\">Keskusrikospoliisin<\/a> Psykoterapiakeskus Vastaamon tutkinta<\/h2>\n<div dir=\"auto\">Vuoden tietosuojateoksi 2022 etsittiin tekoa, joka t\u00e4ytt\u00e4\u00e4 jonkin tai kaikki seuraavista valintakriteereist\u00e4:<\/div>\n<div dir=\"auto\">\n<ul>\n<li style=\"list-style-type: none;\">\n<ul>\n<li style=\"list-style-type: none;\">\n<ul>\n<li style=\"font-weight: 400;\">\u00a0tunnettavuus<\/li>\n<li style=\"font-weight: 400;\">\u00a0laadukkuus<\/li>\n<li>\u00a0merkitys alan kehitykseen<\/li>\n<li>kotimaisuus<\/li>\n<li>vaikutus esimerkiksi suomalaiseen tietosuojaosaamisen, kulttuurin tai asenteen kehittymiseen<\/li>\n<\/ul>\n<\/li>\n<\/ul>\n<\/li>\n<\/ul>\n<\/div>\n<div dir=\"auto\">Tunnustuksen otti vastaan rikosylikomisario Tero Muurman Keskusrikospoliisista (kuva alla).<\/div>\n<div dir=\"auto\">\n<p style=\"font-weight: 400;\"><img loading=\"lazy\" decoding=\"async\" class=\"size-medium wp-image-1697 alignleft\" src=\"https:\/\/tietoturva.fi\/wp-content\/uploads\/sites\/7\/2023\/01\/IMG_2631-169x300.jpg\" alt=\"\" width=\"169\" height=\"300\" srcset=\"https:\/\/tivia-jasenyhdistykset.fi\/tietoturva\/wp-content\/uploads\/sites\/7\/2023\/01\/IMG_2631-169x300.jpg 169w, https:\/\/tivia-jasenyhdistykset.fi\/tietoturva\/wp-content\/uploads\/sites\/7\/2023\/01\/IMG_2631-576x1024.jpg 576w, https:\/\/tivia-jasenyhdistykset.fi\/tietoturva\/wp-content\/uploads\/sites\/7\/2023\/01\/IMG_2631-768x1365.jpg 768w, https:\/\/tivia-jasenyhdistykset.fi\/tietoturva\/wp-content\/uploads\/sites\/7\/2023\/01\/IMG_2631-864x1536.jpg 864w, https:\/\/tivia-jasenyhdistykset.fi\/tietoturva\/wp-content\/uploads\/sites\/7\/2023\/01\/IMG_2631-1152x2048.jpg 1152w, https:\/\/tivia-jasenyhdistykset.fi\/tietoturva\/wp-content\/uploads\/sites\/7\/2023\/01\/IMG_2631-scaled.jpg 1440w\" sizes=\"auto, (max-width: 169px) 100vw, 169px\" \/><b><strong>Perustelut:<\/strong><\/b><\/p>\n<p>Poliisi tiedotti lokakuun lopussa 2022, ett\u00e4 esitutkinnassa on vangittu poissaolevana ja etsint\u00e4kuulutettu noin 25-vuotias suomalaismies, jota poliisi ep\u00e4ilee Psykoterapiakeskus Vastaamoon kohdistuneesta tietomurrosta.<\/p>\n<p style=\"font-weight: 400;\">Valintaraati piti t\u00e4t\u00e4 yhteiskunnallisesti merkitt\u00e4v\u00e4n\u00e4 tekona ja l\u00e4pimurtona vuonna 2022, joka vahvisti luottamusta siihen, ett\u00e4 tietosuoja- ja verkkorikollisia saadaan kiinni.<\/p>\n<p>Ty\u00f6ryhm\u00e4 kannatti esityst\u00e4 yksimielisesti.<\/p>\n<p style=\"font-weight: 400;\"><a href=\"https:\/\/tietoturva.fi\/\" target=\"_blank\" rel=\"noopener\">Tietoturva ry<\/a> onnittelee molempia tunnustuksen saajia!<\/p>\n<p style=\"font-weight: 400;\">\n<\/div>\n<p>&nbsp;<\/p>\n<p>Lis\u00e4tietoa tunnustuksista antaa ty\u00f6ryhm\u00e4n puheenjohtaja Oona Matinpalo, <a href=\"mailto:etunimi.sukunimi@tietoturva.fi\">etunimi.sukunimi@tietoturva.fi<\/a><\/p>\n<div dir=\"auto\">\n<hr \/>\n<\/div>\n<div dir=\"auto\">\n<p style=\"font-weight: 400;\"><a href=\"https:\/\/tietoturva.fi\/\" target=\"_blank\" rel=\"noopener\">Tietoturva ry<\/a> on Suomen suurin tietoturva-ammattilaisten verkosto. Yhdistyksen keskeisen\u00e4 tavoitteena on toimia yhteistoiminnan edist\u00e4j\u00e4n\u00e4 tietoturva-alalla ja j\u00e4sentens\u00e4 yhdyssiteen\u00e4, sek\u00e4 edist\u00e4\u00e4 hyvien tietoturvatapojen noudattamista kaikilla tietoturvan osa-alueilla. Yhdistys tukee my\u00f6s j\u00e4senist\u00f6n ammattitaidon kehittymist\u00e4. <a href=\"https:\/\/tietoturva.fi\/\" target=\"_blank\" rel=\"noopener\">Tietoturva ry<\/a> toimii maan laajuisesti ja pyrkii edist\u00e4m\u00e4\u00e4n kansallista tietoturvallisuus- ja tietosuojatietoisuuden kehittymist\u00e4.<\/p>\n<p style=\"font-weight: 400;\"><a href=\"https:\/\/tietoturva.fi\/\" target=\"_blank\" rel=\"noopener\">Tietoturva ry<\/a>:n yhteydess\u00e4 toimii my\u00f6s <a href=\"https:\/\/tietoturva.fi\/toiminta\/tietosuojaverkosto\/\" target=\"_blank\" rel=\"noopener\">tietosuojaverkosto<\/a>, jossa keskustellaan tietosuojan ajankohtaisista asioista, jaetaan parhaita k\u00e4yt\u00e4nt\u00f6j\u00e4 sek\u00e4 annetaan vertaistukea.<\/p>\n<p style=\"font-weight: 400;\">Lis\u00e4tietoa ja liittyminen j\u00e4seneksi:<br \/>\n<a href=\"https:\/\/tietoturva.fi\/jaseneksi\/\" data-saferedirecturl=\"https:\/\/www.google.com\/url?q=https:\/\/tietoturva.fi\/jaseneksi\/&amp;source=gmail&amp;ust=1674983105846000&amp;usg=AOvVaw0Rc1JqxAw3qn7zyh2nY59K\">https:\/\/tietoturva.fi\/jaseneksi\/<\/a>\u00a0\u00a0sek\u00e4<br \/>\n<a href=\"https:\/\/tietoturva.fi\/toiminta\/tietosuojaverkosto\/\" data-saferedirecturl=\"https:\/\/www.google.com\/url?q=https:\/\/tietoturva.fi\/toiminta\/tietosuojaverkosto\/&amp;source=gmail&amp;ust=1674983105846000&amp;usg=AOvVaw2RK2aBzcLwETa3eZBBvjsJ\">https:\/\/tietoturva.fi\/toiminta\/tietosuojaverkosto\/<\/a><\/p>\n<\/div>\n","protected":false},"excerpt":{"rendered":"<p dir=\"auto\"><img loading=\"lazy\" decoding=\"async\" class=\"wp-image-1696 aligncenter\" src=\"https:\/\/tietoturva.fi\/wp-content\/uploads\/sites\/7\/2023\/01\/IMG_2629-scaled.jpg\" alt=\"\" width=\"858\" height=\"483\" srcset=\"https:\/\/tivia-jasenyhdistykset.fi\/tietoturva\/wp-content\/uploads\/sites\/7\/2023\/01\/IMG_2629-scaled.jpg 2560w, https:\/\/tivia-jasenyhdistykset.fi\/tietoturva\/wp-content\/uploads\/sites\/7\/2023\/01\/IMG_2629-300x169.jpg 300w, https:\/\/tivia-jasenyhdistykset.fi\/tietoturva\/wp-content\/uploads\/sites\/7\/2023\/01\/IMG_2629-1024x576.jpg 1024w, https:\/\/tivia-jasenyhdistykset.fi\/tietoturva\/wp-content\/uploads\/sites\/7\/2023\/01\/IMG_2629-768x432.jpg 768w, https:\/\/tivia-jasenyhdistykset.fi\/tietoturva\/wp-content\/uploads\/sites\/7\/2023\/01\/IMG_2629-1536x864.jpg 1536w, https:\/\/tivia-jasenyhdistykset.fi\/tietoturva\/wp-content\/uploads\/sites\/7\/2023\/01\/IMG_2629-2048x1152.jpg 2048w\" sizes=\"auto, (max-width: 858px) 100vw, 858px\" \/><br \/>\nVuoden 2022 tietosuojavastaava on Ari Andreasson ja Vuoden tietosuojateko on Keskusrikospoliisin Psykoterapiakeskus Vastaamon tutkinta.<\/p>\n<p dir=\"auto\"><a href=\"https:\/\/tietoturva.fi\/\" target=\"_blank\" rel=\"noopener\">Tietoturva ry<\/a> jakaa jo toistamiseen tietosuojatunnustukset yhteisty\u00f6ss\u00e4 <a href=\"https:\/\/iapp.org\/connect\/communities\/chapters\/\" target=\"_blank\" rel=\"noopener\">IAPP Helsinki KnowledgeNet Chapterin<\/a> kanssa.<\/p>\n<p>Hyv\u00e4\u00e4 kansainv\u00e4list\u00e4 tietosuojap\u00e4iv\u00e4\u00e4 28.1.2023!<\/p>\n<p style=\"font-weight: 400;\"><a href=\"https:\/\/tietoturva.fi\/\" target=\"_blank\" rel=\"noopener\">Tietoturva ry<\/a> jakoi 27.1.2023 toistamiseen yhteisty\u00f6ss\u00e4 <a href=\"https:\/\/iapp.org\/connect\/communities\/chapters\/\" target=\"_blank\" rel=\"noopener\">IAPP Helsinki KnowledgeNet Chapterin<\/a> kanssa Vuoden tietosuojavastaava ja Vuoden tietosuojateko tunnustukset 27.1.<\/p>\n","protected":false},"author":2406,"featured_media":0,"comment_status":"closed","ping_status":"closed","sticky":false,"template":"","format":"standard","meta":{"_acf_changed":false,"footnotes":""},"categories":[40,26,73,74,75],"tags":[76,52,78,77,80,79],"class_list":["post-1694","post","type-post","status-publish","format-standard","hentry","category-tiedotteet","category-tietosuoja","category-tietosuojatunnustus","category-vuoden-tietosuojateko","category-vuoden-tietosuojavastaava","tag-dpo","tag-tietosuoja","tag-tietosuojateko","tag-tietosuojavastaava","tag-vuoden-tietosuojateko","tag-vuoden-tietosuojavastava"],"acf":[],"yoast_head":"<!-- This site is optimized with the Yoast SEO plugin v27.5 - https:\/\/yoast.com\/product\/yoast-seo-wordpress\/ -->\n<title>Vuoden tietosuojavastaava ja Vuoden tietosuojateko -tunnustukset julkistettu! - Tietoturva ry<\/title>\n<meta name=\"robots\" content=\"index, follow, max-snippet:-1, max-image-preview:large, max-video-preview:-1\" \/>\n<link rel=\"canonical\" href=\"https:\/\/tivia-jasenyhdistykset.fi\/tietoturva\/2023\/01\/28\/tietosuojatunnustukset-2022\/\" \/>\n<meta property=\"og:locale\" content=\"fi_FI\" \/>\n<meta property=\"og:type\" content=\"article\" \/>\n<meta property=\"og:title\" content=\"Vuoden tietosuojavastaava ja Vuoden tietosuojateko -tunnustukset julkistettu! - Tietoturva ry\" \/>\n<meta property=\"og:description\" content=\"Vuoden 2022 tietosuojavastaava on Ari Andreasson ja Vuoden tietosuojateko on Keskusrikospoliisin Psykoterapiakeskus Vastaamon tutkinta. Tietoturva ry jakaa jo toistamiseen tietosuojatunnustukset yhteisty\u00f6ss\u00e4 IAPP Helsinki KnowledgeNet Chapterin kanssa. Hyv\u00e4\u00e4 kansainv\u00e4list\u00e4 tietosuojap\u00e4iv\u00e4\u00e4 28.1.2023! Tietoturva ry jakoi 27.1.2023 toistamiseen yhteisty\u00f6ss\u00e4 IAPP Helsinki KnowledgeNet Chapterin kanssa Vuoden tietosuojavastaava ja Vuoden tietosuojateko tunnustukset 27.1.\" \/>\n<meta property=\"og:url\" content=\"https:\/\/tivia-jasenyhdistykset.fi\/tietoturva\/2023\/01\/28\/tietosuojatunnustukset-2022\/\" \/>\n<meta property=\"og:site_name\" content=\"Tietoturva ry\" \/>\n<meta property=\"article:publisher\" content=\"https:\/\/www.facebook.com\/TietoturvaRy\/\" \/>\n<meta property=\"article:published_time\" content=\"2023-01-28T09:45:15+00:00\" \/>\n<meta property=\"article:modified_time\" content=\"2024-05-31T10:40:59+00:00\" \/>\n<meta property=\"og:image\" content=\"https:\/\/tietoturva.fi\/wp-content\/uploads\/sites\/7\/2023\/01\/IMG_2629-scaled.jpg\" \/>\n<meta name=\"author\" content=\"marttinentomi14855\" \/>\n<meta name=\"twitter:card\" content=\"summary_large_image\" \/>\n<meta name=\"twitter:creator\" content=\"@tietoturva_ry\" \/>\n<meta name=\"twitter:site\" content=\"@tietoturva_ry\" \/>\n<meta name=\"twitter:label1\" content=\"Kirjoittanut\" \/>\n\t<meta name=\"twitter:data1\" content=\"marttinentomi14855\" \/>\n\t<meta name=\"twitter:label2\" content=\"Arvioitu lukuaika\" \/>\n\t<meta name=\"twitter:data2\" content=\"3 minuuttia\" \/>\n<script type=\"application\/ld+json\" class=\"yoast-schema-graph\">{\"@context\":\"https:\\\/\\\/schema.org\",\"@graph\":[{\"@type\":\"Article\",\"@id\":\"https:\\\/\\\/tivia-jasenyhdistykset.fi\\\/tietoturva\\\/2023\\\/01\\\/28\\\/tietosuojatunnustukset-2022\\\/#article\",\"isPartOf\":{\"@id\":\"https:\\\/\\\/tivia-jasenyhdistykset.fi\\\/tietoturva\\\/2023\\\/01\\\/28\\\/tietosuojatunnustukset-2022\\\/\"},\"author\":{\"name\":\"marttinentomi14855\",\"@id\":\"https:\\\/\\\/tivia-jasenyhdistykset.fi\\\/tietoturva\\\/#\\\/schema\\\/person\\\/19adf5a38ed1bb5572c797f59f5d398c\"},\"headline\":\"Vuoden tietosuojavastaava ja Vuoden tietosuojateko -tunnustukset julkistettu!\",\"datePublished\":\"2023-01-28T09:45:15+00:00\",\"dateModified\":\"2024-05-31T10:40:59+00:00\",\"mainEntityOfPage\":{\"@id\":\"https:\\\/\\\/tivia-jasenyhdistykset.fi\\\/tietoturva\\\/2023\\\/01\\\/28\\\/tietosuojatunnustukset-2022\\\/\"},\"wordCount\":369,\"publisher\":{\"@id\":\"https:\\\/\\\/tivia-jasenyhdistykset.fi\\\/tietoturva\\\/#organization\"},\"image\":{\"@id\":\"https:\\\/\\\/tivia-jasenyhdistykset.fi\\\/tietoturva\\\/2023\\\/01\\\/28\\\/tietosuojatunnustukset-2022\\\/#primaryimage\"},\"thumbnailUrl\":\"https:\\\/\\\/tietoturva.fi\\\/wp-content\\\/uploads\\\/sites\\\/7\\\/2023\\\/01\\\/IMG_2629-scaled.jpg\",\"keywords\":[\"DPO\",\"Tietosuoja\",\"Tietosuojateko\",\"Tietosuojavastaava\",\"Vuoden Tietosuojateko\",\"Vuoden Tietosuojavastava\"],\"articleSection\":[\"Tiedotteet\",\"Tietosuoja\",\"Tietosuojatunnustus\",\"Vuoden Tietosuojateko\",\"Vuoden TIetosuojavastaava\"],\"inLanguage\":\"fi\"},{\"@type\":\"WebPage\",\"@id\":\"https:\\\/\\\/tivia-jasenyhdistykset.fi\\\/tietoturva\\\/2023\\\/01\\\/28\\\/tietosuojatunnustukset-2022\\\/\",\"url\":\"https:\\\/\\\/tivia-jasenyhdistykset.fi\\\/tietoturva\\\/2023\\\/01\\\/28\\\/tietosuojatunnustukset-2022\\\/\",\"name\":\"Vuoden tietosuojavastaava ja Vuoden tietosuojateko -tunnustukset julkistettu! - Tietoturva ry\",\"isPartOf\":{\"@id\":\"https:\\\/\\\/tivia-jasenyhdistykset.fi\\\/tietoturva\\\/#website\"},\"primaryImageOfPage\":{\"@id\":\"https:\\\/\\\/tivia-jasenyhdistykset.fi\\\/tietoturva\\\/2023\\\/01\\\/28\\\/tietosuojatunnustukset-2022\\\/#primaryimage\"},\"image\":{\"@id\":\"https:\\\/\\\/tivia-jasenyhdistykset.fi\\\/tietoturva\\\/2023\\\/01\\\/28\\\/tietosuojatunnustukset-2022\\\/#primaryimage\"},\"thumbnailUrl\":\"https:\\\/\\\/tietoturva.fi\\\/wp-content\\\/uploads\\\/sites\\\/7\\\/2023\\\/01\\\/IMG_2629-scaled.jpg\",\"datePublished\":\"2023-01-28T09:45:15+00:00\",\"dateModified\":\"2024-05-31T10:40:59+00:00\",\"breadcrumb\":{\"@id\":\"https:\\\/\\\/tivia-jasenyhdistykset.fi\\\/tietoturva\\\/2023\\\/01\\\/28\\\/tietosuojatunnustukset-2022\\\/#breadcrumb\"},\"inLanguage\":\"fi\",\"potentialAction\":[{\"@type\":\"ReadAction\",\"target\":[\"https:\\\/\\\/tivia-jasenyhdistykset.fi\\\/tietoturva\\\/2023\\\/01\\\/28\\\/tietosuojatunnustukset-2022\\\/\"]}]},{\"@type\":\"ImageObject\",\"inLanguage\":\"fi\",\"@id\":\"https:\\\/\\\/tivia-jasenyhdistykset.fi\\\/tietoturva\\\/2023\\\/01\\\/28\\\/tietosuojatunnustukset-2022\\\/#primaryimage\",\"url\":\"https:\\\/\\\/tietoturva.fi\\\/wp-content\\\/uploads\\\/sites\\\/7\\\/2023\\\/01\\\/IMG_2629-scaled.jpg\",\"contentUrl\":\"https:\\\/\\\/tietoturva.fi\\\/wp-content\\\/uploads\\\/sites\\\/7\\\/2023\\\/01\\\/IMG_2629-scaled.jpg\"},{\"@type\":\"BreadcrumbList\",\"@id\":\"https:\\\/\\\/tivia-jasenyhdistykset.fi\\\/tietoturva\\\/2023\\\/01\\\/28\\\/tietosuojatunnustukset-2022\\\/#breadcrumb\",\"itemListElement\":[{\"@type\":\"ListItem\",\"position\":1,\"name\":\"Etusivu\",\"item\":\"https:\\\/\\\/tivia-jasenyhdistykset.fi\\\/tietoturva\\\/\"},{\"@type\":\"ListItem\",\"position\":2,\"name\":\"Vuoden tietosuojavastaava ja Vuoden tietosuojateko -tunnustukset julkistettu!\"}]},{\"@type\":\"WebSite\",\"@id\":\"https:\\\/\\\/tivia-jasenyhdistykset.fi\\\/tietoturva\\\/#website\",\"url\":\"https:\\\/\\\/tivia-jasenyhdistykset.fi\\\/tietoturva\\\/\",\"name\":\"Tietoturva ry\",\"description\":\"Suomen suurin tietoturva-ammattilaisten verkosto\",\"publisher\":{\"@id\":\"https:\\\/\\\/tivia-jasenyhdistykset.fi\\\/tietoturva\\\/#organization\"},\"potentialAction\":[{\"@type\":\"SearchAction\",\"target\":{\"@type\":\"EntryPoint\",\"urlTemplate\":\"https:\\\/\\\/tivia-jasenyhdistykset.fi\\\/tietoturva\\\/?s={search_term_string}\"},\"query-input\":{\"@type\":\"PropertyValueSpecification\",\"valueRequired\":true,\"valueName\":\"search_term_string\"}}],\"inLanguage\":\"fi\"},{\"@type\":\"Organization\",\"@id\":\"https:\\\/\\\/tivia-jasenyhdistykset.fi\\\/tietoturva\\\/#organization\",\"name\":\"Tietoturva ry\",\"url\":\"https:\\\/\\\/tivia-jasenyhdistykset.fi\\\/tietoturva\\\/\",\"logo\":{\"@type\":\"ImageObject\",\"inLanguage\":\"fi\",\"@id\":\"https:\\\/\\\/tivia-jasenyhdistykset.fi\\\/tietoturva\\\/#\\\/schema\\\/logo\\\/image\\\/\",\"url\":\"https:\\\/\\\/tietoturva.fi\\\/wp-content\\\/uploads\\\/sites\\\/7\\\/2021\\\/05\\\/Tietoturva-logo-2018-100.png\",\"contentUrl\":\"https:\\\/\\\/tietoturva.fi\\\/wp-content\\\/uploads\\\/sites\\\/7\\\/2021\\\/05\\\/Tietoturva-logo-2018-100.png\",\"width\":73,\"height\":100,\"caption\":\"Tietoturva ry\"},\"image\":{\"@id\":\"https:\\\/\\\/tivia-jasenyhdistykset.fi\\\/tietoturva\\\/#\\\/schema\\\/logo\\\/image\\\/\"},\"sameAs\":[\"https:\\\/\\\/www.facebook.com\\\/TietoturvaRy\\\/\",\"https:\\\/\\\/x.com\\\/tietoturva_ry\",\"https:\\\/\\\/www.linkedin.com\\\/company\\\/tietoturva\\\/\",\"https:\\\/\\\/www.youtube.com\\\/channel\\\/UCmXkytjYpJ4_N2msCNy69sw\\\/\"]},{\"@type\":\"Person\",\"@id\":\"https:\\\/\\\/tivia-jasenyhdistykset.fi\\\/tietoturva\\\/#\\\/schema\\\/person\\\/19adf5a38ed1bb5572c797f59f5d398c\",\"name\":\"marttinentomi14855\",\"image\":{\"@type\":\"ImageObject\",\"inLanguage\":\"fi\",\"@id\":\"https:\\\/\\\/secure.gravatar.com\\\/avatar\\\/86ce3195a207958a65db3a2f1a0b53c6822ec82b8849c824270d6274e1a79ff8?s=96&d=mm&r=g\",\"url\":\"https:\\\/\\\/secure.gravatar.com\\\/avatar\\\/86ce3195a207958a65db3a2f1a0b53c6822ec82b8849c824270d6274e1a79ff8?s=96&d=mm&r=g\",\"contentUrl\":\"https:\\\/\\\/secure.gravatar.com\\\/avatar\\\/86ce3195a207958a65db3a2f1a0b53c6822ec82b8849c824270d6274e1a79ff8?s=96&d=mm&r=g\",\"caption\":\"marttinentomi14855\"},\"url\":\"https:\\\/\\\/tivia-jasenyhdistykset.fi\\\/tietoturva\\\/author\\\/marttinentomi14855\\\/\"}]}<\/script>\n<!-- \/ Yoast SEO plugin. -->","yoast_head_json":{"title":"Vuoden tietosuojavastaava ja Vuoden tietosuojateko -tunnustukset julkistettu! - Tietoturva ry","robots":{"index":"index","follow":"follow","max-snippet":"max-snippet:-1","max-image-preview":"max-image-preview:large","max-video-preview":"max-video-preview:-1"},"canonical":"https:\/\/tivia-jasenyhdistykset.fi\/tietoturva\/2023\/01\/28\/tietosuojatunnustukset-2022\/","og_locale":"fi_FI","og_type":"article","og_title":"Vuoden tietosuojavastaava ja Vuoden tietosuojateko -tunnustukset julkistettu! - Tietoturva ry","og_description":"Vuoden 2022 tietosuojavastaava on Ari Andreasson ja Vuoden tietosuojateko on Keskusrikospoliisin Psykoterapiakeskus Vastaamon tutkinta. Tietoturva ry jakaa jo toistamiseen tietosuojatunnustukset yhteisty\u00f6ss\u00e4 IAPP Helsinki KnowledgeNet Chapterin kanssa. Hyv\u00e4\u00e4 kansainv\u00e4list\u00e4 tietosuojap\u00e4iv\u00e4\u00e4 28.1.2023! Tietoturva ry jakoi 27.1.2023 toistamiseen yhteisty\u00f6ss\u00e4 IAPP Helsinki KnowledgeNet Chapterin kanssa Vuoden tietosuojavastaava ja Vuoden tietosuojateko tunnustukset 27.1.","og_url":"https:\/\/tivia-jasenyhdistykset.fi\/tietoturva\/2023\/01\/28\/tietosuojatunnustukset-2022\/","og_site_name":"Tietoturva ry","article_publisher":"https:\/\/www.facebook.com\/TietoturvaRy\/","article_published_time":"2023-01-28T09:45:15+00:00","article_modified_time":"2024-05-31T10:40:59+00:00","og_image":[{"url":"https:\/\/tietoturva.fi\/wp-content\/uploads\/sites\/7\/2023\/01\/IMG_2629-scaled.jpg","type":"","width":"","height":""}],"author":"marttinentomi14855","twitter_card":"summary_large_image","twitter_creator":"@tietoturva_ry","twitter_site":"@tietoturva_ry","twitter_misc":{"Kirjoittanut":"marttinentomi14855","Arvioitu lukuaika":"3 minuuttia"},"schema":{"@context":"https:\/\/schema.org","@graph":[{"@type":"Article","@id":"https:\/\/tivia-jasenyhdistykset.fi\/tietoturva\/2023\/01\/28\/tietosuojatunnustukset-2022\/#article","isPartOf":{"@id":"https:\/\/tivia-jasenyhdistykset.fi\/tietoturva\/2023\/01\/28\/tietosuojatunnustukset-2022\/"},"author":{"name":"marttinentomi14855","@id":"https:\/\/tivia-jasenyhdistykset.fi\/tietoturva\/#\/schema\/person\/19adf5a38ed1bb5572c797f59f5d398c"},"headline":"Vuoden tietosuojavastaava ja Vuoden tietosuojateko -tunnustukset julkistettu!","datePublished":"2023-01-28T09:45:15+00:00","dateModified":"2024-05-31T10:40:59+00:00","mainEntityOfPage":{"@id":"https:\/\/tivia-jasenyhdistykset.fi\/tietoturva\/2023\/01\/28\/tietosuojatunnustukset-2022\/"},"wordCount":369,"publisher":{"@id":"https:\/\/tivia-jasenyhdistykset.fi\/tietoturva\/#organization"},"image":{"@id":"https:\/\/tivia-jasenyhdistykset.fi\/tietoturva\/2023\/01\/28\/tietosuojatunnustukset-2022\/#primaryimage"},"thumbnailUrl":"https:\/\/tietoturva.fi\/wp-content\/uploads\/sites\/7\/2023\/01\/IMG_2629-scaled.jpg","keywords":["DPO","Tietosuoja","Tietosuojateko","Tietosuojavastaava","Vuoden Tietosuojateko","Vuoden Tietosuojavastava"],"articleSection":["Tiedotteet","Tietosuoja","Tietosuojatunnustus","Vuoden Tietosuojateko","Vuoden TIetosuojavastaava"],"inLanguage":"fi"},{"@type":"WebPage","@id":"https:\/\/tivia-jasenyhdistykset.fi\/tietoturva\/2023\/01\/28\/tietosuojatunnustukset-2022\/","url":"https:\/\/tivia-jasenyhdistykset.fi\/tietoturva\/2023\/01\/28\/tietosuojatunnustukset-2022\/","name":"Vuoden tietosuojavastaava ja Vuoden tietosuojateko -tunnustukset julkistettu! - Tietoturva ry","isPartOf":{"@id":"https:\/\/tivia-jasenyhdistykset.fi\/tietoturva\/#website"},"primaryImageOfPage":{"@id":"https:\/\/tivia-jasenyhdistykset.fi\/tietoturva\/2023\/01\/28\/tietosuojatunnustukset-2022\/#primaryimage"},"image":{"@id":"https:\/\/tivia-jasenyhdistykset.fi\/tietoturva\/2023\/01\/28\/tietosuojatunnustukset-2022\/#primaryimage"},"thumbnailUrl":"https:\/\/tietoturva.fi\/wp-content\/uploads\/sites\/7\/2023\/01\/IMG_2629-scaled.jpg","datePublished":"2023-01-28T09:45:15+00:00","dateModified":"2024-05-31T10:40:59+00:00","breadcrumb":{"@id":"https:\/\/tivia-jasenyhdistykset.fi\/tietoturva\/2023\/01\/28\/tietosuojatunnustukset-2022\/#breadcrumb"},"inLanguage":"fi","potentialAction":[{"@type":"ReadAction","target":["https:\/\/tivia-jasenyhdistykset.fi\/tietoturva\/2023\/01\/28\/tietosuojatunnustukset-2022\/"]}]},{"@type":"ImageObject","inLanguage":"fi","@id":"https:\/\/tivia-jasenyhdistykset.fi\/tietoturva\/2023\/01\/28\/tietosuojatunnustukset-2022\/#primaryimage","url":"https:\/\/tietoturva.fi\/wp-content\/uploads\/sites\/7\/2023\/01\/IMG_2629-scaled.jpg","contentUrl":"https:\/\/tietoturva.fi\/wp-content\/uploads\/sites\/7\/2023\/01\/IMG_2629-scaled.jpg"},{"@type":"BreadcrumbList","@id":"https:\/\/tivia-jasenyhdistykset.fi\/tietoturva\/2023\/01\/28\/tietosuojatunnustukset-2022\/#breadcrumb","itemListElement":[{"@type":"ListItem","position":1,"name":"Etusivu","item":"https:\/\/tivia-jasenyhdistykset.fi\/tietoturva\/"},{"@type":"ListItem","position":2,"name":"Vuoden tietosuojavastaava ja Vuoden tietosuojateko -tunnustukset julkistettu!"}]},{"@type":"WebSite","@id":"https:\/\/tivia-jasenyhdistykset.fi\/tietoturva\/#website","url":"https:\/\/tivia-jasenyhdistykset.fi\/tietoturva\/","name":"Tietoturva ry","description":"Suomen suurin tietoturva-ammattilaisten verkosto","publisher":{"@id":"https:\/\/tivia-jasenyhdistykset.fi\/tietoturva\/#organization"},"potentialAction":[{"@type":"SearchAction","target":{"@type":"EntryPoint","urlTemplate":"https:\/\/tivia-jasenyhdistykset.fi\/tietoturva\/?s={search_term_string}"},"query-input":{"@type":"PropertyValueSpecification","valueRequired":true,"valueName":"search_term_string"}}],"inLanguage":"fi"},{"@type":"Organization","@id":"https:\/\/tivia-jasenyhdistykset.fi\/tietoturva\/#organization","name":"Tietoturva ry","url":"https:\/\/tivia-jasenyhdistykset.fi\/tietoturva\/","logo":{"@type":"ImageObject","inLanguage":"fi","@id":"https:\/\/tivia-jasenyhdistykset.fi\/tietoturva\/#\/schema\/logo\/image\/","url":"https:\/\/tietoturva.fi\/wp-content\/uploads\/sites\/7\/2021\/05\/Tietoturva-logo-2018-100.png","contentUrl":"https:\/\/tietoturva.fi\/wp-content\/uploads\/sites\/7\/2021\/05\/Tietoturva-logo-2018-100.png","width":73,"height":100,"caption":"Tietoturva ry"},"image":{"@id":"https:\/\/tivia-jasenyhdistykset.fi\/tietoturva\/#\/schema\/logo\/image\/"},"sameAs":["https:\/\/www.facebook.com\/TietoturvaRy\/","https:\/\/x.com\/tietoturva_ry","https:\/\/www.linkedin.com\/company\/tietoturva\/","https:\/\/www.youtube.com\/channel\/UCmXkytjYpJ4_N2msCNy69sw\/"]},{"@type":"Person","@id":"https:\/\/tivia-jasenyhdistykset.fi\/tietoturva\/#\/schema\/person\/19adf5a38ed1bb5572c797f59f5d398c","name":"marttinentomi14855","image":{"@type":"ImageObject","inLanguage":"fi","@id":"https:\/\/secure.gravatar.com\/avatar\/86ce3195a207958a65db3a2f1a0b53c6822ec82b8849c824270d6274e1a79ff8?s=96&d=mm&r=g","url":"https:\/\/secure.gravatar.com\/avatar\/86ce3195a207958a65db3a2f1a0b53c6822ec82b8849c824270d6274e1a79ff8?s=96&d=mm&r=g","contentUrl":"https:\/\/secure.gravatar.com\/avatar\/86ce3195a207958a65db3a2f1a0b53c6822ec82b8849c824270d6274e1a79ff8?s=96&d=mm&r=g","caption":"marttinentomi14855"},"url":"https:\/\/tivia-jasenyhdistykset.fi\/tietoturva\/author\/marttinentomi14855\/"}]}},"_links":{"self":[{"href":"https:\/\/tivia-jasenyhdistykset.fi\/tietoturva\/wp-json\/wp\/v2\/posts\/1694","targetHints":{"allow":["GET"]}}],"collection":[{"href":"https:\/\/tivia-jasenyhdistykset.fi\/tietoturva\/wp-json\/wp\/v2\/posts"}],"about":[{"href":"https:\/\/tivia-jasenyhdistykset.fi\/tietoturva\/wp-json\/wp\/v2\/types\/post"}],"author":[{"embeddable":true,"href":"https:\/\/tivia-jasenyhdistykset.fi\/tietoturva\/wp-json\/wp\/v2\/users\/2406"}],"replies":[{"embeddable":true,"href":"https:\/\/tivia-jasenyhdistykset.fi\/tietoturva\/wp-json\/wp\/v2\/comments?post=1694"}],"version-history":[{"count":10,"href":"https:\/\/tivia-jasenyhdistykset.fi\/tietoturva\/wp-json\/wp\/v2\/posts\/1694\/revisions"}],"predecessor-version":[{"id":1713,"href":"https:\/\/tivia-jasenyhdistykset.fi\/tietoturva\/wp-json\/wp\/v2\/posts\/1694\/revisions\/1713"}],"wp:attachment":[{"href":"https:\/\/tivia-jasenyhdistykset.fi\/tietoturva\/wp-json\/wp\/v2\/media?parent=1694"}],"wp:term":[{"taxonomy":"category","embeddable":true,"href":"https:\/\/tivia-jasenyhdistykset.fi\/tietoturva\/wp-json\/wp\/v2\/categories?post=1694"},{"taxonomy":"post_tag","embeddable":true,"href":"https:\/\/tivia-jasenyhdistykset.fi\/tietoturva\/wp-json\/wp\/v2\/tags?post=1694"}],"curies":[{"name":"wp","href":"https:\/\/api.w.org\/{rel}","templated":true}]}}