{"id":1724,"date":"2023-02-14T12:01:07","date_gmt":"2023-02-14T10:01:07","guid":{"rendered":"https:\/\/tietoturva.fi\/?p=1724"},"modified":"2025-09-26T10:09:45","modified_gmt":"2025-09-26T07:09:45","slug":"tietoturvakatsaus","status":"publish","type":"post","link":"https:\/\/tivia-jasenyhdistykset.fi\/tietoturva\/2023\/02\/14\/tietoturvakatsaus\/","title":{"rendered":"Tietoturvakatsaus #2, maaliskuu 2023"},"content":{"rendered":"<p><img loading=\"lazy\" decoding=\"async\" class=\"wp-image-1272 aligncenter\" src=\"https:\/\/tietoturva.fi\/wp-content\/uploads\/sites\/7\/2022\/03\/ttry-webinar.png\" alt=\"\" width=\"276\" height=\"239\" srcset=\"https:\/\/tivia-jasenyhdistykset.fi\/tietoturva\/wp-content\/uploads\/sites\/7\/2022\/03\/ttry-webinar.png 723w, https:\/\/tivia-jasenyhdistykset.fi\/tietoturva\/wp-content\/uploads\/sites\/7\/2022\/03\/ttry-webinar-300x259.png 300w\" sizes=\"auto, (max-width: 276px) 100vw, 276px\" \/><\/p>\n<p>&nbsp;<\/p>\n<hr \/>\n<p>Tietoturva ry j\u00e4rjest\u00e4\u00e4 keskiviikkona 8.3.2023 tietoturvakatsauksen, joka on jatkoa hyv\u00e4n vastaanoton saanelle syksyll\u00e4 pidetylle Tietoturvakatsaus 2022-seminaarille.<\/p>\n<p>Tietoturvakatsaus seminaarit koostuvat Suomen eturivin asiantuntijoiden sek\u00e4 ulkomaisten keynote-esiintyjien nostamista havainnoista ja keskusteluista liittyen toimintaymp\u00e4rist\u00f6mme nykytilaan ja tulevaisuuteen.<\/p>\n<p>Tilaisuudessa on paneelikeskustelu, jonka sis\u00e4lt\u00f6\u00f6n p\u00e4\u00e4set my\u00f6s vaikuttamaan vastaamalla ennakkokysymyksiin [<a href=\"https:\/\/www.menti.com\/eab8xzjgz7\/0\">t\u00e4st\u00e4<\/a>].<\/p>\n<hr \/>\n<h2><strong>TAPAHTUMAN TIEDOT<\/strong><\/h2>\n<p>Aika: Keskiviikko 8.3.2023 klo 9.00\u201312.15<br \/>\nPaikka: Verkossa<\/p>\n<h3>KATSELULINKKI<\/h3>\n<p><a href=\"https:\/\/vimeo.com\/event\/3012504\" target=\"_blank\" rel=\"noopener\"><img loading=\"lazy\" decoding=\"async\" class=\"alignnone wp-image-1749 size-medium\" src=\"https:\/\/tietoturva.fi\/wp-content\/uploads\/sites\/7\/2023\/02\/ttry-tietoturvakatsaus-2023a-300x170.png\" alt=\"\" width=\"300\" height=\"170\" srcset=\"https:\/\/tivia-jasenyhdistykset.fi\/tietoturva\/wp-content\/uploads\/sites\/7\/2023\/02\/ttry-tietoturvakatsaus-2023a-300x170.png 300w, https:\/\/tivia-jasenyhdistykset.fi\/tietoturva\/wp-content\/uploads\/sites\/7\/2023\/02\/ttry-tietoturvakatsaus-2023a-1024x579.png 1024w, https:\/\/tivia-jasenyhdistykset.fi\/tietoturva\/wp-content\/uploads\/sites\/7\/2023\/02\/ttry-tietoturvakatsaus-2023a-768x435.png 768w, https:\/\/tivia-jasenyhdistykset.fi\/tietoturva\/wp-content\/uploads\/sites\/7\/2023\/02\/ttry-tietoturvakatsaus-2023a.png 1101w\" sizes=\"auto, (max-width: 300px) 100vw, 300px\" \/><\/a><br \/>\n<a href=\"https:\/\/vimeo.com\/event\/3012504\" target=\"_blank\" rel=\"noopener\">https:\/\/vimeo.com\/event\/3012504<\/a><\/p>\n<p>Muistathan my\u00f6s vastata tapahtuman ennakkokysymyksiin [<a href=\"https:\/\/www.menti.com\/eab8xzjgz7\/0\">t\u00e4st\u00e4<\/a>].<\/p>\n<h3>HINNAT<\/h3>\n<p>Tilaisuus on maksuton.<\/p>\n<h3><strong>ILMOITTAUTUMINEN<\/strong><\/h3>\n<p>Tilaisuus ei vaadi ennakkoilmoittutumista.<\/p>\n<p>Lis\u00e4tietoa ja muut tiedustelut: <a href=\"mailto:info@tietoturva.fi\">info@tietoturva.fi<\/a><\/p>\n<hr \/>\n<h3><b>OHJELMA\u00a0<\/b><b><br \/>\n<\/b><\/h3>\n<p><b>Tietoturvakatsaus I\/2023<br \/>\n<\/b><\/p>\n<p><strong>9.00 Tervetuloa tapahtumaan!<\/strong><br \/>\n\u2013 Tomi Marttinen, Tietoturva ry hallituksen puheenjohtaja<\/p>\n<p>Tilaisuuden ohjelma ja muut k\u00e4yt\u00e4nn\u00f6n j\u00e4rjestelyt, tilaisuuden moderaattorit<br \/>\n\u2013 Kimmo Rousku, Tietoturva ry hallituksen varapuheenjohtaja<br \/>\n\u2013 Oona Matinpalo, Tietoturva ry, hallituksen j\u00e4sen<\/p>\n<p><strong>9.10 Keynote-esitys: Crisis management \u2013 best and worst practices<br \/>\n<\/strong>\u2013 Menny Barzilay, a cyber security expert and keynote speaker<\/p>\n<p><strong>9.40 Mitk\u00e4 ovat alan ajankohtaiset puheenaiheet?<\/strong><\/p>\n<p>\u2013 Jani Arnell, Senior Director, Capgemini<br \/>\n\u2013 Jyri-Petteri Aro, tietoturvap\u00e4\u00e4llikk\u00f6, Maanpuolustuskorkeakoulu<br \/>\n\u2013 Pia Satop\u00e4\u00e4, Senior Lecturer, Turun ammattikorkeakoulu<\/p>\n<p><strong>10.25 Tauko<\/strong><\/p>\n<p><strong>10.30 Informaatiovaikuttaminen \u2013 miten reilu vuosi ven\u00e4j\u00e4n hy\u00f6kk\u00e4yssotaa n\u00e4kyy meid\u00e4n arjessa?<br \/>\n<\/strong>\u2013 Christina Forsg\u00e5rd, viestint\u00e4konsultti, partneri, Netprofile oy<\/p>\n<p><strong>11.15 Mihin Suomen kyberturvallisuus on matkalla?<\/strong><br \/>\n\u2013 Jarno Limn\u00e9ll, ty\u00f6el\u00e4m\u00e4professori, Aalto-yliopisto<\/p>\n<p><strong>12.00 Yhteenveto<\/strong><\/p>\n<p><strong>12.15 Tilaisuus p\u00e4\u00e4ttyy<\/strong><\/p>\n<p>Varaathan kalenteristasi jo 25.5. klo 9.00-1645 seminaarin II-osuutta varten!<\/p>\n<p>&#8212;&#8211;<\/p>\n<p><em>Yhdistys varaa oikeuden muutoksille<\/em><\/p>\n<p><strong>\u00a0<\/strong><\/p>\n","protected":false},"excerpt":{"rendered":"<p><img loading=\"lazy\" decoding=\"async\" class=\"wp-image-1272 aligncenter\" src=\"https:\/\/tietoturva.fi\/wp-content\/uploads\/sites\/7\/2022\/03\/ttry-webinar.png\" alt=\"\" width=\"276\" height=\"239\" srcset=\"https:\/\/tivia-jasenyhdistykset.fi\/tietoturva\/wp-content\/uploads\/sites\/7\/2022\/03\/ttry-webinar.png 723w, https:\/\/tivia-jasenyhdistykset.fi\/tietoturva\/wp-content\/uploads\/sites\/7\/2022\/03\/ttry-webinar-300x259.png 300w\" sizes=\"auto, (max-width: 276px) 100vw, 276px\" \/><\/p>\n<p>&nbsp;<\/p>\n<p>Tietoturva ry j\u00e4rjest\u00e4\u00e4 keskiviikkona 8.3.2023 tietoturvakatsauksen, joka on jatkoa hyv\u00e4n vastaanoton saanelle syksyll\u00e4 pidetylle Tietoturvakatsaus 2022-seminaarille.<\/p>\n<p>Tietoturvakatsaus seminaarit koostuvat Suomen eturivin asiantuntijoiden sek\u00e4 ulkomaisten keynote-esiintyjien nostamista havainnoista ja keskusteluista liittyen toimintaymp\u00e4rist\u00f6mme nykytilaan ja tulevaisuuteen.<\/p>\n","protected":false},"author":2408,"featured_media":0,"comment_status":"closed","ping_status":"closed","sticky":false,"template":"","format":"standard","meta":{"_acf_changed":false,"footnotes":""},"categories":[90],"tags":[],"class_list":["post-1724","post","type-post","status-publish","format-standard","hentry","category-tietoturvakatsaus"],"acf":[],"yoast_head":"<!-- This site is optimized with the Yoast SEO plugin v27.5 - https:\/\/yoast.com\/product\/yoast-seo-wordpress\/ -->\n<title>Tietoturvakatsaus #2, maaliskuu 2023 - Tietoturva ry<\/title>\n<meta name=\"robots\" content=\"index, follow, max-snippet:-1, max-image-preview:large, max-video-preview:-1\" \/>\n<link rel=\"canonical\" href=\"https:\/\/tivia-jasenyhdistykset.fi\/tietoturva\/2023\/02\/14\/tietoturvakatsaus\/\" \/>\n<meta property=\"og:locale\" content=\"fi_FI\" \/>\n<meta property=\"og:type\" content=\"article\" \/>\n<meta property=\"og:title\" content=\"Tietoturvakatsaus #2, maaliskuu 2023 - Tietoturva ry\" \/>\n<meta property=\"og:description\" content=\"&nbsp; Tietoturva ry j\u00e4rjest\u00e4\u00e4 keskiviikkona 8.3.2023 tietoturvakatsauksen, joka on jatkoa hyv\u00e4n vastaanoton saanelle syksyll\u00e4 pidetylle Tietoturvakatsaus 2022-seminaarille. Tietoturvakatsaus seminaarit koostuvat Suomen eturivin asiantuntijoiden sek\u00e4 ulkomaisten keynote-esiintyjien nostamista havainnoista ja keskusteluista liittyen toimintaymp\u00e4rist\u00f6mme nykytilaan ja tulevaisuuteen.\" \/>\n<meta property=\"og:url\" content=\"https:\/\/tivia-jasenyhdistykset.fi\/tietoturva\/2023\/02\/14\/tietoturvakatsaus\/\" \/>\n<meta property=\"og:site_name\" content=\"Tietoturva ry\" \/>\n<meta property=\"article:publisher\" content=\"https:\/\/www.facebook.com\/TietoturvaRy\/\" \/>\n<meta property=\"article:published_time\" content=\"2023-02-14T10:01:07+00:00\" \/>\n<meta property=\"article:modified_time\" content=\"2025-09-26T07:09:45+00:00\" \/>\n<meta property=\"og:image\" content=\"https:\/\/tietoturva.fi\/wp-content\/uploads\/sites\/7\/2022\/03\/ttry-webinar.png\" \/>\n<meta name=\"author\" content=\"Tommi V\" \/>\n<meta name=\"twitter:card\" content=\"summary_large_image\" \/>\n<meta name=\"twitter:creator\" content=\"@tietoturva_ry\" \/>\n<meta name=\"twitter:site\" content=\"@tietoturva_ry\" \/>\n<meta name=\"twitter:label1\" content=\"Kirjoittanut\" \/>\n\t<meta name=\"twitter:data1\" content=\"Tommi V\" \/>\n\t<meta name=\"twitter:label2\" content=\"Arvioitu lukuaika\" \/>\n\t<meta name=\"twitter:data2\" content=\"2 minuuttia\" \/>\n<script type=\"application\/ld+json\" class=\"yoast-schema-graph\">{\"@context\":\"https:\\\/\\\/schema.org\",\"@graph\":[{\"@type\":\"Article\",\"@id\":\"https:\\\/\\\/tivia-jasenyhdistykset.fi\\\/tietoturva\\\/2023\\\/02\\\/14\\\/tietoturvakatsaus\\\/#article\",\"isPartOf\":{\"@id\":\"https:\\\/\\\/tivia-jasenyhdistykset.fi\\\/tietoturva\\\/2023\\\/02\\\/14\\\/tietoturvakatsaus\\\/\"},\"author\":{\"name\":\"Tommi V\",\"@id\":\"https:\\\/\\\/tivia-jasenyhdistykset.fi\\\/tietoturva\\\/#\\\/schema\\\/person\\\/509d9bb392337a2d220ec611546998ec\"},\"headline\":\"Tietoturvakatsaus #2, maaliskuu 2023\",\"datePublished\":\"2023-02-14T10:01:07+00:00\",\"dateModified\":\"2025-09-26T07:09:45+00:00\",\"mainEntityOfPage\":{\"@id\":\"https:\\\/\\\/tivia-jasenyhdistykset.fi\\\/tietoturva\\\/2023\\\/02\\\/14\\\/tietoturvakatsaus\\\/\"},\"wordCount\":220,\"publisher\":{\"@id\":\"https:\\\/\\\/tivia-jasenyhdistykset.fi\\\/tietoturva\\\/#organization\"},\"image\":{\"@id\":\"https:\\\/\\\/tivia-jasenyhdistykset.fi\\\/tietoturva\\\/2023\\\/02\\\/14\\\/tietoturvakatsaus\\\/#primaryimage\"},\"thumbnailUrl\":\"https:\\\/\\\/tietoturva.fi\\\/wp-content\\\/uploads\\\/sites\\\/7\\\/2022\\\/03\\\/ttry-webinar.png\",\"articleSection\":[\"Tietoturvakatsaus\"],\"inLanguage\":\"fi\"},{\"@type\":\"WebPage\",\"@id\":\"https:\\\/\\\/tivia-jasenyhdistykset.fi\\\/tietoturva\\\/2023\\\/02\\\/14\\\/tietoturvakatsaus\\\/\",\"url\":\"https:\\\/\\\/tivia-jasenyhdistykset.fi\\\/tietoturva\\\/2023\\\/02\\\/14\\\/tietoturvakatsaus\\\/\",\"name\":\"Tietoturvakatsaus #2, maaliskuu 2023 - Tietoturva ry\",\"isPartOf\":{\"@id\":\"https:\\\/\\\/tivia-jasenyhdistykset.fi\\\/tietoturva\\\/#website\"},\"primaryImageOfPage\":{\"@id\":\"https:\\\/\\\/tivia-jasenyhdistykset.fi\\\/tietoturva\\\/2023\\\/02\\\/14\\\/tietoturvakatsaus\\\/#primaryimage\"},\"image\":{\"@id\":\"https:\\\/\\\/tivia-jasenyhdistykset.fi\\\/tietoturva\\\/2023\\\/02\\\/14\\\/tietoturvakatsaus\\\/#primaryimage\"},\"thumbnailUrl\":\"https:\\\/\\\/tietoturva.fi\\\/wp-content\\\/uploads\\\/sites\\\/7\\\/2022\\\/03\\\/ttry-webinar.png\",\"datePublished\":\"2023-02-14T10:01:07+00:00\",\"dateModified\":\"2025-09-26T07:09:45+00:00\",\"breadcrumb\":{\"@id\":\"https:\\\/\\\/tivia-jasenyhdistykset.fi\\\/tietoturva\\\/2023\\\/02\\\/14\\\/tietoturvakatsaus\\\/#breadcrumb\"},\"inLanguage\":\"fi\",\"potentialAction\":[{\"@type\":\"ReadAction\",\"target\":[\"https:\\\/\\\/tivia-jasenyhdistykset.fi\\\/tietoturva\\\/2023\\\/02\\\/14\\\/tietoturvakatsaus\\\/\"]}]},{\"@type\":\"ImageObject\",\"inLanguage\":\"fi\",\"@id\":\"https:\\\/\\\/tivia-jasenyhdistykset.fi\\\/tietoturva\\\/2023\\\/02\\\/14\\\/tietoturvakatsaus\\\/#primaryimage\",\"url\":\"https:\\\/\\\/tietoturva.fi\\\/wp-content\\\/uploads\\\/sites\\\/7\\\/2022\\\/03\\\/ttry-webinar.png\",\"contentUrl\":\"https:\\\/\\\/tietoturva.fi\\\/wp-content\\\/uploads\\\/sites\\\/7\\\/2022\\\/03\\\/ttry-webinar.png\"},{\"@type\":\"BreadcrumbList\",\"@id\":\"https:\\\/\\\/tivia-jasenyhdistykset.fi\\\/tietoturva\\\/2023\\\/02\\\/14\\\/tietoturvakatsaus\\\/#breadcrumb\",\"itemListElement\":[{\"@type\":\"ListItem\",\"position\":1,\"name\":\"Etusivu\",\"item\":\"https:\\\/\\\/tivia-jasenyhdistykset.fi\\\/tietoturva\\\/\"},{\"@type\":\"ListItem\",\"position\":2,\"name\":\"Tietoturvakatsaus #2, maaliskuu 2023\"}]},{\"@type\":\"WebSite\",\"@id\":\"https:\\\/\\\/tivia-jasenyhdistykset.fi\\\/tietoturva\\\/#website\",\"url\":\"https:\\\/\\\/tivia-jasenyhdistykset.fi\\\/tietoturva\\\/\",\"name\":\"Tietoturva ry\",\"description\":\"Suomen suurin tietoturva-ammattilaisten verkosto\",\"publisher\":{\"@id\":\"https:\\\/\\\/tivia-jasenyhdistykset.fi\\\/tietoturva\\\/#organization\"},\"potentialAction\":[{\"@type\":\"SearchAction\",\"target\":{\"@type\":\"EntryPoint\",\"urlTemplate\":\"https:\\\/\\\/tivia-jasenyhdistykset.fi\\\/tietoturva\\\/?s={search_term_string}\"},\"query-input\":{\"@type\":\"PropertyValueSpecification\",\"valueRequired\":true,\"valueName\":\"search_term_string\"}}],\"inLanguage\":\"fi\"},{\"@type\":\"Organization\",\"@id\":\"https:\\\/\\\/tivia-jasenyhdistykset.fi\\\/tietoturva\\\/#organization\",\"name\":\"Tietoturva ry\",\"url\":\"https:\\\/\\\/tivia-jasenyhdistykset.fi\\\/tietoturva\\\/\",\"logo\":{\"@type\":\"ImageObject\",\"inLanguage\":\"fi\",\"@id\":\"https:\\\/\\\/tivia-jasenyhdistykset.fi\\\/tietoturva\\\/#\\\/schema\\\/logo\\\/image\\\/\",\"url\":\"https:\\\/\\\/tietoturva.fi\\\/wp-content\\\/uploads\\\/sites\\\/7\\\/2021\\\/05\\\/Tietoturva-logo-2018-100.png\",\"contentUrl\":\"https:\\\/\\\/tietoturva.fi\\\/wp-content\\\/uploads\\\/sites\\\/7\\\/2021\\\/05\\\/Tietoturva-logo-2018-100.png\",\"width\":73,\"height\":100,\"caption\":\"Tietoturva ry\"},\"image\":{\"@id\":\"https:\\\/\\\/tivia-jasenyhdistykset.fi\\\/tietoturva\\\/#\\\/schema\\\/logo\\\/image\\\/\"},\"sameAs\":[\"https:\\\/\\\/www.facebook.com\\\/TietoturvaRy\\\/\",\"https:\\\/\\\/x.com\\\/tietoturva_ry\",\"https:\\\/\\\/www.linkedin.com\\\/company\\\/tietoturva\\\/\",\"https:\\\/\\\/www.youtube.com\\\/channel\\\/UCmXkytjYpJ4_N2msCNy69sw\\\/\"]},{\"@type\":\"Person\",\"@id\":\"https:\\\/\\\/tivia-jasenyhdistykset.fi\\\/tietoturva\\\/#\\\/schema\\\/person\\\/509d9bb392337a2d220ec611546998ec\",\"name\":\"Tommi V\",\"image\":{\"@type\":\"ImageObject\",\"inLanguage\":\"fi\",\"@id\":\"https:\\\/\\\/secure.gravatar.com\\\/avatar\\\/407fe7c123719aedfe1043bea0075baf31b4805e5599ab36f3b560d37cfba06d?s=96&d=mm&r=g\",\"url\":\"https:\\\/\\\/secure.gravatar.com\\\/avatar\\\/407fe7c123719aedfe1043bea0075baf31b4805e5599ab36f3b560d37cfba06d?s=96&d=mm&r=g\",\"contentUrl\":\"https:\\\/\\\/secure.gravatar.com\\\/avatar\\\/407fe7c123719aedfe1043bea0075baf31b4805e5599ab36f3b560d37cfba06d?s=96&d=mm&r=g\",\"caption\":\"Tommi V\"},\"url\":\"https:\\\/\\\/tivia-jasenyhdistykset.fi\\\/tietoturva\\\/author\\\/vanninentommi10605\\\/\"}]}<\/script>\n<!-- \/ Yoast SEO plugin. -->","yoast_head_json":{"title":"Tietoturvakatsaus #2, maaliskuu 2023 - Tietoturva ry","robots":{"index":"index","follow":"follow","max-snippet":"max-snippet:-1","max-image-preview":"max-image-preview:large","max-video-preview":"max-video-preview:-1"},"canonical":"https:\/\/tivia-jasenyhdistykset.fi\/tietoturva\/2023\/02\/14\/tietoturvakatsaus\/","og_locale":"fi_FI","og_type":"article","og_title":"Tietoturvakatsaus #2, maaliskuu 2023 - Tietoturva ry","og_description":"&nbsp; Tietoturva ry j\u00e4rjest\u00e4\u00e4 keskiviikkona 8.3.2023 tietoturvakatsauksen, joka on jatkoa hyv\u00e4n vastaanoton saanelle syksyll\u00e4 pidetylle Tietoturvakatsaus 2022-seminaarille. Tietoturvakatsaus seminaarit koostuvat Suomen eturivin asiantuntijoiden sek\u00e4 ulkomaisten keynote-esiintyjien nostamista havainnoista ja keskusteluista liittyen toimintaymp\u00e4rist\u00f6mme nykytilaan ja tulevaisuuteen.","og_url":"https:\/\/tivia-jasenyhdistykset.fi\/tietoturva\/2023\/02\/14\/tietoturvakatsaus\/","og_site_name":"Tietoturva ry","article_publisher":"https:\/\/www.facebook.com\/TietoturvaRy\/","article_published_time":"2023-02-14T10:01:07+00:00","article_modified_time":"2025-09-26T07:09:45+00:00","og_image":[{"url":"https:\/\/tietoturva.fi\/wp-content\/uploads\/sites\/7\/2022\/03\/ttry-webinar.png","type":"","width":"","height":""}],"author":"Tommi V","twitter_card":"summary_large_image","twitter_creator":"@tietoturva_ry","twitter_site":"@tietoturva_ry","twitter_misc":{"Kirjoittanut":"Tommi V","Arvioitu lukuaika":"2 minuuttia"},"schema":{"@context":"https:\/\/schema.org","@graph":[{"@type":"Article","@id":"https:\/\/tivia-jasenyhdistykset.fi\/tietoturva\/2023\/02\/14\/tietoturvakatsaus\/#article","isPartOf":{"@id":"https:\/\/tivia-jasenyhdistykset.fi\/tietoturva\/2023\/02\/14\/tietoturvakatsaus\/"},"author":{"name":"Tommi V","@id":"https:\/\/tivia-jasenyhdistykset.fi\/tietoturva\/#\/schema\/person\/509d9bb392337a2d220ec611546998ec"},"headline":"Tietoturvakatsaus #2, maaliskuu 2023","datePublished":"2023-02-14T10:01:07+00:00","dateModified":"2025-09-26T07:09:45+00:00","mainEntityOfPage":{"@id":"https:\/\/tivia-jasenyhdistykset.fi\/tietoturva\/2023\/02\/14\/tietoturvakatsaus\/"},"wordCount":220,"publisher":{"@id":"https:\/\/tivia-jasenyhdistykset.fi\/tietoturva\/#organization"},"image":{"@id":"https:\/\/tivia-jasenyhdistykset.fi\/tietoturva\/2023\/02\/14\/tietoturvakatsaus\/#primaryimage"},"thumbnailUrl":"https:\/\/tietoturva.fi\/wp-content\/uploads\/sites\/7\/2022\/03\/ttry-webinar.png","articleSection":["Tietoturvakatsaus"],"inLanguage":"fi"},{"@type":"WebPage","@id":"https:\/\/tivia-jasenyhdistykset.fi\/tietoturva\/2023\/02\/14\/tietoturvakatsaus\/","url":"https:\/\/tivia-jasenyhdistykset.fi\/tietoturva\/2023\/02\/14\/tietoturvakatsaus\/","name":"Tietoturvakatsaus #2, maaliskuu 2023 - Tietoturva ry","isPartOf":{"@id":"https:\/\/tivia-jasenyhdistykset.fi\/tietoturva\/#website"},"primaryImageOfPage":{"@id":"https:\/\/tivia-jasenyhdistykset.fi\/tietoturva\/2023\/02\/14\/tietoturvakatsaus\/#primaryimage"},"image":{"@id":"https:\/\/tivia-jasenyhdistykset.fi\/tietoturva\/2023\/02\/14\/tietoturvakatsaus\/#primaryimage"},"thumbnailUrl":"https:\/\/tietoturva.fi\/wp-content\/uploads\/sites\/7\/2022\/03\/ttry-webinar.png","datePublished":"2023-02-14T10:01:07+00:00","dateModified":"2025-09-26T07:09:45+00:00","breadcrumb":{"@id":"https:\/\/tivia-jasenyhdistykset.fi\/tietoturva\/2023\/02\/14\/tietoturvakatsaus\/#breadcrumb"},"inLanguage":"fi","potentialAction":[{"@type":"ReadAction","target":["https:\/\/tivia-jasenyhdistykset.fi\/tietoturva\/2023\/02\/14\/tietoturvakatsaus\/"]}]},{"@type":"ImageObject","inLanguage":"fi","@id":"https:\/\/tivia-jasenyhdistykset.fi\/tietoturva\/2023\/02\/14\/tietoturvakatsaus\/#primaryimage","url":"https:\/\/tietoturva.fi\/wp-content\/uploads\/sites\/7\/2022\/03\/ttry-webinar.png","contentUrl":"https:\/\/tietoturva.fi\/wp-content\/uploads\/sites\/7\/2022\/03\/ttry-webinar.png"},{"@type":"BreadcrumbList","@id":"https:\/\/tivia-jasenyhdistykset.fi\/tietoturva\/2023\/02\/14\/tietoturvakatsaus\/#breadcrumb","itemListElement":[{"@type":"ListItem","position":1,"name":"Etusivu","item":"https:\/\/tivia-jasenyhdistykset.fi\/tietoturva\/"},{"@type":"ListItem","position":2,"name":"Tietoturvakatsaus #2, maaliskuu 2023"}]},{"@type":"WebSite","@id":"https:\/\/tivia-jasenyhdistykset.fi\/tietoturva\/#website","url":"https:\/\/tivia-jasenyhdistykset.fi\/tietoturva\/","name":"Tietoturva ry","description":"Suomen suurin tietoturva-ammattilaisten verkosto","publisher":{"@id":"https:\/\/tivia-jasenyhdistykset.fi\/tietoturva\/#organization"},"potentialAction":[{"@type":"SearchAction","target":{"@type":"EntryPoint","urlTemplate":"https:\/\/tivia-jasenyhdistykset.fi\/tietoturva\/?s={search_term_string}"},"query-input":{"@type":"PropertyValueSpecification","valueRequired":true,"valueName":"search_term_string"}}],"inLanguage":"fi"},{"@type":"Organization","@id":"https:\/\/tivia-jasenyhdistykset.fi\/tietoturva\/#organization","name":"Tietoturva ry","url":"https:\/\/tivia-jasenyhdistykset.fi\/tietoturva\/","logo":{"@type":"ImageObject","inLanguage":"fi","@id":"https:\/\/tivia-jasenyhdistykset.fi\/tietoturva\/#\/schema\/logo\/image\/","url":"https:\/\/tietoturva.fi\/wp-content\/uploads\/sites\/7\/2021\/05\/Tietoturva-logo-2018-100.png","contentUrl":"https:\/\/tietoturva.fi\/wp-content\/uploads\/sites\/7\/2021\/05\/Tietoturva-logo-2018-100.png","width":73,"height":100,"caption":"Tietoturva ry"},"image":{"@id":"https:\/\/tivia-jasenyhdistykset.fi\/tietoturva\/#\/schema\/logo\/image\/"},"sameAs":["https:\/\/www.facebook.com\/TietoturvaRy\/","https:\/\/x.com\/tietoturva_ry","https:\/\/www.linkedin.com\/company\/tietoturva\/","https:\/\/www.youtube.com\/channel\/UCmXkytjYpJ4_N2msCNy69sw\/"]},{"@type":"Person","@id":"https:\/\/tivia-jasenyhdistykset.fi\/tietoturva\/#\/schema\/person\/509d9bb392337a2d220ec611546998ec","name":"Tommi V","image":{"@type":"ImageObject","inLanguage":"fi","@id":"https:\/\/secure.gravatar.com\/avatar\/407fe7c123719aedfe1043bea0075baf31b4805e5599ab36f3b560d37cfba06d?s=96&d=mm&r=g","url":"https:\/\/secure.gravatar.com\/avatar\/407fe7c123719aedfe1043bea0075baf31b4805e5599ab36f3b560d37cfba06d?s=96&d=mm&r=g","contentUrl":"https:\/\/secure.gravatar.com\/avatar\/407fe7c123719aedfe1043bea0075baf31b4805e5599ab36f3b560d37cfba06d?s=96&d=mm&r=g","caption":"Tommi V"},"url":"https:\/\/tivia-jasenyhdistykset.fi\/tietoturva\/author\/vanninentommi10605\/"}]}},"_links":{"self":[{"href":"https:\/\/tivia-jasenyhdistykset.fi\/tietoturva\/wp-json\/wp\/v2\/posts\/1724","targetHints":{"allow":["GET"]}}],"collection":[{"href":"https:\/\/tivia-jasenyhdistykset.fi\/tietoturva\/wp-json\/wp\/v2\/posts"}],"about":[{"href":"https:\/\/tivia-jasenyhdistykset.fi\/tietoturva\/wp-json\/wp\/v2\/types\/post"}],"author":[{"embeddable":true,"href":"https:\/\/tivia-jasenyhdistykset.fi\/tietoturva\/wp-json\/wp\/v2\/users\/2408"}],"replies":[{"embeddable":true,"href":"https:\/\/tivia-jasenyhdistykset.fi\/tietoturva\/wp-json\/wp\/v2\/comments?post=1724"}],"version-history":[{"count":28,"href":"https:\/\/tivia-jasenyhdistykset.fi\/tietoturva\/wp-json\/wp\/v2\/posts\/1724\/revisions"}],"predecessor-version":[{"id":3330,"href":"https:\/\/tivia-jasenyhdistykset.fi\/tietoturva\/wp-json\/wp\/v2\/posts\/1724\/revisions\/3330"}],"wp:attachment":[{"href":"https:\/\/tivia-jasenyhdistykset.fi\/tietoturva\/wp-json\/wp\/v2\/media?parent=1724"}],"wp:term":[{"taxonomy":"category","embeddable":true,"href":"https:\/\/tivia-jasenyhdistykset.fi\/tietoturva\/wp-json\/wp\/v2\/categories?post=1724"},{"taxonomy":"post_tag","embeddable":true,"href":"https:\/\/tivia-jasenyhdistykset.fi\/tietoturva\/wp-json\/wp\/v2\/tags?post=1724"}],"curies":[{"name":"wp","href":"https:\/\/api.w.org\/{rel}","templated":true}]}}