{"id":1767,"date":"2023-03-17T08:21:44","date_gmt":"2023-03-17T06:21:44","guid":{"rendered":"https:\/\/tietoturva.fi\/?p=1767"},"modified":"2024-05-31T13:40:59","modified_gmt":"2024-05-31T10:40:59","slug":"webinaaritallenne-2023p1","status":"publish","type":"post","link":"https:\/\/tivia-jasenyhdistykset.fi\/tietoturva\/2023\/03\/17\/webinaaritallenne-2023p1\/","title":{"rendered":"Webinaaritallenne: Tietoturvakatsaus 2023 &#8211;  osa 1"},"content":{"rendered":"<p><img loading=\"lazy\" decoding=\"async\" class=\"wp-image-1777 aligncenter\" src=\"https:\/\/tietoturva.fi\/wp-content\/uploads\/sites\/7\/2023\/03\/ttry_video-scaled-e1679336540797.jpg\" alt=\"\" width=\"459\" height=\"335\" srcset=\"https:\/\/tivia-jasenyhdistykset.fi\/tietoturva\/wp-content\/uploads\/sites\/7\/2023\/03\/ttry_video-scaled-e1679336540797.jpg 2560w, https:\/\/tivia-jasenyhdistykset.fi\/tietoturva\/wp-content\/uploads\/sites\/7\/2023\/03\/ttry_video-scaled-e1679336540797-300x219.jpg 300w, https:\/\/tivia-jasenyhdistykset.fi\/tietoturva\/wp-content\/uploads\/sites\/7\/2023\/03\/ttry_video-scaled-e1679336540797-1024x747.jpg 1024w, https:\/\/tivia-jasenyhdistykset.fi\/tietoturva\/wp-content\/uploads\/sites\/7\/2023\/03\/ttry_video-scaled-e1679336540797-768x560.jpg 768w, https:\/\/tivia-jasenyhdistykset.fi\/tietoturva\/wp-content\/uploads\/sites\/7\/2023\/03\/ttry_video-scaled-e1679336540797-1536x1121.jpg 1536w, https:\/\/tivia-jasenyhdistykset.fi\/tietoturva\/wp-content\/uploads\/sites\/7\/2023\/03\/ttry_video-scaled-e1679336540797-2048x1494.jpg 2048w\" sizes=\"auto, (max-width: 459px) 100vw, 459px\" \/><\/p>\n<p>Tietoturva ry j\u00e4rjesti keskiviikkona 8.3.2023 tietoturvakatsauksen, joka oli jatkoa hyv\u00e4n vastaanoton saanelle syksyll\u00e4 pidetylle Tietoturvakatsaus 2022-seminaarille.<\/p>\n<p>Tietoturvakatsaus-seminaarit koostuvat Suomen eturivin asiantuntijoiden sek\u00e4 ulkomaisten keynote-esiintyjien nostamista havainnoista ja keskusteluista liittyen toimintaymp\u00e4rist\u00f6mme nykytilaan ja tulevaisuuteen.<\/p>\n<p>Tilaisuudessa oli my\u00f6s paneelikeskustelu.<\/p>\n<hr \/>\n<h2><strong>TAPAHTUMAN TALLENNE<\/strong><\/h2>\n<p>Tapahtuman tallenne on julkisesti katsottavissa Tietoturva ry:n YouTube -kanavalla.<\/p>\n<h3>KATSELULINKKI<\/h3>\n<p><a href=\"https:\/\/vimeo.com\/event\/3012504\" target=\"_blank\" rel=\"noopener\"><img loading=\"lazy\" decoding=\"async\" class=\"alignnone wp-image-1749 size-medium\" src=\"https:\/\/tietoturva.fi\/wp-content\/uploads\/sites\/7\/2023\/02\/ttry-tietoturvakatsaus-2023a-300x170.png\" sizes=\"auto, (max-width: 300px) 100vw, 300px\" srcset=\"https:\/\/tietoturva.fi\/wp-content\/uploads\/sites\/7\/2023\/02\/ttry-tietoturvakatsaus-2023a-300x170.png 300w, https:\/\/tietoturva.fi\/wp-content\/uploads\/sites\/7\/2023\/02\/ttry-tietoturvakatsaus-2023a-1024x579.png 1024w, https:\/\/tietoturva.fi\/wp-content\/uploads\/sites\/7\/2023\/02\/ttry-tietoturvakatsaus-2023a-768x435.png 768w, https:\/\/tietoturva.fi\/wp-content\/uploads\/sites\/7\/2023\/02\/ttry-tietoturvakatsaus-2023a.png 1101w\" alt=\"\" width=\"300\" height=\"170\" \/><\/a><br \/>\n<a href=\"https:\/\/www.youtube.com\/channel\/UCmXkytjYpJ4_N2msCNy69sw\" target=\"_blank\" rel=\"noopener\">https:\/\/www.youtube.com\/channel\/UCmXkytjYpJ4_N2msCNy69sw<\/a><\/p>\n<hr \/>\n<h3><b>OHJELMA\u00a0<\/b><b><br \/>\n<\/b><\/h3>\n<p><b>Tietoturvakatsaus I\/2023<br \/>\n<\/b><\/p>\n<p><strong>Tervetuloa tapahtumaan!<\/strong><br \/>\n\u2013 Tomi Marttinen, Tietoturva ry hallituksen puheenjohtaja<\/p>\n<p>Tilaisuuden ohjelma ja muut k\u00e4yt\u00e4nn\u00f6n j\u00e4rjestelyt, tilaisuuden moderaattorit<br \/>\n\u2013 Kimmo Rousku, Tietoturva ry hallituksen varapuheenjohtaja<br \/>\n\u2013 Oona Matinpalo, Tietoturva ry, hallituksen j\u00e4sen<\/p>\n<p><strong>Keynote-esitys: Crisis management \u2013 best and worst practices<br \/>\n<\/strong>\u2013 Menny Barzilay, a cyber security expert and keynote speaker<\/p>\n<p><strong>Mitk\u00e4 ovat alan ajankohtaiset puheenaiheet?<\/strong><\/p>\n<p>\u2013 Jani Arnell, Senior Director, Capgemini<br \/>\n\u2013 Jyri-Petteri Aro, tietoturvap\u00e4\u00e4llikk\u00f6, Maanpuolustuskorkeakoulu<br \/>\n\u2013 Pia Satop\u00e4\u00e4, Senior Lecturer, Turun ammattikorkeakoulu<\/p>\n<p><strong>Informaatiovaikuttaminen \u2013 miten reilu vuosi ven\u00e4j\u00e4n hy\u00f6kk\u00e4yssotaa n\u00e4kyy meid\u00e4n arjessa?<br \/>\n<\/strong>\u2013 Christina Forsg\u00e5rd, viestint\u00e4konsultti, partneri, Netprofile oy<\/p>\n<p><strong>Mihin Suomen kyberturvallisuus on matkalla?<\/strong><br \/>\n\u2013 Jarno Limn\u00e9ll, ty\u00f6el\u00e4m\u00e4professori, Aalto-yliopisto<\/p>\n<p><strong>Yhteenveto<\/strong><\/p>\n<p><strong>Tilaisuus p\u00e4\u00e4ttyy<\/strong><\/p>\n<p>&nbsp;<\/p>\n","protected":false},"excerpt":{"rendered":"<p><img loading=\"lazy\" decoding=\"async\" class=\"wp-image-1777 aligncenter\" src=\"https:\/\/tietoturva.fi\/wp-content\/uploads\/sites\/7\/2023\/03\/ttry_video-scaled-e1679336540797.jpg\" alt=\"\" width=\"459\" height=\"335\" srcset=\"https:\/\/tivia-jasenyhdistykset.fi\/tietoturva\/wp-content\/uploads\/sites\/7\/2023\/03\/ttry_video-scaled-e1679336540797.jpg 2560w, https:\/\/tivia-jasenyhdistykset.fi\/tietoturva\/wp-content\/uploads\/sites\/7\/2023\/03\/ttry_video-scaled-e1679336540797-300x219.jpg 300w, https:\/\/tivia-jasenyhdistykset.fi\/tietoturva\/wp-content\/uploads\/sites\/7\/2023\/03\/ttry_video-scaled-e1679336540797-1024x747.jpg 1024w, https:\/\/tivia-jasenyhdistykset.fi\/tietoturva\/wp-content\/uploads\/sites\/7\/2023\/03\/ttry_video-scaled-e1679336540797-768x560.jpg 768w, https:\/\/tivia-jasenyhdistykset.fi\/tietoturva\/wp-content\/uploads\/sites\/7\/2023\/03\/ttry_video-scaled-e1679336540797-1536x1121.jpg 1536w, https:\/\/tivia-jasenyhdistykset.fi\/tietoturva\/wp-content\/uploads\/sites\/7\/2023\/03\/ttry_video-scaled-e1679336540797-2048x1494.jpg 2048w\" sizes=\"auto, (max-width: 459px) 100vw, 459px\" \/><\/p>\n<p>Tietoturva ry j\u00e4rjesti keskiviikkona 8.3.2023 tietoturvakatsauksen, joka oli jatkoa hyv\u00e4n vastaanoton saanelle syksyll\u00e4 pidetylle Tietoturvakatsaus 2022-seminaarille.<\/p>\n<p>Tietoturvakatsaus-seminaarit koostuvat Suomen eturivin asiantuntijoiden sek\u00e4 ulkomaisten keynote-esiintyjien nostamista havainnoista ja keskusteluista liittyen toimintaymp\u00e4rist\u00f6mme nykytilaan ja tulevaisuuteen.<\/p>\n<p>Tilaisuudessa oli my\u00f6s paneelikeskustelu.<\/p>\n","protected":false},"author":2406,"featured_media":0,"comment_status":"closed","ping_status":"closed","sticky":false,"template":"","format":"standard","meta":{"_acf_changed":false,"footnotes":""},"categories":[90,24],"tags":[],"class_list":["post-1767","post","type-post","status-publish","format-standard","hentry","category-tietoturvakatsaus","category-webinaari"],"acf":[],"yoast_head":"<!-- This site is optimized with the Yoast SEO plugin v27.5 - https:\/\/yoast.com\/product\/yoast-seo-wordpress\/ -->\n<title>Webinaaritallenne: Tietoturvakatsaus 2023 - osa 1 - Tietoturva ry<\/title>\n<meta name=\"robots\" content=\"index, follow, max-snippet:-1, max-image-preview:large, max-video-preview:-1\" \/>\n<link rel=\"canonical\" href=\"https:\/\/tivia-jasenyhdistykset.fi\/tietoturva\/2023\/03\/17\/webinaaritallenne-2023p1\/\" \/>\n<meta property=\"og:locale\" content=\"fi_FI\" \/>\n<meta property=\"og:type\" content=\"article\" \/>\n<meta property=\"og:title\" content=\"Webinaaritallenne: Tietoturvakatsaus 2023 - osa 1 - Tietoturva ry\" \/>\n<meta property=\"og:description\" content=\"Tietoturva ry j\u00e4rjesti keskiviikkona 8.3.2023 tietoturvakatsauksen, joka oli jatkoa hyv\u00e4n vastaanoton saanelle syksyll\u00e4 pidetylle Tietoturvakatsaus 2022-seminaarille. Tietoturvakatsaus-seminaarit koostuvat Suomen eturivin asiantuntijoiden sek\u00e4 ulkomaisten keynote-esiintyjien nostamista havainnoista ja keskusteluista liittyen toimintaymp\u00e4rist\u00f6mme nykytilaan ja tulevaisuuteen. Tilaisuudessa oli my\u00f6s paneelikeskustelu.\" \/>\n<meta property=\"og:url\" content=\"https:\/\/tivia-jasenyhdistykset.fi\/tietoturva\/2023\/03\/17\/webinaaritallenne-2023p1\/\" \/>\n<meta property=\"og:site_name\" content=\"Tietoturva ry\" \/>\n<meta property=\"article:publisher\" content=\"https:\/\/www.facebook.com\/TietoturvaRy\/\" \/>\n<meta property=\"article:published_time\" content=\"2023-03-17T06:21:44+00:00\" \/>\n<meta property=\"article:modified_time\" content=\"2024-05-31T10:40:59+00:00\" \/>\n<meta property=\"og:image\" content=\"https:\/\/tietoturva.fi\/wp-content\/uploads\/sites\/7\/2023\/03\/ttry_video-scaled-e1679336540797.jpg\" \/>\n<meta name=\"author\" content=\"marttinentomi14855\" \/>\n<meta name=\"twitter:card\" content=\"summary_large_image\" \/>\n<meta name=\"twitter:creator\" content=\"@tietoturva_ry\" \/>\n<meta name=\"twitter:site\" content=\"@tietoturva_ry\" \/>\n<meta name=\"twitter:label1\" content=\"Kirjoittanut\" \/>\n\t<meta name=\"twitter:data1\" content=\"marttinentomi14855\" \/>\n\t<meta name=\"twitter:label2\" content=\"Arvioitu lukuaika\" \/>\n\t<meta name=\"twitter:data2\" content=\"2 minuuttia\" \/>\n<script type=\"application\/ld+json\" class=\"yoast-schema-graph\">{\"@context\":\"https:\\\/\\\/schema.org\",\"@graph\":[{\"@type\":\"Article\",\"@id\":\"https:\\\/\\\/tivia-jasenyhdistykset.fi\\\/tietoturva\\\/2023\\\/03\\\/17\\\/webinaaritallenne-2023p1\\\/#article\",\"isPartOf\":{\"@id\":\"https:\\\/\\\/tivia-jasenyhdistykset.fi\\\/tietoturva\\\/2023\\\/03\\\/17\\\/webinaaritallenne-2023p1\\\/\"},\"author\":{\"name\":\"marttinentomi14855\",\"@id\":\"https:\\\/\\\/tivia-jasenyhdistykset.fi\\\/tietoturva\\\/#\\\/schema\\\/person\\\/19adf5a38ed1bb5572c797f59f5d398c\"},\"headline\":\"Webinaaritallenne: Tietoturvakatsaus 2023 &#8211; osa 1\",\"datePublished\":\"2023-03-17T06:21:44+00:00\",\"dateModified\":\"2024-05-31T10:40:59+00:00\",\"mainEntityOfPage\":{\"@id\":\"https:\\\/\\\/tivia-jasenyhdistykset.fi\\\/tietoturva\\\/2023\\\/03\\\/17\\\/webinaaritallenne-2023p1\\\/\"},\"wordCount\":181,\"publisher\":{\"@id\":\"https:\\\/\\\/tivia-jasenyhdistykset.fi\\\/tietoturva\\\/#organization\"},\"image\":{\"@id\":\"https:\\\/\\\/tivia-jasenyhdistykset.fi\\\/tietoturva\\\/2023\\\/03\\\/17\\\/webinaaritallenne-2023p1\\\/#primaryimage\"},\"thumbnailUrl\":\"https:\\\/\\\/tietoturva.fi\\\/wp-content\\\/uploads\\\/sites\\\/7\\\/2023\\\/03\\\/ttry_video-scaled-e1679336540797.jpg\",\"articleSection\":[\"Tietoturvakatsaus\",\"Webinaari\"],\"inLanguage\":\"fi\"},{\"@type\":\"WebPage\",\"@id\":\"https:\\\/\\\/tivia-jasenyhdistykset.fi\\\/tietoturva\\\/2023\\\/03\\\/17\\\/webinaaritallenne-2023p1\\\/\",\"url\":\"https:\\\/\\\/tivia-jasenyhdistykset.fi\\\/tietoturva\\\/2023\\\/03\\\/17\\\/webinaaritallenne-2023p1\\\/\",\"name\":\"Webinaaritallenne: Tietoturvakatsaus 2023 - osa 1 - Tietoturva ry\",\"isPartOf\":{\"@id\":\"https:\\\/\\\/tivia-jasenyhdistykset.fi\\\/tietoturva\\\/#website\"},\"primaryImageOfPage\":{\"@id\":\"https:\\\/\\\/tivia-jasenyhdistykset.fi\\\/tietoturva\\\/2023\\\/03\\\/17\\\/webinaaritallenne-2023p1\\\/#primaryimage\"},\"image\":{\"@id\":\"https:\\\/\\\/tivia-jasenyhdistykset.fi\\\/tietoturva\\\/2023\\\/03\\\/17\\\/webinaaritallenne-2023p1\\\/#primaryimage\"},\"thumbnailUrl\":\"https:\\\/\\\/tietoturva.fi\\\/wp-content\\\/uploads\\\/sites\\\/7\\\/2023\\\/03\\\/ttry_video-scaled-e1679336540797.jpg\",\"datePublished\":\"2023-03-17T06:21:44+00:00\",\"dateModified\":\"2024-05-31T10:40:59+00:00\",\"breadcrumb\":{\"@id\":\"https:\\\/\\\/tivia-jasenyhdistykset.fi\\\/tietoturva\\\/2023\\\/03\\\/17\\\/webinaaritallenne-2023p1\\\/#breadcrumb\"},\"inLanguage\":\"fi\",\"potentialAction\":[{\"@type\":\"ReadAction\",\"target\":[\"https:\\\/\\\/tivia-jasenyhdistykset.fi\\\/tietoturva\\\/2023\\\/03\\\/17\\\/webinaaritallenne-2023p1\\\/\"]}]},{\"@type\":\"ImageObject\",\"inLanguage\":\"fi\",\"@id\":\"https:\\\/\\\/tivia-jasenyhdistykset.fi\\\/tietoturva\\\/2023\\\/03\\\/17\\\/webinaaritallenne-2023p1\\\/#primaryimage\",\"url\":\"https:\\\/\\\/tietoturva.fi\\\/wp-content\\\/uploads\\\/sites\\\/7\\\/2023\\\/03\\\/ttry_video-scaled-e1679336540797.jpg\",\"contentUrl\":\"https:\\\/\\\/tietoturva.fi\\\/wp-content\\\/uploads\\\/sites\\\/7\\\/2023\\\/03\\\/ttry_video-scaled-e1679336540797.jpg\"},{\"@type\":\"BreadcrumbList\",\"@id\":\"https:\\\/\\\/tivia-jasenyhdistykset.fi\\\/tietoturva\\\/2023\\\/03\\\/17\\\/webinaaritallenne-2023p1\\\/#breadcrumb\",\"itemListElement\":[{\"@type\":\"ListItem\",\"position\":1,\"name\":\"Etusivu\",\"item\":\"https:\\\/\\\/tivia-jasenyhdistykset.fi\\\/tietoturva\\\/\"},{\"@type\":\"ListItem\",\"position\":2,\"name\":\"Webinaaritallenne: Tietoturvakatsaus 2023 &#8211; osa 1\"}]},{\"@type\":\"WebSite\",\"@id\":\"https:\\\/\\\/tivia-jasenyhdistykset.fi\\\/tietoturva\\\/#website\",\"url\":\"https:\\\/\\\/tivia-jasenyhdistykset.fi\\\/tietoturva\\\/\",\"name\":\"Tietoturva ry\",\"description\":\"Suomen suurin tietoturva-ammattilaisten verkosto\",\"publisher\":{\"@id\":\"https:\\\/\\\/tivia-jasenyhdistykset.fi\\\/tietoturva\\\/#organization\"},\"potentialAction\":[{\"@type\":\"SearchAction\",\"target\":{\"@type\":\"EntryPoint\",\"urlTemplate\":\"https:\\\/\\\/tivia-jasenyhdistykset.fi\\\/tietoturva\\\/?s={search_term_string}\"},\"query-input\":{\"@type\":\"PropertyValueSpecification\",\"valueRequired\":true,\"valueName\":\"search_term_string\"}}],\"inLanguage\":\"fi\"},{\"@type\":\"Organization\",\"@id\":\"https:\\\/\\\/tivia-jasenyhdistykset.fi\\\/tietoturva\\\/#organization\",\"name\":\"Tietoturva ry\",\"url\":\"https:\\\/\\\/tivia-jasenyhdistykset.fi\\\/tietoturva\\\/\",\"logo\":{\"@type\":\"ImageObject\",\"inLanguage\":\"fi\",\"@id\":\"https:\\\/\\\/tivia-jasenyhdistykset.fi\\\/tietoturva\\\/#\\\/schema\\\/logo\\\/image\\\/\",\"url\":\"https:\\\/\\\/tietoturva.fi\\\/wp-content\\\/uploads\\\/sites\\\/7\\\/2021\\\/05\\\/Tietoturva-logo-2018-100.png\",\"contentUrl\":\"https:\\\/\\\/tietoturva.fi\\\/wp-content\\\/uploads\\\/sites\\\/7\\\/2021\\\/05\\\/Tietoturva-logo-2018-100.png\",\"width\":73,\"height\":100,\"caption\":\"Tietoturva ry\"},\"image\":{\"@id\":\"https:\\\/\\\/tivia-jasenyhdistykset.fi\\\/tietoturva\\\/#\\\/schema\\\/logo\\\/image\\\/\"},\"sameAs\":[\"https:\\\/\\\/www.facebook.com\\\/TietoturvaRy\\\/\",\"https:\\\/\\\/x.com\\\/tietoturva_ry\",\"https:\\\/\\\/www.linkedin.com\\\/company\\\/tietoturva\\\/\",\"https:\\\/\\\/www.youtube.com\\\/channel\\\/UCmXkytjYpJ4_N2msCNy69sw\\\/\"]},{\"@type\":\"Person\",\"@id\":\"https:\\\/\\\/tivia-jasenyhdistykset.fi\\\/tietoturva\\\/#\\\/schema\\\/person\\\/19adf5a38ed1bb5572c797f59f5d398c\",\"name\":\"marttinentomi14855\",\"image\":{\"@type\":\"ImageObject\",\"inLanguage\":\"fi\",\"@id\":\"https:\\\/\\\/secure.gravatar.com\\\/avatar\\\/86ce3195a207958a65db3a2f1a0b53c6822ec82b8849c824270d6274e1a79ff8?s=96&d=mm&r=g\",\"url\":\"https:\\\/\\\/secure.gravatar.com\\\/avatar\\\/86ce3195a207958a65db3a2f1a0b53c6822ec82b8849c824270d6274e1a79ff8?s=96&d=mm&r=g\",\"contentUrl\":\"https:\\\/\\\/secure.gravatar.com\\\/avatar\\\/86ce3195a207958a65db3a2f1a0b53c6822ec82b8849c824270d6274e1a79ff8?s=96&d=mm&r=g\",\"caption\":\"marttinentomi14855\"},\"url\":\"https:\\\/\\\/tivia-jasenyhdistykset.fi\\\/tietoturva\\\/author\\\/marttinentomi14855\\\/\"}]}<\/script>\n<!-- \/ Yoast SEO plugin. -->","yoast_head_json":{"title":"Webinaaritallenne: Tietoturvakatsaus 2023 - osa 1 - Tietoturva ry","robots":{"index":"index","follow":"follow","max-snippet":"max-snippet:-1","max-image-preview":"max-image-preview:large","max-video-preview":"max-video-preview:-1"},"canonical":"https:\/\/tivia-jasenyhdistykset.fi\/tietoturva\/2023\/03\/17\/webinaaritallenne-2023p1\/","og_locale":"fi_FI","og_type":"article","og_title":"Webinaaritallenne: Tietoturvakatsaus 2023 - osa 1 - Tietoturva ry","og_description":"Tietoturva ry j\u00e4rjesti keskiviikkona 8.3.2023 tietoturvakatsauksen, joka oli jatkoa hyv\u00e4n vastaanoton saanelle syksyll\u00e4 pidetylle Tietoturvakatsaus 2022-seminaarille. Tietoturvakatsaus-seminaarit koostuvat Suomen eturivin asiantuntijoiden sek\u00e4 ulkomaisten keynote-esiintyjien nostamista havainnoista ja keskusteluista liittyen toimintaymp\u00e4rist\u00f6mme nykytilaan ja tulevaisuuteen. Tilaisuudessa oli my\u00f6s paneelikeskustelu.","og_url":"https:\/\/tivia-jasenyhdistykset.fi\/tietoturva\/2023\/03\/17\/webinaaritallenne-2023p1\/","og_site_name":"Tietoturva ry","article_publisher":"https:\/\/www.facebook.com\/TietoturvaRy\/","article_published_time":"2023-03-17T06:21:44+00:00","article_modified_time":"2024-05-31T10:40:59+00:00","og_image":[{"url":"https:\/\/tietoturva.fi\/wp-content\/uploads\/sites\/7\/2023\/03\/ttry_video-scaled-e1679336540797.jpg","type":"","width":"","height":""}],"author":"marttinentomi14855","twitter_card":"summary_large_image","twitter_creator":"@tietoturva_ry","twitter_site":"@tietoturva_ry","twitter_misc":{"Kirjoittanut":"marttinentomi14855","Arvioitu lukuaika":"2 minuuttia"},"schema":{"@context":"https:\/\/schema.org","@graph":[{"@type":"Article","@id":"https:\/\/tivia-jasenyhdistykset.fi\/tietoturva\/2023\/03\/17\/webinaaritallenne-2023p1\/#article","isPartOf":{"@id":"https:\/\/tivia-jasenyhdistykset.fi\/tietoturva\/2023\/03\/17\/webinaaritallenne-2023p1\/"},"author":{"name":"marttinentomi14855","@id":"https:\/\/tivia-jasenyhdistykset.fi\/tietoturva\/#\/schema\/person\/19adf5a38ed1bb5572c797f59f5d398c"},"headline":"Webinaaritallenne: Tietoturvakatsaus 2023 &#8211; osa 1","datePublished":"2023-03-17T06:21:44+00:00","dateModified":"2024-05-31T10:40:59+00:00","mainEntityOfPage":{"@id":"https:\/\/tivia-jasenyhdistykset.fi\/tietoturva\/2023\/03\/17\/webinaaritallenne-2023p1\/"},"wordCount":181,"publisher":{"@id":"https:\/\/tivia-jasenyhdistykset.fi\/tietoturva\/#organization"},"image":{"@id":"https:\/\/tivia-jasenyhdistykset.fi\/tietoturva\/2023\/03\/17\/webinaaritallenne-2023p1\/#primaryimage"},"thumbnailUrl":"https:\/\/tietoturva.fi\/wp-content\/uploads\/sites\/7\/2023\/03\/ttry_video-scaled-e1679336540797.jpg","articleSection":["Tietoturvakatsaus","Webinaari"],"inLanguage":"fi"},{"@type":"WebPage","@id":"https:\/\/tivia-jasenyhdistykset.fi\/tietoturva\/2023\/03\/17\/webinaaritallenne-2023p1\/","url":"https:\/\/tivia-jasenyhdistykset.fi\/tietoturva\/2023\/03\/17\/webinaaritallenne-2023p1\/","name":"Webinaaritallenne: Tietoturvakatsaus 2023 - osa 1 - Tietoturva ry","isPartOf":{"@id":"https:\/\/tivia-jasenyhdistykset.fi\/tietoturva\/#website"},"primaryImageOfPage":{"@id":"https:\/\/tivia-jasenyhdistykset.fi\/tietoturva\/2023\/03\/17\/webinaaritallenne-2023p1\/#primaryimage"},"image":{"@id":"https:\/\/tivia-jasenyhdistykset.fi\/tietoturva\/2023\/03\/17\/webinaaritallenne-2023p1\/#primaryimage"},"thumbnailUrl":"https:\/\/tietoturva.fi\/wp-content\/uploads\/sites\/7\/2023\/03\/ttry_video-scaled-e1679336540797.jpg","datePublished":"2023-03-17T06:21:44+00:00","dateModified":"2024-05-31T10:40:59+00:00","breadcrumb":{"@id":"https:\/\/tivia-jasenyhdistykset.fi\/tietoturva\/2023\/03\/17\/webinaaritallenne-2023p1\/#breadcrumb"},"inLanguage":"fi","potentialAction":[{"@type":"ReadAction","target":["https:\/\/tivia-jasenyhdistykset.fi\/tietoturva\/2023\/03\/17\/webinaaritallenne-2023p1\/"]}]},{"@type":"ImageObject","inLanguage":"fi","@id":"https:\/\/tivia-jasenyhdistykset.fi\/tietoturva\/2023\/03\/17\/webinaaritallenne-2023p1\/#primaryimage","url":"https:\/\/tietoturva.fi\/wp-content\/uploads\/sites\/7\/2023\/03\/ttry_video-scaled-e1679336540797.jpg","contentUrl":"https:\/\/tietoturva.fi\/wp-content\/uploads\/sites\/7\/2023\/03\/ttry_video-scaled-e1679336540797.jpg"},{"@type":"BreadcrumbList","@id":"https:\/\/tivia-jasenyhdistykset.fi\/tietoturva\/2023\/03\/17\/webinaaritallenne-2023p1\/#breadcrumb","itemListElement":[{"@type":"ListItem","position":1,"name":"Etusivu","item":"https:\/\/tivia-jasenyhdistykset.fi\/tietoturva\/"},{"@type":"ListItem","position":2,"name":"Webinaaritallenne: Tietoturvakatsaus 2023 &#8211; osa 1"}]},{"@type":"WebSite","@id":"https:\/\/tivia-jasenyhdistykset.fi\/tietoturva\/#website","url":"https:\/\/tivia-jasenyhdistykset.fi\/tietoturva\/","name":"Tietoturva ry","description":"Suomen suurin tietoturva-ammattilaisten verkosto","publisher":{"@id":"https:\/\/tivia-jasenyhdistykset.fi\/tietoturva\/#organization"},"potentialAction":[{"@type":"SearchAction","target":{"@type":"EntryPoint","urlTemplate":"https:\/\/tivia-jasenyhdistykset.fi\/tietoturva\/?s={search_term_string}"},"query-input":{"@type":"PropertyValueSpecification","valueRequired":true,"valueName":"search_term_string"}}],"inLanguage":"fi"},{"@type":"Organization","@id":"https:\/\/tivia-jasenyhdistykset.fi\/tietoturva\/#organization","name":"Tietoturva ry","url":"https:\/\/tivia-jasenyhdistykset.fi\/tietoturva\/","logo":{"@type":"ImageObject","inLanguage":"fi","@id":"https:\/\/tivia-jasenyhdistykset.fi\/tietoturva\/#\/schema\/logo\/image\/","url":"https:\/\/tietoturva.fi\/wp-content\/uploads\/sites\/7\/2021\/05\/Tietoturva-logo-2018-100.png","contentUrl":"https:\/\/tietoturva.fi\/wp-content\/uploads\/sites\/7\/2021\/05\/Tietoturva-logo-2018-100.png","width":73,"height":100,"caption":"Tietoturva ry"},"image":{"@id":"https:\/\/tivia-jasenyhdistykset.fi\/tietoturva\/#\/schema\/logo\/image\/"},"sameAs":["https:\/\/www.facebook.com\/TietoturvaRy\/","https:\/\/x.com\/tietoturva_ry","https:\/\/www.linkedin.com\/company\/tietoturva\/","https:\/\/www.youtube.com\/channel\/UCmXkytjYpJ4_N2msCNy69sw\/"]},{"@type":"Person","@id":"https:\/\/tivia-jasenyhdistykset.fi\/tietoturva\/#\/schema\/person\/19adf5a38ed1bb5572c797f59f5d398c","name":"marttinentomi14855","image":{"@type":"ImageObject","inLanguage":"fi","@id":"https:\/\/secure.gravatar.com\/avatar\/86ce3195a207958a65db3a2f1a0b53c6822ec82b8849c824270d6274e1a79ff8?s=96&d=mm&r=g","url":"https:\/\/secure.gravatar.com\/avatar\/86ce3195a207958a65db3a2f1a0b53c6822ec82b8849c824270d6274e1a79ff8?s=96&d=mm&r=g","contentUrl":"https:\/\/secure.gravatar.com\/avatar\/86ce3195a207958a65db3a2f1a0b53c6822ec82b8849c824270d6274e1a79ff8?s=96&d=mm&r=g","caption":"marttinentomi14855"},"url":"https:\/\/tivia-jasenyhdistykset.fi\/tietoturva\/author\/marttinentomi14855\/"}]}},"_links":{"self":[{"href":"https:\/\/tivia-jasenyhdistykset.fi\/tietoturva\/wp-json\/wp\/v2\/posts\/1767","targetHints":{"allow":["GET"]}}],"collection":[{"href":"https:\/\/tivia-jasenyhdistykset.fi\/tietoturva\/wp-json\/wp\/v2\/posts"}],"about":[{"href":"https:\/\/tivia-jasenyhdistykset.fi\/tietoturva\/wp-json\/wp\/v2\/types\/post"}],"author":[{"embeddable":true,"href":"https:\/\/tivia-jasenyhdistykset.fi\/tietoturva\/wp-json\/wp\/v2\/users\/2406"}],"replies":[{"embeddable":true,"href":"https:\/\/tivia-jasenyhdistykset.fi\/tietoturva\/wp-json\/wp\/v2\/comments?post=1767"}],"version-history":[{"count":6,"href":"https:\/\/tivia-jasenyhdistykset.fi\/tietoturva\/wp-json\/wp\/v2\/posts\/1767\/revisions"}],"predecessor-version":[{"id":3336,"href":"https:\/\/tivia-jasenyhdistykset.fi\/tietoturva\/wp-json\/wp\/v2\/posts\/1767\/revisions\/3336"}],"wp:attachment":[{"href":"https:\/\/tivia-jasenyhdistykset.fi\/tietoturva\/wp-json\/wp\/v2\/media?parent=1767"}],"wp:term":[{"taxonomy":"category","embeddable":true,"href":"https:\/\/tivia-jasenyhdistykset.fi\/tietoturva\/wp-json\/wp\/v2\/categories?post=1767"},{"taxonomy":"post_tag","embeddable":true,"href":"https:\/\/tivia-jasenyhdistykset.fi\/tietoturva\/wp-json\/wp\/v2\/tags?post=1767"}],"curies":[{"name":"wp","href":"https:\/\/api.w.org\/{rel}","templated":true}]}}