{"id":1771,"date":"2023-03-20T20:06:57","date_gmt":"2023-03-20T18:06:57","guid":{"rendered":"https:\/\/tietoturva.fi\/?p=1771"},"modified":"2024-05-31T13:42:34","modified_gmt":"2024-05-31T10:42:34","slug":"digiturvallisuus_2023","status":"publish","type":"post","link":"https:\/\/tivia-jasenyhdistykset.fi\/tietoturva\/2023\/03\/20\/digiturvallisuus_2023\/","title":{"rendered":"Digiturvallisuus messut Jyv\u00e4skyl\u00e4ss\u00e4 30.3.2023"},"content":{"rendered":"<p><img loading=\"lazy\" decoding=\"async\" class=\"wp-image-1772 aligncenter\" src=\"https:\/\/tietoturva.fi\/wp-content\/uploads\/sites\/7\/2023\/03\/ttry_expo-scaled.jpg\" alt=\"\" width=\"421\" height=\"379\" srcset=\"https:\/\/tivia-jasenyhdistykset.fi\/tietoturva\/wp-content\/uploads\/sites\/7\/2023\/03\/ttry_expo-scaled.jpg 2560w, https:\/\/tivia-jasenyhdistykset.fi\/tietoturva\/wp-content\/uploads\/sites\/7\/2023\/03\/ttry_expo-300x270.jpg 300w, https:\/\/tivia-jasenyhdistykset.fi\/tietoturva\/wp-content\/uploads\/sites\/7\/2023\/03\/ttry_expo-1024x922.jpg 1024w, https:\/\/tivia-jasenyhdistykset.fi\/tietoturva\/wp-content\/uploads\/sites\/7\/2023\/03\/ttry_expo-768x691.jpg 768w, https:\/\/tivia-jasenyhdistykset.fi\/tietoturva\/wp-content\/uploads\/sites\/7\/2023\/03\/ttry_expo-1536x1382.jpg 1536w, https:\/\/tivia-jasenyhdistykset.fi\/tietoturva\/wp-content\/uploads\/sites\/7\/2023\/03\/ttry_expo-2048x1843.jpg 2048w\" sizes=\"auto, (max-width: 421px) 100vw, 421px\" \/><\/p>\n<p>Suomen ensimm\u00e4iset Digiturvallisuus-messut j\u00e4rjestet\u00e4\u00e4n 30.3.2023 Jyv\u00e4skyl\u00e4n Messukeskus Paviljongissa. Messut on suunnattu yrityksille, kyberammattilaisille ja kaikille digiturvallisuudesta kiinnostuneille.<\/p>\n<p>Tietoturva ry on my\u00f6s mukana Digiturvallisuus 2023-messuilla. Tule tapaamaan asiantuntijoitamme ja keskustelemaan niin p\u00e4iv\u00e4n polttavista aiheista kuin tulevaisuuden n\u00e4kymist\u00e4. L\u00f6yd\u00e4t meid\u00e4t Uratorin vierest\u00e4. Messut ovat avoinna klo 10-18 ja maksuton sis\u00e4\u00e4np\u00e4\u00e4sy edellytt\u00e4\u00e4 <a href=\"https:\/\/messut.gest.fi\/jyvaskylan-messut\/Digiturvallisuus-Kavijat-2023\">ennakkorekister\u00f6innin<\/a>.<\/p>\n<p>Lue lis\u00e4\u00e4 Digiturvallisuusmessuista ja tutustu kolmella esiintymislavalla toteutettaviin esityksiin <a href=\"https:\/\/www.paviljonki.fi\/messut\/digiturvallisuus\/kavijoille\/ohjelma\/\">t\u00e4st\u00e4<\/a>!<\/p>\n","protected":false},"excerpt":{"rendered":"<p><img loading=\"lazy\" decoding=\"async\" class=\"wp-image-1772 aligncenter\" src=\"https:\/\/tietoturva.fi\/wp-content\/uploads\/sites\/7\/2023\/03\/ttry_expo-scaled.jpg\" alt=\"\" width=\"421\" height=\"379\" srcset=\"https:\/\/tivia-jasenyhdistykset.fi\/tietoturva\/wp-content\/uploads\/sites\/7\/2023\/03\/ttry_expo-scaled.jpg 2560w, https:\/\/tivia-jasenyhdistykset.fi\/tietoturva\/wp-content\/uploads\/sites\/7\/2023\/03\/ttry_expo-300x270.jpg 300w, https:\/\/tivia-jasenyhdistykset.fi\/tietoturva\/wp-content\/uploads\/sites\/7\/2023\/03\/ttry_expo-1024x922.jpg 1024w, https:\/\/tivia-jasenyhdistykset.fi\/tietoturva\/wp-content\/uploads\/sites\/7\/2023\/03\/ttry_expo-768x691.jpg 768w, https:\/\/tivia-jasenyhdistykset.fi\/tietoturva\/wp-content\/uploads\/sites\/7\/2023\/03\/ttry_expo-1536x1382.jpg 1536w, https:\/\/tivia-jasenyhdistykset.fi\/tietoturva\/wp-content\/uploads\/sites\/7\/2023\/03\/ttry_expo-2048x1843.jpg 2048w\" sizes=\"auto, (max-width: 421px) 100vw, 421px\" \/><\/p>\n<p>Suomen ensimm\u00e4iset Digiturvallisuus-messut j\u00e4rjestet\u00e4\u00e4n 30.3.2023 Jyv\u00e4skyl\u00e4n Messukeskus Paviljongissa. Messut on suunnattu yrityksille, kyberammattilaisille ja kaikille digiturvallisuudesta kiinnostuneille.<\/p>\n<p>Tietoturva ry on my\u00f6s mukana Digiturvallisuus 2023-messuilla. Tule tapaamaan asiantuntijoitamme ja keskustelemaan niin p\u00e4iv\u00e4n polttavista aiheista kuin tulevaisuuden n\u00e4kymist\u00e4.<\/p>\n","protected":false},"author":2408,"featured_media":0,"comment_status":"closed","ping_status":"closed","sticky":false,"template":"","format":"standard","meta":{"_acf_changed":false,"footnotes":""},"categories":[38],"tags":[],"class_list":["post-1771","post","type-post","status-publish","format-standard","hentry","category-tapahtumat"],"acf":[],"yoast_head":"<!-- This site is optimized with the Yoast SEO plugin v27.5 - https:\/\/yoast.com\/product\/yoast-seo-wordpress\/ -->\n<title>Digiturvallisuus messut Jyv\u00e4skyl\u00e4ss\u00e4 30.3.2023 - Tietoturva ry<\/title>\n<meta name=\"robots\" content=\"index, follow, max-snippet:-1, max-image-preview:large, max-video-preview:-1\" \/>\n<link rel=\"canonical\" href=\"https:\/\/tivia-jasenyhdistykset.fi\/tietoturva\/2023\/03\/20\/digiturvallisuus_2023\/\" \/>\n<meta property=\"og:locale\" content=\"fi_FI\" \/>\n<meta property=\"og:type\" content=\"article\" \/>\n<meta property=\"og:title\" content=\"Digiturvallisuus messut Jyv\u00e4skyl\u00e4ss\u00e4 30.3.2023 - Tietoturva ry\" \/>\n<meta property=\"og:description\" content=\"Suomen ensimm\u00e4iset Digiturvallisuus-messut j\u00e4rjestet\u00e4\u00e4n 30.3.2023 Jyv\u00e4skyl\u00e4n Messukeskus Paviljongissa. Messut on suunnattu yrityksille, kyberammattilaisille ja kaikille digiturvallisuudesta kiinnostuneille. Tietoturva ry on my\u00f6s mukana Digiturvallisuus 2023-messuilla. Tule tapaamaan asiantuntijoitamme ja keskustelemaan niin p\u00e4iv\u00e4n polttavista aiheista kuin tulevaisuuden n\u00e4kymist\u00e4.\" \/>\n<meta property=\"og:url\" content=\"https:\/\/tivia-jasenyhdistykset.fi\/tietoturva\/2023\/03\/20\/digiturvallisuus_2023\/\" \/>\n<meta property=\"og:site_name\" content=\"Tietoturva ry\" \/>\n<meta property=\"article:publisher\" content=\"https:\/\/www.facebook.com\/TietoturvaRy\/\" \/>\n<meta property=\"article:published_time\" content=\"2023-03-20T18:06:57+00:00\" \/>\n<meta property=\"article:modified_time\" content=\"2024-05-31T10:42:34+00:00\" \/>\n<meta property=\"og:image\" content=\"https:\/\/tietoturva.fi\/wp-content\/uploads\/sites\/7\/2023\/03\/ttry_expo-scaled.jpg\" \/>\n<meta name=\"author\" content=\"Tommi V\" \/>\n<meta name=\"twitter:card\" content=\"summary_large_image\" \/>\n<meta name=\"twitter:creator\" content=\"@tietoturva_ry\" \/>\n<meta name=\"twitter:site\" content=\"@tietoturva_ry\" \/>\n<meta name=\"twitter:label1\" content=\"Kirjoittanut\" \/>\n\t<meta name=\"twitter:data1\" content=\"Tommi V\" \/>\n\t<meta name=\"twitter:label2\" content=\"Arvioitu lukuaika\" \/>\n\t<meta name=\"twitter:data2\" content=\"1 minuutti\" \/>\n<script type=\"application\/ld+json\" class=\"yoast-schema-graph\">{\"@context\":\"https:\\\/\\\/schema.org\",\"@graph\":[{\"@type\":\"Article\",\"@id\":\"https:\\\/\\\/tivia-jasenyhdistykset.fi\\\/tietoturva\\\/2023\\\/03\\\/20\\\/digiturvallisuus_2023\\\/#article\",\"isPartOf\":{\"@id\":\"https:\\\/\\\/tivia-jasenyhdistykset.fi\\\/tietoturva\\\/2023\\\/03\\\/20\\\/digiturvallisuus_2023\\\/\"},\"author\":{\"name\":\"Tommi V\",\"@id\":\"https:\\\/\\\/tivia-jasenyhdistykset.fi\\\/tietoturva\\\/#\\\/schema\\\/person\\\/509d9bb392337a2d220ec611546998ec\"},\"headline\":\"Digiturvallisuus messut Jyv\u00e4skyl\u00e4ss\u00e4 30.3.2023\",\"datePublished\":\"2023-03-20T18:06:57+00:00\",\"dateModified\":\"2024-05-31T10:42:34+00:00\",\"mainEntityOfPage\":{\"@id\":\"https:\\\/\\\/tivia-jasenyhdistykset.fi\\\/tietoturva\\\/2023\\\/03\\\/20\\\/digiturvallisuus_2023\\\/\"},\"wordCount\":80,\"publisher\":{\"@id\":\"https:\\\/\\\/tivia-jasenyhdistykset.fi\\\/tietoturva\\\/#organization\"},\"image\":{\"@id\":\"https:\\\/\\\/tivia-jasenyhdistykset.fi\\\/tietoturva\\\/2023\\\/03\\\/20\\\/digiturvallisuus_2023\\\/#primaryimage\"},\"thumbnailUrl\":\"https:\\\/\\\/tietoturva.fi\\\/wp-content\\\/uploads\\\/sites\\\/7\\\/2023\\\/03\\\/ttry_expo-scaled.jpg\",\"articleSection\":[\"Tapahtumat\"],\"inLanguage\":\"fi\"},{\"@type\":\"WebPage\",\"@id\":\"https:\\\/\\\/tivia-jasenyhdistykset.fi\\\/tietoturva\\\/2023\\\/03\\\/20\\\/digiturvallisuus_2023\\\/\",\"url\":\"https:\\\/\\\/tivia-jasenyhdistykset.fi\\\/tietoturva\\\/2023\\\/03\\\/20\\\/digiturvallisuus_2023\\\/\",\"name\":\"Digiturvallisuus messut Jyv\u00e4skyl\u00e4ss\u00e4 30.3.2023 - Tietoturva ry\",\"isPartOf\":{\"@id\":\"https:\\\/\\\/tivia-jasenyhdistykset.fi\\\/tietoturva\\\/#website\"},\"primaryImageOfPage\":{\"@id\":\"https:\\\/\\\/tivia-jasenyhdistykset.fi\\\/tietoturva\\\/2023\\\/03\\\/20\\\/digiturvallisuus_2023\\\/#primaryimage\"},\"image\":{\"@id\":\"https:\\\/\\\/tivia-jasenyhdistykset.fi\\\/tietoturva\\\/2023\\\/03\\\/20\\\/digiturvallisuus_2023\\\/#primaryimage\"},\"thumbnailUrl\":\"https:\\\/\\\/tietoturva.fi\\\/wp-content\\\/uploads\\\/sites\\\/7\\\/2023\\\/03\\\/ttry_expo-scaled.jpg\",\"datePublished\":\"2023-03-20T18:06:57+00:00\",\"dateModified\":\"2024-05-31T10:42:34+00:00\",\"breadcrumb\":{\"@id\":\"https:\\\/\\\/tivia-jasenyhdistykset.fi\\\/tietoturva\\\/2023\\\/03\\\/20\\\/digiturvallisuus_2023\\\/#breadcrumb\"},\"inLanguage\":\"fi\",\"potentialAction\":[{\"@type\":\"ReadAction\",\"target\":[\"https:\\\/\\\/tivia-jasenyhdistykset.fi\\\/tietoturva\\\/2023\\\/03\\\/20\\\/digiturvallisuus_2023\\\/\"]}]},{\"@type\":\"ImageObject\",\"inLanguage\":\"fi\",\"@id\":\"https:\\\/\\\/tivia-jasenyhdistykset.fi\\\/tietoturva\\\/2023\\\/03\\\/20\\\/digiturvallisuus_2023\\\/#primaryimage\",\"url\":\"https:\\\/\\\/tietoturva.fi\\\/wp-content\\\/uploads\\\/sites\\\/7\\\/2023\\\/03\\\/ttry_expo-scaled.jpg\",\"contentUrl\":\"https:\\\/\\\/tietoturva.fi\\\/wp-content\\\/uploads\\\/sites\\\/7\\\/2023\\\/03\\\/ttry_expo-scaled.jpg\"},{\"@type\":\"BreadcrumbList\",\"@id\":\"https:\\\/\\\/tivia-jasenyhdistykset.fi\\\/tietoturva\\\/2023\\\/03\\\/20\\\/digiturvallisuus_2023\\\/#breadcrumb\",\"itemListElement\":[{\"@type\":\"ListItem\",\"position\":1,\"name\":\"Etusivu\",\"item\":\"https:\\\/\\\/tivia-jasenyhdistykset.fi\\\/tietoturva\\\/\"},{\"@type\":\"ListItem\",\"position\":2,\"name\":\"Digiturvallisuus messut Jyv\u00e4skyl\u00e4ss\u00e4 30.3.2023\"}]},{\"@type\":\"WebSite\",\"@id\":\"https:\\\/\\\/tivia-jasenyhdistykset.fi\\\/tietoturva\\\/#website\",\"url\":\"https:\\\/\\\/tivia-jasenyhdistykset.fi\\\/tietoturva\\\/\",\"name\":\"Tietoturva ry\",\"description\":\"Suomen suurin tietoturva-ammattilaisten verkosto\",\"publisher\":{\"@id\":\"https:\\\/\\\/tivia-jasenyhdistykset.fi\\\/tietoturva\\\/#organization\"},\"potentialAction\":[{\"@type\":\"SearchAction\",\"target\":{\"@type\":\"EntryPoint\",\"urlTemplate\":\"https:\\\/\\\/tivia-jasenyhdistykset.fi\\\/tietoturva\\\/?s={search_term_string}\"},\"query-input\":{\"@type\":\"PropertyValueSpecification\",\"valueRequired\":true,\"valueName\":\"search_term_string\"}}],\"inLanguage\":\"fi\"},{\"@type\":\"Organization\",\"@id\":\"https:\\\/\\\/tivia-jasenyhdistykset.fi\\\/tietoturva\\\/#organization\",\"name\":\"Tietoturva ry\",\"url\":\"https:\\\/\\\/tivia-jasenyhdistykset.fi\\\/tietoturva\\\/\",\"logo\":{\"@type\":\"ImageObject\",\"inLanguage\":\"fi\",\"@id\":\"https:\\\/\\\/tivia-jasenyhdistykset.fi\\\/tietoturva\\\/#\\\/schema\\\/logo\\\/image\\\/\",\"url\":\"https:\\\/\\\/tietoturva.fi\\\/wp-content\\\/uploads\\\/sites\\\/7\\\/2021\\\/05\\\/Tietoturva-logo-2018-100.png\",\"contentUrl\":\"https:\\\/\\\/tietoturva.fi\\\/wp-content\\\/uploads\\\/sites\\\/7\\\/2021\\\/05\\\/Tietoturva-logo-2018-100.png\",\"width\":73,\"height\":100,\"caption\":\"Tietoturva ry\"},\"image\":{\"@id\":\"https:\\\/\\\/tivia-jasenyhdistykset.fi\\\/tietoturva\\\/#\\\/schema\\\/logo\\\/image\\\/\"},\"sameAs\":[\"https:\\\/\\\/www.facebook.com\\\/TietoturvaRy\\\/\",\"https:\\\/\\\/x.com\\\/tietoturva_ry\",\"https:\\\/\\\/www.linkedin.com\\\/company\\\/tietoturva\\\/\",\"https:\\\/\\\/www.youtube.com\\\/channel\\\/UCmXkytjYpJ4_N2msCNy69sw\\\/\"]},{\"@type\":\"Person\",\"@id\":\"https:\\\/\\\/tivia-jasenyhdistykset.fi\\\/tietoturva\\\/#\\\/schema\\\/person\\\/509d9bb392337a2d220ec611546998ec\",\"name\":\"Tommi V\",\"image\":{\"@type\":\"ImageObject\",\"inLanguage\":\"fi\",\"@id\":\"https:\\\/\\\/secure.gravatar.com\\\/avatar\\\/407fe7c123719aedfe1043bea0075baf31b4805e5599ab36f3b560d37cfba06d?s=96&d=mm&r=g\",\"url\":\"https:\\\/\\\/secure.gravatar.com\\\/avatar\\\/407fe7c123719aedfe1043bea0075baf31b4805e5599ab36f3b560d37cfba06d?s=96&d=mm&r=g\",\"contentUrl\":\"https:\\\/\\\/secure.gravatar.com\\\/avatar\\\/407fe7c123719aedfe1043bea0075baf31b4805e5599ab36f3b560d37cfba06d?s=96&d=mm&r=g\",\"caption\":\"Tommi V\"},\"url\":\"https:\\\/\\\/tivia-jasenyhdistykset.fi\\\/tietoturva\\\/author\\\/vanninentommi10605\\\/\"}]}<\/script>\n<!-- \/ Yoast SEO plugin. -->","yoast_head_json":{"title":"Digiturvallisuus messut Jyv\u00e4skyl\u00e4ss\u00e4 30.3.2023 - Tietoturva ry","robots":{"index":"index","follow":"follow","max-snippet":"max-snippet:-1","max-image-preview":"max-image-preview:large","max-video-preview":"max-video-preview:-1"},"canonical":"https:\/\/tivia-jasenyhdistykset.fi\/tietoturva\/2023\/03\/20\/digiturvallisuus_2023\/","og_locale":"fi_FI","og_type":"article","og_title":"Digiturvallisuus messut Jyv\u00e4skyl\u00e4ss\u00e4 30.3.2023 - Tietoturva ry","og_description":"Suomen ensimm\u00e4iset Digiturvallisuus-messut j\u00e4rjestet\u00e4\u00e4n 30.3.2023 Jyv\u00e4skyl\u00e4n Messukeskus Paviljongissa. Messut on suunnattu yrityksille, kyberammattilaisille ja kaikille digiturvallisuudesta kiinnostuneille. Tietoturva ry on my\u00f6s mukana Digiturvallisuus 2023-messuilla. Tule tapaamaan asiantuntijoitamme ja keskustelemaan niin p\u00e4iv\u00e4n polttavista aiheista kuin tulevaisuuden n\u00e4kymist\u00e4.","og_url":"https:\/\/tivia-jasenyhdistykset.fi\/tietoturva\/2023\/03\/20\/digiturvallisuus_2023\/","og_site_name":"Tietoturva ry","article_publisher":"https:\/\/www.facebook.com\/TietoturvaRy\/","article_published_time":"2023-03-20T18:06:57+00:00","article_modified_time":"2024-05-31T10:42:34+00:00","og_image":[{"url":"https:\/\/tietoturva.fi\/wp-content\/uploads\/sites\/7\/2023\/03\/ttry_expo-scaled.jpg","type":"","width":"","height":""}],"author":"Tommi V","twitter_card":"summary_large_image","twitter_creator":"@tietoturva_ry","twitter_site":"@tietoturva_ry","twitter_misc":{"Kirjoittanut":"Tommi V","Arvioitu lukuaika":"1 minuutti"},"schema":{"@context":"https:\/\/schema.org","@graph":[{"@type":"Article","@id":"https:\/\/tivia-jasenyhdistykset.fi\/tietoturva\/2023\/03\/20\/digiturvallisuus_2023\/#article","isPartOf":{"@id":"https:\/\/tivia-jasenyhdistykset.fi\/tietoturva\/2023\/03\/20\/digiturvallisuus_2023\/"},"author":{"name":"Tommi V","@id":"https:\/\/tivia-jasenyhdistykset.fi\/tietoturva\/#\/schema\/person\/509d9bb392337a2d220ec611546998ec"},"headline":"Digiturvallisuus messut Jyv\u00e4skyl\u00e4ss\u00e4 30.3.2023","datePublished":"2023-03-20T18:06:57+00:00","dateModified":"2024-05-31T10:42:34+00:00","mainEntityOfPage":{"@id":"https:\/\/tivia-jasenyhdistykset.fi\/tietoturva\/2023\/03\/20\/digiturvallisuus_2023\/"},"wordCount":80,"publisher":{"@id":"https:\/\/tivia-jasenyhdistykset.fi\/tietoturva\/#organization"},"image":{"@id":"https:\/\/tivia-jasenyhdistykset.fi\/tietoturva\/2023\/03\/20\/digiturvallisuus_2023\/#primaryimage"},"thumbnailUrl":"https:\/\/tietoturva.fi\/wp-content\/uploads\/sites\/7\/2023\/03\/ttry_expo-scaled.jpg","articleSection":["Tapahtumat"],"inLanguage":"fi"},{"@type":"WebPage","@id":"https:\/\/tivia-jasenyhdistykset.fi\/tietoturva\/2023\/03\/20\/digiturvallisuus_2023\/","url":"https:\/\/tivia-jasenyhdistykset.fi\/tietoturva\/2023\/03\/20\/digiturvallisuus_2023\/","name":"Digiturvallisuus messut Jyv\u00e4skyl\u00e4ss\u00e4 30.3.2023 - Tietoturva ry","isPartOf":{"@id":"https:\/\/tivia-jasenyhdistykset.fi\/tietoturva\/#website"},"primaryImageOfPage":{"@id":"https:\/\/tivia-jasenyhdistykset.fi\/tietoturva\/2023\/03\/20\/digiturvallisuus_2023\/#primaryimage"},"image":{"@id":"https:\/\/tivia-jasenyhdistykset.fi\/tietoturva\/2023\/03\/20\/digiturvallisuus_2023\/#primaryimage"},"thumbnailUrl":"https:\/\/tietoturva.fi\/wp-content\/uploads\/sites\/7\/2023\/03\/ttry_expo-scaled.jpg","datePublished":"2023-03-20T18:06:57+00:00","dateModified":"2024-05-31T10:42:34+00:00","breadcrumb":{"@id":"https:\/\/tivia-jasenyhdistykset.fi\/tietoturva\/2023\/03\/20\/digiturvallisuus_2023\/#breadcrumb"},"inLanguage":"fi","potentialAction":[{"@type":"ReadAction","target":["https:\/\/tivia-jasenyhdistykset.fi\/tietoturva\/2023\/03\/20\/digiturvallisuus_2023\/"]}]},{"@type":"ImageObject","inLanguage":"fi","@id":"https:\/\/tivia-jasenyhdistykset.fi\/tietoturva\/2023\/03\/20\/digiturvallisuus_2023\/#primaryimage","url":"https:\/\/tietoturva.fi\/wp-content\/uploads\/sites\/7\/2023\/03\/ttry_expo-scaled.jpg","contentUrl":"https:\/\/tietoturva.fi\/wp-content\/uploads\/sites\/7\/2023\/03\/ttry_expo-scaled.jpg"},{"@type":"BreadcrumbList","@id":"https:\/\/tivia-jasenyhdistykset.fi\/tietoturva\/2023\/03\/20\/digiturvallisuus_2023\/#breadcrumb","itemListElement":[{"@type":"ListItem","position":1,"name":"Etusivu","item":"https:\/\/tivia-jasenyhdistykset.fi\/tietoturva\/"},{"@type":"ListItem","position":2,"name":"Digiturvallisuus messut Jyv\u00e4skyl\u00e4ss\u00e4 30.3.2023"}]},{"@type":"WebSite","@id":"https:\/\/tivia-jasenyhdistykset.fi\/tietoturva\/#website","url":"https:\/\/tivia-jasenyhdistykset.fi\/tietoturva\/","name":"Tietoturva ry","description":"Suomen suurin tietoturva-ammattilaisten verkosto","publisher":{"@id":"https:\/\/tivia-jasenyhdistykset.fi\/tietoturva\/#organization"},"potentialAction":[{"@type":"SearchAction","target":{"@type":"EntryPoint","urlTemplate":"https:\/\/tivia-jasenyhdistykset.fi\/tietoturva\/?s={search_term_string}"},"query-input":{"@type":"PropertyValueSpecification","valueRequired":true,"valueName":"search_term_string"}}],"inLanguage":"fi"},{"@type":"Organization","@id":"https:\/\/tivia-jasenyhdistykset.fi\/tietoturva\/#organization","name":"Tietoturva ry","url":"https:\/\/tivia-jasenyhdistykset.fi\/tietoturva\/","logo":{"@type":"ImageObject","inLanguage":"fi","@id":"https:\/\/tivia-jasenyhdistykset.fi\/tietoturva\/#\/schema\/logo\/image\/","url":"https:\/\/tietoturva.fi\/wp-content\/uploads\/sites\/7\/2021\/05\/Tietoturva-logo-2018-100.png","contentUrl":"https:\/\/tietoturva.fi\/wp-content\/uploads\/sites\/7\/2021\/05\/Tietoturva-logo-2018-100.png","width":73,"height":100,"caption":"Tietoturva ry"},"image":{"@id":"https:\/\/tivia-jasenyhdistykset.fi\/tietoturva\/#\/schema\/logo\/image\/"},"sameAs":["https:\/\/www.facebook.com\/TietoturvaRy\/","https:\/\/x.com\/tietoturva_ry","https:\/\/www.linkedin.com\/company\/tietoturva\/","https:\/\/www.youtube.com\/channel\/UCmXkytjYpJ4_N2msCNy69sw\/"]},{"@type":"Person","@id":"https:\/\/tivia-jasenyhdistykset.fi\/tietoturva\/#\/schema\/person\/509d9bb392337a2d220ec611546998ec","name":"Tommi V","image":{"@type":"ImageObject","inLanguage":"fi","@id":"https:\/\/secure.gravatar.com\/avatar\/407fe7c123719aedfe1043bea0075baf31b4805e5599ab36f3b560d37cfba06d?s=96&d=mm&r=g","url":"https:\/\/secure.gravatar.com\/avatar\/407fe7c123719aedfe1043bea0075baf31b4805e5599ab36f3b560d37cfba06d?s=96&d=mm&r=g","contentUrl":"https:\/\/secure.gravatar.com\/avatar\/407fe7c123719aedfe1043bea0075baf31b4805e5599ab36f3b560d37cfba06d?s=96&d=mm&r=g","caption":"Tommi V"},"url":"https:\/\/tivia-jasenyhdistykset.fi\/tietoturva\/author\/vanninentommi10605\/"}]}},"_links":{"self":[{"href":"https:\/\/tivia-jasenyhdistykset.fi\/tietoturva\/wp-json\/wp\/v2\/posts\/1771","targetHints":{"allow":["GET"]}}],"collection":[{"href":"https:\/\/tivia-jasenyhdistykset.fi\/tietoturva\/wp-json\/wp\/v2\/posts"}],"about":[{"href":"https:\/\/tivia-jasenyhdistykset.fi\/tietoturva\/wp-json\/wp\/v2\/types\/post"}],"author":[{"embeddable":true,"href":"https:\/\/tivia-jasenyhdistykset.fi\/tietoturva\/wp-json\/wp\/v2\/users\/2408"}],"replies":[{"embeddable":true,"href":"https:\/\/tivia-jasenyhdistykset.fi\/tietoturva\/wp-json\/wp\/v2\/comments?post=1771"}],"version-history":[{"count":4,"href":"https:\/\/tivia-jasenyhdistykset.fi\/tietoturva\/wp-json\/wp\/v2\/posts\/1771\/revisions"}],"predecessor-version":[{"id":1776,"href":"https:\/\/tivia-jasenyhdistykset.fi\/tietoturva\/wp-json\/wp\/v2\/posts\/1771\/revisions\/1776"}],"wp:attachment":[{"href":"https:\/\/tivia-jasenyhdistykset.fi\/tietoturva\/wp-json\/wp\/v2\/media?parent=1771"}],"wp:term":[{"taxonomy":"category","embeddable":true,"href":"https:\/\/tivia-jasenyhdistykset.fi\/tietoturva\/wp-json\/wp\/v2\/categories?post=1771"},{"taxonomy":"post_tag","embeddable":true,"href":"https:\/\/tivia-jasenyhdistykset.fi\/tietoturva\/wp-json\/wp\/v2\/tags?post=1771"}],"curies":[{"name":"wp","href":"https:\/\/api.w.org\/{rel}","templated":true}]}}