{"id":1813,"date":"2023-04-26T14:28:48","date_gmt":"2023-04-26T11:28:48","guid":{"rendered":"https:\/\/tietoturva.fi\/?p=1813"},"modified":"2025-09-26T10:09:31","modified_gmt":"2025-09-26T07:09:31","slug":"tietoturvakatsaus_2-2023","status":"publish","type":"post","link":"https:\/\/tivia-jasenyhdistykset.fi\/tietoturva\/2023\/04\/26\/tietoturvakatsaus_2-2023\/","title":{"rendered":"Tetoturvakatsaus #3, toukokuu 2023"},"content":{"rendered":"<p><img loading=\"lazy\" decoding=\"async\" class=\"wp-image-1272 aligncenter\" src=\"https:\/\/tietoturva.fi\/wp-content\/uploads\/sites\/7\/2022\/03\/ttry-webinar.png\" alt=\"\" width=\"379\" height=\"328\" srcset=\"https:\/\/tivia-jasenyhdistykset.fi\/tietoturva\/wp-content\/uploads\/sites\/7\/2022\/03\/ttry-webinar.png 723w, https:\/\/tivia-jasenyhdistykset.fi\/tietoturva\/wp-content\/uploads\/sites\/7\/2022\/03\/ttry-webinar-300x259.png 300w\" sizes=\"auto, (max-width: 379px) 100vw, 379px\" \/><\/p>\n<p>Tietoturva ry j\u00e4rjest\u00e4\u00e4 25.5.2023 toisen osan vuoden 2023 tietoturvakatsauksesta. Webinaarissa k\u00e4sitell\u00e4\u00e4n laajasti digitaalisen yhteiskunnan perusteisiin liittyvi\u00e4 osa-alueita sek\u00e4 tietosuojaa, sill\u00e4 t\u00e4ll\u00e4 p\u00e4iv\u00e4ll\u00e4 tulee kuluneeksi viisi vuotta EU:n yleisen tietosuoja-asetuksen soveltamisesta.<\/p>\n<p>Tietoturvakatsaus seminaarit koostuvat Suomen eturivin asiantuntijoiden sek\u00e4 ulkomaisten keynote-esiintyjien nostamista havainnoista ja keskusteluista liittyen toimintaymp\u00e4rist\u00f6mme nykytilaan ja tulevaisuuteen.<\/p>\n<p><strong>ENNAKKOKYSELY:<\/strong><br \/>\nMitk\u00e4 asiat ja ilmi\u00f6t ovat mielest\u00e4si nousseet esille t\u00e4n\u00e4 vuonna digimaailmassa ja kyberturvallisuudessa ? K\u00e4y vastaamassa oheiseen ennakkokyselyyn:<\/p>\n<p><a href=\"https:\/\/www.menti.com\/alor3xrig1e1\">https:\/\/www.menti.com\/alor3xrig1e1<\/a><\/p>\n<p>&nbsp;<\/p>\n<hr \/>\n<h2><strong>TAPAHTUMAN TIEDOT<\/strong><\/h2>\n<p>Aika: Torstaina 25.5.2023 kello 9.00\u201317.00<br \/>\nPaikka: Verkossa<br \/>\nLinkki: Liity webinaariin [<a href=\"https:\/\/vimeo.com\/event\/3389979\">t\u00e4st\u00e4<\/a>].<\/p>\n<h3>HINNAT<\/h3>\n<p>Tilaisuus on maksuton.<\/p>\n<h3><strong>ILMOITTAUTUMINEN<\/strong><\/h3>\n<p>Voit ilmoittautua tapahtumaan [<a href=\"https:\/\/tivia.fi\/event\/tietoturva-ry-n-tietoturvakatsaus-2-2023-2023-05-25-747\/register\">t\u00e4\u00e4lt\u00e4<\/a>].<\/p>\n<p>Ilmoittautuminen ei ole pakollista, mutta suositeltavaa tapahtumaviestinn\u00e4n vuoksi.<\/p>\n<p>Lis\u00e4tietoa ja muut tiedustelut: <a href=\"mailto:info@tietoturva.fi\">info@tietoturva.fi<\/a><\/p>\n<hr \/>\n<h3><b>ALUSTAVA OHJELMA\u00a0<\/b><b><br \/>\n<\/b><\/h3>\n<p><b>Tietoturvakatsaus II\/2023<br \/>\n<\/b><\/p>\n<p><b>9.00 Tervetuloa tapahtumaan!<br \/>\n<\/b>Tomi Marttinen, Tietoturva ry hallituksen puheenjohtaja<\/p>\n<p>Tilaisuuden ohjelma ja muut k\u00e4yt\u00e4nn\u00f6n j\u00e4rjestelyt, tilaisuuden moderaattorit<br \/>\nOona Matinpalo, Tietoturva ry, hallituksen j\u00e4sen<br \/>\nKimmo Rousku, Tietoturva ry hallituksen varapuheenjohtaja<\/p>\n<p><strong>9.10 Mitk\u00e4 ovat vuoden 2023 t\u00e4h\u00e4n menness\u00e4 puhutuimmat aiheet?<\/strong><\/p>\n<p>Jari Pirhonen, Quality, Security &amp; Privacy Lead, Finland, Tietoevry<br \/>\nErka Koivunen, kyberturvallisuusjohtaja, Finavia<br \/>\nCatharina Candolin, kyberturvallisuusasiantuntija, OP ryhm\u00e4<\/p>\n<p><strong>10.00 EU Sovereign Cloud<br \/>\n<\/strong>&#8211; Miten Oracle EU Sovereign Cloud vastaa EU-lains\u00e4\u00e4d\u00e4nn\u00f6n vaatimuksiin<br \/>\n&#8211; Miten varmistetaan palveluiden jatkuvuus ja siirrett\u00e4vyys kriisitilanteissa<br \/>\nJaripetri Kalske, CTO, Oracle Finland<\/p>\n<p><b>10.30 Tauko<\/b><\/p>\n<p><strong>10.45 Miten Vastaamon tietomurron tutkinta etenee?<br \/>\n<\/strong>Mikko Rauhamaa, Kyberrikostorjuntakeskuksen p\u00e4\u00e4llikk\u00f6, rikostarkastaja, <wbr \/>Keskusrikospoliisi<\/p>\n<p><strong>11.15 Onnea 5-vuotias GDPR!<\/strong><br \/>\nAnnina Hautala, apulaistietosuojavaltuutettu, Tietosuojavaltuutetun toimisto<\/p>\n<p><strong>11.45 Kyberturvallisuuden aliarvioitu rooli liiketoiminnan kasvattajana<br \/>\n<\/strong>Yritysjohtajat aliarvioivat kyberturvan merkityst\u00e4 uuden liiketoiminnan ja kyvykk\u00e4iden ty\u00f6ntekij\u00f6iden hankkimisessa<br \/>\nKimmo Vesajoki, maajohtaja, Trend Micro<\/p>\n<p><strong>12.15 Lounastauko<\/strong><\/p>\n<p><strong>13.00 PrivacyPod-live podcast<br \/>\n<\/strong>&#8211; Pilvi Alopaeus<br \/>\n&#8211; Panu P\u00f6kkyl\u00e4<br \/>\n&#8211; Hannes Saarinen<\/p>\n<p><b>13.45\u00a0<\/b>\u00a0<b>Kyberturvallisuuden tilannekuvan ja ennakoinnin t\u00e4rkeys<br \/>\n<\/b>Rami Rauanmaa, Senior Sales Engineer, Logpoint<\/p>\n<p><b><strong>14.15 Huijarisivuston nousu ja tuho<br \/>\n<\/strong><\/b>Timo Wiander, CISO, Enfuce<\/p>\n<p><strong>14.45 Tauko<\/strong><\/p>\n<p><strong>15.00 Milt\u00e4 n\u00e4ytt\u00e4\u00e4 tietosuojavuosi 2023?<\/strong><br \/>\nAri Andreasson, tietosuojavastaava, Tampereen kaupunki (<a href=\"https:\/\/tietoturva.fi\/2023\/01\/28\/tietosuojatunnustukset-2022\/\"><em>Vuoden 2022 tietosuojavastaava<\/em><\/a>)<\/p>\n<p><strong>15.30 <\/strong><strong>Mitk\u00e4 ovat verkkorikollisten yleisi<\/strong><strong>mm\u00e4t\u00a0ta<\/strong><strong>vat\u00a0murtautua ja kuinka niilt\u00e4 suojaudut?<br \/>\n<\/strong>Sami Laiho, Chief Research Officer, MVP, Adminize.com<\/p>\n<p><strong>16.00 Vaarantaako kvanttilaskennan tuoma j\u00e4rjet\u00f6n lis\u00e4teho Suomen kyberturvallisuuden?<\/strong><br \/>\nPetri\u00a0Puha<wbr \/>kainen, Cybersecurity Lead, VTT<\/p>\n<p><span style=\"font-weight: 400;\"><strong>16.20 Luottamus teko\u00e4lyn arvon mahdollistajana<\/strong><br \/>\n<\/span>Kirsimarja Blomqvist, Professori, LUT\u00a0kauppakorkeakoulu<\/p>\n<div><strong>16.30 Keskustelu alustusten perusteella<\/strong><br \/>\nTomi Marttinen<br \/>\nOona Matinpalo<\/div>\n<div>Petri\u00a0Puhakainen<br \/>\nKimmo Rousku<\/div>\n<p><strong>17.00 Yhteenveto ja tilaisuus p\u00e4\u00e4ttyy<\/strong><\/p>\n<p>&nbsp;<\/p>\n<hr \/>\n<h3>TUTUSTU MY\u00d6S:<\/h3>\n<p><img loading=\"lazy\" decoding=\"async\" class=\"wp-image-1845 size-medium\" src=\"https:\/\/tietoturva.fi\/wp-content\/uploads\/sites\/7\/2023\/05\/ttry-networking-scaled-e1683527898705-300x177.jpg\" alt=\"\" width=\"300\" height=\"177\" srcset=\"https:\/\/tivia-jasenyhdistykset.fi\/tietoturva\/wp-content\/uploads\/sites\/7\/2023\/05\/ttry-networking-scaled-e1683527898705-300x177.jpg 300w, https:\/\/tivia-jasenyhdistykset.fi\/tietoturva\/wp-content\/uploads\/sites\/7\/2023\/05\/ttry-networking-scaled-e1683527898705-1024x604.jpg 1024w, https:\/\/tivia-jasenyhdistykset.fi\/tietoturva\/wp-content\/uploads\/sites\/7\/2023\/05\/ttry-networking-scaled-e1683527898705-768x453.jpg 768w, https:\/\/tivia-jasenyhdistykset.fi\/tietoturva\/wp-content\/uploads\/sites\/7\/2023\/05\/ttry-networking-scaled-e1683527898705.jpg 1500w\" sizes=\"auto, (max-width: 300px) 100vw, 300px\" \/><\/p>\n<p class=\"needsmargin\"><strong>Tietoturvakatsauksen &amp; GDPR:n vuosip\u00e4iv\u00e4n iltatilaisuus 25.5.2023<\/strong><\/p>\n<p class=\"needsmargin\">Webinaarin j\u00e4lkeen kello 17.30 alkaen kokoonnumme verkostoitumaan ravintola Vltavaan, jossa luvassa on vapaamuotoista verkostoitumista sek\u00e4 keskustelua Tietoturvakatsauksen puheenaiheista sek\u00e4 muista ajankohtaisista aiheista.<\/p>\n<p>Iltatilaisuus on avoin kaikille Tietoturva ry:n ja TIVIA verkostojen j\u00e4senille sek\u00e4 kaikille Tietoturvakatsaukseen osallistuville henkil\u00f6ille. Tapahtumaan mahtuu mukaan 30 ilmoittautunutta. Iltatilaisuus on omakustanteinen.<\/p>\n<p>Lue lis\u00e4\u00e4 <a href=\"https:\/\/tietoturva.fi\/2023\/05\/08\/tietoturvakatsauksen_iltatilaisuus\/\">[t\u00e4\u00e4lt\u00e4]<\/a>.<\/p>\n<hr \/>\n<p><em>Yhdistys varaa oikeuden muutoksille<\/em><\/p>\n<p><strong>\u00a0<\/strong><\/p>\n","protected":false},"excerpt":{"rendered":"<p><img loading=\"lazy\" decoding=\"async\" class=\"wp-image-1272 aligncenter\" src=\"https:\/\/tietoturva.fi\/wp-content\/uploads\/sites\/7\/2022\/03\/ttry-webinar.png\" alt=\"\" width=\"379\" height=\"328\" srcset=\"https:\/\/tivia-jasenyhdistykset.fi\/tietoturva\/wp-content\/uploads\/sites\/7\/2022\/03\/ttry-webinar.png 723w, https:\/\/tivia-jasenyhdistykset.fi\/tietoturva\/wp-content\/uploads\/sites\/7\/2022\/03\/ttry-webinar-300x259.png 300w\" sizes=\"auto, (max-width: 379px) 100vw, 379px\" \/><\/p>\n<p>Tietoturva ry j\u00e4rjest\u00e4\u00e4 25.5.2023 toisen osan vuoden 2023 tietoturvakatsauksesta. Webinaarissa k\u00e4sitell\u00e4\u00e4n laajasti digitaalisen yhteiskunnan perusteisiin liittyvi\u00e4 osa-alueita sek\u00e4 tietosuojaa, sill\u00e4 t\u00e4ll\u00e4 p\u00e4iv\u00e4ll\u00e4 tulee kuluneeksi viisi vuotta EU:n yleisen tietosuoja-asetuksen soveltamisesta.<\/p>\n<p>Tietoturvakatsaus seminaarit koostuvat Suomen eturivin asiantuntijoiden sek\u00e4 ulkomaisten keynote-esiintyjien nostamista havainnoista ja keskusteluista liittyen toimintaymp\u00e4rist\u00f6mme nykytilaan ja tulevaisuuteen.<\/p>\n","protected":false},"author":2408,"featured_media":0,"comment_status":"closed","ping_status":"closed","sticky":false,"template":"","format":"standard","meta":{"_acf_changed":false,"footnotes":""},"categories":[90,24],"tags":[],"class_list":["post-1813","post","type-post","status-publish","format-standard","hentry","category-tietoturvakatsaus","category-webinaari"],"acf":[],"yoast_head":"<!-- This site is optimized with the Yoast SEO plugin v27.5 - https:\/\/yoast.com\/product\/yoast-seo-wordpress\/ -->\n<title>Tetoturvakatsaus #3, toukokuu 2023 - Tietoturva ry<\/title>\n<meta name=\"robots\" content=\"index, follow, max-snippet:-1, max-image-preview:large, max-video-preview:-1\" \/>\n<link rel=\"canonical\" href=\"https:\/\/tivia-jasenyhdistykset.fi\/tietoturva\/2023\/04\/26\/tietoturvakatsaus_2-2023\/\" \/>\n<meta property=\"og:locale\" content=\"fi_FI\" \/>\n<meta property=\"og:type\" content=\"article\" \/>\n<meta property=\"og:title\" content=\"Tetoturvakatsaus #3, toukokuu 2023 - Tietoturva ry\" \/>\n<meta property=\"og:description\" content=\"Tietoturva ry j\u00e4rjest\u00e4\u00e4 25.5.2023 toisen osan vuoden 2023 tietoturvakatsauksesta. Webinaarissa k\u00e4sitell\u00e4\u00e4n laajasti digitaalisen yhteiskunnan perusteisiin liittyvi\u00e4 osa-alueita sek\u00e4 tietosuojaa, sill\u00e4 t\u00e4ll\u00e4 p\u00e4iv\u00e4ll\u00e4 tulee kuluneeksi viisi vuotta EU:n yleisen tietosuoja-asetuksen soveltamisesta. Tietoturvakatsaus seminaarit koostuvat Suomen eturivin asiantuntijoiden sek\u00e4 ulkomaisten keynote-esiintyjien nostamista havainnoista ja keskusteluista liittyen toimintaymp\u00e4rist\u00f6mme nykytilaan ja tulevaisuuteen.\" \/>\n<meta property=\"og:url\" content=\"https:\/\/tivia-jasenyhdistykset.fi\/tietoturva\/2023\/04\/26\/tietoturvakatsaus_2-2023\/\" \/>\n<meta property=\"og:site_name\" content=\"Tietoturva ry\" \/>\n<meta property=\"article:publisher\" content=\"https:\/\/www.facebook.com\/TietoturvaRy\/\" \/>\n<meta property=\"article:published_time\" content=\"2023-04-26T11:28:48+00:00\" \/>\n<meta property=\"article:modified_time\" content=\"2025-09-26T07:09:31+00:00\" \/>\n<meta property=\"og:image\" content=\"https:\/\/tietoturva.fi\/wp-content\/uploads\/sites\/7\/2022\/03\/ttry-webinar.png\" \/>\n<meta name=\"author\" content=\"Tommi V\" \/>\n<meta name=\"twitter:card\" content=\"summary_large_image\" \/>\n<meta name=\"twitter:creator\" content=\"@tietoturva_ry\" \/>\n<meta name=\"twitter:site\" content=\"@tietoturva_ry\" \/>\n<meta name=\"twitter:label1\" content=\"Kirjoittanut\" \/>\n\t<meta name=\"twitter:data1\" content=\"Tommi V\" \/>\n\t<meta name=\"twitter:label2\" content=\"Arvioitu lukuaika\" \/>\n\t<meta name=\"twitter:data2\" content=\"3 minuuttia\" \/>\n<script type=\"application\/ld+json\" class=\"yoast-schema-graph\">{\"@context\":\"https:\\\/\\\/schema.org\",\"@graph\":[{\"@type\":\"Article\",\"@id\":\"https:\\\/\\\/tivia-jasenyhdistykset.fi\\\/tietoturva\\\/2023\\\/04\\\/26\\\/tietoturvakatsaus_2-2023\\\/#article\",\"isPartOf\":{\"@id\":\"https:\\\/\\\/tivia-jasenyhdistykset.fi\\\/tietoturva\\\/2023\\\/04\\\/26\\\/tietoturvakatsaus_2-2023\\\/\"},\"author\":{\"name\":\"Tommi V\",\"@id\":\"https:\\\/\\\/tivia-jasenyhdistykset.fi\\\/tietoturva\\\/#\\\/schema\\\/person\\\/509d9bb392337a2d220ec611546998ec\"},\"headline\":\"Tetoturvakatsaus #3, toukokuu 2023\",\"datePublished\":\"2023-04-26T11:28:48+00:00\",\"dateModified\":\"2025-09-26T07:09:31+00:00\",\"mainEntityOfPage\":{\"@id\":\"https:\\\/\\\/tivia-jasenyhdistykset.fi\\\/tietoturva\\\/2023\\\/04\\\/26\\\/tietoturvakatsaus_2-2023\\\/\"},\"wordCount\":437,\"publisher\":{\"@id\":\"https:\\\/\\\/tivia-jasenyhdistykset.fi\\\/tietoturva\\\/#organization\"},\"image\":{\"@id\":\"https:\\\/\\\/tivia-jasenyhdistykset.fi\\\/tietoturva\\\/2023\\\/04\\\/26\\\/tietoturvakatsaus_2-2023\\\/#primaryimage\"},\"thumbnailUrl\":\"https:\\\/\\\/tietoturva.fi\\\/wp-content\\\/uploads\\\/sites\\\/7\\\/2022\\\/03\\\/ttry-webinar.png\",\"articleSection\":[\"Tietoturvakatsaus\",\"Webinaari\"],\"inLanguage\":\"fi\"},{\"@type\":\"WebPage\",\"@id\":\"https:\\\/\\\/tivia-jasenyhdistykset.fi\\\/tietoturva\\\/2023\\\/04\\\/26\\\/tietoturvakatsaus_2-2023\\\/\",\"url\":\"https:\\\/\\\/tivia-jasenyhdistykset.fi\\\/tietoturva\\\/2023\\\/04\\\/26\\\/tietoturvakatsaus_2-2023\\\/\",\"name\":\"Tetoturvakatsaus #3, toukokuu 2023 - Tietoturva ry\",\"isPartOf\":{\"@id\":\"https:\\\/\\\/tivia-jasenyhdistykset.fi\\\/tietoturva\\\/#website\"},\"primaryImageOfPage\":{\"@id\":\"https:\\\/\\\/tivia-jasenyhdistykset.fi\\\/tietoturva\\\/2023\\\/04\\\/26\\\/tietoturvakatsaus_2-2023\\\/#primaryimage\"},\"image\":{\"@id\":\"https:\\\/\\\/tivia-jasenyhdistykset.fi\\\/tietoturva\\\/2023\\\/04\\\/26\\\/tietoturvakatsaus_2-2023\\\/#primaryimage\"},\"thumbnailUrl\":\"https:\\\/\\\/tietoturva.fi\\\/wp-content\\\/uploads\\\/sites\\\/7\\\/2022\\\/03\\\/ttry-webinar.png\",\"datePublished\":\"2023-04-26T11:28:48+00:00\",\"dateModified\":\"2025-09-26T07:09:31+00:00\",\"breadcrumb\":{\"@id\":\"https:\\\/\\\/tivia-jasenyhdistykset.fi\\\/tietoturva\\\/2023\\\/04\\\/26\\\/tietoturvakatsaus_2-2023\\\/#breadcrumb\"},\"inLanguage\":\"fi\",\"potentialAction\":[{\"@type\":\"ReadAction\",\"target\":[\"https:\\\/\\\/tivia-jasenyhdistykset.fi\\\/tietoturva\\\/2023\\\/04\\\/26\\\/tietoturvakatsaus_2-2023\\\/\"]}]},{\"@type\":\"ImageObject\",\"inLanguage\":\"fi\",\"@id\":\"https:\\\/\\\/tivia-jasenyhdistykset.fi\\\/tietoturva\\\/2023\\\/04\\\/26\\\/tietoturvakatsaus_2-2023\\\/#primaryimage\",\"url\":\"https:\\\/\\\/tietoturva.fi\\\/wp-content\\\/uploads\\\/sites\\\/7\\\/2022\\\/03\\\/ttry-webinar.png\",\"contentUrl\":\"https:\\\/\\\/tietoturva.fi\\\/wp-content\\\/uploads\\\/sites\\\/7\\\/2022\\\/03\\\/ttry-webinar.png\"},{\"@type\":\"BreadcrumbList\",\"@id\":\"https:\\\/\\\/tivia-jasenyhdistykset.fi\\\/tietoturva\\\/2023\\\/04\\\/26\\\/tietoturvakatsaus_2-2023\\\/#breadcrumb\",\"itemListElement\":[{\"@type\":\"ListItem\",\"position\":1,\"name\":\"Etusivu\",\"item\":\"https:\\\/\\\/tivia-jasenyhdistykset.fi\\\/tietoturva\\\/\"},{\"@type\":\"ListItem\",\"position\":2,\"name\":\"Tetoturvakatsaus #3, toukokuu 2023\"}]},{\"@type\":\"WebSite\",\"@id\":\"https:\\\/\\\/tivia-jasenyhdistykset.fi\\\/tietoturva\\\/#website\",\"url\":\"https:\\\/\\\/tivia-jasenyhdistykset.fi\\\/tietoturva\\\/\",\"name\":\"Tietoturva ry\",\"description\":\"Suomen suurin tietoturva-ammattilaisten verkosto\",\"publisher\":{\"@id\":\"https:\\\/\\\/tivia-jasenyhdistykset.fi\\\/tietoturva\\\/#organization\"},\"potentialAction\":[{\"@type\":\"SearchAction\",\"target\":{\"@type\":\"EntryPoint\",\"urlTemplate\":\"https:\\\/\\\/tivia-jasenyhdistykset.fi\\\/tietoturva\\\/?s={search_term_string}\"},\"query-input\":{\"@type\":\"PropertyValueSpecification\",\"valueRequired\":true,\"valueName\":\"search_term_string\"}}],\"inLanguage\":\"fi\"},{\"@type\":\"Organization\",\"@id\":\"https:\\\/\\\/tivia-jasenyhdistykset.fi\\\/tietoturva\\\/#organization\",\"name\":\"Tietoturva ry\",\"url\":\"https:\\\/\\\/tivia-jasenyhdistykset.fi\\\/tietoturva\\\/\",\"logo\":{\"@type\":\"ImageObject\",\"inLanguage\":\"fi\",\"@id\":\"https:\\\/\\\/tivia-jasenyhdistykset.fi\\\/tietoturva\\\/#\\\/schema\\\/logo\\\/image\\\/\",\"url\":\"https:\\\/\\\/tietoturva.fi\\\/wp-content\\\/uploads\\\/sites\\\/7\\\/2021\\\/05\\\/Tietoturva-logo-2018-100.png\",\"contentUrl\":\"https:\\\/\\\/tietoturva.fi\\\/wp-content\\\/uploads\\\/sites\\\/7\\\/2021\\\/05\\\/Tietoturva-logo-2018-100.png\",\"width\":73,\"height\":100,\"caption\":\"Tietoturva ry\"},\"image\":{\"@id\":\"https:\\\/\\\/tivia-jasenyhdistykset.fi\\\/tietoturva\\\/#\\\/schema\\\/logo\\\/image\\\/\"},\"sameAs\":[\"https:\\\/\\\/www.facebook.com\\\/TietoturvaRy\\\/\",\"https:\\\/\\\/x.com\\\/tietoturva_ry\",\"https:\\\/\\\/www.linkedin.com\\\/company\\\/tietoturva\\\/\",\"https:\\\/\\\/www.youtube.com\\\/channel\\\/UCmXkytjYpJ4_N2msCNy69sw\\\/\"]},{\"@type\":\"Person\",\"@id\":\"https:\\\/\\\/tivia-jasenyhdistykset.fi\\\/tietoturva\\\/#\\\/schema\\\/person\\\/509d9bb392337a2d220ec611546998ec\",\"name\":\"Tommi V\",\"image\":{\"@type\":\"ImageObject\",\"inLanguage\":\"fi\",\"@id\":\"https:\\\/\\\/secure.gravatar.com\\\/avatar\\\/407fe7c123719aedfe1043bea0075baf31b4805e5599ab36f3b560d37cfba06d?s=96&d=mm&r=g\",\"url\":\"https:\\\/\\\/secure.gravatar.com\\\/avatar\\\/407fe7c123719aedfe1043bea0075baf31b4805e5599ab36f3b560d37cfba06d?s=96&d=mm&r=g\",\"contentUrl\":\"https:\\\/\\\/secure.gravatar.com\\\/avatar\\\/407fe7c123719aedfe1043bea0075baf31b4805e5599ab36f3b560d37cfba06d?s=96&d=mm&r=g\",\"caption\":\"Tommi V\"},\"url\":\"https:\\\/\\\/tivia-jasenyhdistykset.fi\\\/tietoturva\\\/author\\\/vanninentommi10605\\\/\"}]}<\/script>\n<!-- \/ Yoast SEO plugin. -->","yoast_head_json":{"title":"Tetoturvakatsaus #3, toukokuu 2023 - Tietoturva ry","robots":{"index":"index","follow":"follow","max-snippet":"max-snippet:-1","max-image-preview":"max-image-preview:large","max-video-preview":"max-video-preview:-1"},"canonical":"https:\/\/tivia-jasenyhdistykset.fi\/tietoturva\/2023\/04\/26\/tietoturvakatsaus_2-2023\/","og_locale":"fi_FI","og_type":"article","og_title":"Tetoturvakatsaus #3, toukokuu 2023 - Tietoturva ry","og_description":"Tietoturva ry j\u00e4rjest\u00e4\u00e4 25.5.2023 toisen osan vuoden 2023 tietoturvakatsauksesta. Webinaarissa k\u00e4sitell\u00e4\u00e4n laajasti digitaalisen yhteiskunnan perusteisiin liittyvi\u00e4 osa-alueita sek\u00e4 tietosuojaa, sill\u00e4 t\u00e4ll\u00e4 p\u00e4iv\u00e4ll\u00e4 tulee kuluneeksi viisi vuotta EU:n yleisen tietosuoja-asetuksen soveltamisesta. Tietoturvakatsaus seminaarit koostuvat Suomen eturivin asiantuntijoiden sek\u00e4 ulkomaisten keynote-esiintyjien nostamista havainnoista ja keskusteluista liittyen toimintaymp\u00e4rist\u00f6mme nykytilaan ja tulevaisuuteen.","og_url":"https:\/\/tivia-jasenyhdistykset.fi\/tietoturva\/2023\/04\/26\/tietoturvakatsaus_2-2023\/","og_site_name":"Tietoturva ry","article_publisher":"https:\/\/www.facebook.com\/TietoturvaRy\/","article_published_time":"2023-04-26T11:28:48+00:00","article_modified_time":"2025-09-26T07:09:31+00:00","og_image":[{"url":"https:\/\/tietoturva.fi\/wp-content\/uploads\/sites\/7\/2022\/03\/ttry-webinar.png","type":"","width":"","height":""}],"author":"Tommi V","twitter_card":"summary_large_image","twitter_creator":"@tietoturva_ry","twitter_site":"@tietoturva_ry","twitter_misc":{"Kirjoittanut":"Tommi V","Arvioitu lukuaika":"3 minuuttia"},"schema":{"@context":"https:\/\/schema.org","@graph":[{"@type":"Article","@id":"https:\/\/tivia-jasenyhdistykset.fi\/tietoturva\/2023\/04\/26\/tietoturvakatsaus_2-2023\/#article","isPartOf":{"@id":"https:\/\/tivia-jasenyhdistykset.fi\/tietoturva\/2023\/04\/26\/tietoturvakatsaus_2-2023\/"},"author":{"name":"Tommi V","@id":"https:\/\/tivia-jasenyhdistykset.fi\/tietoturva\/#\/schema\/person\/509d9bb392337a2d220ec611546998ec"},"headline":"Tetoturvakatsaus #3, toukokuu 2023","datePublished":"2023-04-26T11:28:48+00:00","dateModified":"2025-09-26T07:09:31+00:00","mainEntityOfPage":{"@id":"https:\/\/tivia-jasenyhdistykset.fi\/tietoturva\/2023\/04\/26\/tietoturvakatsaus_2-2023\/"},"wordCount":437,"publisher":{"@id":"https:\/\/tivia-jasenyhdistykset.fi\/tietoturva\/#organization"},"image":{"@id":"https:\/\/tivia-jasenyhdistykset.fi\/tietoturva\/2023\/04\/26\/tietoturvakatsaus_2-2023\/#primaryimage"},"thumbnailUrl":"https:\/\/tietoturva.fi\/wp-content\/uploads\/sites\/7\/2022\/03\/ttry-webinar.png","articleSection":["Tietoturvakatsaus","Webinaari"],"inLanguage":"fi"},{"@type":"WebPage","@id":"https:\/\/tivia-jasenyhdistykset.fi\/tietoturva\/2023\/04\/26\/tietoturvakatsaus_2-2023\/","url":"https:\/\/tivia-jasenyhdistykset.fi\/tietoturva\/2023\/04\/26\/tietoturvakatsaus_2-2023\/","name":"Tetoturvakatsaus #3, toukokuu 2023 - Tietoturva ry","isPartOf":{"@id":"https:\/\/tivia-jasenyhdistykset.fi\/tietoturva\/#website"},"primaryImageOfPage":{"@id":"https:\/\/tivia-jasenyhdistykset.fi\/tietoturva\/2023\/04\/26\/tietoturvakatsaus_2-2023\/#primaryimage"},"image":{"@id":"https:\/\/tivia-jasenyhdistykset.fi\/tietoturva\/2023\/04\/26\/tietoturvakatsaus_2-2023\/#primaryimage"},"thumbnailUrl":"https:\/\/tietoturva.fi\/wp-content\/uploads\/sites\/7\/2022\/03\/ttry-webinar.png","datePublished":"2023-04-26T11:28:48+00:00","dateModified":"2025-09-26T07:09:31+00:00","breadcrumb":{"@id":"https:\/\/tivia-jasenyhdistykset.fi\/tietoturva\/2023\/04\/26\/tietoturvakatsaus_2-2023\/#breadcrumb"},"inLanguage":"fi","potentialAction":[{"@type":"ReadAction","target":["https:\/\/tivia-jasenyhdistykset.fi\/tietoturva\/2023\/04\/26\/tietoturvakatsaus_2-2023\/"]}]},{"@type":"ImageObject","inLanguage":"fi","@id":"https:\/\/tivia-jasenyhdistykset.fi\/tietoturva\/2023\/04\/26\/tietoturvakatsaus_2-2023\/#primaryimage","url":"https:\/\/tietoturva.fi\/wp-content\/uploads\/sites\/7\/2022\/03\/ttry-webinar.png","contentUrl":"https:\/\/tietoturva.fi\/wp-content\/uploads\/sites\/7\/2022\/03\/ttry-webinar.png"},{"@type":"BreadcrumbList","@id":"https:\/\/tivia-jasenyhdistykset.fi\/tietoturva\/2023\/04\/26\/tietoturvakatsaus_2-2023\/#breadcrumb","itemListElement":[{"@type":"ListItem","position":1,"name":"Etusivu","item":"https:\/\/tivia-jasenyhdistykset.fi\/tietoturva\/"},{"@type":"ListItem","position":2,"name":"Tetoturvakatsaus #3, toukokuu 2023"}]},{"@type":"WebSite","@id":"https:\/\/tivia-jasenyhdistykset.fi\/tietoturva\/#website","url":"https:\/\/tivia-jasenyhdistykset.fi\/tietoturva\/","name":"Tietoturva ry","description":"Suomen suurin tietoturva-ammattilaisten verkosto","publisher":{"@id":"https:\/\/tivia-jasenyhdistykset.fi\/tietoturva\/#organization"},"potentialAction":[{"@type":"SearchAction","target":{"@type":"EntryPoint","urlTemplate":"https:\/\/tivia-jasenyhdistykset.fi\/tietoturva\/?s={search_term_string}"},"query-input":{"@type":"PropertyValueSpecification","valueRequired":true,"valueName":"search_term_string"}}],"inLanguage":"fi"},{"@type":"Organization","@id":"https:\/\/tivia-jasenyhdistykset.fi\/tietoturva\/#organization","name":"Tietoturva ry","url":"https:\/\/tivia-jasenyhdistykset.fi\/tietoturva\/","logo":{"@type":"ImageObject","inLanguage":"fi","@id":"https:\/\/tivia-jasenyhdistykset.fi\/tietoturva\/#\/schema\/logo\/image\/","url":"https:\/\/tietoturva.fi\/wp-content\/uploads\/sites\/7\/2021\/05\/Tietoturva-logo-2018-100.png","contentUrl":"https:\/\/tietoturva.fi\/wp-content\/uploads\/sites\/7\/2021\/05\/Tietoturva-logo-2018-100.png","width":73,"height":100,"caption":"Tietoturva ry"},"image":{"@id":"https:\/\/tivia-jasenyhdistykset.fi\/tietoturva\/#\/schema\/logo\/image\/"},"sameAs":["https:\/\/www.facebook.com\/TietoturvaRy\/","https:\/\/x.com\/tietoturva_ry","https:\/\/www.linkedin.com\/company\/tietoturva\/","https:\/\/www.youtube.com\/channel\/UCmXkytjYpJ4_N2msCNy69sw\/"]},{"@type":"Person","@id":"https:\/\/tivia-jasenyhdistykset.fi\/tietoturva\/#\/schema\/person\/509d9bb392337a2d220ec611546998ec","name":"Tommi V","image":{"@type":"ImageObject","inLanguage":"fi","@id":"https:\/\/secure.gravatar.com\/avatar\/407fe7c123719aedfe1043bea0075baf31b4805e5599ab36f3b560d37cfba06d?s=96&d=mm&r=g","url":"https:\/\/secure.gravatar.com\/avatar\/407fe7c123719aedfe1043bea0075baf31b4805e5599ab36f3b560d37cfba06d?s=96&d=mm&r=g","contentUrl":"https:\/\/secure.gravatar.com\/avatar\/407fe7c123719aedfe1043bea0075baf31b4805e5599ab36f3b560d37cfba06d?s=96&d=mm&r=g","caption":"Tommi V"},"url":"https:\/\/tivia-jasenyhdistykset.fi\/tietoturva\/author\/vanninentommi10605\/"}]}},"_links":{"self":[{"href":"https:\/\/tivia-jasenyhdistykset.fi\/tietoturva\/wp-json\/wp\/v2\/posts\/1813","targetHints":{"allow":["GET"]}}],"collection":[{"href":"https:\/\/tivia-jasenyhdistykset.fi\/tietoturva\/wp-json\/wp\/v2\/posts"}],"about":[{"href":"https:\/\/tivia-jasenyhdistykset.fi\/tietoturva\/wp-json\/wp\/v2\/types\/post"}],"author":[{"embeddable":true,"href":"https:\/\/tivia-jasenyhdistykset.fi\/tietoturva\/wp-json\/wp\/v2\/users\/2408"}],"replies":[{"embeddable":true,"href":"https:\/\/tivia-jasenyhdistykset.fi\/tietoturva\/wp-json\/wp\/v2\/comments?post=1813"}],"version-history":[{"count":28,"href":"https:\/\/tivia-jasenyhdistykset.fi\/tietoturva\/wp-json\/wp\/v2\/posts\/1813\/revisions"}],"predecessor-version":[{"id":3329,"href":"https:\/\/tivia-jasenyhdistykset.fi\/tietoturva\/wp-json\/wp\/v2\/posts\/1813\/revisions\/3329"}],"wp:attachment":[{"href":"https:\/\/tivia-jasenyhdistykset.fi\/tietoturva\/wp-json\/wp\/v2\/media?parent=1813"}],"wp:term":[{"taxonomy":"category","embeddable":true,"href":"https:\/\/tivia-jasenyhdistykset.fi\/tietoturva\/wp-json\/wp\/v2\/categories?post=1813"},{"taxonomy":"post_tag","embeddable":true,"href":"https:\/\/tivia-jasenyhdistykset.fi\/tietoturva\/wp-json\/wp\/v2\/tags?post=1813"}],"curies":[{"name":"wp","href":"https:\/\/api.w.org\/{rel}","templated":true}]}}