{"id":1844,"date":"2023-05-08T09:49:13","date_gmt":"2023-05-08T06:49:13","guid":{"rendered":"https:\/\/tietoturva.fi\/?p=1844"},"modified":"2024-05-31T13:42:32","modified_gmt":"2024-05-31T10:42:32","slug":"tietoturvakatsauksen_iltatilaisuus","status":"publish","type":"post","link":"https:\/\/tivia-jasenyhdistykset.fi\/tietoturva\/2023\/05\/08\/tietoturvakatsauksen_iltatilaisuus\/","title":{"rendered":"Tietoturvakatsauksen &#038; GDPR:n vuosip\u00e4iv\u00e4n iltatilaisuus 25.5.2023"},"content":{"rendered":"<p><img loading=\"lazy\" decoding=\"async\" class=\" wp-image-1845\" src=\"https:\/\/tietoturva.fi\/wp-content\/uploads\/sites\/7\/2023\/05\/ttry-networking-scaled-e1683527898705.jpg\" alt=\"\" width=\"784\" height=\"462\" srcset=\"https:\/\/tivia-jasenyhdistykset.fi\/tietoturva\/wp-content\/uploads\/sites\/7\/2023\/05\/ttry-networking-scaled-e1683527898705.jpg 1500w, https:\/\/tivia-jasenyhdistykset.fi\/tietoturva\/wp-content\/uploads\/sites\/7\/2023\/05\/ttry-networking-scaled-e1683527898705-300x177.jpg 300w, https:\/\/tivia-jasenyhdistykset.fi\/tietoturva\/wp-content\/uploads\/sites\/7\/2023\/05\/ttry-networking-scaled-e1683527898705-1024x604.jpg 1024w, https:\/\/tivia-jasenyhdistykset.fi\/tietoturva\/wp-content\/uploads\/sites\/7\/2023\/05\/ttry-networking-scaled-e1683527898705-768x453.jpg 768w\" sizes=\"auto, (max-width: 784px) 100vw, 784px\" \/><\/p>\n<p><strong>Tervetuloa tietoturvakatsauksen &amp; GDPR:n vuosip\u00e4iv\u00e4n iltatilaisuuteen 25.5.2023!<\/strong><\/p>\n<p>Tietoturva ry j\u00e4rjest\u00e4\u00e4 tietoturvakatsauksen &amp; GDPR:n vuosip\u00e4iv\u00e4n iltatilaisuuden Helsingiss\u00e4 Ravintola Vltavassa heti\u00a0 Tietoturvakatsaus webinaarin j\u00e4lkeen alkaen kello 17.30-. Aikaisemmin p\u00e4iv\u00e4ll\u00e4 pidett\u00e4v\u00e4ss\u00e4 <a href=\"https:\/\/tietoturva.fi\/2023\/04\/26\/tietoturvakatsaus_2-2023\/\">tietoturvakatsauksessa <\/a>k\u00e4sitell\u00e4\u00e4n laajasti digitaalisen yhteiskunnan perusteisiin liittyvi\u00e4 osa-alueita sek\u00e4 tietosuojaa, sill\u00e4 t\u00e4ll\u00e4 p\u00e4iv\u00e4ll\u00e4 tulee kuluneeksi viisi vuotta EU:n yleisen tietosuoja-asetuksen soveltamisesta.<\/p>\n<p>Iltatapahtumassa on luvassa vapaamuotoista verkostoitumista sek\u00e4 keskustelua tietoturvakatsauksen puheenaiheista ja muista ajankohtaisista aiheista.<\/p>\n<p>Tapahtuma on avoin kaikille Tietoturva ry:n ja TIVIA verkostojen j\u00e4senille sek\u00e4 kaikille Tietoturvakatsaukseen osallistuville henkil\u00f6ille. Tapahtumaan mahtuu mukaan 30 ilmoittautunutta. Iltatilaisuus on omakustanteinen.<\/p>\n<p>Ilmoittaudu tapahtumaan [<a href=\"https:\/\/tivia.fi\/event\/tietoturvakatsauksen-gdpr-n-vuosipaivan-iltatilaisuus-2023-05-25-772\/register\">t\u00e4\u00e4lt\u00e4<\/a>].<\/p>\n<p>Tervetuloa verkostoitumaan!<\/p>\n<h3><strong>Tapahtuman tiedot:<\/strong><\/h3>\n<p>Aika: 25.5.2023 kello 17.30 alkaen.<br \/>\nPaikka: Ravintola Vltava, Elielinaukio 2, 00100 Helsinki.<br \/>\nAgenda: Verkostoitumista ja avointa keskustelua ajankohtaisista aiheista.<br \/>\nIlmoittautuminen: Ilmoittaudu tapahtumaan [<a href=\"https:\/\/tivia.fi\/event\/tietoturvakatsauksen-gdpr-n-vuosipaivan-iltatilaisuus-2023-05-25-772\/register\">t\u00e4\u00e4lt\u00e4<\/a>].<\/p>\n<p>&nbsp;<\/p>\n<p><img loading=\"lazy\" decoding=\"async\" class=\"alignnone  wp-image-570\" src=\"https:\/\/tietoturva.fi\/wp-content\/uploads\/sites\/7\/2020\/12\/tivia-verkosto.png\" alt=\"\" width=\"253\" height=\"253\" srcset=\"https:\/\/tivia-jasenyhdistykset.fi\/tietoturva\/wp-content\/uploads\/sites\/7\/2020\/12\/tivia-verkosto.png 400w, https:\/\/tivia-jasenyhdistykset.fi\/tietoturva\/wp-content\/uploads\/sites\/7\/2020\/12\/tivia-verkosto-300x300.png 300w, https:\/\/tivia-jasenyhdistykset.fi\/tietoturva\/wp-content\/uploads\/sites\/7\/2020\/12\/tivia-verkosto-150x150.png 150w\" sizes=\"auto, (max-width: 253px) 100vw, 253px\" \/><\/p>\n<p>&nbsp;<\/p>\n<hr \/>\n<p><em>Yhdistys varaa oikeudet muutoksille.<\/em><\/p>\n","protected":false},"excerpt":{"rendered":"<p><img loading=\"lazy\" decoding=\"async\" class=\" wp-image-1845\" src=\"https:\/\/tietoturva.fi\/wp-content\/uploads\/sites\/7\/2023\/05\/ttry-networking-scaled-e1683527898705.jpg\" alt=\"\" width=\"784\" height=\"462\" srcset=\"https:\/\/tivia-jasenyhdistykset.fi\/tietoturva\/wp-content\/uploads\/sites\/7\/2023\/05\/ttry-networking-scaled-e1683527898705.jpg 1500w, https:\/\/tivia-jasenyhdistykset.fi\/tietoturva\/wp-content\/uploads\/sites\/7\/2023\/05\/ttry-networking-scaled-e1683527898705-300x177.jpg 300w, https:\/\/tivia-jasenyhdistykset.fi\/tietoturva\/wp-content\/uploads\/sites\/7\/2023\/05\/ttry-networking-scaled-e1683527898705-1024x604.jpg 1024w, https:\/\/tivia-jasenyhdistykset.fi\/tietoturva\/wp-content\/uploads\/sites\/7\/2023\/05\/ttry-networking-scaled-e1683527898705-768x453.jpg 768w\" sizes=\"auto, (max-width: 784px) 100vw, 784px\" \/><\/p>\n<p>Tervetuloa tietoturvakatsauksen &amp; GDPR:n vuosip\u00e4iv\u00e4n iltatilaisuuteen 25.5.2023!<\/p>\n<p>Tietoturva ry j\u00e4rjest\u00e4\u00e4 tietoturvakatsauksen &amp; GDPR:n vuosip\u00e4iv\u00e4n iltatilaisuuden Helsingiss\u00e4 Ravintola Vltavassa heti\u00a0 Tietoturvakatsaus webinaarin j\u00e4lkeen alkaen kello 17.30-. Aikaisemmin p\u00e4iv\u00e4ll\u00e4 pidett\u00e4v\u00e4ss\u00e4 <a href=\"https:\/\/tietoturva.fi\/2023\/04\/26\/tietoturvakatsaus_2-2023\/\">tietoturvakatsauksessa <\/a>k\u00e4sitell\u00e4\u00e4n laajasti digitaalisen yhteiskunnan perusteisiin liittyvi\u00e4 osa-alueita sek\u00e4 tietosuojaa,<\/p>\n","protected":false},"author":2408,"featured_media":0,"comment_status":"closed","ping_status":"closed","sticky":false,"template":"","format":"standard","meta":{"_acf_changed":false,"footnotes":""},"categories":[38],"tags":[],"class_list":["post-1844","post","type-post","status-publish","format-standard","hentry","category-tapahtumat"],"acf":[],"yoast_head":"<!-- This site is optimized with the Yoast SEO plugin v27.5 - https:\/\/yoast.com\/product\/yoast-seo-wordpress\/ -->\n<title>Tietoturvakatsauksen &amp; GDPR:n vuosip\u00e4iv\u00e4n iltatilaisuus 25.5.2023 - Tietoturva ry<\/title>\n<meta name=\"robots\" content=\"index, follow, max-snippet:-1, max-image-preview:large, max-video-preview:-1\" \/>\n<link rel=\"canonical\" href=\"https:\/\/tivia-jasenyhdistykset.fi\/tietoturva\/2023\/05\/08\/tietoturvakatsauksen_iltatilaisuus\/\" \/>\n<meta property=\"og:locale\" content=\"fi_FI\" \/>\n<meta property=\"og:type\" content=\"article\" \/>\n<meta property=\"og:title\" content=\"Tietoturvakatsauksen &amp; GDPR:n vuosip\u00e4iv\u00e4n iltatilaisuus 25.5.2023 - Tietoturva ry\" \/>\n<meta property=\"og:description\" content=\"Tervetuloa tietoturvakatsauksen &amp; GDPR:n vuosip\u00e4iv\u00e4n iltatilaisuuteen 25.5.2023! Tietoturva ry j\u00e4rjest\u00e4\u00e4 tietoturvakatsauksen &amp; GDPR:n vuosip\u00e4iv\u00e4n iltatilaisuuden Helsingiss\u00e4 Ravintola Vltavassa heti\u00a0 Tietoturvakatsaus webinaarin j\u00e4lkeen alkaen kello 17.30-. Aikaisemmin p\u00e4iv\u00e4ll\u00e4 pidett\u00e4v\u00e4ss\u00e4 tietoturvakatsauksessa k\u00e4sitell\u00e4\u00e4n laajasti digitaalisen yhteiskunnan perusteisiin liittyvi\u00e4 osa-alueita sek\u00e4 tietosuojaa,\" \/>\n<meta property=\"og:url\" content=\"https:\/\/tivia-jasenyhdistykset.fi\/tietoturva\/2023\/05\/08\/tietoturvakatsauksen_iltatilaisuus\/\" \/>\n<meta property=\"og:site_name\" content=\"Tietoturva ry\" \/>\n<meta property=\"article:publisher\" content=\"https:\/\/www.facebook.com\/TietoturvaRy\/\" \/>\n<meta property=\"article:published_time\" content=\"2023-05-08T06:49:13+00:00\" \/>\n<meta property=\"article:modified_time\" content=\"2024-05-31T10:42:32+00:00\" \/>\n<meta property=\"og:image\" content=\"https:\/\/tietoturva.fi\/wp-content\/uploads\/sites\/7\/2023\/05\/ttry-networking-scaled-e1683527898705.jpg\" \/>\n<meta name=\"author\" content=\"Tommi V\" \/>\n<meta name=\"twitter:card\" content=\"summary_large_image\" \/>\n<meta name=\"twitter:creator\" content=\"@tietoturva_ry\" \/>\n<meta name=\"twitter:site\" content=\"@tietoturva_ry\" \/>\n<meta name=\"twitter:label1\" content=\"Kirjoittanut\" \/>\n\t<meta name=\"twitter:data1\" content=\"Tommi V\" \/>\n\t<meta name=\"twitter:label2\" content=\"Arvioitu lukuaika\" \/>\n\t<meta name=\"twitter:data2\" content=\"2 minuuttia\" \/>\n<script type=\"application\/ld+json\" class=\"yoast-schema-graph\">{\"@context\":\"https:\\\/\\\/schema.org\",\"@graph\":[{\"@type\":\"Article\",\"@id\":\"https:\\\/\\\/tivia-jasenyhdistykset.fi\\\/tietoturva\\\/2023\\\/05\\\/08\\\/tietoturvakatsauksen_iltatilaisuus\\\/#article\",\"isPartOf\":{\"@id\":\"https:\\\/\\\/tivia-jasenyhdistykset.fi\\\/tietoturva\\\/2023\\\/05\\\/08\\\/tietoturvakatsauksen_iltatilaisuus\\\/\"},\"author\":{\"name\":\"Tommi V\",\"@id\":\"https:\\\/\\\/tivia-jasenyhdistykset.fi\\\/tietoturva\\\/#\\\/schema\\\/person\\\/509d9bb392337a2d220ec611546998ec\"},\"headline\":\"Tietoturvakatsauksen &#038; GDPR:n vuosip\u00e4iv\u00e4n iltatilaisuus 25.5.2023\",\"datePublished\":\"2023-05-08T06:49:13+00:00\",\"dateModified\":\"2024-05-31T10:42:32+00:00\",\"mainEntityOfPage\":{\"@id\":\"https:\\\/\\\/tivia-jasenyhdistykset.fi\\\/tietoturva\\\/2023\\\/05\\\/08\\\/tietoturvakatsauksen_iltatilaisuus\\\/\"},\"wordCount\":145,\"publisher\":{\"@id\":\"https:\\\/\\\/tivia-jasenyhdistykset.fi\\\/tietoturva\\\/#organization\"},\"image\":{\"@id\":\"https:\\\/\\\/tivia-jasenyhdistykset.fi\\\/tietoturva\\\/2023\\\/05\\\/08\\\/tietoturvakatsauksen_iltatilaisuus\\\/#primaryimage\"},\"thumbnailUrl\":\"https:\\\/\\\/tietoturva.fi\\\/wp-content\\\/uploads\\\/sites\\\/7\\\/2023\\\/05\\\/ttry-networking-scaled-e1683527898705.jpg\",\"articleSection\":[\"Tapahtumat\"],\"inLanguage\":\"fi\"},{\"@type\":\"WebPage\",\"@id\":\"https:\\\/\\\/tivia-jasenyhdistykset.fi\\\/tietoturva\\\/2023\\\/05\\\/08\\\/tietoturvakatsauksen_iltatilaisuus\\\/\",\"url\":\"https:\\\/\\\/tivia-jasenyhdistykset.fi\\\/tietoturva\\\/2023\\\/05\\\/08\\\/tietoturvakatsauksen_iltatilaisuus\\\/\",\"name\":\"Tietoturvakatsauksen & GDPR:n vuosip\u00e4iv\u00e4n iltatilaisuus 25.5.2023 - Tietoturva ry\",\"isPartOf\":{\"@id\":\"https:\\\/\\\/tivia-jasenyhdistykset.fi\\\/tietoturva\\\/#website\"},\"primaryImageOfPage\":{\"@id\":\"https:\\\/\\\/tivia-jasenyhdistykset.fi\\\/tietoturva\\\/2023\\\/05\\\/08\\\/tietoturvakatsauksen_iltatilaisuus\\\/#primaryimage\"},\"image\":{\"@id\":\"https:\\\/\\\/tivia-jasenyhdistykset.fi\\\/tietoturva\\\/2023\\\/05\\\/08\\\/tietoturvakatsauksen_iltatilaisuus\\\/#primaryimage\"},\"thumbnailUrl\":\"https:\\\/\\\/tietoturva.fi\\\/wp-content\\\/uploads\\\/sites\\\/7\\\/2023\\\/05\\\/ttry-networking-scaled-e1683527898705.jpg\",\"datePublished\":\"2023-05-08T06:49:13+00:00\",\"dateModified\":\"2024-05-31T10:42:32+00:00\",\"breadcrumb\":{\"@id\":\"https:\\\/\\\/tivia-jasenyhdistykset.fi\\\/tietoturva\\\/2023\\\/05\\\/08\\\/tietoturvakatsauksen_iltatilaisuus\\\/#breadcrumb\"},\"inLanguage\":\"fi\",\"potentialAction\":[{\"@type\":\"ReadAction\",\"target\":[\"https:\\\/\\\/tivia-jasenyhdistykset.fi\\\/tietoturva\\\/2023\\\/05\\\/08\\\/tietoturvakatsauksen_iltatilaisuus\\\/\"]}]},{\"@type\":\"ImageObject\",\"inLanguage\":\"fi\",\"@id\":\"https:\\\/\\\/tivia-jasenyhdistykset.fi\\\/tietoturva\\\/2023\\\/05\\\/08\\\/tietoturvakatsauksen_iltatilaisuus\\\/#primaryimage\",\"url\":\"https:\\\/\\\/tietoturva.fi\\\/wp-content\\\/uploads\\\/sites\\\/7\\\/2023\\\/05\\\/ttry-networking-scaled-e1683527898705.jpg\",\"contentUrl\":\"https:\\\/\\\/tietoturva.fi\\\/wp-content\\\/uploads\\\/sites\\\/7\\\/2023\\\/05\\\/ttry-networking-scaled-e1683527898705.jpg\"},{\"@type\":\"BreadcrumbList\",\"@id\":\"https:\\\/\\\/tivia-jasenyhdistykset.fi\\\/tietoturva\\\/2023\\\/05\\\/08\\\/tietoturvakatsauksen_iltatilaisuus\\\/#breadcrumb\",\"itemListElement\":[{\"@type\":\"ListItem\",\"position\":1,\"name\":\"Etusivu\",\"item\":\"https:\\\/\\\/tivia-jasenyhdistykset.fi\\\/tietoturva\\\/\"},{\"@type\":\"ListItem\",\"position\":2,\"name\":\"Tietoturvakatsauksen &#038; GDPR:n vuosip\u00e4iv\u00e4n iltatilaisuus 25.5.2023\"}]},{\"@type\":\"WebSite\",\"@id\":\"https:\\\/\\\/tivia-jasenyhdistykset.fi\\\/tietoturva\\\/#website\",\"url\":\"https:\\\/\\\/tivia-jasenyhdistykset.fi\\\/tietoturva\\\/\",\"name\":\"Tietoturva ry\",\"description\":\"Suomen suurin tietoturva-ammattilaisten verkosto\",\"publisher\":{\"@id\":\"https:\\\/\\\/tivia-jasenyhdistykset.fi\\\/tietoturva\\\/#organization\"},\"potentialAction\":[{\"@type\":\"SearchAction\",\"target\":{\"@type\":\"EntryPoint\",\"urlTemplate\":\"https:\\\/\\\/tivia-jasenyhdistykset.fi\\\/tietoturva\\\/?s={search_term_string}\"},\"query-input\":{\"@type\":\"PropertyValueSpecification\",\"valueRequired\":true,\"valueName\":\"search_term_string\"}}],\"inLanguage\":\"fi\"},{\"@type\":\"Organization\",\"@id\":\"https:\\\/\\\/tivia-jasenyhdistykset.fi\\\/tietoturva\\\/#organization\",\"name\":\"Tietoturva ry\",\"url\":\"https:\\\/\\\/tivia-jasenyhdistykset.fi\\\/tietoturva\\\/\",\"logo\":{\"@type\":\"ImageObject\",\"inLanguage\":\"fi\",\"@id\":\"https:\\\/\\\/tivia-jasenyhdistykset.fi\\\/tietoturva\\\/#\\\/schema\\\/logo\\\/image\\\/\",\"url\":\"https:\\\/\\\/tietoturva.fi\\\/wp-content\\\/uploads\\\/sites\\\/7\\\/2021\\\/05\\\/Tietoturva-logo-2018-100.png\",\"contentUrl\":\"https:\\\/\\\/tietoturva.fi\\\/wp-content\\\/uploads\\\/sites\\\/7\\\/2021\\\/05\\\/Tietoturva-logo-2018-100.png\",\"width\":73,\"height\":100,\"caption\":\"Tietoturva ry\"},\"image\":{\"@id\":\"https:\\\/\\\/tivia-jasenyhdistykset.fi\\\/tietoturva\\\/#\\\/schema\\\/logo\\\/image\\\/\"},\"sameAs\":[\"https:\\\/\\\/www.facebook.com\\\/TietoturvaRy\\\/\",\"https:\\\/\\\/x.com\\\/tietoturva_ry\",\"https:\\\/\\\/www.linkedin.com\\\/company\\\/tietoturva\\\/\",\"https:\\\/\\\/www.youtube.com\\\/channel\\\/UCmXkytjYpJ4_N2msCNy69sw\\\/\"]},{\"@type\":\"Person\",\"@id\":\"https:\\\/\\\/tivia-jasenyhdistykset.fi\\\/tietoturva\\\/#\\\/schema\\\/person\\\/509d9bb392337a2d220ec611546998ec\",\"name\":\"Tommi V\",\"image\":{\"@type\":\"ImageObject\",\"inLanguage\":\"fi\",\"@id\":\"https:\\\/\\\/secure.gravatar.com\\\/avatar\\\/407fe7c123719aedfe1043bea0075baf31b4805e5599ab36f3b560d37cfba06d?s=96&d=mm&r=g\",\"url\":\"https:\\\/\\\/secure.gravatar.com\\\/avatar\\\/407fe7c123719aedfe1043bea0075baf31b4805e5599ab36f3b560d37cfba06d?s=96&d=mm&r=g\",\"contentUrl\":\"https:\\\/\\\/secure.gravatar.com\\\/avatar\\\/407fe7c123719aedfe1043bea0075baf31b4805e5599ab36f3b560d37cfba06d?s=96&d=mm&r=g\",\"caption\":\"Tommi V\"},\"url\":\"https:\\\/\\\/tivia-jasenyhdistykset.fi\\\/tietoturva\\\/author\\\/vanninentommi10605\\\/\"}]}<\/script>\n<!-- \/ Yoast SEO plugin. -->","yoast_head_json":{"title":"Tietoturvakatsauksen & GDPR:n vuosip\u00e4iv\u00e4n iltatilaisuus 25.5.2023 - Tietoturva ry","robots":{"index":"index","follow":"follow","max-snippet":"max-snippet:-1","max-image-preview":"max-image-preview:large","max-video-preview":"max-video-preview:-1"},"canonical":"https:\/\/tivia-jasenyhdistykset.fi\/tietoturva\/2023\/05\/08\/tietoturvakatsauksen_iltatilaisuus\/","og_locale":"fi_FI","og_type":"article","og_title":"Tietoturvakatsauksen & GDPR:n vuosip\u00e4iv\u00e4n iltatilaisuus 25.5.2023 - Tietoturva ry","og_description":"Tervetuloa tietoturvakatsauksen &amp; GDPR:n vuosip\u00e4iv\u00e4n iltatilaisuuteen 25.5.2023! Tietoturva ry j\u00e4rjest\u00e4\u00e4 tietoturvakatsauksen &amp; GDPR:n vuosip\u00e4iv\u00e4n iltatilaisuuden Helsingiss\u00e4 Ravintola Vltavassa heti\u00a0 Tietoturvakatsaus webinaarin j\u00e4lkeen alkaen kello 17.30-. Aikaisemmin p\u00e4iv\u00e4ll\u00e4 pidett\u00e4v\u00e4ss\u00e4 tietoturvakatsauksessa k\u00e4sitell\u00e4\u00e4n laajasti digitaalisen yhteiskunnan perusteisiin liittyvi\u00e4 osa-alueita sek\u00e4 tietosuojaa,","og_url":"https:\/\/tivia-jasenyhdistykset.fi\/tietoturva\/2023\/05\/08\/tietoturvakatsauksen_iltatilaisuus\/","og_site_name":"Tietoturva ry","article_publisher":"https:\/\/www.facebook.com\/TietoturvaRy\/","article_published_time":"2023-05-08T06:49:13+00:00","article_modified_time":"2024-05-31T10:42:32+00:00","og_image":[{"url":"https:\/\/tietoturva.fi\/wp-content\/uploads\/sites\/7\/2023\/05\/ttry-networking-scaled-e1683527898705.jpg","type":"","width":"","height":""}],"author":"Tommi V","twitter_card":"summary_large_image","twitter_creator":"@tietoturva_ry","twitter_site":"@tietoturva_ry","twitter_misc":{"Kirjoittanut":"Tommi V","Arvioitu lukuaika":"2 minuuttia"},"schema":{"@context":"https:\/\/schema.org","@graph":[{"@type":"Article","@id":"https:\/\/tivia-jasenyhdistykset.fi\/tietoturva\/2023\/05\/08\/tietoturvakatsauksen_iltatilaisuus\/#article","isPartOf":{"@id":"https:\/\/tivia-jasenyhdistykset.fi\/tietoturva\/2023\/05\/08\/tietoturvakatsauksen_iltatilaisuus\/"},"author":{"name":"Tommi V","@id":"https:\/\/tivia-jasenyhdistykset.fi\/tietoturva\/#\/schema\/person\/509d9bb392337a2d220ec611546998ec"},"headline":"Tietoturvakatsauksen &#038; GDPR:n vuosip\u00e4iv\u00e4n iltatilaisuus 25.5.2023","datePublished":"2023-05-08T06:49:13+00:00","dateModified":"2024-05-31T10:42:32+00:00","mainEntityOfPage":{"@id":"https:\/\/tivia-jasenyhdistykset.fi\/tietoturva\/2023\/05\/08\/tietoturvakatsauksen_iltatilaisuus\/"},"wordCount":145,"publisher":{"@id":"https:\/\/tivia-jasenyhdistykset.fi\/tietoturva\/#organization"},"image":{"@id":"https:\/\/tivia-jasenyhdistykset.fi\/tietoturva\/2023\/05\/08\/tietoturvakatsauksen_iltatilaisuus\/#primaryimage"},"thumbnailUrl":"https:\/\/tietoturva.fi\/wp-content\/uploads\/sites\/7\/2023\/05\/ttry-networking-scaled-e1683527898705.jpg","articleSection":["Tapahtumat"],"inLanguage":"fi"},{"@type":"WebPage","@id":"https:\/\/tivia-jasenyhdistykset.fi\/tietoturva\/2023\/05\/08\/tietoturvakatsauksen_iltatilaisuus\/","url":"https:\/\/tivia-jasenyhdistykset.fi\/tietoturva\/2023\/05\/08\/tietoturvakatsauksen_iltatilaisuus\/","name":"Tietoturvakatsauksen & GDPR:n vuosip\u00e4iv\u00e4n iltatilaisuus 25.5.2023 - Tietoturva ry","isPartOf":{"@id":"https:\/\/tivia-jasenyhdistykset.fi\/tietoturva\/#website"},"primaryImageOfPage":{"@id":"https:\/\/tivia-jasenyhdistykset.fi\/tietoturva\/2023\/05\/08\/tietoturvakatsauksen_iltatilaisuus\/#primaryimage"},"image":{"@id":"https:\/\/tivia-jasenyhdistykset.fi\/tietoturva\/2023\/05\/08\/tietoturvakatsauksen_iltatilaisuus\/#primaryimage"},"thumbnailUrl":"https:\/\/tietoturva.fi\/wp-content\/uploads\/sites\/7\/2023\/05\/ttry-networking-scaled-e1683527898705.jpg","datePublished":"2023-05-08T06:49:13+00:00","dateModified":"2024-05-31T10:42:32+00:00","breadcrumb":{"@id":"https:\/\/tivia-jasenyhdistykset.fi\/tietoturva\/2023\/05\/08\/tietoturvakatsauksen_iltatilaisuus\/#breadcrumb"},"inLanguage":"fi","potentialAction":[{"@type":"ReadAction","target":["https:\/\/tivia-jasenyhdistykset.fi\/tietoturva\/2023\/05\/08\/tietoturvakatsauksen_iltatilaisuus\/"]}]},{"@type":"ImageObject","inLanguage":"fi","@id":"https:\/\/tivia-jasenyhdistykset.fi\/tietoturva\/2023\/05\/08\/tietoturvakatsauksen_iltatilaisuus\/#primaryimage","url":"https:\/\/tietoturva.fi\/wp-content\/uploads\/sites\/7\/2023\/05\/ttry-networking-scaled-e1683527898705.jpg","contentUrl":"https:\/\/tietoturva.fi\/wp-content\/uploads\/sites\/7\/2023\/05\/ttry-networking-scaled-e1683527898705.jpg"},{"@type":"BreadcrumbList","@id":"https:\/\/tivia-jasenyhdistykset.fi\/tietoturva\/2023\/05\/08\/tietoturvakatsauksen_iltatilaisuus\/#breadcrumb","itemListElement":[{"@type":"ListItem","position":1,"name":"Etusivu","item":"https:\/\/tivia-jasenyhdistykset.fi\/tietoturva\/"},{"@type":"ListItem","position":2,"name":"Tietoturvakatsauksen &#038; GDPR:n vuosip\u00e4iv\u00e4n iltatilaisuus 25.5.2023"}]},{"@type":"WebSite","@id":"https:\/\/tivia-jasenyhdistykset.fi\/tietoturva\/#website","url":"https:\/\/tivia-jasenyhdistykset.fi\/tietoturva\/","name":"Tietoturva ry","description":"Suomen suurin tietoturva-ammattilaisten verkosto","publisher":{"@id":"https:\/\/tivia-jasenyhdistykset.fi\/tietoturva\/#organization"},"potentialAction":[{"@type":"SearchAction","target":{"@type":"EntryPoint","urlTemplate":"https:\/\/tivia-jasenyhdistykset.fi\/tietoturva\/?s={search_term_string}"},"query-input":{"@type":"PropertyValueSpecification","valueRequired":true,"valueName":"search_term_string"}}],"inLanguage":"fi"},{"@type":"Organization","@id":"https:\/\/tivia-jasenyhdistykset.fi\/tietoturva\/#organization","name":"Tietoturva ry","url":"https:\/\/tivia-jasenyhdistykset.fi\/tietoturva\/","logo":{"@type":"ImageObject","inLanguage":"fi","@id":"https:\/\/tivia-jasenyhdistykset.fi\/tietoturva\/#\/schema\/logo\/image\/","url":"https:\/\/tietoturva.fi\/wp-content\/uploads\/sites\/7\/2021\/05\/Tietoturva-logo-2018-100.png","contentUrl":"https:\/\/tietoturva.fi\/wp-content\/uploads\/sites\/7\/2021\/05\/Tietoturva-logo-2018-100.png","width":73,"height":100,"caption":"Tietoturva ry"},"image":{"@id":"https:\/\/tivia-jasenyhdistykset.fi\/tietoturva\/#\/schema\/logo\/image\/"},"sameAs":["https:\/\/www.facebook.com\/TietoturvaRy\/","https:\/\/x.com\/tietoturva_ry","https:\/\/www.linkedin.com\/company\/tietoturva\/","https:\/\/www.youtube.com\/channel\/UCmXkytjYpJ4_N2msCNy69sw\/"]},{"@type":"Person","@id":"https:\/\/tivia-jasenyhdistykset.fi\/tietoturva\/#\/schema\/person\/509d9bb392337a2d220ec611546998ec","name":"Tommi V","image":{"@type":"ImageObject","inLanguage":"fi","@id":"https:\/\/secure.gravatar.com\/avatar\/407fe7c123719aedfe1043bea0075baf31b4805e5599ab36f3b560d37cfba06d?s=96&d=mm&r=g","url":"https:\/\/secure.gravatar.com\/avatar\/407fe7c123719aedfe1043bea0075baf31b4805e5599ab36f3b560d37cfba06d?s=96&d=mm&r=g","contentUrl":"https:\/\/secure.gravatar.com\/avatar\/407fe7c123719aedfe1043bea0075baf31b4805e5599ab36f3b560d37cfba06d?s=96&d=mm&r=g","caption":"Tommi V"},"url":"https:\/\/tivia-jasenyhdistykset.fi\/tietoturva\/author\/vanninentommi10605\/"}]}},"_links":{"self":[{"href":"https:\/\/tivia-jasenyhdistykset.fi\/tietoturva\/wp-json\/wp\/v2\/posts\/1844","targetHints":{"allow":["GET"]}}],"collection":[{"href":"https:\/\/tivia-jasenyhdistykset.fi\/tietoturva\/wp-json\/wp\/v2\/posts"}],"about":[{"href":"https:\/\/tivia-jasenyhdistykset.fi\/tietoturva\/wp-json\/wp\/v2\/types\/post"}],"author":[{"embeddable":true,"href":"https:\/\/tivia-jasenyhdistykset.fi\/tietoturva\/wp-json\/wp\/v2\/users\/2408"}],"replies":[{"embeddable":true,"href":"https:\/\/tivia-jasenyhdistykset.fi\/tietoturva\/wp-json\/wp\/v2\/comments?post=1844"}],"version-history":[{"count":8,"href":"https:\/\/tivia-jasenyhdistykset.fi\/tietoturva\/wp-json\/wp\/v2\/posts\/1844\/revisions"}],"predecessor-version":[{"id":1854,"href":"https:\/\/tivia-jasenyhdistykset.fi\/tietoturva\/wp-json\/wp\/v2\/posts\/1844\/revisions\/1854"}],"wp:attachment":[{"href":"https:\/\/tivia-jasenyhdistykset.fi\/tietoturva\/wp-json\/wp\/v2\/media?parent=1844"}],"wp:term":[{"taxonomy":"category","embeddable":true,"href":"https:\/\/tivia-jasenyhdistykset.fi\/tietoturva\/wp-json\/wp\/v2\/categories?post=1844"},{"taxonomy":"post_tag","embeddable":true,"href":"https:\/\/tivia-jasenyhdistykset.fi\/tietoturva\/wp-json\/wp\/v2\/tags?post=1844"}],"curies":[{"name":"wp","href":"https:\/\/api.w.org\/{rel}","templated":true}]}}