{"id":1934,"date":"2023-07-11T13:54:10","date_gmt":"2023-07-11T10:54:10","guid":{"rendered":"https:\/\/tietoturva.fi\/?p=1934"},"modified":"2024-05-31T13:42:29","modified_gmt":"2024-05-31T10:42:29","slug":"gdpr-sovelluskirjaston_esittely","status":"publish","type":"post","link":"https:\/\/tivia-jasenyhdistykset.fi\/tietoturva\/2023\/07\/11\/gdpr-sovelluskirjaston_esittely\/","title":{"rendered":"Webinaari: Uuden GDPR-sovelluskirjaston esittely 29.8.2023"},"content":{"rendered":"<p style=\"font-weight: 400;\"><strong><img loading=\"lazy\" decoding=\"async\" class=\"wp-image-1272 aligncenter\" src=\"https:\/\/tietoturva.fi\/wp-content\/uploads\/sites\/7\/2022\/03\/ttry-webinar.png\" alt=\"\" width=\"396\" height=\"342\" srcset=\"https:\/\/tivia-jasenyhdistykset.fi\/tietoturva\/wp-content\/uploads\/sites\/7\/2022\/03\/ttry-webinar.png 723w, https:\/\/tivia-jasenyhdistykset.fi\/tietoturva\/wp-content\/uploads\/sites\/7\/2022\/03\/ttry-webinar-300x259.png 300w\" sizes=\"auto, (max-width: 396px) 100vw, 396px\" \/><\/strong><\/p>\n<p style=\"font-weight: 400;\"><strong>Tervetuloa tietosuojaverkoston webinaariin ti 29.8. kello 8.30!\u00a0<\/strong><\/p>\n<p style=\"font-weight: 400;\">Eri ohjelmien ja pilvipalvelujen tietosuojaselvitykset ovat usein kovin ty\u00f6l\u00e4it\u00e4. Ilona IT on luonut uudenlaisen GDPR-sovelluskirjaston, joka auttaa kaikkia yrityksi\u00e4, yhdistyksi\u00e4 ja julkisyhteis\u00f6j\u00e4. T\u00e4st\u00e4 uudesta GDPR-sovelluskirjastosta kertoo lona IT:n GDPR-sovelluskirjaston tuoteomistaja Soili Meklin ja h\u00e4n vastaa projektin etenemisest\u00e4 ja palvelun kehitt\u00e4misest\u00e4.<\/p>\n<p style=\"font-weight: 400;\">Kirjastoon ker\u00e4t\u00e4\u00e4n suoraan valmistajilta GDPR-tiedot sovelluksittain. Lis\u00e4ksi sovellukset luokitellaan k\u00e4ytt\u00f6tarkoituksen mukaan, joten kirjastoa voi k\u00e4ytt\u00e4\u00e4 my\u00f6s vaihtoehtoisten sovellusten etsint\u00e4\u00e4n. Kes\u00e4n 2023 aikana ker\u00e4\u00e4mme ensimm\u00e4iset 100+ sovellusta kirjastoon.<\/p>\n<p style=\"font-weight: 400;\">Tule mukaan webinaariin, jossa esittelemme <a href=\"http:\/\/www.ilonait.fi\/gdpr-sovelluskirjasto\">GDPR-sovelluskirjaston idean<\/a>, tietokantarakenteen ja sielt\u00e4 l\u00f6ytyv\u00e4t sovellus- ja pilvipalvelut.<\/p>\n<p style=\"font-weight: 400;\">Webinaari on tarkoitettu:<\/p>\n<ul>\n<li style=\"font-weight: 400;\">Tietosuojasta huolehtiville<\/li>\n<li style=\"font-weight: 400;\">Kaikille ohjelmisto- ja pilvihankintoja tekeville<\/li>\n<li style=\"font-weight: 400;\">Tietosuojavastaaville<\/li>\n<li style=\"font-weight: 400;\">Tietohallinnon asiantuntijoille<\/li>\n<\/ul>\n<h3>Ilmoittatuminen:<\/h3>\n<p>Ilmoittaudu tapahtumaan [<a href=\"https:\/\/tivia.fi\/event\/webinaari-uuden-gdpr-sovelluskirjaston-esittely-29-8-2023-2023-08-29-822\/register\">t\u00e4st\u00e4<\/a>].<\/p>\n","protected":false},"excerpt":{"rendered":"<p style=\"font-weight: 400;\"><img loading=\"lazy\" decoding=\"async\" class=\"wp-image-1272 aligncenter\" src=\"https:\/\/tietoturva.fi\/wp-content\/uploads\/sites\/7\/2022\/03\/ttry-webinar.png\" alt=\"\" width=\"396\" height=\"342\" srcset=\"https:\/\/tivia-jasenyhdistykset.fi\/tietoturva\/wp-content\/uploads\/sites\/7\/2022\/03\/ttry-webinar.png 723w, https:\/\/tivia-jasenyhdistykset.fi\/tietoturva\/wp-content\/uploads\/sites\/7\/2022\/03\/ttry-webinar-300x259.png 300w\" sizes=\"auto, (max-width: 396px) 100vw, 396px\" \/><\/p>\n<p style=\"font-weight: 400;\">Tervetuloa tietosuojaverkoston webinaariin ti 29.8. kello 8.30!\u00a0<\/p>\n<p style=\"font-weight: 400;\">Eri ohjelmien ja pilvipalvelujen tietosuojaselvitykset ovat usein kovin ty\u00f6l\u00e4it\u00e4. Ilona IT on luonut uudenlaisen GDPR-sovelluskirjaston, joka auttaa kaikkia yrityksi\u00e4, yhdistyksi\u00e4 ja julkisyhteis\u00f6j\u00e4. T\u00e4st\u00e4 uudesta GDPR-sovelluskirjastosta kertoo lona IT:n GDPR-sovelluskirjaston tuoteomistaja Soili Meklin ja h\u00e4n vastaa projektin etenemisest\u00e4 ja palvelun kehitt\u00e4misest\u00e4.<\/p>\n","protected":false},"author":2408,"featured_media":0,"comment_status":"closed","ping_status":"closed","sticky":false,"template":"","format":"standard","meta":{"_acf_changed":false,"footnotes":""},"categories":[24],"tags":[],"class_list":["post-1934","post","type-post","status-publish","format-standard","hentry","category-webinaari"],"acf":[],"yoast_head":"<!-- This site is optimized with the Yoast SEO plugin v27.5 - https:\/\/yoast.com\/product\/yoast-seo-wordpress\/ -->\n<title>Webinaari: Uuden GDPR-sovelluskirjaston esittely 29.8.2023 - Tietoturva ry<\/title>\n<meta name=\"robots\" content=\"index, follow, max-snippet:-1, max-image-preview:large, max-video-preview:-1\" \/>\n<link rel=\"canonical\" href=\"https:\/\/tivia-jasenyhdistykset.fi\/tietoturva\/2023\/07\/11\/gdpr-sovelluskirjaston_esittely\/\" \/>\n<meta property=\"og:locale\" content=\"fi_FI\" \/>\n<meta property=\"og:type\" content=\"article\" \/>\n<meta property=\"og:title\" content=\"Webinaari: Uuden GDPR-sovelluskirjaston esittely 29.8.2023 - Tietoturva ry\" \/>\n<meta property=\"og:description\" content=\"Tervetuloa tietosuojaverkoston webinaariin ti 29.8. kello 8.30!\u00a0 Eri ohjelmien ja pilvipalvelujen tietosuojaselvitykset ovat usein kovin ty\u00f6l\u00e4it\u00e4. Ilona IT on luonut uudenlaisen GDPR-sovelluskirjaston, joka auttaa kaikkia yrityksi\u00e4, yhdistyksi\u00e4 ja julkisyhteis\u00f6j\u00e4. T\u00e4st\u00e4 uudesta GDPR-sovelluskirjastosta kertoo lona IT:n GDPR-sovelluskirjaston tuoteomistaja Soili Meklin ja h\u00e4n vastaa projektin etenemisest\u00e4 ja palvelun kehitt\u00e4misest\u00e4.\" \/>\n<meta property=\"og:url\" content=\"https:\/\/tivia-jasenyhdistykset.fi\/tietoturva\/2023\/07\/11\/gdpr-sovelluskirjaston_esittely\/\" \/>\n<meta property=\"og:site_name\" content=\"Tietoturva ry\" \/>\n<meta property=\"article:publisher\" content=\"https:\/\/www.facebook.com\/TietoturvaRy\/\" \/>\n<meta property=\"article:published_time\" content=\"2023-07-11T10:54:10+00:00\" \/>\n<meta property=\"article:modified_time\" content=\"2024-05-31T10:42:29+00:00\" \/>\n<meta property=\"og:image\" content=\"https:\/\/tietoturva.fi\/wp-content\/uploads\/sites\/7\/2022\/03\/ttry-webinar.png\" \/>\n<meta name=\"author\" content=\"Tommi V\" \/>\n<meta name=\"twitter:card\" content=\"summary_large_image\" \/>\n<meta name=\"twitter:creator\" content=\"@tietoturva_ry\" \/>\n<meta name=\"twitter:site\" content=\"@tietoturva_ry\" \/>\n<meta name=\"twitter:label1\" content=\"Kirjoittanut\" \/>\n\t<meta name=\"twitter:data1\" content=\"Tommi V\" \/>\n\t<meta name=\"twitter:label2\" content=\"Arvioitu lukuaika\" \/>\n\t<meta name=\"twitter:data2\" content=\"1 minuutti\" \/>\n<script type=\"application\/ld+json\" class=\"yoast-schema-graph\">{\"@context\":\"https:\\\/\\\/schema.org\",\"@graph\":[{\"@type\":\"Article\",\"@id\":\"https:\\\/\\\/tivia-jasenyhdistykset.fi\\\/tietoturva\\\/2023\\\/07\\\/11\\\/gdpr-sovelluskirjaston_esittely\\\/#article\",\"isPartOf\":{\"@id\":\"https:\\\/\\\/tivia-jasenyhdistykset.fi\\\/tietoturva\\\/2023\\\/07\\\/11\\\/gdpr-sovelluskirjaston_esittely\\\/\"},\"author\":{\"name\":\"Tommi V\",\"@id\":\"https:\\\/\\\/tivia-jasenyhdistykset.fi\\\/tietoturva\\\/#\\\/schema\\\/person\\\/509d9bb392337a2d220ec611546998ec\"},\"headline\":\"Webinaari: Uuden GDPR-sovelluskirjaston esittely 29.8.2023\",\"datePublished\":\"2023-07-11T10:54:10+00:00\",\"dateModified\":\"2024-05-31T10:42:29+00:00\",\"mainEntityOfPage\":{\"@id\":\"https:\\\/\\\/tivia-jasenyhdistykset.fi\\\/tietoturva\\\/2023\\\/07\\\/11\\\/gdpr-sovelluskirjaston_esittely\\\/\"},\"wordCount\":126,\"publisher\":{\"@id\":\"https:\\\/\\\/tivia-jasenyhdistykset.fi\\\/tietoturva\\\/#organization\"},\"image\":{\"@id\":\"https:\\\/\\\/tivia-jasenyhdistykset.fi\\\/tietoturva\\\/2023\\\/07\\\/11\\\/gdpr-sovelluskirjaston_esittely\\\/#primaryimage\"},\"thumbnailUrl\":\"https:\\\/\\\/tietoturva.fi\\\/wp-content\\\/uploads\\\/sites\\\/7\\\/2022\\\/03\\\/ttry-webinar.png\",\"articleSection\":[\"Webinaari\"],\"inLanguage\":\"fi\"},{\"@type\":\"WebPage\",\"@id\":\"https:\\\/\\\/tivia-jasenyhdistykset.fi\\\/tietoturva\\\/2023\\\/07\\\/11\\\/gdpr-sovelluskirjaston_esittely\\\/\",\"url\":\"https:\\\/\\\/tivia-jasenyhdistykset.fi\\\/tietoturva\\\/2023\\\/07\\\/11\\\/gdpr-sovelluskirjaston_esittely\\\/\",\"name\":\"Webinaari: Uuden GDPR-sovelluskirjaston esittely 29.8.2023 - Tietoturva ry\",\"isPartOf\":{\"@id\":\"https:\\\/\\\/tivia-jasenyhdistykset.fi\\\/tietoturva\\\/#website\"},\"primaryImageOfPage\":{\"@id\":\"https:\\\/\\\/tivia-jasenyhdistykset.fi\\\/tietoturva\\\/2023\\\/07\\\/11\\\/gdpr-sovelluskirjaston_esittely\\\/#primaryimage\"},\"image\":{\"@id\":\"https:\\\/\\\/tivia-jasenyhdistykset.fi\\\/tietoturva\\\/2023\\\/07\\\/11\\\/gdpr-sovelluskirjaston_esittely\\\/#primaryimage\"},\"thumbnailUrl\":\"https:\\\/\\\/tietoturva.fi\\\/wp-content\\\/uploads\\\/sites\\\/7\\\/2022\\\/03\\\/ttry-webinar.png\",\"datePublished\":\"2023-07-11T10:54:10+00:00\",\"dateModified\":\"2024-05-31T10:42:29+00:00\",\"breadcrumb\":{\"@id\":\"https:\\\/\\\/tivia-jasenyhdistykset.fi\\\/tietoturva\\\/2023\\\/07\\\/11\\\/gdpr-sovelluskirjaston_esittely\\\/#breadcrumb\"},\"inLanguage\":\"fi\",\"potentialAction\":[{\"@type\":\"ReadAction\",\"target\":[\"https:\\\/\\\/tivia-jasenyhdistykset.fi\\\/tietoturva\\\/2023\\\/07\\\/11\\\/gdpr-sovelluskirjaston_esittely\\\/\"]}]},{\"@type\":\"ImageObject\",\"inLanguage\":\"fi\",\"@id\":\"https:\\\/\\\/tivia-jasenyhdistykset.fi\\\/tietoturva\\\/2023\\\/07\\\/11\\\/gdpr-sovelluskirjaston_esittely\\\/#primaryimage\",\"url\":\"https:\\\/\\\/tietoturva.fi\\\/wp-content\\\/uploads\\\/sites\\\/7\\\/2022\\\/03\\\/ttry-webinar.png\",\"contentUrl\":\"https:\\\/\\\/tietoturva.fi\\\/wp-content\\\/uploads\\\/sites\\\/7\\\/2022\\\/03\\\/ttry-webinar.png\"},{\"@type\":\"BreadcrumbList\",\"@id\":\"https:\\\/\\\/tivia-jasenyhdistykset.fi\\\/tietoturva\\\/2023\\\/07\\\/11\\\/gdpr-sovelluskirjaston_esittely\\\/#breadcrumb\",\"itemListElement\":[{\"@type\":\"ListItem\",\"position\":1,\"name\":\"Etusivu\",\"item\":\"https:\\\/\\\/tivia-jasenyhdistykset.fi\\\/tietoturva\\\/\"},{\"@type\":\"ListItem\",\"position\":2,\"name\":\"Webinaari: Uuden GDPR-sovelluskirjaston esittely 29.8.2023\"}]},{\"@type\":\"WebSite\",\"@id\":\"https:\\\/\\\/tivia-jasenyhdistykset.fi\\\/tietoturva\\\/#website\",\"url\":\"https:\\\/\\\/tivia-jasenyhdistykset.fi\\\/tietoturva\\\/\",\"name\":\"Tietoturva ry\",\"description\":\"Suomen suurin tietoturva-ammattilaisten verkosto\",\"publisher\":{\"@id\":\"https:\\\/\\\/tivia-jasenyhdistykset.fi\\\/tietoturva\\\/#organization\"},\"potentialAction\":[{\"@type\":\"SearchAction\",\"target\":{\"@type\":\"EntryPoint\",\"urlTemplate\":\"https:\\\/\\\/tivia-jasenyhdistykset.fi\\\/tietoturva\\\/?s={search_term_string}\"},\"query-input\":{\"@type\":\"PropertyValueSpecification\",\"valueRequired\":true,\"valueName\":\"search_term_string\"}}],\"inLanguage\":\"fi\"},{\"@type\":\"Organization\",\"@id\":\"https:\\\/\\\/tivia-jasenyhdistykset.fi\\\/tietoturva\\\/#organization\",\"name\":\"Tietoturva ry\",\"url\":\"https:\\\/\\\/tivia-jasenyhdistykset.fi\\\/tietoturva\\\/\",\"logo\":{\"@type\":\"ImageObject\",\"inLanguage\":\"fi\",\"@id\":\"https:\\\/\\\/tivia-jasenyhdistykset.fi\\\/tietoturva\\\/#\\\/schema\\\/logo\\\/image\\\/\",\"url\":\"https:\\\/\\\/tietoturva.fi\\\/wp-content\\\/uploads\\\/sites\\\/7\\\/2021\\\/05\\\/Tietoturva-logo-2018-100.png\",\"contentUrl\":\"https:\\\/\\\/tietoturva.fi\\\/wp-content\\\/uploads\\\/sites\\\/7\\\/2021\\\/05\\\/Tietoturva-logo-2018-100.png\",\"width\":73,\"height\":100,\"caption\":\"Tietoturva ry\"},\"image\":{\"@id\":\"https:\\\/\\\/tivia-jasenyhdistykset.fi\\\/tietoturva\\\/#\\\/schema\\\/logo\\\/image\\\/\"},\"sameAs\":[\"https:\\\/\\\/www.facebook.com\\\/TietoturvaRy\\\/\",\"https:\\\/\\\/x.com\\\/tietoturva_ry\",\"https:\\\/\\\/www.linkedin.com\\\/company\\\/tietoturva\\\/\",\"https:\\\/\\\/www.youtube.com\\\/channel\\\/UCmXkytjYpJ4_N2msCNy69sw\\\/\"]},{\"@type\":\"Person\",\"@id\":\"https:\\\/\\\/tivia-jasenyhdistykset.fi\\\/tietoturva\\\/#\\\/schema\\\/person\\\/509d9bb392337a2d220ec611546998ec\",\"name\":\"Tommi V\",\"image\":{\"@type\":\"ImageObject\",\"inLanguage\":\"fi\",\"@id\":\"https:\\\/\\\/secure.gravatar.com\\\/avatar\\\/407fe7c123719aedfe1043bea0075baf31b4805e5599ab36f3b560d37cfba06d?s=96&d=mm&r=g\",\"url\":\"https:\\\/\\\/secure.gravatar.com\\\/avatar\\\/407fe7c123719aedfe1043bea0075baf31b4805e5599ab36f3b560d37cfba06d?s=96&d=mm&r=g\",\"contentUrl\":\"https:\\\/\\\/secure.gravatar.com\\\/avatar\\\/407fe7c123719aedfe1043bea0075baf31b4805e5599ab36f3b560d37cfba06d?s=96&d=mm&r=g\",\"caption\":\"Tommi V\"},\"url\":\"https:\\\/\\\/tivia-jasenyhdistykset.fi\\\/tietoturva\\\/author\\\/vanninentommi10605\\\/\"}]}<\/script>\n<!-- \/ Yoast SEO plugin. -->","yoast_head_json":{"title":"Webinaari: Uuden GDPR-sovelluskirjaston esittely 29.8.2023 - Tietoturva ry","robots":{"index":"index","follow":"follow","max-snippet":"max-snippet:-1","max-image-preview":"max-image-preview:large","max-video-preview":"max-video-preview:-1"},"canonical":"https:\/\/tivia-jasenyhdistykset.fi\/tietoturva\/2023\/07\/11\/gdpr-sovelluskirjaston_esittely\/","og_locale":"fi_FI","og_type":"article","og_title":"Webinaari: Uuden GDPR-sovelluskirjaston esittely 29.8.2023 - Tietoturva ry","og_description":"Tervetuloa tietosuojaverkoston webinaariin ti 29.8. kello 8.30!\u00a0 Eri ohjelmien ja pilvipalvelujen tietosuojaselvitykset ovat usein kovin ty\u00f6l\u00e4it\u00e4. Ilona IT on luonut uudenlaisen GDPR-sovelluskirjaston, joka auttaa kaikkia yrityksi\u00e4, yhdistyksi\u00e4 ja julkisyhteis\u00f6j\u00e4. T\u00e4st\u00e4 uudesta GDPR-sovelluskirjastosta kertoo lona IT:n GDPR-sovelluskirjaston tuoteomistaja Soili Meklin ja h\u00e4n vastaa projektin etenemisest\u00e4 ja palvelun kehitt\u00e4misest\u00e4.","og_url":"https:\/\/tivia-jasenyhdistykset.fi\/tietoturva\/2023\/07\/11\/gdpr-sovelluskirjaston_esittely\/","og_site_name":"Tietoturva ry","article_publisher":"https:\/\/www.facebook.com\/TietoturvaRy\/","article_published_time":"2023-07-11T10:54:10+00:00","article_modified_time":"2024-05-31T10:42:29+00:00","og_image":[{"url":"https:\/\/tietoturva.fi\/wp-content\/uploads\/sites\/7\/2022\/03\/ttry-webinar.png","type":"","width":"","height":""}],"author":"Tommi V","twitter_card":"summary_large_image","twitter_creator":"@tietoturva_ry","twitter_site":"@tietoturva_ry","twitter_misc":{"Kirjoittanut":"Tommi V","Arvioitu lukuaika":"1 minuutti"},"schema":{"@context":"https:\/\/schema.org","@graph":[{"@type":"Article","@id":"https:\/\/tivia-jasenyhdistykset.fi\/tietoturva\/2023\/07\/11\/gdpr-sovelluskirjaston_esittely\/#article","isPartOf":{"@id":"https:\/\/tivia-jasenyhdistykset.fi\/tietoturva\/2023\/07\/11\/gdpr-sovelluskirjaston_esittely\/"},"author":{"name":"Tommi V","@id":"https:\/\/tivia-jasenyhdistykset.fi\/tietoturva\/#\/schema\/person\/509d9bb392337a2d220ec611546998ec"},"headline":"Webinaari: Uuden GDPR-sovelluskirjaston esittely 29.8.2023","datePublished":"2023-07-11T10:54:10+00:00","dateModified":"2024-05-31T10:42:29+00:00","mainEntityOfPage":{"@id":"https:\/\/tivia-jasenyhdistykset.fi\/tietoturva\/2023\/07\/11\/gdpr-sovelluskirjaston_esittely\/"},"wordCount":126,"publisher":{"@id":"https:\/\/tivia-jasenyhdistykset.fi\/tietoturva\/#organization"},"image":{"@id":"https:\/\/tivia-jasenyhdistykset.fi\/tietoturva\/2023\/07\/11\/gdpr-sovelluskirjaston_esittely\/#primaryimage"},"thumbnailUrl":"https:\/\/tietoturva.fi\/wp-content\/uploads\/sites\/7\/2022\/03\/ttry-webinar.png","articleSection":["Webinaari"],"inLanguage":"fi"},{"@type":"WebPage","@id":"https:\/\/tivia-jasenyhdistykset.fi\/tietoturva\/2023\/07\/11\/gdpr-sovelluskirjaston_esittely\/","url":"https:\/\/tivia-jasenyhdistykset.fi\/tietoturva\/2023\/07\/11\/gdpr-sovelluskirjaston_esittely\/","name":"Webinaari: Uuden GDPR-sovelluskirjaston esittely 29.8.2023 - Tietoturva ry","isPartOf":{"@id":"https:\/\/tivia-jasenyhdistykset.fi\/tietoturva\/#website"},"primaryImageOfPage":{"@id":"https:\/\/tivia-jasenyhdistykset.fi\/tietoturva\/2023\/07\/11\/gdpr-sovelluskirjaston_esittely\/#primaryimage"},"image":{"@id":"https:\/\/tivia-jasenyhdistykset.fi\/tietoturva\/2023\/07\/11\/gdpr-sovelluskirjaston_esittely\/#primaryimage"},"thumbnailUrl":"https:\/\/tietoturva.fi\/wp-content\/uploads\/sites\/7\/2022\/03\/ttry-webinar.png","datePublished":"2023-07-11T10:54:10+00:00","dateModified":"2024-05-31T10:42:29+00:00","breadcrumb":{"@id":"https:\/\/tivia-jasenyhdistykset.fi\/tietoturva\/2023\/07\/11\/gdpr-sovelluskirjaston_esittely\/#breadcrumb"},"inLanguage":"fi","potentialAction":[{"@type":"ReadAction","target":["https:\/\/tivia-jasenyhdistykset.fi\/tietoturva\/2023\/07\/11\/gdpr-sovelluskirjaston_esittely\/"]}]},{"@type":"ImageObject","inLanguage":"fi","@id":"https:\/\/tivia-jasenyhdistykset.fi\/tietoturva\/2023\/07\/11\/gdpr-sovelluskirjaston_esittely\/#primaryimage","url":"https:\/\/tietoturva.fi\/wp-content\/uploads\/sites\/7\/2022\/03\/ttry-webinar.png","contentUrl":"https:\/\/tietoturva.fi\/wp-content\/uploads\/sites\/7\/2022\/03\/ttry-webinar.png"},{"@type":"BreadcrumbList","@id":"https:\/\/tivia-jasenyhdistykset.fi\/tietoturva\/2023\/07\/11\/gdpr-sovelluskirjaston_esittely\/#breadcrumb","itemListElement":[{"@type":"ListItem","position":1,"name":"Etusivu","item":"https:\/\/tivia-jasenyhdistykset.fi\/tietoturva\/"},{"@type":"ListItem","position":2,"name":"Webinaari: Uuden GDPR-sovelluskirjaston esittely 29.8.2023"}]},{"@type":"WebSite","@id":"https:\/\/tivia-jasenyhdistykset.fi\/tietoturva\/#website","url":"https:\/\/tivia-jasenyhdistykset.fi\/tietoturva\/","name":"Tietoturva ry","description":"Suomen suurin tietoturva-ammattilaisten verkosto","publisher":{"@id":"https:\/\/tivia-jasenyhdistykset.fi\/tietoturva\/#organization"},"potentialAction":[{"@type":"SearchAction","target":{"@type":"EntryPoint","urlTemplate":"https:\/\/tivia-jasenyhdistykset.fi\/tietoturva\/?s={search_term_string}"},"query-input":{"@type":"PropertyValueSpecification","valueRequired":true,"valueName":"search_term_string"}}],"inLanguage":"fi"},{"@type":"Organization","@id":"https:\/\/tivia-jasenyhdistykset.fi\/tietoturva\/#organization","name":"Tietoturva ry","url":"https:\/\/tivia-jasenyhdistykset.fi\/tietoturva\/","logo":{"@type":"ImageObject","inLanguage":"fi","@id":"https:\/\/tivia-jasenyhdistykset.fi\/tietoturva\/#\/schema\/logo\/image\/","url":"https:\/\/tietoturva.fi\/wp-content\/uploads\/sites\/7\/2021\/05\/Tietoturva-logo-2018-100.png","contentUrl":"https:\/\/tietoturva.fi\/wp-content\/uploads\/sites\/7\/2021\/05\/Tietoturva-logo-2018-100.png","width":73,"height":100,"caption":"Tietoturva ry"},"image":{"@id":"https:\/\/tivia-jasenyhdistykset.fi\/tietoturva\/#\/schema\/logo\/image\/"},"sameAs":["https:\/\/www.facebook.com\/TietoturvaRy\/","https:\/\/x.com\/tietoturva_ry","https:\/\/www.linkedin.com\/company\/tietoturva\/","https:\/\/www.youtube.com\/channel\/UCmXkytjYpJ4_N2msCNy69sw\/"]},{"@type":"Person","@id":"https:\/\/tivia-jasenyhdistykset.fi\/tietoturva\/#\/schema\/person\/509d9bb392337a2d220ec611546998ec","name":"Tommi V","image":{"@type":"ImageObject","inLanguage":"fi","@id":"https:\/\/secure.gravatar.com\/avatar\/407fe7c123719aedfe1043bea0075baf31b4805e5599ab36f3b560d37cfba06d?s=96&d=mm&r=g","url":"https:\/\/secure.gravatar.com\/avatar\/407fe7c123719aedfe1043bea0075baf31b4805e5599ab36f3b560d37cfba06d?s=96&d=mm&r=g","contentUrl":"https:\/\/secure.gravatar.com\/avatar\/407fe7c123719aedfe1043bea0075baf31b4805e5599ab36f3b560d37cfba06d?s=96&d=mm&r=g","caption":"Tommi V"},"url":"https:\/\/tivia-jasenyhdistykset.fi\/tietoturva\/author\/vanninentommi10605\/"}]}},"_links":{"self":[{"href":"https:\/\/tivia-jasenyhdistykset.fi\/tietoturva\/wp-json\/wp\/v2\/posts\/1934","targetHints":{"allow":["GET"]}}],"collection":[{"href":"https:\/\/tivia-jasenyhdistykset.fi\/tietoturva\/wp-json\/wp\/v2\/posts"}],"about":[{"href":"https:\/\/tivia-jasenyhdistykset.fi\/tietoturva\/wp-json\/wp\/v2\/types\/post"}],"author":[{"embeddable":true,"href":"https:\/\/tivia-jasenyhdistykset.fi\/tietoturva\/wp-json\/wp\/v2\/users\/2408"}],"replies":[{"embeddable":true,"href":"https:\/\/tivia-jasenyhdistykset.fi\/tietoturva\/wp-json\/wp\/v2\/comments?post=1934"}],"version-history":[{"count":2,"href":"https:\/\/tivia-jasenyhdistykset.fi\/tietoturva\/wp-json\/wp\/v2\/posts\/1934\/revisions"}],"predecessor-version":[{"id":1936,"href":"https:\/\/tivia-jasenyhdistykset.fi\/tietoturva\/wp-json\/wp\/v2\/posts\/1934\/revisions\/1936"}],"wp:attachment":[{"href":"https:\/\/tivia-jasenyhdistykset.fi\/tietoturva\/wp-json\/wp\/v2\/media?parent=1934"}],"wp:term":[{"taxonomy":"category","embeddable":true,"href":"https:\/\/tivia-jasenyhdistykset.fi\/tietoturva\/wp-json\/wp\/v2\/categories?post=1934"},{"taxonomy":"post_tag","embeddable":true,"href":"https:\/\/tivia-jasenyhdistykset.fi\/tietoturva\/wp-json\/wp\/v2\/tags?post=1934"}],"curies":[{"name":"wp","href":"https:\/\/api.w.org\/{rel}","templated":true}]}}