{"id":1941,"date":"2023-09-18T17:00:26","date_gmt":"2023-09-18T14:00:26","guid":{"rendered":"https:\/\/tietoturva.fi\/?p=1941"},"modified":"2024-05-31T13:42:29","modified_gmt":"2024-05-31T10:42:29","slug":"vierailu_nixulle","status":"publish","type":"post","link":"https:\/\/tivia-jasenyhdistykset.fi\/tietoturva\/2023\/09\/18\/vierailu_nixulle\/","title":{"rendered":"J\u00e4senvierailu Nixulle 25.10.2023"},"content":{"rendered":"<p><a href=\"https:\/\/tietoturva.fi\/wp-content\/uploads\/sites\/7\/2023\/09\/nixu-logo.svg\"><img loading=\"lazy\" decoding=\"async\" class=\" wp-image-1942 aligncenter\" src=\"https:\/\/tietoturva.fi\/wp-content\/uploads\/sites\/7\/2023\/09\/nixu-logo.svg\" alt=\"\" width=\"485\" height=\"203\" \/><\/a><\/p>\n<h3><strong>J\u00e4senvierailu Nixulle, aiheena kriittiset kyberturvakyvykkyydet<\/strong><\/h3>\n<p>Tervetuloa Tietoturva ry:n j\u00e4senvierailulle Nixulle keskiviikkona 25.10.2023 klo 15.45.<\/p>\n<p>Kyberturvakuukauden loppuhuipennusta vietet\u00e4\u00e4n kriittisten kyberturvakyvykkyyksien parissa. Nixu on toteuttanut Pohjoismaisen Cybersecurity Index -tutkimuksen kes\u00e4n 2023 aikana. Siin\u00e4 yli 370 pohjoiseurooppalaista kyberturvallisuusp\u00e4\u00e4tt\u00e4j\u00e4\u00e4 eri toimialoilta ja maista jakoivat n\u00e4kemyksi\u00e4\u00e4n kyberturvallisuuden nykytilasta ja tulevaisuudesta omissa organisaatioissaan.<\/p>\n<p>Tietoturva ry:n j\u00e4senet saavat katsauksen tutkimuksen tuloksiin, sek\u00e4 kuulevat asiantuntijan alustuksen kahdesta vastaajien mukaan kriittisimm\u00e4st\u00e4 kyvykkyydest\u00e4: tietoturvatietoisuudesta ja tietoturvan valvonnasta. Kunkin ohjelmaosuuden j\u00e4lkeen keskustellaan, vaihdetaan ajatuksia ja opitaan toisiltamme.<\/p>\n<h3><strong>TAPAHTUMAN TIEDOT<\/strong><\/h3>\n<p>Ajankohta: Ke 25.10.2023 kello 15.45-18.15<br \/>\nOsoite: Nixu Oyj, Keilaranta 15B (sis\u00e4\u00e4nk\u00e4ynti Keilaranta 13A), Espoo<\/p>\n<p><strong>OHJELMA<\/strong><br \/>\n15.45 Ilmoittautuminen<br \/>\n16.00 Kahvit &amp; verkostoitumista<br \/>\n16.15 Tervetuloa Nixulle, Pauliina Nikko-Takala, Tietoturva ry &amp; Nixu<br \/>\n16.30 Cybersecurity Index -tutkimuksen antia, Pietari Sarjakivi, Nixu<br \/>\n16.55 T\u00e4ht\u00e4imen\u00e4 tietoturvakulttuurin rakentaminen, Hanna Raitanen, Nixu<br \/>\n17.20 Tietoturvavalvonnan tulevaisuus, Jan Mickos, Nixu<br \/>\n17.45 Verkostoitumista &amp; virvokkeita ja pient\u00e4 suolaista<br \/>\n18.15 Tilaisuus p\u00e4\u00e4ttyy<\/p>\n<p><strong>ILMOITTAUTUMINEN<\/strong><br \/>\nIlmoittautuminen tilaisuuteen on p\u00e4\u00e4ttynyt.<\/p>\n","protected":false},"excerpt":{"rendered":"<p><a href=\"https:\/\/tietoturva.fi\/wp-content\/uploads\/sites\/7\/2023\/09\/nixu-logo.svg\"><img loading=\"lazy\" decoding=\"async\" class=\" wp-image-1942 aligncenter\" src=\"https:\/\/tietoturva.fi\/wp-content\/uploads\/sites\/7\/2023\/09\/nixu-logo.svg\" alt=\"\" width=\"485\" height=\"203\" \/><\/a><\/p>\n<p>J\u00e4senvierailu Nixulle, aiheena kriittiset kyberturvakyvykkyydet<\/p>\n<p>Tervetuloa Tietoturva ry:n j\u00e4senvierailulle Nixulle keskiviikkona 25.10.2023 klo 15.45.<\/p>\n<p>Kyberturvakuukauden loppuhuipennusta vietet\u00e4\u00e4n kriittisten kyberturvakyvykkyyksien parissa. Nixu on toteuttanut Pohjoismaisen Cybersecurity Index -tutkimuksen kes\u00e4n 2023 aikana. Siin\u00e4 yli 370 pohjoiseurooppalaista kyberturvallisuusp\u00e4\u00e4tt\u00e4j\u00e4\u00e4 eri toimialoilta ja maista jakoivat n\u00e4kemyksi\u00e4\u00e4n kyberturvallisuuden nykytilasta ja tulevaisuudesta omissa organisaatioissaan.<\/p>\n","protected":false},"author":2408,"featured_media":0,"comment_status":"closed","ping_status":"closed","sticky":false,"template":"","format":"standard","meta":{"_acf_changed":false,"footnotes":""},"categories":[38,42],"tags":[],"class_list":["post-1941","post","type-post","status-publish","format-standard","hentry","category-tapahtumat","category-vierailut"],"acf":[],"yoast_head":"<!-- This site is optimized with the Yoast SEO plugin v27.5 - https:\/\/yoast.com\/product\/yoast-seo-wordpress\/ -->\n<title>J\u00e4senvierailu Nixulle 25.10.2023 - Tietoturva ry<\/title>\n<meta name=\"robots\" content=\"index, follow, max-snippet:-1, max-image-preview:large, max-video-preview:-1\" \/>\n<link rel=\"canonical\" href=\"https:\/\/tivia-jasenyhdistykset.fi\/tietoturva\/2023\/09\/18\/vierailu_nixulle\/\" \/>\n<meta property=\"og:locale\" content=\"fi_FI\" \/>\n<meta property=\"og:type\" content=\"article\" \/>\n<meta property=\"og:title\" content=\"J\u00e4senvierailu Nixulle 25.10.2023 - Tietoturva ry\" \/>\n<meta property=\"og:description\" content=\"J\u00e4senvierailu Nixulle, aiheena kriittiset kyberturvakyvykkyydet Tervetuloa Tietoturva ry:n j\u00e4senvierailulle Nixulle keskiviikkona 25.10.2023 klo 15.45. Kyberturvakuukauden loppuhuipennusta vietet\u00e4\u00e4n kriittisten kyberturvakyvykkyyksien parissa. Nixu on toteuttanut Pohjoismaisen Cybersecurity Index -tutkimuksen kes\u00e4n 2023 aikana. Siin\u00e4 yli 370 pohjoiseurooppalaista kyberturvallisuusp\u00e4\u00e4tt\u00e4j\u00e4\u00e4 eri toimialoilta ja maista jakoivat n\u00e4kemyksi\u00e4\u00e4n kyberturvallisuuden nykytilasta ja tulevaisuudesta omissa organisaatioissaan.\" \/>\n<meta property=\"og:url\" content=\"https:\/\/tivia-jasenyhdistykset.fi\/tietoturva\/2023\/09\/18\/vierailu_nixulle\/\" \/>\n<meta property=\"og:site_name\" content=\"Tietoturva ry\" \/>\n<meta property=\"article:publisher\" content=\"https:\/\/www.facebook.com\/TietoturvaRy\/\" \/>\n<meta property=\"article:published_time\" content=\"2023-09-18T14:00:26+00:00\" \/>\n<meta property=\"article:modified_time\" content=\"2024-05-31T10:42:29+00:00\" \/>\n<meta property=\"og:image\" content=\"https:\/\/tietoturva.fi\/wp-content\/uploads\/sites\/7\/2023\/09\/nixu-logo.svg\" \/>\n<meta name=\"author\" content=\"Tommi V\" \/>\n<meta name=\"twitter:card\" content=\"summary_large_image\" \/>\n<meta name=\"twitter:creator\" content=\"@tietoturva_ry\" \/>\n<meta name=\"twitter:site\" content=\"@tietoturva_ry\" \/>\n<meta name=\"twitter:label1\" content=\"Kirjoittanut\" \/>\n\t<meta name=\"twitter:data1\" content=\"Tommi V\" \/>\n\t<meta name=\"twitter:label2\" content=\"Arvioitu lukuaika\" \/>\n\t<meta name=\"twitter:data2\" content=\"2 minuuttia\" \/>\n<script type=\"application\/ld+json\" class=\"yoast-schema-graph\">{\"@context\":\"https:\\\/\\\/schema.org\",\"@graph\":[{\"@type\":\"Article\",\"@id\":\"https:\\\/\\\/tivia-jasenyhdistykset.fi\\\/tietoturva\\\/2023\\\/09\\\/18\\\/vierailu_nixulle\\\/#article\",\"isPartOf\":{\"@id\":\"https:\\\/\\\/tivia-jasenyhdistykset.fi\\\/tietoturva\\\/2023\\\/09\\\/18\\\/vierailu_nixulle\\\/\"},\"author\":{\"name\":\"Tommi V\",\"@id\":\"https:\\\/\\\/tivia-jasenyhdistykset.fi\\\/tietoturva\\\/#\\\/schema\\\/person\\\/509d9bb392337a2d220ec611546998ec\"},\"headline\":\"J\u00e4senvierailu Nixulle 25.10.2023\",\"datePublished\":\"2023-09-18T14:00:26+00:00\",\"dateModified\":\"2024-05-31T10:42:29+00:00\",\"mainEntityOfPage\":{\"@id\":\"https:\\\/\\\/tivia-jasenyhdistykset.fi\\\/tietoturva\\\/2023\\\/09\\\/18\\\/vierailu_nixulle\\\/\"},\"wordCount\":153,\"publisher\":{\"@id\":\"https:\\\/\\\/tivia-jasenyhdistykset.fi\\\/tietoturva\\\/#organization\"},\"image\":{\"@id\":\"https:\\\/\\\/tivia-jasenyhdistykset.fi\\\/tietoturva\\\/2023\\\/09\\\/18\\\/vierailu_nixulle\\\/#primaryimage\"},\"thumbnailUrl\":\"https:\\\/\\\/tietoturva.fi\\\/wp-content\\\/uploads\\\/sites\\\/7\\\/2023\\\/09\\\/nixu-logo.svg\",\"articleSection\":[\"Tapahtumat\",\"Vierailut\"],\"inLanguage\":\"fi\"},{\"@type\":\"WebPage\",\"@id\":\"https:\\\/\\\/tivia-jasenyhdistykset.fi\\\/tietoturva\\\/2023\\\/09\\\/18\\\/vierailu_nixulle\\\/\",\"url\":\"https:\\\/\\\/tivia-jasenyhdistykset.fi\\\/tietoturva\\\/2023\\\/09\\\/18\\\/vierailu_nixulle\\\/\",\"name\":\"J\u00e4senvierailu Nixulle 25.10.2023 - Tietoturva ry\",\"isPartOf\":{\"@id\":\"https:\\\/\\\/tivia-jasenyhdistykset.fi\\\/tietoturva\\\/#website\"},\"primaryImageOfPage\":{\"@id\":\"https:\\\/\\\/tivia-jasenyhdistykset.fi\\\/tietoturva\\\/2023\\\/09\\\/18\\\/vierailu_nixulle\\\/#primaryimage\"},\"image\":{\"@id\":\"https:\\\/\\\/tivia-jasenyhdistykset.fi\\\/tietoturva\\\/2023\\\/09\\\/18\\\/vierailu_nixulle\\\/#primaryimage\"},\"thumbnailUrl\":\"https:\\\/\\\/tietoturva.fi\\\/wp-content\\\/uploads\\\/sites\\\/7\\\/2023\\\/09\\\/nixu-logo.svg\",\"datePublished\":\"2023-09-18T14:00:26+00:00\",\"dateModified\":\"2024-05-31T10:42:29+00:00\",\"breadcrumb\":{\"@id\":\"https:\\\/\\\/tivia-jasenyhdistykset.fi\\\/tietoturva\\\/2023\\\/09\\\/18\\\/vierailu_nixulle\\\/#breadcrumb\"},\"inLanguage\":\"fi\",\"potentialAction\":[{\"@type\":\"ReadAction\",\"target\":[\"https:\\\/\\\/tivia-jasenyhdistykset.fi\\\/tietoturva\\\/2023\\\/09\\\/18\\\/vierailu_nixulle\\\/\"]}]},{\"@type\":\"ImageObject\",\"inLanguage\":\"fi\",\"@id\":\"https:\\\/\\\/tivia-jasenyhdistykset.fi\\\/tietoturva\\\/2023\\\/09\\\/18\\\/vierailu_nixulle\\\/#primaryimage\",\"url\":\"https:\\\/\\\/tietoturva.fi\\\/wp-content\\\/uploads\\\/sites\\\/7\\\/2023\\\/09\\\/nixu-logo.svg\",\"contentUrl\":\"https:\\\/\\\/tietoturva.fi\\\/wp-content\\\/uploads\\\/sites\\\/7\\\/2023\\\/09\\\/nixu-logo.svg\"},{\"@type\":\"BreadcrumbList\",\"@id\":\"https:\\\/\\\/tivia-jasenyhdistykset.fi\\\/tietoturva\\\/2023\\\/09\\\/18\\\/vierailu_nixulle\\\/#breadcrumb\",\"itemListElement\":[{\"@type\":\"ListItem\",\"position\":1,\"name\":\"Etusivu\",\"item\":\"https:\\\/\\\/tivia-jasenyhdistykset.fi\\\/tietoturva\\\/\"},{\"@type\":\"ListItem\",\"position\":2,\"name\":\"J\u00e4senvierailu Nixulle 25.10.2023\"}]},{\"@type\":\"WebSite\",\"@id\":\"https:\\\/\\\/tivia-jasenyhdistykset.fi\\\/tietoturva\\\/#website\",\"url\":\"https:\\\/\\\/tivia-jasenyhdistykset.fi\\\/tietoturva\\\/\",\"name\":\"Tietoturva ry\",\"description\":\"Suomen suurin tietoturva-ammattilaisten verkosto\",\"publisher\":{\"@id\":\"https:\\\/\\\/tivia-jasenyhdistykset.fi\\\/tietoturva\\\/#organization\"},\"potentialAction\":[{\"@type\":\"SearchAction\",\"target\":{\"@type\":\"EntryPoint\",\"urlTemplate\":\"https:\\\/\\\/tivia-jasenyhdistykset.fi\\\/tietoturva\\\/?s={search_term_string}\"},\"query-input\":{\"@type\":\"PropertyValueSpecification\",\"valueRequired\":true,\"valueName\":\"search_term_string\"}}],\"inLanguage\":\"fi\"},{\"@type\":\"Organization\",\"@id\":\"https:\\\/\\\/tivia-jasenyhdistykset.fi\\\/tietoturva\\\/#organization\",\"name\":\"Tietoturva ry\",\"url\":\"https:\\\/\\\/tivia-jasenyhdistykset.fi\\\/tietoturva\\\/\",\"logo\":{\"@type\":\"ImageObject\",\"inLanguage\":\"fi\",\"@id\":\"https:\\\/\\\/tivia-jasenyhdistykset.fi\\\/tietoturva\\\/#\\\/schema\\\/logo\\\/image\\\/\",\"url\":\"https:\\\/\\\/tietoturva.fi\\\/wp-content\\\/uploads\\\/sites\\\/7\\\/2021\\\/05\\\/Tietoturva-logo-2018-100.png\",\"contentUrl\":\"https:\\\/\\\/tietoturva.fi\\\/wp-content\\\/uploads\\\/sites\\\/7\\\/2021\\\/05\\\/Tietoturva-logo-2018-100.png\",\"width\":73,\"height\":100,\"caption\":\"Tietoturva ry\"},\"image\":{\"@id\":\"https:\\\/\\\/tivia-jasenyhdistykset.fi\\\/tietoturva\\\/#\\\/schema\\\/logo\\\/image\\\/\"},\"sameAs\":[\"https:\\\/\\\/www.facebook.com\\\/TietoturvaRy\\\/\",\"https:\\\/\\\/x.com\\\/tietoturva_ry\",\"https:\\\/\\\/www.linkedin.com\\\/company\\\/tietoturva\\\/\",\"https:\\\/\\\/www.youtube.com\\\/channel\\\/UCmXkytjYpJ4_N2msCNy69sw\\\/\"]},{\"@type\":\"Person\",\"@id\":\"https:\\\/\\\/tivia-jasenyhdistykset.fi\\\/tietoturva\\\/#\\\/schema\\\/person\\\/509d9bb392337a2d220ec611546998ec\",\"name\":\"Tommi V\",\"image\":{\"@type\":\"ImageObject\",\"inLanguage\":\"fi\",\"@id\":\"https:\\\/\\\/secure.gravatar.com\\\/avatar\\\/407fe7c123719aedfe1043bea0075baf31b4805e5599ab36f3b560d37cfba06d?s=96&d=mm&r=g\",\"url\":\"https:\\\/\\\/secure.gravatar.com\\\/avatar\\\/407fe7c123719aedfe1043bea0075baf31b4805e5599ab36f3b560d37cfba06d?s=96&d=mm&r=g\",\"contentUrl\":\"https:\\\/\\\/secure.gravatar.com\\\/avatar\\\/407fe7c123719aedfe1043bea0075baf31b4805e5599ab36f3b560d37cfba06d?s=96&d=mm&r=g\",\"caption\":\"Tommi V\"},\"url\":\"https:\\\/\\\/tivia-jasenyhdistykset.fi\\\/tietoturva\\\/author\\\/vanninentommi10605\\\/\"}]}<\/script>\n<!-- \/ Yoast SEO plugin. -->","yoast_head_json":{"title":"J\u00e4senvierailu Nixulle 25.10.2023 - Tietoturva ry","robots":{"index":"index","follow":"follow","max-snippet":"max-snippet:-1","max-image-preview":"max-image-preview:large","max-video-preview":"max-video-preview:-1"},"canonical":"https:\/\/tivia-jasenyhdistykset.fi\/tietoturva\/2023\/09\/18\/vierailu_nixulle\/","og_locale":"fi_FI","og_type":"article","og_title":"J\u00e4senvierailu Nixulle 25.10.2023 - Tietoturva ry","og_description":"J\u00e4senvierailu Nixulle, aiheena kriittiset kyberturvakyvykkyydet Tervetuloa Tietoturva ry:n j\u00e4senvierailulle Nixulle keskiviikkona 25.10.2023 klo 15.45. Kyberturvakuukauden loppuhuipennusta vietet\u00e4\u00e4n kriittisten kyberturvakyvykkyyksien parissa. Nixu on toteuttanut Pohjoismaisen Cybersecurity Index -tutkimuksen kes\u00e4n 2023 aikana. Siin\u00e4 yli 370 pohjoiseurooppalaista kyberturvallisuusp\u00e4\u00e4tt\u00e4j\u00e4\u00e4 eri toimialoilta ja maista jakoivat n\u00e4kemyksi\u00e4\u00e4n kyberturvallisuuden nykytilasta ja tulevaisuudesta omissa organisaatioissaan.","og_url":"https:\/\/tivia-jasenyhdistykset.fi\/tietoturva\/2023\/09\/18\/vierailu_nixulle\/","og_site_name":"Tietoturva ry","article_publisher":"https:\/\/www.facebook.com\/TietoturvaRy\/","article_published_time":"2023-09-18T14:00:26+00:00","article_modified_time":"2024-05-31T10:42:29+00:00","og_image":[{"url":"https:\/\/tietoturva.fi\/wp-content\/uploads\/sites\/7\/2023\/09\/nixu-logo.svg","type":"","width":"","height":""}],"author":"Tommi V","twitter_card":"summary_large_image","twitter_creator":"@tietoturva_ry","twitter_site":"@tietoturva_ry","twitter_misc":{"Kirjoittanut":"Tommi V","Arvioitu lukuaika":"2 minuuttia"},"schema":{"@context":"https:\/\/schema.org","@graph":[{"@type":"Article","@id":"https:\/\/tivia-jasenyhdistykset.fi\/tietoturva\/2023\/09\/18\/vierailu_nixulle\/#article","isPartOf":{"@id":"https:\/\/tivia-jasenyhdistykset.fi\/tietoturva\/2023\/09\/18\/vierailu_nixulle\/"},"author":{"name":"Tommi V","@id":"https:\/\/tivia-jasenyhdistykset.fi\/tietoturva\/#\/schema\/person\/509d9bb392337a2d220ec611546998ec"},"headline":"J\u00e4senvierailu Nixulle 25.10.2023","datePublished":"2023-09-18T14:00:26+00:00","dateModified":"2024-05-31T10:42:29+00:00","mainEntityOfPage":{"@id":"https:\/\/tivia-jasenyhdistykset.fi\/tietoturva\/2023\/09\/18\/vierailu_nixulle\/"},"wordCount":153,"publisher":{"@id":"https:\/\/tivia-jasenyhdistykset.fi\/tietoturva\/#organization"},"image":{"@id":"https:\/\/tivia-jasenyhdistykset.fi\/tietoturva\/2023\/09\/18\/vierailu_nixulle\/#primaryimage"},"thumbnailUrl":"https:\/\/tietoturva.fi\/wp-content\/uploads\/sites\/7\/2023\/09\/nixu-logo.svg","articleSection":["Tapahtumat","Vierailut"],"inLanguage":"fi"},{"@type":"WebPage","@id":"https:\/\/tivia-jasenyhdistykset.fi\/tietoturva\/2023\/09\/18\/vierailu_nixulle\/","url":"https:\/\/tivia-jasenyhdistykset.fi\/tietoturva\/2023\/09\/18\/vierailu_nixulle\/","name":"J\u00e4senvierailu Nixulle 25.10.2023 - Tietoturva ry","isPartOf":{"@id":"https:\/\/tivia-jasenyhdistykset.fi\/tietoturva\/#website"},"primaryImageOfPage":{"@id":"https:\/\/tivia-jasenyhdistykset.fi\/tietoturva\/2023\/09\/18\/vierailu_nixulle\/#primaryimage"},"image":{"@id":"https:\/\/tivia-jasenyhdistykset.fi\/tietoturva\/2023\/09\/18\/vierailu_nixulle\/#primaryimage"},"thumbnailUrl":"https:\/\/tietoturva.fi\/wp-content\/uploads\/sites\/7\/2023\/09\/nixu-logo.svg","datePublished":"2023-09-18T14:00:26+00:00","dateModified":"2024-05-31T10:42:29+00:00","breadcrumb":{"@id":"https:\/\/tivia-jasenyhdistykset.fi\/tietoturva\/2023\/09\/18\/vierailu_nixulle\/#breadcrumb"},"inLanguage":"fi","potentialAction":[{"@type":"ReadAction","target":["https:\/\/tivia-jasenyhdistykset.fi\/tietoturva\/2023\/09\/18\/vierailu_nixulle\/"]}]},{"@type":"ImageObject","inLanguage":"fi","@id":"https:\/\/tivia-jasenyhdistykset.fi\/tietoturva\/2023\/09\/18\/vierailu_nixulle\/#primaryimage","url":"https:\/\/tietoturva.fi\/wp-content\/uploads\/sites\/7\/2023\/09\/nixu-logo.svg","contentUrl":"https:\/\/tietoturva.fi\/wp-content\/uploads\/sites\/7\/2023\/09\/nixu-logo.svg"},{"@type":"BreadcrumbList","@id":"https:\/\/tivia-jasenyhdistykset.fi\/tietoturva\/2023\/09\/18\/vierailu_nixulle\/#breadcrumb","itemListElement":[{"@type":"ListItem","position":1,"name":"Etusivu","item":"https:\/\/tivia-jasenyhdistykset.fi\/tietoturva\/"},{"@type":"ListItem","position":2,"name":"J\u00e4senvierailu Nixulle 25.10.2023"}]},{"@type":"WebSite","@id":"https:\/\/tivia-jasenyhdistykset.fi\/tietoturva\/#website","url":"https:\/\/tivia-jasenyhdistykset.fi\/tietoturva\/","name":"Tietoturva ry","description":"Suomen suurin tietoturva-ammattilaisten verkosto","publisher":{"@id":"https:\/\/tivia-jasenyhdistykset.fi\/tietoturva\/#organization"},"potentialAction":[{"@type":"SearchAction","target":{"@type":"EntryPoint","urlTemplate":"https:\/\/tivia-jasenyhdistykset.fi\/tietoturva\/?s={search_term_string}"},"query-input":{"@type":"PropertyValueSpecification","valueRequired":true,"valueName":"search_term_string"}}],"inLanguage":"fi"},{"@type":"Organization","@id":"https:\/\/tivia-jasenyhdistykset.fi\/tietoturva\/#organization","name":"Tietoturva ry","url":"https:\/\/tivia-jasenyhdistykset.fi\/tietoturva\/","logo":{"@type":"ImageObject","inLanguage":"fi","@id":"https:\/\/tivia-jasenyhdistykset.fi\/tietoturva\/#\/schema\/logo\/image\/","url":"https:\/\/tietoturva.fi\/wp-content\/uploads\/sites\/7\/2021\/05\/Tietoturva-logo-2018-100.png","contentUrl":"https:\/\/tietoturva.fi\/wp-content\/uploads\/sites\/7\/2021\/05\/Tietoturva-logo-2018-100.png","width":73,"height":100,"caption":"Tietoturva ry"},"image":{"@id":"https:\/\/tivia-jasenyhdistykset.fi\/tietoturva\/#\/schema\/logo\/image\/"},"sameAs":["https:\/\/www.facebook.com\/TietoturvaRy\/","https:\/\/x.com\/tietoturva_ry","https:\/\/www.linkedin.com\/company\/tietoturva\/","https:\/\/www.youtube.com\/channel\/UCmXkytjYpJ4_N2msCNy69sw\/"]},{"@type":"Person","@id":"https:\/\/tivia-jasenyhdistykset.fi\/tietoturva\/#\/schema\/person\/509d9bb392337a2d220ec611546998ec","name":"Tommi V","image":{"@type":"ImageObject","inLanguage":"fi","@id":"https:\/\/secure.gravatar.com\/avatar\/407fe7c123719aedfe1043bea0075baf31b4805e5599ab36f3b560d37cfba06d?s=96&d=mm&r=g","url":"https:\/\/secure.gravatar.com\/avatar\/407fe7c123719aedfe1043bea0075baf31b4805e5599ab36f3b560d37cfba06d?s=96&d=mm&r=g","contentUrl":"https:\/\/secure.gravatar.com\/avatar\/407fe7c123719aedfe1043bea0075baf31b4805e5599ab36f3b560d37cfba06d?s=96&d=mm&r=g","caption":"Tommi V"},"url":"https:\/\/tivia-jasenyhdistykset.fi\/tietoturva\/author\/vanninentommi10605\/"}]}},"_links":{"self":[{"href":"https:\/\/tivia-jasenyhdistykset.fi\/tietoturva\/wp-json\/wp\/v2\/posts\/1941","targetHints":{"allow":["GET"]}}],"collection":[{"href":"https:\/\/tivia-jasenyhdistykset.fi\/tietoturva\/wp-json\/wp\/v2\/posts"}],"about":[{"href":"https:\/\/tivia-jasenyhdistykset.fi\/tietoturva\/wp-json\/wp\/v2\/types\/post"}],"author":[{"embeddable":true,"href":"https:\/\/tivia-jasenyhdistykset.fi\/tietoturva\/wp-json\/wp\/v2\/users\/2408"}],"replies":[{"embeddable":true,"href":"https:\/\/tivia-jasenyhdistykset.fi\/tietoturva\/wp-json\/wp\/v2\/comments?post=1941"}],"version-history":[{"count":7,"href":"https:\/\/tivia-jasenyhdistykset.fi\/tietoturva\/wp-json\/wp\/v2\/posts\/1941\/revisions"}],"predecessor-version":[{"id":1983,"href":"https:\/\/tivia-jasenyhdistykset.fi\/tietoturva\/wp-json\/wp\/v2\/posts\/1941\/revisions\/1983"}],"wp:attachment":[{"href":"https:\/\/tivia-jasenyhdistykset.fi\/tietoturva\/wp-json\/wp\/v2\/media?parent=1941"}],"wp:term":[{"taxonomy":"category","embeddable":true,"href":"https:\/\/tivia-jasenyhdistykset.fi\/tietoturva\/wp-json\/wp\/v2\/categories?post=1941"},{"taxonomy":"post_tag","embeddable":true,"href":"https:\/\/tivia-jasenyhdistykset.fi\/tietoturva\/wp-json\/wp\/v2\/tags?post=1941"}],"curies":[{"name":"wp","href":"https:\/\/api.w.org\/{rel}","templated":true}]}}