{"id":2006,"date":"2023-11-09T10:59:11","date_gmt":"2023-11-09T08:59:11","guid":{"rendered":"https:\/\/tietoturva.fi\/?p=2006"},"modified":"2024-05-31T13:42:26","modified_gmt":"2024-05-31T10:42:26","slug":"vuoden_tietoturvapaallikko_2023","status":"publish","type":"post","link":"https:\/\/tivia-jasenyhdistykset.fi\/tietoturva\/2023\/11\/09\/vuoden_tietoturvapaallikko_2023\/","title":{"rendered":"Vuoden Tietoturvap\u00e4\u00e4llikk\u00f6\u00ae 2023 on valittu"},"content":{"rendered":"<p><img loading=\"lazy\" decoding=\"async\" class=\"wp-image-2007 aligncenter\" src=\"https:\/\/tietoturva.fi\/wp-content\/uploads\/sites\/7\/2023\/11\/Juha_Harkonen_ciso2023.jpg\" alt=\"\" width=\"762\" height=\"508\" srcset=\"https:\/\/tivia-jasenyhdistykset.fi\/tietoturva\/wp-content\/uploads\/sites\/7\/2023\/11\/Juha_Harkonen_ciso2023.jpg 2000w, https:\/\/tivia-jasenyhdistykset.fi\/tietoturva\/wp-content\/uploads\/sites\/7\/2023\/11\/Juha_Harkonen_ciso2023-300x200.jpg 300w, https:\/\/tivia-jasenyhdistykset.fi\/tietoturva\/wp-content\/uploads\/sites\/7\/2023\/11\/Juha_Harkonen_ciso2023-1024x683.jpg 1024w, https:\/\/tivia-jasenyhdistykset.fi\/tietoturva\/wp-content\/uploads\/sites\/7\/2023\/11\/Juha_Harkonen_ciso2023-768x512.jpg 768w, https:\/\/tivia-jasenyhdistykset.fi\/tietoturva\/wp-content\/uploads\/sites\/7\/2023\/11\/Juha_Harkonen_ciso2023-1536x1025.jpg 1536w\" sizes=\"auto, (max-width: 762px) 100vw, 762px\" \/><br \/>\nVuoden Tietoturvap\u00e4\u00e4llikk\u00f6\u00ae 2023 on Fortumin turvallisuusjohtaja Juha H\u00e4rk\u00f6nen. Voittajat julkistettiin Teknologia 23 -tapahtumassa TIVIAn ja Tietoturva ry:n ohjelmaosuudessa 9.11.2023 klo 10.30\u201311.00 TIVIA lavalla Messukeskuksessa.<\/p>\n<p>Tietoturva ry on valinnut Vuoden tietoturvap\u00e4\u00e4llik\u00f6n vuodesta 2012 alkaen. Vuoden tietoturvap\u00e4\u00e4llik\u00f6n tunnustus my\u00f6nnet\u00e4\u00e4n henkil\u00f6lle, joka on ennakkoluulottomasti ja esimerkillisesti kehitt\u00e4nyt tietoturvan tai tietosuojan toimintatapoja sek\u00e4 edellytyksi\u00e4 organisaatiossaan tai omalla toiminnallaan merkitt\u00e4v\u00e4sti edist\u00e4nyt tietoturva-ammattilaisten verkostoitumista ja puolueettoman tiedon jakoa organisaatiorajojen yli.<\/p>\n<p><strong>Vuoden Tietoturvap\u00e4\u00e4llikk\u00f6\u00ae 2023<\/strong><\/p>\n<p>Juha H\u00e4rk\u00f6sen ura on alkanut 1980-luvun puoliv\u00e4liss\u00e4 tietoturvallisuuden parissa. H\u00e4n on ollut perustamassa ja johtamassa muun muassa Keskusrikospoliisin Kyberturvallisuusyksikk\u00f6\u00e4 1990-luvulla, samalla h\u00e4n perusti telekuuntelu- ja televalvontatoiminnot Suomeen. Viimeiset reilut 20 vuotta h\u00e4n on toiminut vaativissa turvallisuuden eri osa-alueita sis\u00e4lt\u00e4viss\u00e4 johtamisteht\u00e4viss\u00e4 Fortumissa.<\/p>\n<p>H\u00e4n on onnistunut menestyksekk\u00e4\u00e4sti varmistamaan Fortumin liiketoimintojen turvallisuuden 2020-luvun keskeisiss\u00e4 haasteissa niin GDPR-implementoinnissa, koronaviruspandemian kuin Ven\u00e4j\u00e4n Ukrainaan kohdistaman hy\u00f6kk\u00e4yssodan osalta, jotka ovat vaatineet yritykselt\u00e4 nopeaa reagointia. Fortum toimii t\u00e4ll\u00e4 hetkell\u00e4 12 valtiossa, mik\u00e4 my\u00f6s edellytt\u00e4\u00e4 jatkuvaa turvallisuuteen liittyv\u00e4\u00e4 vaatimustenmukaisuuden toteuttamista ja sen osoittamista. T\u00e4st\u00e4 H\u00e4rk\u00f6nen on saanut erityisesti tunnustusta.<\/p>\n<p>Juha on osallistunut 90-luvulta alkaen kyperrikoslains\u00e4\u00e4d\u00e4nn\u00f6n kehitt\u00e4miseen kuten my\u00f6s tietosuojas\u00e4\u00e4nn\u00f6sten kehitt\u00e4miseen erilaisissa ty\u00f6ryhmiss\u00e4. H\u00e4n ollut my\u00f6s aktiivisesti mukana turvallisuusalan j\u00e4rjest\u00f6jen hallituksissa. Edellisen lis\u00e4ksi h\u00e4n on odotettu puhuja, joka pystyy jakamaan kymmenien vuosien kokemuksensa suorilla, konkreettisilla esimerkeill\u00e4 kuulijoiden helposti ymm\u00e4rt\u00e4m\u00e4\u00e4n muotoon.<\/p>\n<p>\u201cJuha H\u00e4rk\u00f6nen on erinomainen esimerkki siit\u00e4, kuinka yhden Suomen keskeisimm\u00e4n huoltovarmuuskriittisen yrityksen tieto- ja kokonaisturvallisuutta on kehitetty m\u00e4\u00e4r\u00e4tietoisesti nopeasti toimintaymp\u00e4rist\u00f6n muutoksiin reagoiden\u201d, toteaa Tietoturva ry:n puheenjohtaja Tomi Marttinen.<\/p>\n<p><strong>Aiemmat Vuoden tietoturvap\u00e4\u00e4llik\u00f6t<\/strong><\/p>\n<p>2022: Teemu Ylh\u00e4isi, OP Ryhm\u00e4<br \/>\n2021: Samuli Bergstr\u00f6m, Verohallinto<br \/>\n2020: Teemu M\u00e4kel\u00e4, Elisa Oyj<br \/>\n2019: Matti Parviainen, Espoon kaupunki<br \/>\n2018: Tomi Pitk\u00e4nen, Neste Oyj<br \/>\n2017: Jari Pirhonen, Oy Samlink Ab<br \/>\n2016: Leo Niemel\u00e4, L\u00e4hiTapiola-ryhm\u00e4<br \/>\n2015: Kimmo Rousku, Valtion tieto- ja viestint\u00e4tekniikkakeskus Valtori<br \/>\n2014: Helvi Salminen, Gemalto Oy<br \/>\n2013: Jani Arnell, Viestint\u00e4virasto<br \/>\n2012: Jyri-Petteri Aro, Maanpuolustuskorkeakoulu<\/p>\n","protected":false},"excerpt":{"rendered":"<p><img loading=\"lazy\" decoding=\"async\" class=\"wp-image-2007 aligncenter\" src=\"https:\/\/tietoturva.fi\/wp-content\/uploads\/sites\/7\/2023\/11\/Juha_Harkonen_ciso2023.jpg\" alt=\"\" width=\"762\" height=\"508\" srcset=\"https:\/\/tivia-jasenyhdistykset.fi\/tietoturva\/wp-content\/uploads\/sites\/7\/2023\/11\/Juha_Harkonen_ciso2023.jpg 2000w, https:\/\/tivia-jasenyhdistykset.fi\/tietoturva\/wp-content\/uploads\/sites\/7\/2023\/11\/Juha_Harkonen_ciso2023-300x200.jpg 300w, https:\/\/tivia-jasenyhdistykset.fi\/tietoturva\/wp-content\/uploads\/sites\/7\/2023\/11\/Juha_Harkonen_ciso2023-1024x683.jpg 1024w, https:\/\/tivia-jasenyhdistykset.fi\/tietoturva\/wp-content\/uploads\/sites\/7\/2023\/11\/Juha_Harkonen_ciso2023-768x512.jpg 768w, https:\/\/tivia-jasenyhdistykset.fi\/tietoturva\/wp-content\/uploads\/sites\/7\/2023\/11\/Juha_Harkonen_ciso2023-1536x1025.jpg 1536w\" sizes=\"auto, (max-width: 762px) 100vw, 762px\" \/><br \/>\nVuoden Tietoturvap\u00e4\u00e4llikk\u00f6\u00ae 2023 on Fortumin turvallisuusjohtaja Juha H\u00e4rk\u00f6nen. Voittajat julkistettiin Teknologia 23 -tapahtumassa TIVIAn ja Tietoturva ry:n ohjelmaosuudessa 9.11.2023 klo 10.30\u201311.00 TIVIA lavalla Messukeskuksessa.<\/p>\n<p>Tietoturva ry on valinnut Vuoden tietoturvap\u00e4\u00e4llik\u00f6n vuodesta 2012 alkaen. Vuoden tietoturvap\u00e4\u00e4llik\u00f6n tunnustus my\u00f6nnet\u00e4\u00e4n henkil\u00f6lle,<\/p>\n","protected":false},"author":2408,"featured_media":0,"comment_status":"closed","ping_status":"closed","sticky":false,"template":"","format":"standard","meta":{"_acf_changed":false,"footnotes":""},"categories":[10],"tags":[],"class_list":["post-2006","post","type-post","status-publish","format-standard","hentry","category-ciso"],"acf":[],"yoast_head":"<!-- This site is optimized with the Yoast SEO plugin v27.5 - https:\/\/yoast.com\/product\/yoast-seo-wordpress\/ -->\n<title>Vuoden Tietoturvap\u00e4\u00e4llikk\u00f6\u00ae 2023 on valittu - Tietoturva ry<\/title>\n<meta name=\"robots\" content=\"index, follow, max-snippet:-1, max-image-preview:large, max-video-preview:-1\" \/>\n<link rel=\"canonical\" href=\"https:\/\/tivia-jasenyhdistykset.fi\/tietoturva\/2023\/11\/09\/vuoden_tietoturvapaallikko_2023\/\" \/>\n<meta property=\"og:locale\" content=\"fi_FI\" \/>\n<meta property=\"og:type\" content=\"article\" \/>\n<meta property=\"og:title\" content=\"Vuoden Tietoturvap\u00e4\u00e4llikk\u00f6\u00ae 2023 on valittu - Tietoturva ry\" \/>\n<meta property=\"og:description\" content=\"Vuoden Tietoturvap\u00e4\u00e4llikk\u00f6\u00ae 2023 on Fortumin turvallisuusjohtaja Juha H\u00e4rk\u00f6nen. Voittajat julkistettiin Teknologia 23 -tapahtumassa TIVIAn ja Tietoturva ry:n ohjelmaosuudessa 9.11.2023 klo 10.30\u201311.00 TIVIA lavalla Messukeskuksessa. Tietoturva ry on valinnut Vuoden tietoturvap\u00e4\u00e4llik\u00f6n vuodesta 2012 alkaen. Vuoden tietoturvap\u00e4\u00e4llik\u00f6n tunnustus my\u00f6nnet\u00e4\u00e4n henkil\u00f6lle,\" \/>\n<meta property=\"og:url\" content=\"https:\/\/tivia-jasenyhdistykset.fi\/tietoturva\/2023\/11\/09\/vuoden_tietoturvapaallikko_2023\/\" \/>\n<meta property=\"og:site_name\" content=\"Tietoturva ry\" \/>\n<meta property=\"article:publisher\" content=\"https:\/\/www.facebook.com\/TietoturvaRy\/\" \/>\n<meta property=\"article:published_time\" content=\"2023-11-09T08:59:11+00:00\" \/>\n<meta property=\"article:modified_time\" content=\"2024-05-31T10:42:26+00:00\" \/>\n<meta property=\"og:image\" content=\"https:\/\/tietoturva.fi\/wp-content\/uploads\/sites\/7\/2023\/11\/Juha_Harkonen_ciso2023.jpg\" \/>\n<meta name=\"author\" content=\"Tommi V\" \/>\n<meta name=\"twitter:card\" content=\"summary_large_image\" \/>\n<meta name=\"twitter:creator\" content=\"@tietoturva_ry\" \/>\n<meta name=\"twitter:site\" content=\"@tietoturva_ry\" \/>\n<meta name=\"twitter:label1\" content=\"Kirjoittanut\" \/>\n\t<meta name=\"twitter:data1\" content=\"Tommi V\" \/>\n\t<meta name=\"twitter:label2\" content=\"Arvioitu lukuaika\" \/>\n\t<meta name=\"twitter:data2\" content=\"2 minuuttia\" \/>\n<script type=\"application\/ld+json\" class=\"yoast-schema-graph\">{\"@context\":\"https:\\\/\\\/schema.org\",\"@graph\":[{\"@type\":\"Article\",\"@id\":\"https:\\\/\\\/tivia-jasenyhdistykset.fi\\\/tietoturva\\\/2023\\\/11\\\/09\\\/vuoden_tietoturvapaallikko_2023\\\/#article\",\"isPartOf\":{\"@id\":\"https:\\\/\\\/tivia-jasenyhdistykset.fi\\\/tietoturva\\\/2023\\\/11\\\/09\\\/vuoden_tietoturvapaallikko_2023\\\/\"},\"author\":{\"name\":\"Tommi V\",\"@id\":\"https:\\\/\\\/tivia-jasenyhdistykset.fi\\\/tietoturva\\\/#\\\/schema\\\/person\\\/509d9bb392337a2d220ec611546998ec\"},\"headline\":\"Vuoden Tietoturvap\u00e4\u00e4llikk\u00f6\u00ae 2023 on valittu\",\"datePublished\":\"2023-11-09T08:59:11+00:00\",\"dateModified\":\"2024-05-31T10:42:26+00:00\",\"mainEntityOfPage\":{\"@id\":\"https:\\\/\\\/tivia-jasenyhdistykset.fi\\\/tietoturva\\\/2023\\\/11\\\/09\\\/vuoden_tietoturvapaallikko_2023\\\/\"},\"wordCount\":340,\"publisher\":{\"@id\":\"https:\\\/\\\/tivia-jasenyhdistykset.fi\\\/tietoturva\\\/#organization\"},\"image\":{\"@id\":\"https:\\\/\\\/tivia-jasenyhdistykset.fi\\\/tietoturva\\\/2023\\\/11\\\/09\\\/vuoden_tietoturvapaallikko_2023\\\/#primaryimage\"},\"thumbnailUrl\":\"https:\\\/\\\/tietoturva.fi\\\/wp-content\\\/uploads\\\/sites\\\/7\\\/2023\\\/11\\\/Juha_Harkonen_ciso2023.jpg\",\"articleSection\":[\"CISO\"],\"inLanguage\":\"fi\"},{\"@type\":\"WebPage\",\"@id\":\"https:\\\/\\\/tivia-jasenyhdistykset.fi\\\/tietoturva\\\/2023\\\/11\\\/09\\\/vuoden_tietoturvapaallikko_2023\\\/\",\"url\":\"https:\\\/\\\/tivia-jasenyhdistykset.fi\\\/tietoturva\\\/2023\\\/11\\\/09\\\/vuoden_tietoturvapaallikko_2023\\\/\",\"name\":\"Vuoden Tietoturvap\u00e4\u00e4llikk\u00f6\u00ae 2023 on valittu - Tietoturva ry\",\"isPartOf\":{\"@id\":\"https:\\\/\\\/tivia-jasenyhdistykset.fi\\\/tietoturva\\\/#website\"},\"primaryImageOfPage\":{\"@id\":\"https:\\\/\\\/tivia-jasenyhdistykset.fi\\\/tietoturva\\\/2023\\\/11\\\/09\\\/vuoden_tietoturvapaallikko_2023\\\/#primaryimage\"},\"image\":{\"@id\":\"https:\\\/\\\/tivia-jasenyhdistykset.fi\\\/tietoturva\\\/2023\\\/11\\\/09\\\/vuoden_tietoturvapaallikko_2023\\\/#primaryimage\"},\"thumbnailUrl\":\"https:\\\/\\\/tietoturva.fi\\\/wp-content\\\/uploads\\\/sites\\\/7\\\/2023\\\/11\\\/Juha_Harkonen_ciso2023.jpg\",\"datePublished\":\"2023-11-09T08:59:11+00:00\",\"dateModified\":\"2024-05-31T10:42:26+00:00\",\"breadcrumb\":{\"@id\":\"https:\\\/\\\/tivia-jasenyhdistykset.fi\\\/tietoturva\\\/2023\\\/11\\\/09\\\/vuoden_tietoturvapaallikko_2023\\\/#breadcrumb\"},\"inLanguage\":\"fi\",\"potentialAction\":[{\"@type\":\"ReadAction\",\"target\":[\"https:\\\/\\\/tivia-jasenyhdistykset.fi\\\/tietoturva\\\/2023\\\/11\\\/09\\\/vuoden_tietoturvapaallikko_2023\\\/\"]}]},{\"@type\":\"ImageObject\",\"inLanguage\":\"fi\",\"@id\":\"https:\\\/\\\/tivia-jasenyhdistykset.fi\\\/tietoturva\\\/2023\\\/11\\\/09\\\/vuoden_tietoturvapaallikko_2023\\\/#primaryimage\",\"url\":\"https:\\\/\\\/tietoturva.fi\\\/wp-content\\\/uploads\\\/sites\\\/7\\\/2023\\\/11\\\/Juha_Harkonen_ciso2023.jpg\",\"contentUrl\":\"https:\\\/\\\/tietoturva.fi\\\/wp-content\\\/uploads\\\/sites\\\/7\\\/2023\\\/11\\\/Juha_Harkonen_ciso2023.jpg\"},{\"@type\":\"BreadcrumbList\",\"@id\":\"https:\\\/\\\/tivia-jasenyhdistykset.fi\\\/tietoturva\\\/2023\\\/11\\\/09\\\/vuoden_tietoturvapaallikko_2023\\\/#breadcrumb\",\"itemListElement\":[{\"@type\":\"ListItem\",\"position\":1,\"name\":\"Etusivu\",\"item\":\"https:\\\/\\\/tivia-jasenyhdistykset.fi\\\/tietoturva\\\/\"},{\"@type\":\"ListItem\",\"position\":2,\"name\":\"Vuoden Tietoturvap\u00e4\u00e4llikk\u00f6\u00ae 2023 on valittu\"}]},{\"@type\":\"WebSite\",\"@id\":\"https:\\\/\\\/tivia-jasenyhdistykset.fi\\\/tietoturva\\\/#website\",\"url\":\"https:\\\/\\\/tivia-jasenyhdistykset.fi\\\/tietoturva\\\/\",\"name\":\"Tietoturva ry\",\"description\":\"Suomen suurin tietoturva-ammattilaisten verkosto\",\"publisher\":{\"@id\":\"https:\\\/\\\/tivia-jasenyhdistykset.fi\\\/tietoturva\\\/#organization\"},\"potentialAction\":[{\"@type\":\"SearchAction\",\"target\":{\"@type\":\"EntryPoint\",\"urlTemplate\":\"https:\\\/\\\/tivia-jasenyhdistykset.fi\\\/tietoturva\\\/?s={search_term_string}\"},\"query-input\":{\"@type\":\"PropertyValueSpecification\",\"valueRequired\":true,\"valueName\":\"search_term_string\"}}],\"inLanguage\":\"fi\"},{\"@type\":\"Organization\",\"@id\":\"https:\\\/\\\/tivia-jasenyhdistykset.fi\\\/tietoturva\\\/#organization\",\"name\":\"Tietoturva ry\",\"url\":\"https:\\\/\\\/tivia-jasenyhdistykset.fi\\\/tietoturva\\\/\",\"logo\":{\"@type\":\"ImageObject\",\"inLanguage\":\"fi\",\"@id\":\"https:\\\/\\\/tivia-jasenyhdistykset.fi\\\/tietoturva\\\/#\\\/schema\\\/logo\\\/image\\\/\",\"url\":\"https:\\\/\\\/tietoturva.fi\\\/wp-content\\\/uploads\\\/sites\\\/7\\\/2021\\\/05\\\/Tietoturva-logo-2018-100.png\",\"contentUrl\":\"https:\\\/\\\/tietoturva.fi\\\/wp-content\\\/uploads\\\/sites\\\/7\\\/2021\\\/05\\\/Tietoturva-logo-2018-100.png\",\"width\":73,\"height\":100,\"caption\":\"Tietoturva ry\"},\"image\":{\"@id\":\"https:\\\/\\\/tivia-jasenyhdistykset.fi\\\/tietoturva\\\/#\\\/schema\\\/logo\\\/image\\\/\"},\"sameAs\":[\"https:\\\/\\\/www.facebook.com\\\/TietoturvaRy\\\/\",\"https:\\\/\\\/x.com\\\/tietoturva_ry\",\"https:\\\/\\\/www.linkedin.com\\\/company\\\/tietoturva\\\/\",\"https:\\\/\\\/www.youtube.com\\\/channel\\\/UCmXkytjYpJ4_N2msCNy69sw\\\/\"]},{\"@type\":\"Person\",\"@id\":\"https:\\\/\\\/tivia-jasenyhdistykset.fi\\\/tietoturva\\\/#\\\/schema\\\/person\\\/509d9bb392337a2d220ec611546998ec\",\"name\":\"Tommi V\",\"image\":{\"@type\":\"ImageObject\",\"inLanguage\":\"fi\",\"@id\":\"https:\\\/\\\/secure.gravatar.com\\\/avatar\\\/407fe7c123719aedfe1043bea0075baf31b4805e5599ab36f3b560d37cfba06d?s=96&d=mm&r=g\",\"url\":\"https:\\\/\\\/secure.gravatar.com\\\/avatar\\\/407fe7c123719aedfe1043bea0075baf31b4805e5599ab36f3b560d37cfba06d?s=96&d=mm&r=g\",\"contentUrl\":\"https:\\\/\\\/secure.gravatar.com\\\/avatar\\\/407fe7c123719aedfe1043bea0075baf31b4805e5599ab36f3b560d37cfba06d?s=96&d=mm&r=g\",\"caption\":\"Tommi V\"},\"url\":\"https:\\\/\\\/tivia-jasenyhdistykset.fi\\\/tietoturva\\\/author\\\/vanninentommi10605\\\/\"}]}<\/script>\n<!-- \/ Yoast SEO plugin. -->","yoast_head_json":{"title":"Vuoden Tietoturvap\u00e4\u00e4llikk\u00f6\u00ae 2023 on valittu - Tietoturva ry","robots":{"index":"index","follow":"follow","max-snippet":"max-snippet:-1","max-image-preview":"max-image-preview:large","max-video-preview":"max-video-preview:-1"},"canonical":"https:\/\/tivia-jasenyhdistykset.fi\/tietoturva\/2023\/11\/09\/vuoden_tietoturvapaallikko_2023\/","og_locale":"fi_FI","og_type":"article","og_title":"Vuoden Tietoturvap\u00e4\u00e4llikk\u00f6\u00ae 2023 on valittu - Tietoturva ry","og_description":"Vuoden Tietoturvap\u00e4\u00e4llikk\u00f6\u00ae 2023 on Fortumin turvallisuusjohtaja Juha H\u00e4rk\u00f6nen. Voittajat julkistettiin Teknologia 23 -tapahtumassa TIVIAn ja Tietoturva ry:n ohjelmaosuudessa 9.11.2023 klo 10.30\u201311.00 TIVIA lavalla Messukeskuksessa. Tietoturva ry on valinnut Vuoden tietoturvap\u00e4\u00e4llik\u00f6n vuodesta 2012 alkaen. Vuoden tietoturvap\u00e4\u00e4llik\u00f6n tunnustus my\u00f6nnet\u00e4\u00e4n henkil\u00f6lle,","og_url":"https:\/\/tivia-jasenyhdistykset.fi\/tietoturva\/2023\/11\/09\/vuoden_tietoturvapaallikko_2023\/","og_site_name":"Tietoturva ry","article_publisher":"https:\/\/www.facebook.com\/TietoturvaRy\/","article_published_time":"2023-11-09T08:59:11+00:00","article_modified_time":"2024-05-31T10:42:26+00:00","og_image":[{"url":"https:\/\/tietoturva.fi\/wp-content\/uploads\/sites\/7\/2023\/11\/Juha_Harkonen_ciso2023.jpg","type":"","width":"","height":""}],"author":"Tommi V","twitter_card":"summary_large_image","twitter_creator":"@tietoturva_ry","twitter_site":"@tietoturva_ry","twitter_misc":{"Kirjoittanut":"Tommi V","Arvioitu lukuaika":"2 minuuttia"},"schema":{"@context":"https:\/\/schema.org","@graph":[{"@type":"Article","@id":"https:\/\/tivia-jasenyhdistykset.fi\/tietoturva\/2023\/11\/09\/vuoden_tietoturvapaallikko_2023\/#article","isPartOf":{"@id":"https:\/\/tivia-jasenyhdistykset.fi\/tietoturva\/2023\/11\/09\/vuoden_tietoturvapaallikko_2023\/"},"author":{"name":"Tommi V","@id":"https:\/\/tivia-jasenyhdistykset.fi\/tietoturva\/#\/schema\/person\/509d9bb392337a2d220ec611546998ec"},"headline":"Vuoden Tietoturvap\u00e4\u00e4llikk\u00f6\u00ae 2023 on valittu","datePublished":"2023-11-09T08:59:11+00:00","dateModified":"2024-05-31T10:42:26+00:00","mainEntityOfPage":{"@id":"https:\/\/tivia-jasenyhdistykset.fi\/tietoturva\/2023\/11\/09\/vuoden_tietoturvapaallikko_2023\/"},"wordCount":340,"publisher":{"@id":"https:\/\/tivia-jasenyhdistykset.fi\/tietoturva\/#organization"},"image":{"@id":"https:\/\/tivia-jasenyhdistykset.fi\/tietoturva\/2023\/11\/09\/vuoden_tietoturvapaallikko_2023\/#primaryimage"},"thumbnailUrl":"https:\/\/tietoturva.fi\/wp-content\/uploads\/sites\/7\/2023\/11\/Juha_Harkonen_ciso2023.jpg","articleSection":["CISO"],"inLanguage":"fi"},{"@type":"WebPage","@id":"https:\/\/tivia-jasenyhdistykset.fi\/tietoturva\/2023\/11\/09\/vuoden_tietoturvapaallikko_2023\/","url":"https:\/\/tivia-jasenyhdistykset.fi\/tietoturva\/2023\/11\/09\/vuoden_tietoturvapaallikko_2023\/","name":"Vuoden Tietoturvap\u00e4\u00e4llikk\u00f6\u00ae 2023 on valittu - Tietoturva ry","isPartOf":{"@id":"https:\/\/tivia-jasenyhdistykset.fi\/tietoturva\/#website"},"primaryImageOfPage":{"@id":"https:\/\/tivia-jasenyhdistykset.fi\/tietoturva\/2023\/11\/09\/vuoden_tietoturvapaallikko_2023\/#primaryimage"},"image":{"@id":"https:\/\/tivia-jasenyhdistykset.fi\/tietoturva\/2023\/11\/09\/vuoden_tietoturvapaallikko_2023\/#primaryimage"},"thumbnailUrl":"https:\/\/tietoturva.fi\/wp-content\/uploads\/sites\/7\/2023\/11\/Juha_Harkonen_ciso2023.jpg","datePublished":"2023-11-09T08:59:11+00:00","dateModified":"2024-05-31T10:42:26+00:00","breadcrumb":{"@id":"https:\/\/tivia-jasenyhdistykset.fi\/tietoturva\/2023\/11\/09\/vuoden_tietoturvapaallikko_2023\/#breadcrumb"},"inLanguage":"fi","potentialAction":[{"@type":"ReadAction","target":["https:\/\/tivia-jasenyhdistykset.fi\/tietoturva\/2023\/11\/09\/vuoden_tietoturvapaallikko_2023\/"]}]},{"@type":"ImageObject","inLanguage":"fi","@id":"https:\/\/tivia-jasenyhdistykset.fi\/tietoturva\/2023\/11\/09\/vuoden_tietoturvapaallikko_2023\/#primaryimage","url":"https:\/\/tietoturva.fi\/wp-content\/uploads\/sites\/7\/2023\/11\/Juha_Harkonen_ciso2023.jpg","contentUrl":"https:\/\/tietoturva.fi\/wp-content\/uploads\/sites\/7\/2023\/11\/Juha_Harkonen_ciso2023.jpg"},{"@type":"BreadcrumbList","@id":"https:\/\/tivia-jasenyhdistykset.fi\/tietoturva\/2023\/11\/09\/vuoden_tietoturvapaallikko_2023\/#breadcrumb","itemListElement":[{"@type":"ListItem","position":1,"name":"Etusivu","item":"https:\/\/tivia-jasenyhdistykset.fi\/tietoturva\/"},{"@type":"ListItem","position":2,"name":"Vuoden Tietoturvap\u00e4\u00e4llikk\u00f6\u00ae 2023 on valittu"}]},{"@type":"WebSite","@id":"https:\/\/tivia-jasenyhdistykset.fi\/tietoturva\/#website","url":"https:\/\/tivia-jasenyhdistykset.fi\/tietoturva\/","name":"Tietoturva ry","description":"Suomen suurin tietoturva-ammattilaisten verkosto","publisher":{"@id":"https:\/\/tivia-jasenyhdistykset.fi\/tietoturva\/#organization"},"potentialAction":[{"@type":"SearchAction","target":{"@type":"EntryPoint","urlTemplate":"https:\/\/tivia-jasenyhdistykset.fi\/tietoturva\/?s={search_term_string}"},"query-input":{"@type":"PropertyValueSpecification","valueRequired":true,"valueName":"search_term_string"}}],"inLanguage":"fi"},{"@type":"Organization","@id":"https:\/\/tivia-jasenyhdistykset.fi\/tietoturva\/#organization","name":"Tietoturva ry","url":"https:\/\/tivia-jasenyhdistykset.fi\/tietoturva\/","logo":{"@type":"ImageObject","inLanguage":"fi","@id":"https:\/\/tivia-jasenyhdistykset.fi\/tietoturva\/#\/schema\/logo\/image\/","url":"https:\/\/tietoturva.fi\/wp-content\/uploads\/sites\/7\/2021\/05\/Tietoturva-logo-2018-100.png","contentUrl":"https:\/\/tietoturva.fi\/wp-content\/uploads\/sites\/7\/2021\/05\/Tietoturva-logo-2018-100.png","width":73,"height":100,"caption":"Tietoturva ry"},"image":{"@id":"https:\/\/tivia-jasenyhdistykset.fi\/tietoturva\/#\/schema\/logo\/image\/"},"sameAs":["https:\/\/www.facebook.com\/TietoturvaRy\/","https:\/\/x.com\/tietoturva_ry","https:\/\/www.linkedin.com\/company\/tietoturva\/","https:\/\/www.youtube.com\/channel\/UCmXkytjYpJ4_N2msCNy69sw\/"]},{"@type":"Person","@id":"https:\/\/tivia-jasenyhdistykset.fi\/tietoturva\/#\/schema\/person\/509d9bb392337a2d220ec611546998ec","name":"Tommi V","image":{"@type":"ImageObject","inLanguage":"fi","@id":"https:\/\/secure.gravatar.com\/avatar\/407fe7c123719aedfe1043bea0075baf31b4805e5599ab36f3b560d37cfba06d?s=96&d=mm&r=g","url":"https:\/\/secure.gravatar.com\/avatar\/407fe7c123719aedfe1043bea0075baf31b4805e5599ab36f3b560d37cfba06d?s=96&d=mm&r=g","contentUrl":"https:\/\/secure.gravatar.com\/avatar\/407fe7c123719aedfe1043bea0075baf31b4805e5599ab36f3b560d37cfba06d?s=96&d=mm&r=g","caption":"Tommi V"},"url":"https:\/\/tivia-jasenyhdistykset.fi\/tietoturva\/author\/vanninentommi10605\/"}]}},"_links":{"self":[{"href":"https:\/\/tivia-jasenyhdistykset.fi\/tietoturva\/wp-json\/wp\/v2\/posts\/2006","targetHints":{"allow":["GET"]}}],"collection":[{"href":"https:\/\/tivia-jasenyhdistykset.fi\/tietoturva\/wp-json\/wp\/v2\/posts"}],"about":[{"href":"https:\/\/tivia-jasenyhdistykset.fi\/tietoturva\/wp-json\/wp\/v2\/types\/post"}],"author":[{"embeddable":true,"href":"https:\/\/tivia-jasenyhdistykset.fi\/tietoturva\/wp-json\/wp\/v2\/users\/2408"}],"replies":[{"embeddable":true,"href":"https:\/\/tivia-jasenyhdistykset.fi\/tietoturva\/wp-json\/wp\/v2\/comments?post=2006"}],"version-history":[{"count":2,"href":"https:\/\/tivia-jasenyhdistykset.fi\/tietoturva\/wp-json\/wp\/v2\/posts\/2006\/revisions"}],"predecessor-version":[{"id":2014,"href":"https:\/\/tivia-jasenyhdistykset.fi\/tietoturva\/wp-json\/wp\/v2\/posts\/2006\/revisions\/2014"}],"wp:attachment":[{"href":"https:\/\/tivia-jasenyhdistykset.fi\/tietoturva\/wp-json\/wp\/v2\/media?parent=2006"}],"wp:term":[{"taxonomy":"category","embeddable":true,"href":"https:\/\/tivia-jasenyhdistykset.fi\/tietoturva\/wp-json\/wp\/v2\/categories?post=2006"},{"taxonomy":"post_tag","embeddable":true,"href":"https:\/\/tivia-jasenyhdistykset.fi\/tietoturva\/wp-json\/wp\/v2\/tags?post=2006"}],"curies":[{"name":"wp","href":"https:\/\/api.w.org\/{rel}","templated":true}]}}