{"id":2009,"date":"2023-11-09T11:10:30","date_gmt":"2023-11-09T09:10:30","guid":{"rendered":"https:\/\/tietoturva.fi\/?p=2009"},"modified":"2024-05-31T13:42:25","modified_gmt":"2024-05-31T10:42:25","slug":"vuoden-tietoturvailmio-2023","status":"publish","type":"post","link":"https:\/\/tivia-jasenyhdistykset.fi\/tietoturva\/2023\/11\/09\/vuoden-tietoturvailmio-2023\/","title":{"rendered":"Vuoden Tietoturvailmi\u00f6 2023 on avoimuus"},"content":{"rendered":"<p><img loading=\"lazy\" decoding=\"async\" class=\"wp-image-2017 size-large aligncenter\" src=\"https:\/\/tietoturva.fi\/wp-content\/uploads\/sites\/7\/2023\/11\/ttry_ilmio2023-scaled-e1699520955604-1024x575.jpg\" alt=\"\" width=\"640\" height=\"359\" srcset=\"https:\/\/tivia-jasenyhdistykset.fi\/tietoturva\/wp-content\/uploads\/sites\/7\/2023\/11\/ttry_ilmio2023-scaled-e1699520955604-1024x575.jpg 1024w, https:\/\/tivia-jasenyhdistykset.fi\/tietoturva\/wp-content\/uploads\/sites\/7\/2023\/11\/ttry_ilmio2023-scaled-e1699520955604-300x168.jpg 300w, https:\/\/tivia-jasenyhdistykset.fi\/tietoturva\/wp-content\/uploads\/sites\/7\/2023\/11\/ttry_ilmio2023-scaled-e1699520955604-768x431.jpg 768w, https:\/\/tivia-jasenyhdistykset.fi\/tietoturva\/wp-content\/uploads\/sites\/7\/2023\/11\/ttry_ilmio2023-scaled-e1699520955604-1536x862.jpg 1536w, https:\/\/tivia-jasenyhdistykset.fi\/tietoturva\/wp-content\/uploads\/sites\/7\/2023\/11\/ttry_ilmio2023-scaled-e1699520955604-2048x1149.jpg 2048w\" sizes=\"auto, (max-width: 640px) 100vw, 640px\" \/><\/p>\n<p>Vuoden Tietoturvailmi\u00f6 2023 on avoimuus. Tunnustus julkistettiin T<a href=\"https:\/\/teknologia.messukeskus.com\/ohjelma\/#programmeDay=36000&amp;programmeStage=Tivia%20stage\">eknologia 23 -tapahtumassa<\/a> TIVIAn ja Tietoturva ry:n ohjelmaosuudessa 9.11.2023 klo 10.30\u201311.00 TIVIA lavalla Messukeskuksessa.<\/p>\n<p>Tietoturva ry on valinnut Vuoden Tietoturvailmi\u00f6n vuodesta 2021 alkaen. Vuoden Tietoturvailmi\u00f6 -tunnustustuksen tarkoituksena on nostaa esille merkitt\u00e4vi\u00e4 tietoturvaan liittyvi\u00e4 ilmi\u00f6it\u00e4, jotka ovat edist\u00e4neet suomalaista tietoturvaosaamista ja sen arvostusta tai parantaneet organisaatioiden tai k\u00e4ytt\u00e4jien turvallisuutta tai nostaneet esille merkitt\u00e4vi\u00e4 kehitt\u00e4miskohteita. T\u00e4ss\u00e4 yhteydess\u00e4 tietoturvallisuus k\u00e4sitt\u00e4\u00e4 laajasti turvallisuud<\/p>\n<p>en eri osa-alueet.<\/p>\n<h3><strong>Vuoden Tietoturvailmi\u00f6 2023<\/strong><\/h3>\n<p><img loading=\"lazy\" decoding=\"async\" class=\"wp-image-2021 aligncenter\" src=\"https:\/\/tietoturva.fi\/wp-content\/uploads\/sites\/7\/2023\/11\/ttry_ilmio_2023.jpeg\" alt=\"\" width=\"405\" height=\"520\" srcset=\"https:\/\/tivia-jasenyhdistykset.fi\/tietoturva\/wp-content\/uploads\/sites\/7\/2023\/11\/ttry_ilmio_2023.jpeg 1200w, https:\/\/tivia-jasenyhdistykset.fi\/tietoturva\/wp-content\/uploads\/sites\/7\/2023\/11\/ttry_ilmio_2023-234x300.jpeg 234w, https:\/\/tivia-jasenyhdistykset.fi\/tietoturva\/wp-content\/uploads\/sites\/7\/2023\/11\/ttry_ilmio_2023-797x1024.jpeg 797w, https:\/\/tivia-jasenyhdistykset.fi\/tietoturva\/wp-content\/uploads\/sites\/7\/2023\/11\/ttry_ilmio_2023-768x986.jpeg 768w, https:\/\/tivia-jasenyhdistykset.fi\/tietoturva\/wp-content\/uploads\/sites\/7\/2023\/11\/ttry_ilmio_2023-1196x1536.jpeg 1196w\" sizes=\"auto, (max-width: 405px) 100vw, 405px\" \/><\/p>\n<p>Koska mik\u00e4\u00e4n turvallisuusj\u00e4rjestely ei ole 100 % luotettava, organisaatioita kohtaavat erilaiset h\u00e4iri\u00f6t, hy\u00f6kk\u00e4ykset sek\u00e4 henkil\u00f6st\u00f6n toiminnasta johtuvat inhimilliset virheet. Viime vuosien aikana olemme havainneet avoimuuden lis\u00e4\u00e4ntyv\u00e4n n\u00e4iden organisaatioiden toimintaan kohdistuneiden h\u00e4iri\u00f6tekij\u00f6iden, erityisesti kyberhy\u00f6kk\u00e4ysten, suhteen.<\/p>\n<p>T\u00e4m\u00e4n tunnustuksen my\u00f6nt\u00e4minen niille organisaatioille, jotka ovat avoimesti kertoneet kokemistaan kyberhy\u00f6kk\u00e4yksist\u00e4 tai muista merkitt\u00e4vist\u00e4<\/p>\n<p>h\u00e4iri\u00f6ist\u00e4, rohkaisee toivottavasti lis\u00e4\u00e4 avoimuutta tulevaisuudessa. Samalla toivomme kansalaisten keskustelevan avoimemmin verkkorikollisuuden kohteeksi joutumisesta, jotta h\u00e4pe\u00e4n tunne n\u00e4iden ilmi\u00f6iden ymp\u00e4rill\u00e4 v\u00e4henee.<\/p>\n<p>Jokainen organisaatio tai henkil\u00f6 voi joutua verkkorikollisten uhriksi, kuten Tietoturva ry:n varapuheenjohtaja Kimmo Rousku on omalla avoimella esimerkill\u00e4\u00e4n n\u00e4ist\u00e4 kertonut. Tunnustuksen vastaanottaa Helsingin Seudun Liikenteen tietoturvap\u00e4\u00e4llikk\u00f6 Petri Kukko <em>(kuvassa keskell\u00e4)<\/em>, joka on avoimesti jakanut oppeja organisaationsa kohtaamista palvelunestohy\u00f6kk\u00e4yksist\u00e4.<\/p>\n<p><strong>Aiemmat Vuoden Tietoturvailmi\u00f6t<\/strong><\/p>\n<p>2022: Laaja-alainen yhteisty\u00f6 turvallisuuden kehitt\u00e4miseksi<br \/>\n2021: Tietoturvaan, tietosuojaan, kyber- tai digiturvaan keskittyv\u00e4t Podcast-verkko-ohjelmat<\/p>\n<p>&nbsp;<\/p>\n","protected":false},"excerpt":{"rendered":"<p><img loading=\"lazy\" decoding=\"async\" class=\"wp-image-2017 size-large aligncenter\" src=\"https:\/\/tietoturva.fi\/wp-content\/uploads\/sites\/7\/2023\/11\/ttry_ilmio2023-scaled-e1699520955604-1024x575.jpg\" alt=\"\" width=\"640\" height=\"359\" srcset=\"https:\/\/tivia-jasenyhdistykset.fi\/tietoturva\/wp-content\/uploads\/sites\/7\/2023\/11\/ttry_ilmio2023-scaled-e1699520955604-1024x575.jpg 1024w, https:\/\/tivia-jasenyhdistykset.fi\/tietoturva\/wp-content\/uploads\/sites\/7\/2023\/11\/ttry_ilmio2023-scaled-e1699520955604-300x168.jpg 300w, https:\/\/tivia-jasenyhdistykset.fi\/tietoturva\/wp-content\/uploads\/sites\/7\/2023\/11\/ttry_ilmio2023-scaled-e1699520955604-768x431.jpg 768w, https:\/\/tivia-jasenyhdistykset.fi\/tietoturva\/wp-content\/uploads\/sites\/7\/2023\/11\/ttry_ilmio2023-scaled-e1699520955604-1536x862.jpg 1536w, https:\/\/tivia-jasenyhdistykset.fi\/tietoturva\/wp-content\/uploads\/sites\/7\/2023\/11\/ttry_ilmio2023-scaled-e1699520955604-2048x1149.jpg 2048w\" sizes=\"auto, (max-width: 640px) 100vw, 640px\" \/><\/p>\n<p>Vuoden Tietoturvailmi\u00f6 2023 on avoimuus. Tunnustus julkistettiin T<a href=\"https:\/\/teknologia.messukeskus.com\/ohjelma\/#programmeDay=36000&amp;programmeStage=Tivia%20stage\">eknologia 23 -tapahtumassa<\/a> TIVIAn ja Tietoturva ry:n ohjelmaosuudessa 9.11.2023 klo 10.30\u201311.00 TIVIA lavalla Messukeskuksessa.<\/p>\n<p>Tietoturva ry on valinnut Vuoden Tietoturvailmi\u00f6n vuodesta 2021 alkaen. Vuoden Tietoturvailmi\u00f6 -tunnustustuksen tarkoituksena on nostaa esille merkitt\u00e4vi\u00e4 tietoturvaan liittyvi\u00e4 ilmi\u00f6it\u00e4,<\/p>\n","protected":false},"author":2408,"featured_media":0,"comment_status":"closed","ping_status":"closed","sticky":false,"template":"","format":"standard","meta":{"_acf_changed":false,"footnotes":""},"categories":[44,67],"tags":[],"class_list":["post-2009","post","type-post","status-publish","format-standard","hentry","category-tietoturvailmio","category-tietoturvatunnustus"],"acf":[],"yoast_head":"<!-- This site is optimized with the Yoast SEO plugin v27.5 - https:\/\/yoast.com\/product\/yoast-seo-wordpress\/ -->\n<title>Vuoden Tietoturvailmi\u00f6 2023 on avoimuus - Tietoturva ry<\/title>\n<meta name=\"robots\" content=\"index, follow, max-snippet:-1, max-image-preview:large, max-video-preview:-1\" \/>\n<link rel=\"canonical\" href=\"https:\/\/tivia-jasenyhdistykset.fi\/tietoturva\/2023\/11\/09\/vuoden-tietoturvailmio-2023\/\" \/>\n<meta property=\"og:locale\" content=\"fi_FI\" \/>\n<meta property=\"og:type\" content=\"article\" \/>\n<meta property=\"og:title\" content=\"Vuoden Tietoturvailmi\u00f6 2023 on avoimuus - Tietoturva ry\" \/>\n<meta property=\"og:description\" content=\"Vuoden Tietoturvailmi\u00f6 2023 on avoimuus. Tunnustus julkistettiin Teknologia 23 -tapahtumassa TIVIAn ja Tietoturva ry:n ohjelmaosuudessa 9.11.2023 klo 10.30\u201311.00 TIVIA lavalla Messukeskuksessa. Tietoturva ry on valinnut Vuoden Tietoturvailmi\u00f6n vuodesta 2021 alkaen. Vuoden Tietoturvailmi\u00f6 -tunnustustuksen tarkoituksena on nostaa esille merkitt\u00e4vi\u00e4 tietoturvaan liittyvi\u00e4 ilmi\u00f6it\u00e4,\" \/>\n<meta property=\"og:url\" content=\"https:\/\/tivia-jasenyhdistykset.fi\/tietoturva\/2023\/11\/09\/vuoden-tietoturvailmio-2023\/\" \/>\n<meta property=\"og:site_name\" content=\"Tietoturva ry\" \/>\n<meta property=\"article:publisher\" content=\"https:\/\/www.facebook.com\/TietoturvaRy\/\" \/>\n<meta property=\"article:published_time\" content=\"2023-11-09T09:10:30+00:00\" \/>\n<meta property=\"article:modified_time\" content=\"2024-05-31T10:42:25+00:00\" \/>\n<meta property=\"og:image\" content=\"https:\/\/tietoturva.fi\/wp-content\/uploads\/sites\/7\/2023\/11\/ttry_ilmio2023-scaled-e1699520955604-1024x575.jpg\" \/>\n<meta name=\"author\" content=\"Tommi V\" \/>\n<meta name=\"twitter:card\" content=\"summary_large_image\" \/>\n<meta name=\"twitter:creator\" content=\"@tietoturva_ry\" \/>\n<meta name=\"twitter:site\" content=\"@tietoturva_ry\" \/>\n<meta name=\"twitter:label1\" content=\"Kirjoittanut\" \/>\n\t<meta name=\"twitter:data1\" content=\"Tommi V\" \/>\n\t<meta name=\"twitter:label2\" content=\"Arvioitu lukuaika\" \/>\n\t<meta name=\"twitter:data2\" content=\"2 minuuttia\" \/>\n<script type=\"application\/ld+json\" class=\"yoast-schema-graph\">{\"@context\":\"https:\\\/\\\/schema.org\",\"@graph\":[{\"@type\":\"Article\",\"@id\":\"https:\\\/\\\/tivia-jasenyhdistykset.fi\\\/tietoturva\\\/2023\\\/11\\\/09\\\/vuoden-tietoturvailmio-2023\\\/#article\",\"isPartOf\":{\"@id\":\"https:\\\/\\\/tivia-jasenyhdistykset.fi\\\/tietoturva\\\/2023\\\/11\\\/09\\\/vuoden-tietoturvailmio-2023\\\/\"},\"author\":{\"name\":\"Tommi V\",\"@id\":\"https:\\\/\\\/tivia-jasenyhdistykset.fi\\\/tietoturva\\\/#\\\/schema\\\/person\\\/509d9bb392337a2d220ec611546998ec\"},\"headline\":\"Vuoden Tietoturvailmi\u00f6 2023 on avoimuus\",\"datePublished\":\"2023-11-09T09:10:30+00:00\",\"dateModified\":\"2024-05-31T10:42:25+00:00\",\"mainEntityOfPage\":{\"@id\":\"https:\\\/\\\/tivia-jasenyhdistykset.fi\\\/tietoturva\\\/2023\\\/11\\\/09\\\/vuoden-tietoturvailmio-2023\\\/\"},\"wordCount\":241,\"publisher\":{\"@id\":\"https:\\\/\\\/tivia-jasenyhdistykset.fi\\\/tietoturva\\\/#organization\"},\"image\":{\"@id\":\"https:\\\/\\\/tivia-jasenyhdistykset.fi\\\/tietoturva\\\/2023\\\/11\\\/09\\\/vuoden-tietoturvailmio-2023\\\/#primaryimage\"},\"thumbnailUrl\":\"https:\\\/\\\/tietoturva.fi\\\/wp-content\\\/uploads\\\/sites\\\/7\\\/2023\\\/11\\\/ttry_ilmio2023-scaled-e1699520955604-1024x575.jpg\",\"articleSection\":[\"Tietoturvailmi\u00f6\",\"Tietoturvatunnustus\"],\"inLanguage\":\"fi\"},{\"@type\":\"WebPage\",\"@id\":\"https:\\\/\\\/tivia-jasenyhdistykset.fi\\\/tietoturva\\\/2023\\\/11\\\/09\\\/vuoden-tietoturvailmio-2023\\\/\",\"url\":\"https:\\\/\\\/tivia-jasenyhdistykset.fi\\\/tietoturva\\\/2023\\\/11\\\/09\\\/vuoden-tietoturvailmio-2023\\\/\",\"name\":\"Vuoden Tietoturvailmi\u00f6 2023 on avoimuus - Tietoturva ry\",\"isPartOf\":{\"@id\":\"https:\\\/\\\/tivia-jasenyhdistykset.fi\\\/tietoturva\\\/#website\"},\"primaryImageOfPage\":{\"@id\":\"https:\\\/\\\/tivia-jasenyhdistykset.fi\\\/tietoturva\\\/2023\\\/11\\\/09\\\/vuoden-tietoturvailmio-2023\\\/#primaryimage\"},\"image\":{\"@id\":\"https:\\\/\\\/tivia-jasenyhdistykset.fi\\\/tietoturva\\\/2023\\\/11\\\/09\\\/vuoden-tietoturvailmio-2023\\\/#primaryimage\"},\"thumbnailUrl\":\"https:\\\/\\\/tietoturva.fi\\\/wp-content\\\/uploads\\\/sites\\\/7\\\/2023\\\/11\\\/ttry_ilmio2023-scaled-e1699520955604-1024x575.jpg\",\"datePublished\":\"2023-11-09T09:10:30+00:00\",\"dateModified\":\"2024-05-31T10:42:25+00:00\",\"breadcrumb\":{\"@id\":\"https:\\\/\\\/tivia-jasenyhdistykset.fi\\\/tietoturva\\\/2023\\\/11\\\/09\\\/vuoden-tietoturvailmio-2023\\\/#breadcrumb\"},\"inLanguage\":\"fi\",\"potentialAction\":[{\"@type\":\"ReadAction\",\"target\":[\"https:\\\/\\\/tivia-jasenyhdistykset.fi\\\/tietoturva\\\/2023\\\/11\\\/09\\\/vuoden-tietoturvailmio-2023\\\/\"]}]},{\"@type\":\"ImageObject\",\"inLanguage\":\"fi\",\"@id\":\"https:\\\/\\\/tivia-jasenyhdistykset.fi\\\/tietoturva\\\/2023\\\/11\\\/09\\\/vuoden-tietoturvailmio-2023\\\/#primaryimage\",\"url\":\"https:\\\/\\\/tietoturva.fi\\\/wp-content\\\/uploads\\\/sites\\\/7\\\/2023\\\/11\\\/ttry_ilmio2023-scaled-e1699520955604-1024x575.jpg\",\"contentUrl\":\"https:\\\/\\\/tietoturva.fi\\\/wp-content\\\/uploads\\\/sites\\\/7\\\/2023\\\/11\\\/ttry_ilmio2023-scaled-e1699520955604-1024x575.jpg\"},{\"@type\":\"BreadcrumbList\",\"@id\":\"https:\\\/\\\/tivia-jasenyhdistykset.fi\\\/tietoturva\\\/2023\\\/11\\\/09\\\/vuoden-tietoturvailmio-2023\\\/#breadcrumb\",\"itemListElement\":[{\"@type\":\"ListItem\",\"position\":1,\"name\":\"Etusivu\",\"item\":\"https:\\\/\\\/tivia-jasenyhdistykset.fi\\\/tietoturva\\\/\"},{\"@type\":\"ListItem\",\"position\":2,\"name\":\"Vuoden Tietoturvailmi\u00f6 2023 on avoimuus\"}]},{\"@type\":\"WebSite\",\"@id\":\"https:\\\/\\\/tivia-jasenyhdistykset.fi\\\/tietoturva\\\/#website\",\"url\":\"https:\\\/\\\/tivia-jasenyhdistykset.fi\\\/tietoturva\\\/\",\"name\":\"Tietoturva ry\",\"description\":\"Suomen suurin tietoturva-ammattilaisten verkosto\",\"publisher\":{\"@id\":\"https:\\\/\\\/tivia-jasenyhdistykset.fi\\\/tietoturva\\\/#organization\"},\"potentialAction\":[{\"@type\":\"SearchAction\",\"target\":{\"@type\":\"EntryPoint\",\"urlTemplate\":\"https:\\\/\\\/tivia-jasenyhdistykset.fi\\\/tietoturva\\\/?s={search_term_string}\"},\"query-input\":{\"@type\":\"PropertyValueSpecification\",\"valueRequired\":true,\"valueName\":\"search_term_string\"}}],\"inLanguage\":\"fi\"},{\"@type\":\"Organization\",\"@id\":\"https:\\\/\\\/tivia-jasenyhdistykset.fi\\\/tietoturva\\\/#organization\",\"name\":\"Tietoturva ry\",\"url\":\"https:\\\/\\\/tivia-jasenyhdistykset.fi\\\/tietoturva\\\/\",\"logo\":{\"@type\":\"ImageObject\",\"inLanguage\":\"fi\",\"@id\":\"https:\\\/\\\/tivia-jasenyhdistykset.fi\\\/tietoturva\\\/#\\\/schema\\\/logo\\\/image\\\/\",\"url\":\"https:\\\/\\\/tietoturva.fi\\\/wp-content\\\/uploads\\\/sites\\\/7\\\/2021\\\/05\\\/Tietoturva-logo-2018-100.png\",\"contentUrl\":\"https:\\\/\\\/tietoturva.fi\\\/wp-content\\\/uploads\\\/sites\\\/7\\\/2021\\\/05\\\/Tietoturva-logo-2018-100.png\",\"width\":73,\"height\":100,\"caption\":\"Tietoturva ry\"},\"image\":{\"@id\":\"https:\\\/\\\/tivia-jasenyhdistykset.fi\\\/tietoturva\\\/#\\\/schema\\\/logo\\\/image\\\/\"},\"sameAs\":[\"https:\\\/\\\/www.facebook.com\\\/TietoturvaRy\\\/\",\"https:\\\/\\\/x.com\\\/tietoturva_ry\",\"https:\\\/\\\/www.linkedin.com\\\/company\\\/tietoturva\\\/\",\"https:\\\/\\\/www.youtube.com\\\/channel\\\/UCmXkytjYpJ4_N2msCNy69sw\\\/\"]},{\"@type\":\"Person\",\"@id\":\"https:\\\/\\\/tivia-jasenyhdistykset.fi\\\/tietoturva\\\/#\\\/schema\\\/person\\\/509d9bb392337a2d220ec611546998ec\",\"name\":\"Tommi V\",\"image\":{\"@type\":\"ImageObject\",\"inLanguage\":\"fi\",\"@id\":\"https:\\\/\\\/secure.gravatar.com\\\/avatar\\\/407fe7c123719aedfe1043bea0075baf31b4805e5599ab36f3b560d37cfba06d?s=96&d=mm&r=g\",\"url\":\"https:\\\/\\\/secure.gravatar.com\\\/avatar\\\/407fe7c123719aedfe1043bea0075baf31b4805e5599ab36f3b560d37cfba06d?s=96&d=mm&r=g\",\"contentUrl\":\"https:\\\/\\\/secure.gravatar.com\\\/avatar\\\/407fe7c123719aedfe1043bea0075baf31b4805e5599ab36f3b560d37cfba06d?s=96&d=mm&r=g\",\"caption\":\"Tommi V\"},\"url\":\"https:\\\/\\\/tivia-jasenyhdistykset.fi\\\/tietoturva\\\/author\\\/vanninentommi10605\\\/\"}]}<\/script>\n<!-- \/ Yoast SEO plugin. -->","yoast_head_json":{"title":"Vuoden Tietoturvailmi\u00f6 2023 on avoimuus - Tietoturva ry","robots":{"index":"index","follow":"follow","max-snippet":"max-snippet:-1","max-image-preview":"max-image-preview:large","max-video-preview":"max-video-preview:-1"},"canonical":"https:\/\/tivia-jasenyhdistykset.fi\/tietoturva\/2023\/11\/09\/vuoden-tietoturvailmio-2023\/","og_locale":"fi_FI","og_type":"article","og_title":"Vuoden Tietoturvailmi\u00f6 2023 on avoimuus - Tietoturva ry","og_description":"Vuoden Tietoturvailmi\u00f6 2023 on avoimuus. Tunnustus julkistettiin Teknologia 23 -tapahtumassa TIVIAn ja Tietoturva ry:n ohjelmaosuudessa 9.11.2023 klo 10.30\u201311.00 TIVIA lavalla Messukeskuksessa. Tietoturva ry on valinnut Vuoden Tietoturvailmi\u00f6n vuodesta 2021 alkaen. Vuoden Tietoturvailmi\u00f6 -tunnustustuksen tarkoituksena on nostaa esille merkitt\u00e4vi\u00e4 tietoturvaan liittyvi\u00e4 ilmi\u00f6it\u00e4,","og_url":"https:\/\/tivia-jasenyhdistykset.fi\/tietoturva\/2023\/11\/09\/vuoden-tietoturvailmio-2023\/","og_site_name":"Tietoturva ry","article_publisher":"https:\/\/www.facebook.com\/TietoturvaRy\/","article_published_time":"2023-11-09T09:10:30+00:00","article_modified_time":"2024-05-31T10:42:25+00:00","og_image":[{"url":"https:\/\/tietoturva.fi\/wp-content\/uploads\/sites\/7\/2023\/11\/ttry_ilmio2023-scaled-e1699520955604-1024x575.jpg","type":"","width":"","height":""}],"author":"Tommi V","twitter_card":"summary_large_image","twitter_creator":"@tietoturva_ry","twitter_site":"@tietoturva_ry","twitter_misc":{"Kirjoittanut":"Tommi V","Arvioitu lukuaika":"2 minuuttia"},"schema":{"@context":"https:\/\/schema.org","@graph":[{"@type":"Article","@id":"https:\/\/tivia-jasenyhdistykset.fi\/tietoturva\/2023\/11\/09\/vuoden-tietoturvailmio-2023\/#article","isPartOf":{"@id":"https:\/\/tivia-jasenyhdistykset.fi\/tietoturva\/2023\/11\/09\/vuoden-tietoturvailmio-2023\/"},"author":{"name":"Tommi V","@id":"https:\/\/tivia-jasenyhdistykset.fi\/tietoturva\/#\/schema\/person\/509d9bb392337a2d220ec611546998ec"},"headline":"Vuoden Tietoturvailmi\u00f6 2023 on avoimuus","datePublished":"2023-11-09T09:10:30+00:00","dateModified":"2024-05-31T10:42:25+00:00","mainEntityOfPage":{"@id":"https:\/\/tivia-jasenyhdistykset.fi\/tietoturva\/2023\/11\/09\/vuoden-tietoturvailmio-2023\/"},"wordCount":241,"publisher":{"@id":"https:\/\/tivia-jasenyhdistykset.fi\/tietoturva\/#organization"},"image":{"@id":"https:\/\/tivia-jasenyhdistykset.fi\/tietoturva\/2023\/11\/09\/vuoden-tietoturvailmio-2023\/#primaryimage"},"thumbnailUrl":"https:\/\/tietoturva.fi\/wp-content\/uploads\/sites\/7\/2023\/11\/ttry_ilmio2023-scaled-e1699520955604-1024x575.jpg","articleSection":["Tietoturvailmi\u00f6","Tietoturvatunnustus"],"inLanguage":"fi"},{"@type":"WebPage","@id":"https:\/\/tivia-jasenyhdistykset.fi\/tietoturva\/2023\/11\/09\/vuoden-tietoturvailmio-2023\/","url":"https:\/\/tivia-jasenyhdistykset.fi\/tietoturva\/2023\/11\/09\/vuoden-tietoturvailmio-2023\/","name":"Vuoden Tietoturvailmi\u00f6 2023 on avoimuus - Tietoturva ry","isPartOf":{"@id":"https:\/\/tivia-jasenyhdistykset.fi\/tietoturva\/#website"},"primaryImageOfPage":{"@id":"https:\/\/tivia-jasenyhdistykset.fi\/tietoturva\/2023\/11\/09\/vuoden-tietoturvailmio-2023\/#primaryimage"},"image":{"@id":"https:\/\/tivia-jasenyhdistykset.fi\/tietoturva\/2023\/11\/09\/vuoden-tietoturvailmio-2023\/#primaryimage"},"thumbnailUrl":"https:\/\/tietoturva.fi\/wp-content\/uploads\/sites\/7\/2023\/11\/ttry_ilmio2023-scaled-e1699520955604-1024x575.jpg","datePublished":"2023-11-09T09:10:30+00:00","dateModified":"2024-05-31T10:42:25+00:00","breadcrumb":{"@id":"https:\/\/tivia-jasenyhdistykset.fi\/tietoturva\/2023\/11\/09\/vuoden-tietoturvailmio-2023\/#breadcrumb"},"inLanguage":"fi","potentialAction":[{"@type":"ReadAction","target":["https:\/\/tivia-jasenyhdistykset.fi\/tietoturva\/2023\/11\/09\/vuoden-tietoturvailmio-2023\/"]}]},{"@type":"ImageObject","inLanguage":"fi","@id":"https:\/\/tivia-jasenyhdistykset.fi\/tietoturva\/2023\/11\/09\/vuoden-tietoturvailmio-2023\/#primaryimage","url":"https:\/\/tietoturva.fi\/wp-content\/uploads\/sites\/7\/2023\/11\/ttry_ilmio2023-scaled-e1699520955604-1024x575.jpg","contentUrl":"https:\/\/tietoturva.fi\/wp-content\/uploads\/sites\/7\/2023\/11\/ttry_ilmio2023-scaled-e1699520955604-1024x575.jpg"},{"@type":"BreadcrumbList","@id":"https:\/\/tivia-jasenyhdistykset.fi\/tietoturva\/2023\/11\/09\/vuoden-tietoturvailmio-2023\/#breadcrumb","itemListElement":[{"@type":"ListItem","position":1,"name":"Etusivu","item":"https:\/\/tivia-jasenyhdistykset.fi\/tietoturva\/"},{"@type":"ListItem","position":2,"name":"Vuoden Tietoturvailmi\u00f6 2023 on avoimuus"}]},{"@type":"WebSite","@id":"https:\/\/tivia-jasenyhdistykset.fi\/tietoturva\/#website","url":"https:\/\/tivia-jasenyhdistykset.fi\/tietoturva\/","name":"Tietoturva ry","description":"Suomen suurin tietoturva-ammattilaisten verkosto","publisher":{"@id":"https:\/\/tivia-jasenyhdistykset.fi\/tietoturva\/#organization"},"potentialAction":[{"@type":"SearchAction","target":{"@type":"EntryPoint","urlTemplate":"https:\/\/tivia-jasenyhdistykset.fi\/tietoturva\/?s={search_term_string}"},"query-input":{"@type":"PropertyValueSpecification","valueRequired":true,"valueName":"search_term_string"}}],"inLanguage":"fi"},{"@type":"Organization","@id":"https:\/\/tivia-jasenyhdistykset.fi\/tietoturva\/#organization","name":"Tietoturva ry","url":"https:\/\/tivia-jasenyhdistykset.fi\/tietoturva\/","logo":{"@type":"ImageObject","inLanguage":"fi","@id":"https:\/\/tivia-jasenyhdistykset.fi\/tietoturva\/#\/schema\/logo\/image\/","url":"https:\/\/tietoturva.fi\/wp-content\/uploads\/sites\/7\/2021\/05\/Tietoturva-logo-2018-100.png","contentUrl":"https:\/\/tietoturva.fi\/wp-content\/uploads\/sites\/7\/2021\/05\/Tietoturva-logo-2018-100.png","width":73,"height":100,"caption":"Tietoturva ry"},"image":{"@id":"https:\/\/tivia-jasenyhdistykset.fi\/tietoturva\/#\/schema\/logo\/image\/"},"sameAs":["https:\/\/www.facebook.com\/TietoturvaRy\/","https:\/\/x.com\/tietoturva_ry","https:\/\/www.linkedin.com\/company\/tietoturva\/","https:\/\/www.youtube.com\/channel\/UCmXkytjYpJ4_N2msCNy69sw\/"]},{"@type":"Person","@id":"https:\/\/tivia-jasenyhdistykset.fi\/tietoturva\/#\/schema\/person\/509d9bb392337a2d220ec611546998ec","name":"Tommi V","image":{"@type":"ImageObject","inLanguage":"fi","@id":"https:\/\/secure.gravatar.com\/avatar\/407fe7c123719aedfe1043bea0075baf31b4805e5599ab36f3b560d37cfba06d?s=96&d=mm&r=g","url":"https:\/\/secure.gravatar.com\/avatar\/407fe7c123719aedfe1043bea0075baf31b4805e5599ab36f3b560d37cfba06d?s=96&d=mm&r=g","contentUrl":"https:\/\/secure.gravatar.com\/avatar\/407fe7c123719aedfe1043bea0075baf31b4805e5599ab36f3b560d37cfba06d?s=96&d=mm&r=g","caption":"Tommi V"},"url":"https:\/\/tivia-jasenyhdistykset.fi\/tietoturva\/author\/vanninentommi10605\/"}]}},"_links":{"self":[{"href":"https:\/\/tivia-jasenyhdistykset.fi\/tietoturva\/wp-json\/wp\/v2\/posts\/2009","targetHints":{"allow":["GET"]}}],"collection":[{"href":"https:\/\/tivia-jasenyhdistykset.fi\/tietoturva\/wp-json\/wp\/v2\/posts"}],"about":[{"href":"https:\/\/tivia-jasenyhdistykset.fi\/tietoturva\/wp-json\/wp\/v2\/types\/post"}],"author":[{"embeddable":true,"href":"https:\/\/tivia-jasenyhdistykset.fi\/tietoturva\/wp-json\/wp\/v2\/users\/2408"}],"replies":[{"embeddable":true,"href":"https:\/\/tivia-jasenyhdistykset.fi\/tietoturva\/wp-json\/wp\/v2\/comments?post=2009"}],"version-history":[{"count":6,"href":"https:\/\/tivia-jasenyhdistykset.fi\/tietoturva\/wp-json\/wp\/v2\/posts\/2009\/revisions"}],"predecessor-version":[{"id":2024,"href":"https:\/\/tivia-jasenyhdistykset.fi\/tietoturva\/wp-json\/wp\/v2\/posts\/2009\/revisions\/2024"}],"wp:attachment":[{"href":"https:\/\/tivia-jasenyhdistykset.fi\/tietoturva\/wp-json\/wp\/v2\/media?parent=2009"}],"wp:term":[{"taxonomy":"category","embeddable":true,"href":"https:\/\/tivia-jasenyhdistykset.fi\/tietoturva\/wp-json\/wp\/v2\/categories?post=2009"},{"taxonomy":"post_tag","embeddable":true,"href":"https:\/\/tivia-jasenyhdistykset.fi\/tietoturva\/wp-json\/wp\/v2\/tags?post=2009"}],"curies":[{"name":"wp","href":"https:\/\/api.w.org\/{rel}","templated":true}]}}