{"id":2030,"date":"2023-11-17T09:29:22","date_gmt":"2023-11-17T07:29:22","guid":{"rendered":"https:\/\/tietoturva.fi\/?p=2030"},"modified":"2024-05-31T13:42:25","modified_gmt":"2024-05-31T10:42:25","slug":"tietoturva_ry_webinaari","status":"publish","type":"post","link":"https:\/\/tivia-jasenyhdistykset.fi\/tietoturva\/2023\/11\/17\/tietoturva_ry_webinaari\/","title":{"rendered":"Webinaari: Kodin digilaitteet, sosiaalinen media ja teko\u00e4ly 23.11.2023"},"content":{"rendered":"<p><img loading=\"lazy\" decoding=\"async\" class=\"wp-image-1272 aligncenter\" src=\"https:\/\/tietoturva.fi\/wp-content\/uploads\/sites\/7\/2022\/03\/ttry-webinar.png\" alt=\"\" width=\"415\" height=\"359\" srcset=\"https:\/\/tivia-jasenyhdistykset.fi\/tietoturva\/wp-content\/uploads\/sites\/7\/2022\/03\/ttry-webinar.png 723w, https:\/\/tivia-jasenyhdistykset.fi\/tietoturva\/wp-content\/uploads\/sites\/7\/2022\/03\/ttry-webinar-300x259.png 300w\" sizes=\"auto, (max-width: 415px) 100vw, 415px\" \/><\/p>\n<h3><b>Kodin digilaitteet, sosiaalinen media sek\u00e4 teko\u00e4ly <\/b><b>&#8211; miten toimia turvallisesti ja mit\u00e4 n\u00e4ist\u00e4 pit\u00e4\u00e4 nyt tiet\u00e4\u00e4 ja osata?<\/b><\/h3>\n<p><b><\/b><strong>Syksy 2023 on nostanut esille useita digimaailmaan liittyvi\u00e4 huolia, mink\u00e4 johdosta Tietoturva ry j\u00e4rjest\u00e4\u00e4 webinaarin, jossa n\u00e4it\u00e4 teemoja k\u00e4sitell\u00e4\u00e4n alan asiantuntijoiden kanssa.<\/strong><\/p>\n<div>\n<p>Suojelupoliisi antoi alkusyksyst\u00e4 varoituksen kotik\u00e4ytt\u00e4jille digilaitteiden tietoturvallisuuteen eli laitteiden vanhentuneisiin ohjelmistoihin liittyen liittyen. On havaittu, ett\u00e4 valtiolliset toimijat, mahdollisesti verkkorikolliset ovat ottaneet kodin nettireitittimi\u00e4 hallintaansa tiedustelu- tai muihin rikollisiin tarkoituksiin.<\/p>\n<p>Sosiaalisen median maisema on kokenut voimakkaita muutoksia. X (<em>entinen Twitter<\/em>) aiheuttaa huolta k\u00e4ytt\u00e4jiens\u00e4 keskuudessa; jotkut ovat lopettaneet sen k\u00e4yt\u00f6n, ja toiset ovat siirtyneet uuteen Blue Sky Social -palveluun. Meta on vastaavasti ottanut k\u00e4ytt\u00f6\u00f6n uuden maksullisen mallin Facebook ja Instagram palveluilleen, joka mahdollistaa mainosten poistamisen 10-13 euron kuukausimaksulla. Yle testasi TikTokin\u00a0toimintaa\u00a0<a href=\"https:\/\/yle.fi\/a\/74-20059318\" target=\"_blank\" rel=\"noopener\" data-saferedirecturl=\"https:\/\/www.google.com\/url?q=https:\/\/yle.fi\/a\/74-20059318&amp;source=gmail&amp;ust=1700290735029000&amp;usg=AOvVaw0QlBt8GCxE71q_MhMyPHTq\">testiss\u00e4<\/a>, joka on varmasti s\u00e4ik\u00e4ytt\u00e4nyt vanhempia ja palvelun k\u00e4ytt\u00e4ji\u00e4.<\/p>\n<p>Teko\u00e4lyn kehitys ja sen vaikutukset ovat keskustelun aiheena kaikkialla. Kuitenkin juuri nopea kehitys ja soveltuvuus monenlaisiin teht\u00e4viin tekev\u00e4t siit\u00e4 arvokkaan ty\u00f6kalun. Mutta mit\u00e4 meid\u00e4n tulisi pit\u00e4\u00e4 mieless\u00e4, kun hy \u00f6dynn\u00e4mme teko\u00e4ly\u00e4?<\/p>\n<p>Syvennymme webinaarissa n\u00e4ihin kansalaisiin vaikuttaviin digimaailman ilmi\u00f6ihin.<\/p>\n<\/div>\n<p><strong>ENNAKKOKYSELY:<br \/>\n<\/strong>K\u00e4y vastaamassa oheiseen ennakkokyselyyn t\u00e4h\u00e4n teemaan liittyen. Tulemme k\u00e4ym\u00e4\u00e4n ennakkokyselyn tuloksia webinaarissa.<\/p>\n<p><a href=\"https:\/\/www.menti.com\/alxdc7pnis8r\" target=\"_blank\" rel=\"noopener\" data-saferedirecturl=\"https:\/\/www.google.com\/url?q=https:\/\/www.menti.com\/alxdc7pnis8r&amp;source=gmail&amp;ust=1700290735029000&amp;usg=AOvVaw0gFfgMsDOg4ZK2Qy4qh1hs\">https:\/\/www.menti.com\/<wbr \/>alxdc7pnis8r<\/a><\/p>\n<hr \/>\n<h2><strong>TAPAHTUMAN TIEDOT<\/strong><\/h2>\n<p>Aika: Torstaina 23.11.2023 kello 17.30 &#8211; 19.30<br \/>\nLinkki: Liity webinaariin [<a href=\"https:\/\/www.youtube.com\/watch?v=rG9d1Yp2RYo&amp;ab_channel=Cine-AExtra\">t\u00e4st\u00e4<\/a>].<\/p>\n<p>Tilaisuus on avoin ja maksuton kaikille eik\u00e4 vaadi ennakkoilmoittautumista.<\/p>\n<p>Halutessasi voit liitty\u00e4 Tietoturva ry:n j\u00e4seneksi [<a href=\"https:\/\/tietoturva.fi\/jaseneksi\/\">t\u00e4\u00e4lt\u00e4<\/a>].<\/p>\n<p>Lis\u00e4tietoa ja muut tiedustelut: <a href=\"mailto:info@tietoturva.fi\">info@tietoturva.fi<\/a><\/p>\n<hr \/>\n<h3><b>OHJELMA\u00a0<\/b><b><br \/>\n<\/b><\/h3>\n<div><b>Kodin digilaitteet, sosiaalinen media sek\u00e4 teko\u00e4ly <\/b><b>&#8211; miten toimia turvallisesti ja mit\u00e4 n\u00e4ist\u00e4 pit\u00e4\u00e4 nyt tiet\u00e4\u00e4 ja osata?<\/b><b><\/b><b><\/b><\/div>\n<div dir=\"auto\">\n<p><b>17.30 Tilaisuuden avaus<\/b><\/p>\n<p>Webinaariin juontavat Tietoturva ry:n hallituksen j\u00e4senet Oona Matinpalo ja Kimmo Rousku.<\/p>\n<\/div>\n<div dir=\"auto\">\n<div><b>17.35 Kodin digilaitteet turvalliseksi<br \/>\n<\/b>Alustuksena kuullaan vinkkej\u00e4 havaintoatarkistuslistasta &#8211; onhan n\u00e4m\u00e4 kuusi asiaa sinulla hallinnassa? Teemakeskustelu alustuksen j\u00e4lkeen.<\/p>\n<p>Tilaisuuden keskustelijat:<br \/>\n&#8211; Christina Forsg\u00e5rd, viestint\u00e4konsultti, Netprofile<br \/>\n&#8211; Petteri J\u00e4rvinen, tietokirjailija, n\u00f6rtti<br \/>\n&#8211; Katleena Kortesuo, tietokirjailija, viestint\u00e4asiantuntija<br \/>\n&#8211; Teemu Vaskiluoto, senior associate, Advisense<\/p><\/div>\n<\/div>\n<p><b>18.10 Sosiaalinen media &#8211; miss\u00e4 nyt menn\u00e4\u00e4n?<\/b><\/p>\n<div>\n<div dir=\"auto\">\n<p>Mit\u00e4 some palveluista pit\u00e4\u00e4 nyt tiet\u00e4\u00e4 ja osata tehd\u00e4?<\/p>\n<p>Alustuksena kuullaan kuusi havaintoa some-palveluiden tilanteesta. Teemakeskustelu alustuksen j\u00e4lkeen.<\/p>\n<\/div>\n<\/div>\n<div>\n<p><b>18.40 Tauko<\/b><\/p>\n<\/div>\n<div><b>18.45 Millaisia k\u00e4ytt\u00f6mahdollisuuksia AI tarjoaa, ent\u00e4 millaisia uhkia sen k\u00e4ytt\u00f6\u00f6n liittyy?<\/b><\/div>\n<div>\n<p>Alustuksena kuullaan kuusi kuusi huomioitavaa asiaa teko\u00e4lyn turvalliseen k\u00e4ytt\u00f6\u00f6n liittyen. Teemakeskustelu alustuksen j\u00e4lkeen.<\/p>\n<p>Teko\u00e4ly oli yksi Tietoturva ry:n <a href=\"https:\/\/tietoturva.fi\/2023\/11\/09\/vuoden-tietoturvapalvelu-2023\/\" target=\"_blank\" rel=\"noopener\" data-saferedirecturl=\"https:\/\/www.google.com\/url?q=https:\/\/tietoturva.fi\/2023\/11\/09\/vuoden-tietoturvapalvelu-2023\/&amp;source=gmail&amp;ust=1700290735029000&amp;usg=AOvVaw0xuVAHyBGO71odPrbLJ--8\">palkituista palveluista.<\/a><\/p>\n<\/div>\n<div dir=\"auto\"><b>19.30 Tilaisuus p\u00e4\u00e4ttyy<\/b><\/div>\n<p>&nbsp;<\/p>\n<hr \/>\n<p>Yhdistys varaa oikeuden muutoksille<\/p>\n","protected":false},"excerpt":{"rendered":"<p><img loading=\"lazy\" decoding=\"async\" class=\"wp-image-1272 aligncenter\" src=\"https:\/\/tietoturva.fi\/wp-content\/uploads\/sites\/7\/2022\/03\/ttry-webinar.png\" alt=\"\" width=\"415\" height=\"359\" srcset=\"https:\/\/tivia-jasenyhdistykset.fi\/tietoturva\/wp-content\/uploads\/sites\/7\/2022\/03\/ttry-webinar.png 723w, https:\/\/tivia-jasenyhdistykset.fi\/tietoturva\/wp-content\/uploads\/sites\/7\/2022\/03\/ttry-webinar-300x259.png 300w\" sizes=\"auto, (max-width: 415px) 100vw, 415px\" \/><\/p>\n<p>Kodin digilaitteet, sosiaalinen media sek\u00e4 teko\u00e4ly &#8211; miten toimia turvallisesti ja mit\u00e4 n\u00e4ist\u00e4 pit\u00e4\u00e4 nyt tiet\u00e4\u00e4 ja osata?<\/p>\n<p>Syksy 2023 on nostanut esille useita digimaailmaan liittyvi\u00e4 huolia, mink\u00e4 johdosta Tietoturva ry j\u00e4rjest\u00e4\u00e4 webinaarin, jossa n\u00e4it\u00e4 teemoja k\u00e4sitell\u00e4\u00e4n alan asiantuntijoiden kanssa.<\/p>\n","protected":false},"author":2408,"featured_media":0,"comment_status":"closed","ping_status":"closed","sticky":false,"template":"","format":"standard","meta":{"_acf_changed":false,"footnotes":""},"categories":[24,1],"tags":[],"class_list":["post-2030","post","type-post","status-publish","format-standard","hentry","category-webinaari","category-yleinen"],"acf":[],"yoast_head":"<!-- This site is optimized with the Yoast SEO plugin v27.5 - https:\/\/yoast.com\/product\/yoast-seo-wordpress\/ -->\n<title>Webinaari: Kodin digilaitteet, sosiaalinen media ja teko\u00e4ly 23.11.2023 - Tietoturva ry<\/title>\n<meta name=\"robots\" content=\"index, follow, max-snippet:-1, max-image-preview:large, max-video-preview:-1\" \/>\n<link rel=\"canonical\" href=\"https:\/\/tivia-jasenyhdistykset.fi\/tietoturva\/2023\/11\/17\/tietoturva_ry_webinaari\/\" \/>\n<meta property=\"og:locale\" content=\"fi_FI\" \/>\n<meta property=\"og:type\" content=\"article\" \/>\n<meta property=\"og:title\" content=\"Webinaari: Kodin digilaitteet, sosiaalinen media ja teko\u00e4ly 23.11.2023 - Tietoturva ry\" \/>\n<meta property=\"og:description\" content=\"Kodin digilaitteet, sosiaalinen media sek\u00e4 teko\u00e4ly &#8211; miten toimia turvallisesti ja mit\u00e4 n\u00e4ist\u00e4 pit\u00e4\u00e4 nyt tiet\u00e4\u00e4 ja osata? Syksy 2023 on nostanut esille useita digimaailmaan liittyvi\u00e4 huolia, mink\u00e4 johdosta Tietoturva ry j\u00e4rjest\u00e4\u00e4 webinaarin, jossa n\u00e4it\u00e4 teemoja k\u00e4sitell\u00e4\u00e4n alan asiantuntijoiden kanssa.\" \/>\n<meta property=\"og:url\" content=\"https:\/\/tivia-jasenyhdistykset.fi\/tietoturva\/2023\/11\/17\/tietoturva_ry_webinaari\/\" \/>\n<meta property=\"og:site_name\" content=\"Tietoturva ry\" \/>\n<meta property=\"article:publisher\" content=\"https:\/\/www.facebook.com\/TietoturvaRy\/\" \/>\n<meta property=\"article:published_time\" content=\"2023-11-17T07:29:22+00:00\" \/>\n<meta property=\"article:modified_time\" content=\"2024-05-31T10:42:25+00:00\" \/>\n<meta property=\"og:image\" content=\"https:\/\/tietoturva.fi\/wp-content\/uploads\/sites\/7\/2022\/03\/ttry-webinar.png\" \/>\n<meta name=\"author\" content=\"Tommi V\" \/>\n<meta name=\"twitter:card\" content=\"summary_large_image\" \/>\n<meta name=\"twitter:creator\" content=\"@tietoturva_ry\" \/>\n<meta name=\"twitter:site\" content=\"@tietoturva_ry\" \/>\n<meta name=\"twitter:label1\" content=\"Kirjoittanut\" \/>\n\t<meta name=\"twitter:data1\" content=\"Tommi V\" \/>\n\t<meta name=\"twitter:label2\" content=\"Arvioitu lukuaika\" \/>\n\t<meta name=\"twitter:data2\" content=\"3 minuuttia\" \/>\n<script type=\"application\/ld+json\" class=\"yoast-schema-graph\">{\"@context\":\"https:\\\/\\\/schema.org\",\"@graph\":[{\"@type\":\"Article\",\"@id\":\"https:\\\/\\\/tivia-jasenyhdistykset.fi\\\/tietoturva\\\/2023\\\/11\\\/17\\\/tietoturva_ry_webinaari\\\/#article\",\"isPartOf\":{\"@id\":\"https:\\\/\\\/tivia-jasenyhdistykset.fi\\\/tietoturva\\\/2023\\\/11\\\/17\\\/tietoturva_ry_webinaari\\\/\"},\"author\":{\"name\":\"Tommi V\",\"@id\":\"https:\\\/\\\/tivia-jasenyhdistykset.fi\\\/tietoturva\\\/#\\\/schema\\\/person\\\/509d9bb392337a2d220ec611546998ec\"},\"headline\":\"Webinaari: Kodin digilaitteet, sosiaalinen media ja teko\u00e4ly 23.11.2023\",\"datePublished\":\"2023-11-17T07:29:22+00:00\",\"dateModified\":\"2024-05-31T10:42:25+00:00\",\"mainEntityOfPage\":{\"@id\":\"https:\\\/\\\/tivia-jasenyhdistykset.fi\\\/tietoturva\\\/2023\\\/11\\\/17\\\/tietoturva_ry_webinaari\\\/\"},\"wordCount\":424,\"publisher\":{\"@id\":\"https:\\\/\\\/tivia-jasenyhdistykset.fi\\\/tietoturva\\\/#organization\"},\"image\":{\"@id\":\"https:\\\/\\\/tivia-jasenyhdistykset.fi\\\/tietoturva\\\/2023\\\/11\\\/17\\\/tietoturva_ry_webinaari\\\/#primaryimage\"},\"thumbnailUrl\":\"https:\\\/\\\/tietoturva.fi\\\/wp-content\\\/uploads\\\/sites\\\/7\\\/2022\\\/03\\\/ttry-webinar.png\",\"articleSection\":[\"Webinaari\"],\"inLanguage\":\"fi\"},{\"@type\":\"WebPage\",\"@id\":\"https:\\\/\\\/tivia-jasenyhdistykset.fi\\\/tietoturva\\\/2023\\\/11\\\/17\\\/tietoturva_ry_webinaari\\\/\",\"url\":\"https:\\\/\\\/tivia-jasenyhdistykset.fi\\\/tietoturva\\\/2023\\\/11\\\/17\\\/tietoturva_ry_webinaari\\\/\",\"name\":\"Webinaari: Kodin digilaitteet, sosiaalinen media ja teko\u00e4ly 23.11.2023 - Tietoturva ry\",\"isPartOf\":{\"@id\":\"https:\\\/\\\/tivia-jasenyhdistykset.fi\\\/tietoturva\\\/#website\"},\"primaryImageOfPage\":{\"@id\":\"https:\\\/\\\/tivia-jasenyhdistykset.fi\\\/tietoturva\\\/2023\\\/11\\\/17\\\/tietoturva_ry_webinaari\\\/#primaryimage\"},\"image\":{\"@id\":\"https:\\\/\\\/tivia-jasenyhdistykset.fi\\\/tietoturva\\\/2023\\\/11\\\/17\\\/tietoturva_ry_webinaari\\\/#primaryimage\"},\"thumbnailUrl\":\"https:\\\/\\\/tietoturva.fi\\\/wp-content\\\/uploads\\\/sites\\\/7\\\/2022\\\/03\\\/ttry-webinar.png\",\"datePublished\":\"2023-11-17T07:29:22+00:00\",\"dateModified\":\"2024-05-31T10:42:25+00:00\",\"breadcrumb\":{\"@id\":\"https:\\\/\\\/tivia-jasenyhdistykset.fi\\\/tietoturva\\\/2023\\\/11\\\/17\\\/tietoturva_ry_webinaari\\\/#breadcrumb\"},\"inLanguage\":\"fi\",\"potentialAction\":[{\"@type\":\"ReadAction\",\"target\":[\"https:\\\/\\\/tivia-jasenyhdistykset.fi\\\/tietoturva\\\/2023\\\/11\\\/17\\\/tietoturva_ry_webinaari\\\/\"]}]},{\"@type\":\"ImageObject\",\"inLanguage\":\"fi\",\"@id\":\"https:\\\/\\\/tivia-jasenyhdistykset.fi\\\/tietoturva\\\/2023\\\/11\\\/17\\\/tietoturva_ry_webinaari\\\/#primaryimage\",\"url\":\"https:\\\/\\\/tietoturva.fi\\\/wp-content\\\/uploads\\\/sites\\\/7\\\/2022\\\/03\\\/ttry-webinar.png\",\"contentUrl\":\"https:\\\/\\\/tietoturva.fi\\\/wp-content\\\/uploads\\\/sites\\\/7\\\/2022\\\/03\\\/ttry-webinar.png\"},{\"@type\":\"BreadcrumbList\",\"@id\":\"https:\\\/\\\/tivia-jasenyhdistykset.fi\\\/tietoturva\\\/2023\\\/11\\\/17\\\/tietoturva_ry_webinaari\\\/#breadcrumb\",\"itemListElement\":[{\"@type\":\"ListItem\",\"position\":1,\"name\":\"Etusivu\",\"item\":\"https:\\\/\\\/tivia-jasenyhdistykset.fi\\\/tietoturva\\\/\"},{\"@type\":\"ListItem\",\"position\":2,\"name\":\"Webinaari: Kodin digilaitteet, sosiaalinen media ja teko\u00e4ly 23.11.2023\"}]},{\"@type\":\"WebSite\",\"@id\":\"https:\\\/\\\/tivia-jasenyhdistykset.fi\\\/tietoturva\\\/#website\",\"url\":\"https:\\\/\\\/tivia-jasenyhdistykset.fi\\\/tietoturva\\\/\",\"name\":\"Tietoturva ry\",\"description\":\"Suomen suurin tietoturva-ammattilaisten verkosto\",\"publisher\":{\"@id\":\"https:\\\/\\\/tivia-jasenyhdistykset.fi\\\/tietoturva\\\/#organization\"},\"potentialAction\":[{\"@type\":\"SearchAction\",\"target\":{\"@type\":\"EntryPoint\",\"urlTemplate\":\"https:\\\/\\\/tivia-jasenyhdistykset.fi\\\/tietoturva\\\/?s={search_term_string}\"},\"query-input\":{\"@type\":\"PropertyValueSpecification\",\"valueRequired\":true,\"valueName\":\"search_term_string\"}}],\"inLanguage\":\"fi\"},{\"@type\":\"Organization\",\"@id\":\"https:\\\/\\\/tivia-jasenyhdistykset.fi\\\/tietoturva\\\/#organization\",\"name\":\"Tietoturva ry\",\"url\":\"https:\\\/\\\/tivia-jasenyhdistykset.fi\\\/tietoturva\\\/\",\"logo\":{\"@type\":\"ImageObject\",\"inLanguage\":\"fi\",\"@id\":\"https:\\\/\\\/tivia-jasenyhdistykset.fi\\\/tietoturva\\\/#\\\/schema\\\/logo\\\/image\\\/\",\"url\":\"https:\\\/\\\/tietoturva.fi\\\/wp-content\\\/uploads\\\/sites\\\/7\\\/2021\\\/05\\\/Tietoturva-logo-2018-100.png\",\"contentUrl\":\"https:\\\/\\\/tietoturva.fi\\\/wp-content\\\/uploads\\\/sites\\\/7\\\/2021\\\/05\\\/Tietoturva-logo-2018-100.png\",\"width\":73,\"height\":100,\"caption\":\"Tietoturva ry\"},\"image\":{\"@id\":\"https:\\\/\\\/tivia-jasenyhdistykset.fi\\\/tietoturva\\\/#\\\/schema\\\/logo\\\/image\\\/\"},\"sameAs\":[\"https:\\\/\\\/www.facebook.com\\\/TietoturvaRy\\\/\",\"https:\\\/\\\/x.com\\\/tietoturva_ry\",\"https:\\\/\\\/www.linkedin.com\\\/company\\\/tietoturva\\\/\",\"https:\\\/\\\/www.youtube.com\\\/channel\\\/UCmXkytjYpJ4_N2msCNy69sw\\\/\"]},{\"@type\":\"Person\",\"@id\":\"https:\\\/\\\/tivia-jasenyhdistykset.fi\\\/tietoturva\\\/#\\\/schema\\\/person\\\/509d9bb392337a2d220ec611546998ec\",\"name\":\"Tommi V\",\"image\":{\"@type\":\"ImageObject\",\"inLanguage\":\"fi\",\"@id\":\"https:\\\/\\\/secure.gravatar.com\\\/avatar\\\/407fe7c123719aedfe1043bea0075baf31b4805e5599ab36f3b560d37cfba06d?s=96&d=mm&r=g\",\"url\":\"https:\\\/\\\/secure.gravatar.com\\\/avatar\\\/407fe7c123719aedfe1043bea0075baf31b4805e5599ab36f3b560d37cfba06d?s=96&d=mm&r=g\",\"contentUrl\":\"https:\\\/\\\/secure.gravatar.com\\\/avatar\\\/407fe7c123719aedfe1043bea0075baf31b4805e5599ab36f3b560d37cfba06d?s=96&d=mm&r=g\",\"caption\":\"Tommi V\"},\"url\":\"https:\\\/\\\/tivia-jasenyhdistykset.fi\\\/tietoturva\\\/author\\\/vanninentommi10605\\\/\"}]}<\/script>\n<!-- \/ Yoast SEO plugin. -->","yoast_head_json":{"title":"Webinaari: Kodin digilaitteet, sosiaalinen media ja teko\u00e4ly 23.11.2023 - Tietoturva ry","robots":{"index":"index","follow":"follow","max-snippet":"max-snippet:-1","max-image-preview":"max-image-preview:large","max-video-preview":"max-video-preview:-1"},"canonical":"https:\/\/tivia-jasenyhdistykset.fi\/tietoturva\/2023\/11\/17\/tietoturva_ry_webinaari\/","og_locale":"fi_FI","og_type":"article","og_title":"Webinaari: Kodin digilaitteet, sosiaalinen media ja teko\u00e4ly 23.11.2023 - Tietoturva ry","og_description":"Kodin digilaitteet, sosiaalinen media sek\u00e4 teko\u00e4ly &#8211; miten toimia turvallisesti ja mit\u00e4 n\u00e4ist\u00e4 pit\u00e4\u00e4 nyt tiet\u00e4\u00e4 ja osata? Syksy 2023 on nostanut esille useita digimaailmaan liittyvi\u00e4 huolia, mink\u00e4 johdosta Tietoturva ry j\u00e4rjest\u00e4\u00e4 webinaarin, jossa n\u00e4it\u00e4 teemoja k\u00e4sitell\u00e4\u00e4n alan asiantuntijoiden kanssa.","og_url":"https:\/\/tivia-jasenyhdistykset.fi\/tietoturva\/2023\/11\/17\/tietoturva_ry_webinaari\/","og_site_name":"Tietoturva ry","article_publisher":"https:\/\/www.facebook.com\/TietoturvaRy\/","article_published_time":"2023-11-17T07:29:22+00:00","article_modified_time":"2024-05-31T10:42:25+00:00","og_image":[{"url":"https:\/\/tietoturva.fi\/wp-content\/uploads\/sites\/7\/2022\/03\/ttry-webinar.png","type":"","width":"","height":""}],"author":"Tommi V","twitter_card":"summary_large_image","twitter_creator":"@tietoturva_ry","twitter_site":"@tietoturva_ry","twitter_misc":{"Kirjoittanut":"Tommi V","Arvioitu lukuaika":"3 minuuttia"},"schema":{"@context":"https:\/\/schema.org","@graph":[{"@type":"Article","@id":"https:\/\/tivia-jasenyhdistykset.fi\/tietoturva\/2023\/11\/17\/tietoturva_ry_webinaari\/#article","isPartOf":{"@id":"https:\/\/tivia-jasenyhdistykset.fi\/tietoturva\/2023\/11\/17\/tietoturva_ry_webinaari\/"},"author":{"name":"Tommi V","@id":"https:\/\/tivia-jasenyhdistykset.fi\/tietoturva\/#\/schema\/person\/509d9bb392337a2d220ec611546998ec"},"headline":"Webinaari: Kodin digilaitteet, sosiaalinen media ja teko\u00e4ly 23.11.2023","datePublished":"2023-11-17T07:29:22+00:00","dateModified":"2024-05-31T10:42:25+00:00","mainEntityOfPage":{"@id":"https:\/\/tivia-jasenyhdistykset.fi\/tietoturva\/2023\/11\/17\/tietoturva_ry_webinaari\/"},"wordCount":424,"publisher":{"@id":"https:\/\/tivia-jasenyhdistykset.fi\/tietoturva\/#organization"},"image":{"@id":"https:\/\/tivia-jasenyhdistykset.fi\/tietoturva\/2023\/11\/17\/tietoturva_ry_webinaari\/#primaryimage"},"thumbnailUrl":"https:\/\/tietoturva.fi\/wp-content\/uploads\/sites\/7\/2022\/03\/ttry-webinar.png","articleSection":["Webinaari"],"inLanguage":"fi"},{"@type":"WebPage","@id":"https:\/\/tivia-jasenyhdistykset.fi\/tietoturva\/2023\/11\/17\/tietoturva_ry_webinaari\/","url":"https:\/\/tivia-jasenyhdistykset.fi\/tietoturva\/2023\/11\/17\/tietoturva_ry_webinaari\/","name":"Webinaari: Kodin digilaitteet, sosiaalinen media ja teko\u00e4ly 23.11.2023 - Tietoturva ry","isPartOf":{"@id":"https:\/\/tivia-jasenyhdistykset.fi\/tietoturva\/#website"},"primaryImageOfPage":{"@id":"https:\/\/tivia-jasenyhdistykset.fi\/tietoturva\/2023\/11\/17\/tietoturva_ry_webinaari\/#primaryimage"},"image":{"@id":"https:\/\/tivia-jasenyhdistykset.fi\/tietoturva\/2023\/11\/17\/tietoturva_ry_webinaari\/#primaryimage"},"thumbnailUrl":"https:\/\/tietoturva.fi\/wp-content\/uploads\/sites\/7\/2022\/03\/ttry-webinar.png","datePublished":"2023-11-17T07:29:22+00:00","dateModified":"2024-05-31T10:42:25+00:00","breadcrumb":{"@id":"https:\/\/tivia-jasenyhdistykset.fi\/tietoturva\/2023\/11\/17\/tietoturva_ry_webinaari\/#breadcrumb"},"inLanguage":"fi","potentialAction":[{"@type":"ReadAction","target":["https:\/\/tivia-jasenyhdistykset.fi\/tietoturva\/2023\/11\/17\/tietoturva_ry_webinaari\/"]}]},{"@type":"ImageObject","inLanguage":"fi","@id":"https:\/\/tivia-jasenyhdistykset.fi\/tietoturva\/2023\/11\/17\/tietoturva_ry_webinaari\/#primaryimage","url":"https:\/\/tietoturva.fi\/wp-content\/uploads\/sites\/7\/2022\/03\/ttry-webinar.png","contentUrl":"https:\/\/tietoturva.fi\/wp-content\/uploads\/sites\/7\/2022\/03\/ttry-webinar.png"},{"@type":"BreadcrumbList","@id":"https:\/\/tivia-jasenyhdistykset.fi\/tietoturva\/2023\/11\/17\/tietoturva_ry_webinaari\/#breadcrumb","itemListElement":[{"@type":"ListItem","position":1,"name":"Etusivu","item":"https:\/\/tivia-jasenyhdistykset.fi\/tietoturva\/"},{"@type":"ListItem","position":2,"name":"Webinaari: Kodin digilaitteet, sosiaalinen media ja teko\u00e4ly 23.11.2023"}]},{"@type":"WebSite","@id":"https:\/\/tivia-jasenyhdistykset.fi\/tietoturva\/#website","url":"https:\/\/tivia-jasenyhdistykset.fi\/tietoturva\/","name":"Tietoturva ry","description":"Suomen suurin tietoturva-ammattilaisten verkosto","publisher":{"@id":"https:\/\/tivia-jasenyhdistykset.fi\/tietoturva\/#organization"},"potentialAction":[{"@type":"SearchAction","target":{"@type":"EntryPoint","urlTemplate":"https:\/\/tivia-jasenyhdistykset.fi\/tietoturva\/?s={search_term_string}"},"query-input":{"@type":"PropertyValueSpecification","valueRequired":true,"valueName":"search_term_string"}}],"inLanguage":"fi"},{"@type":"Organization","@id":"https:\/\/tivia-jasenyhdistykset.fi\/tietoturva\/#organization","name":"Tietoturva ry","url":"https:\/\/tivia-jasenyhdistykset.fi\/tietoturva\/","logo":{"@type":"ImageObject","inLanguage":"fi","@id":"https:\/\/tivia-jasenyhdistykset.fi\/tietoturva\/#\/schema\/logo\/image\/","url":"https:\/\/tietoturva.fi\/wp-content\/uploads\/sites\/7\/2021\/05\/Tietoturva-logo-2018-100.png","contentUrl":"https:\/\/tietoturva.fi\/wp-content\/uploads\/sites\/7\/2021\/05\/Tietoturva-logo-2018-100.png","width":73,"height":100,"caption":"Tietoturva ry"},"image":{"@id":"https:\/\/tivia-jasenyhdistykset.fi\/tietoturva\/#\/schema\/logo\/image\/"},"sameAs":["https:\/\/www.facebook.com\/TietoturvaRy\/","https:\/\/x.com\/tietoturva_ry","https:\/\/www.linkedin.com\/company\/tietoturva\/","https:\/\/www.youtube.com\/channel\/UCmXkytjYpJ4_N2msCNy69sw\/"]},{"@type":"Person","@id":"https:\/\/tivia-jasenyhdistykset.fi\/tietoturva\/#\/schema\/person\/509d9bb392337a2d220ec611546998ec","name":"Tommi V","image":{"@type":"ImageObject","inLanguage":"fi","@id":"https:\/\/secure.gravatar.com\/avatar\/407fe7c123719aedfe1043bea0075baf31b4805e5599ab36f3b560d37cfba06d?s=96&d=mm&r=g","url":"https:\/\/secure.gravatar.com\/avatar\/407fe7c123719aedfe1043bea0075baf31b4805e5599ab36f3b560d37cfba06d?s=96&d=mm&r=g","contentUrl":"https:\/\/secure.gravatar.com\/avatar\/407fe7c123719aedfe1043bea0075baf31b4805e5599ab36f3b560d37cfba06d?s=96&d=mm&r=g","caption":"Tommi V"},"url":"https:\/\/tivia-jasenyhdistykset.fi\/tietoturva\/author\/vanninentommi10605\/"}]}},"_links":{"self":[{"href":"https:\/\/tivia-jasenyhdistykset.fi\/tietoturva\/wp-json\/wp\/v2\/posts\/2030","targetHints":{"allow":["GET"]}}],"collection":[{"href":"https:\/\/tivia-jasenyhdistykset.fi\/tietoturva\/wp-json\/wp\/v2\/posts"}],"about":[{"href":"https:\/\/tivia-jasenyhdistykset.fi\/tietoturva\/wp-json\/wp\/v2\/types\/post"}],"author":[{"embeddable":true,"href":"https:\/\/tivia-jasenyhdistykset.fi\/tietoturva\/wp-json\/wp\/v2\/users\/2408"}],"replies":[{"embeddable":true,"href":"https:\/\/tivia-jasenyhdistykset.fi\/tietoturva\/wp-json\/wp\/v2\/comments?post=2030"}],"version-history":[{"count":23,"href":"https:\/\/tivia-jasenyhdistykset.fi\/tietoturva\/wp-json\/wp\/v2\/posts\/2030\/revisions"}],"predecessor-version":[{"id":2056,"href":"https:\/\/tivia-jasenyhdistykset.fi\/tietoturva\/wp-json\/wp\/v2\/posts\/2030\/revisions\/2056"}],"wp:attachment":[{"href":"https:\/\/tivia-jasenyhdistykset.fi\/tietoturva\/wp-json\/wp\/v2\/media?parent=2030"}],"wp:term":[{"taxonomy":"category","embeddable":true,"href":"https:\/\/tivia-jasenyhdistykset.fi\/tietoturva\/wp-json\/wp\/v2\/categories?post=2030"},{"taxonomy":"post_tag","embeddable":true,"href":"https:\/\/tivia-jasenyhdistykset.fi\/tietoturva\/wp-json\/wp\/v2\/tags?post=2030"}],"curies":[{"name":"wp","href":"https:\/\/api.w.org\/{rel}","templated":true}]}}