{"id":2143,"date":"2024-01-29T09:06:30","date_gmt":"2024-01-29T07:06:30","guid":{"rendered":"https:\/\/tietoturva.fi\/?p=2143"},"modified":"2024-05-31T13:48:39","modified_gmt":"2024-05-31T10:48:39","slug":"vuoden-2023-tietosuojapalkinnot-jaettiin","status":"publish","type":"post","link":"https:\/\/tivia-jasenyhdistykset.fi\/tietoturva\/2024\/01\/29\/vuoden-2023-tietosuojapalkinnot-jaettiin\/","title":{"rendered":"Vuoden 2023 tietosuojapalkinnot jaettiin"},"content":{"rendered":"<p><img loading=\"lazy\" decoding=\"async\" class=\"size-full wp-image-2144 aligncenter\" src=\"https:\/\/tietoturva.fi\/wp-content\/uploads\/sites\/7\/2024\/01\/Tietoturva-ry-scaled.jpeg\" alt=\"Vuoden 2023 tietosuojapalkinnot\" width=\"2560\" height=\"1290\" srcset=\"https:\/\/tivia-jasenyhdistykset.fi\/tietoturva\/wp-content\/uploads\/sites\/7\/2024\/01\/Tietoturva-ry-scaled.jpeg 2560w, https:\/\/tivia-jasenyhdistykset.fi\/tietoturva\/wp-content\/uploads\/sites\/7\/2024\/01\/Tietoturva-ry-300x151.jpeg 300w, https:\/\/tivia-jasenyhdistykset.fi\/tietoturva\/wp-content\/uploads\/sites\/7\/2024\/01\/Tietoturva-ry-1024x516.jpeg 1024w, https:\/\/tivia-jasenyhdistykset.fi\/tietoturva\/wp-content\/uploads\/sites\/7\/2024\/01\/Tietoturva-ry-768x387.jpeg 768w, https:\/\/tivia-jasenyhdistykset.fi\/tietoturva\/wp-content\/uploads\/sites\/7\/2024\/01\/Tietoturva-ry-1536x774.jpeg 1536w, https:\/\/tivia-jasenyhdistykset.fi\/tietoturva\/wp-content\/uploads\/sites\/7\/2024\/01\/Tietoturva-ry-2048x1032.jpeg 2048w\" sizes=\"auto, (max-width: 2560px) 100vw, 2560px\" \/><\/p>\n<p style=\"font-weight: 400;\">Tietoturva ry:n j\u00e4senten ammatillinen kehittyminen ja verkostoituminen ovat toiminnan keski\u00f6ss\u00e4. Yhdistys jakaa vuosittain vuoden tietoturvap\u00e4\u00e4llikk\u00f6, vuoden tietosuojavastaava ja vuoden tietosuojateko -palkinnot sek\u00e4 palkitsee parhaat tietoturva-aiheiset opinn\u00e4ytety\u00f6t. Vuosittaisilla tunnustuksilla on jo pitk\u00e4 perinne, sill\u00e4 yhdistys on valinnut vuoden tietoturvap\u00e4\u00e4llik\u00f6n vuodesta 2012 l\u00e4htien.<\/p>\n<p style=\"font-weight: 400;\">Tietosuojap\u00e4iv\u00e4 2024 -tapahtumassa 26.1.2024 jaettiin \u00a0vuoden 2023 tietosuojapalkinnot. Palkinnot my\u00f6nnettiin yhteisty\u00f6ss\u00e4 Tietoturva ry:n, Tietosuoja ry:n, International Association of Privacy Professionalsin (IAPP) ja Alma Talentin kanssa.<\/p>\n<p style=\"font-weight: 400;\">Tietosuojavaltuutettu Anu Talus sai vuoden 2023 tietosuojateko -palkinnon. H\u00e4nen ty\u00f6ns\u00e4 haavoittuvassa asemassa olevien lasten, nuorten ja heid\u00e4n vanhempiensa tietosuojatietoisuuden parissa on ollut upeaa. Talus on ollut avainhahmo GDPR 4 Children -projektissa, luoden k\u00e4yt\u00e4nn\u00f6llisi\u00e4 tietosuojaty\u00f6kaluja.<\/p>\n<p style=\"font-weight: 400;\">Ida-Emilia Laasonen valittiin vuoden 2023 tietosuojavastaavaksi. H\u00e4nen johtama viiden hengen tiimi Pirkanmaan hyvinvointialueella keskittyy tietosuojan kehitt\u00e4miseen, sopimushallintaan ja hankintoihin. Vuosien kokemuksella yksityisell\u00e4 ja julkisella sektorilla, h\u00e4n on tuonut merkitt\u00e4v\u00e4\u00e4 asiantuntemusta sosiaali- ja terveydenhuollon tietosuojaty\u00f6h\u00f6n.<\/p>\n<p>Kuvassa:<\/p>\n<p style=\"font-weight: 400;\">Johanna Hirvi, Eija Warma-Lehtinen, Ida-Emilia Laasonen, Anu Talus, Reijo Aarnio ja Oona Matinpalo<\/p>\n","protected":false},"excerpt":{"rendered":"<p><img loading=\"lazy\" decoding=\"async\" class=\"size-full wp-image-2144 aligncenter\" src=\"https:\/\/tietoturva.fi\/wp-content\/uploads\/sites\/7\/2024\/01\/Tietoturva-ry-scaled.jpeg\" alt=\"Vuoden 2023 tietosuojapalkinnot\" width=\"2560\" height=\"1290\" srcset=\"https:\/\/tivia-jasenyhdistykset.fi\/tietoturva\/wp-content\/uploads\/sites\/7\/2024\/01\/Tietoturva-ry-scaled.jpeg 2560w, https:\/\/tivia-jasenyhdistykset.fi\/tietoturva\/wp-content\/uploads\/sites\/7\/2024\/01\/Tietoturva-ry-300x151.jpeg 300w, https:\/\/tivia-jasenyhdistykset.fi\/tietoturva\/wp-content\/uploads\/sites\/7\/2024\/01\/Tietoturva-ry-1024x516.jpeg 1024w, https:\/\/tivia-jasenyhdistykset.fi\/tietoturva\/wp-content\/uploads\/sites\/7\/2024\/01\/Tietoturva-ry-768x387.jpeg 768w, https:\/\/tivia-jasenyhdistykset.fi\/tietoturva\/wp-content\/uploads\/sites\/7\/2024\/01\/Tietoturva-ry-1536x774.jpeg 1536w, https:\/\/tivia-jasenyhdistykset.fi\/tietoturva\/wp-content\/uploads\/sites\/7\/2024\/01\/Tietoturva-ry-2048x1032.jpeg 2048w\" sizes=\"auto, (max-width: 2560px) 100vw, 2560px\" \/><\/p>\n<p style=\"font-weight: 400;\">Tietoturva ry:n j\u00e4senten ammatillinen kehittyminen ja verkostoituminen ovat toiminnan keski\u00f6ss\u00e4. Yhdistys jakaa vuosittain vuoden tietoturvap\u00e4\u00e4llikk\u00f6, vuoden tietosuojavastaava ja vuoden tietosuojateko -palkinnot sek\u00e4 palkitsee parhaat tietoturva-aiheiset opinn\u00e4ytety\u00f6t. Vuosittaisilla tunnustuksilla on jo pitk\u00e4 perinne, sill\u00e4 yhdistys on valinnut vuoden tietoturvap\u00e4\u00e4llik\u00f6n vuodesta 2012 l\u00e4htien.<\/p>\n","protected":false},"author":2407,"featured_media":0,"comment_status":"closed","ping_status":"closed","sticky":false,"template":"","format":"standard","meta":{"_acf_changed":false,"footnotes":""},"categories":[74,75],"tags":[],"class_list":["post-2143","post","type-post","status-publish","format-standard","hentry","category-vuoden-tietosuojateko","category-vuoden-tietosuojavastaava"],"acf":[],"yoast_head":"<!-- This site is optimized with the Yoast SEO plugin v27.5 - https:\/\/yoast.com\/product\/yoast-seo-wordpress\/ -->\n<title>Vuoden 2023 tietosuojapalkinnot jaettiin - Tietoturva ry<\/title>\n<meta name=\"robots\" content=\"index, follow, max-snippet:-1, max-image-preview:large, max-video-preview:-1\" \/>\n<link rel=\"canonical\" href=\"https:\/\/tivia-jasenyhdistykset.fi\/tietoturva\/2024\/01\/29\/vuoden-2023-tietosuojapalkinnot-jaettiin\/\" \/>\n<meta property=\"og:locale\" content=\"fi_FI\" \/>\n<meta property=\"og:type\" content=\"article\" \/>\n<meta property=\"og:title\" content=\"Vuoden 2023 tietosuojapalkinnot jaettiin - Tietoturva ry\" \/>\n<meta property=\"og:description\" content=\"Tietoturva ry:n j\u00e4senten ammatillinen kehittyminen ja verkostoituminen ovat toiminnan keski\u00f6ss\u00e4. Yhdistys jakaa vuosittain vuoden tietoturvap\u00e4\u00e4llikk\u00f6, vuoden tietosuojavastaava ja vuoden tietosuojateko -palkinnot sek\u00e4 palkitsee parhaat tietoturva-aiheiset opinn\u00e4ytety\u00f6t. Vuosittaisilla tunnustuksilla on jo pitk\u00e4 perinne, sill\u00e4 yhdistys on valinnut vuoden tietoturvap\u00e4\u00e4llik\u00f6n vuodesta 2012 l\u00e4htien.\" \/>\n<meta property=\"og:url\" content=\"https:\/\/tivia-jasenyhdistykset.fi\/tietoturva\/2024\/01\/29\/vuoden-2023-tietosuojapalkinnot-jaettiin\/\" \/>\n<meta property=\"og:site_name\" content=\"Tietoturva ry\" \/>\n<meta property=\"article:publisher\" content=\"https:\/\/www.facebook.com\/TietoturvaRy\/\" \/>\n<meta property=\"article:published_time\" content=\"2024-01-29T07:06:30+00:00\" \/>\n<meta property=\"article:modified_time\" content=\"2024-05-31T10:48:39+00:00\" \/>\n<meta property=\"og:image\" content=\"https:\/\/tietoturva.fi\/wp-content\/uploads\/sites\/7\/2024\/01\/Tietoturva-ry-scaled.jpeg\" \/>\n<meta name=\"author\" content=\"paasonenjyri14498\" \/>\n<meta name=\"twitter:card\" content=\"summary_large_image\" \/>\n<meta name=\"twitter:creator\" content=\"@tietoturva_ry\" \/>\n<meta name=\"twitter:site\" content=\"@tietoturva_ry\" \/>\n<meta name=\"twitter:label1\" content=\"Kirjoittanut\" \/>\n\t<meta name=\"twitter:data1\" content=\"paasonenjyri14498\" \/>\n\t<meta name=\"twitter:label2\" content=\"Arvioitu lukuaika\" \/>\n\t<meta name=\"twitter:data2\" content=\"2 minuuttia\" \/>\n<script type=\"application\/ld+json\" class=\"yoast-schema-graph\">{\"@context\":\"https:\\\/\\\/schema.org\",\"@graph\":[{\"@type\":\"Article\",\"@id\":\"https:\\\/\\\/tivia-jasenyhdistykset.fi\\\/tietoturva\\\/2024\\\/01\\\/29\\\/vuoden-2023-tietosuojapalkinnot-jaettiin\\\/#article\",\"isPartOf\":{\"@id\":\"https:\\\/\\\/tivia-jasenyhdistykset.fi\\\/tietoturva\\\/2024\\\/01\\\/29\\\/vuoden-2023-tietosuojapalkinnot-jaettiin\\\/\"},\"author\":{\"name\":\"paasonenjyri14498\",\"@id\":\"https:\\\/\\\/tivia-jasenyhdistykset.fi\\\/tietoturva\\\/#\\\/schema\\\/person\\\/766d42b02fd496344172186ac7d818ae\"},\"headline\":\"Vuoden 2023 tietosuojapalkinnot jaettiin\",\"datePublished\":\"2024-01-29T07:06:30+00:00\",\"dateModified\":\"2024-05-31T10:48:39+00:00\",\"mainEntityOfPage\":{\"@id\":\"https:\\\/\\\/tivia-jasenyhdistykset.fi\\\/tietoturva\\\/2024\\\/01\\\/29\\\/vuoden-2023-tietosuojapalkinnot-jaettiin\\\/\"},\"wordCount\":171,\"publisher\":{\"@id\":\"https:\\\/\\\/tivia-jasenyhdistykset.fi\\\/tietoturva\\\/#organization\"},\"image\":{\"@id\":\"https:\\\/\\\/tivia-jasenyhdistykset.fi\\\/tietoturva\\\/2024\\\/01\\\/29\\\/vuoden-2023-tietosuojapalkinnot-jaettiin\\\/#primaryimage\"},\"thumbnailUrl\":\"https:\\\/\\\/tietoturva.fi\\\/wp-content\\\/uploads\\\/sites\\\/7\\\/2024\\\/01\\\/Tietoturva-ry-scaled.jpeg\",\"articleSection\":[\"Vuoden Tietosuojateko\",\"Vuoden TIetosuojavastaava\"],\"inLanguage\":\"fi\"},{\"@type\":\"WebPage\",\"@id\":\"https:\\\/\\\/tivia-jasenyhdistykset.fi\\\/tietoturva\\\/2024\\\/01\\\/29\\\/vuoden-2023-tietosuojapalkinnot-jaettiin\\\/\",\"url\":\"https:\\\/\\\/tivia-jasenyhdistykset.fi\\\/tietoturva\\\/2024\\\/01\\\/29\\\/vuoden-2023-tietosuojapalkinnot-jaettiin\\\/\",\"name\":\"Vuoden 2023 tietosuojapalkinnot jaettiin - Tietoturva ry\",\"isPartOf\":{\"@id\":\"https:\\\/\\\/tivia-jasenyhdistykset.fi\\\/tietoturva\\\/#website\"},\"primaryImageOfPage\":{\"@id\":\"https:\\\/\\\/tivia-jasenyhdistykset.fi\\\/tietoturva\\\/2024\\\/01\\\/29\\\/vuoden-2023-tietosuojapalkinnot-jaettiin\\\/#primaryimage\"},\"image\":{\"@id\":\"https:\\\/\\\/tivia-jasenyhdistykset.fi\\\/tietoturva\\\/2024\\\/01\\\/29\\\/vuoden-2023-tietosuojapalkinnot-jaettiin\\\/#primaryimage\"},\"thumbnailUrl\":\"https:\\\/\\\/tietoturva.fi\\\/wp-content\\\/uploads\\\/sites\\\/7\\\/2024\\\/01\\\/Tietoturva-ry-scaled.jpeg\",\"datePublished\":\"2024-01-29T07:06:30+00:00\",\"dateModified\":\"2024-05-31T10:48:39+00:00\",\"breadcrumb\":{\"@id\":\"https:\\\/\\\/tivia-jasenyhdistykset.fi\\\/tietoturva\\\/2024\\\/01\\\/29\\\/vuoden-2023-tietosuojapalkinnot-jaettiin\\\/#breadcrumb\"},\"inLanguage\":\"fi\",\"potentialAction\":[{\"@type\":\"ReadAction\",\"target\":[\"https:\\\/\\\/tivia-jasenyhdistykset.fi\\\/tietoturva\\\/2024\\\/01\\\/29\\\/vuoden-2023-tietosuojapalkinnot-jaettiin\\\/\"]}]},{\"@type\":\"ImageObject\",\"inLanguage\":\"fi\",\"@id\":\"https:\\\/\\\/tivia-jasenyhdistykset.fi\\\/tietoturva\\\/2024\\\/01\\\/29\\\/vuoden-2023-tietosuojapalkinnot-jaettiin\\\/#primaryimage\",\"url\":\"https:\\\/\\\/tietoturva.fi\\\/wp-content\\\/uploads\\\/sites\\\/7\\\/2024\\\/01\\\/Tietoturva-ry-scaled.jpeg\",\"contentUrl\":\"https:\\\/\\\/tietoturva.fi\\\/wp-content\\\/uploads\\\/sites\\\/7\\\/2024\\\/01\\\/Tietoturva-ry-scaled.jpeg\"},{\"@type\":\"BreadcrumbList\",\"@id\":\"https:\\\/\\\/tivia-jasenyhdistykset.fi\\\/tietoturva\\\/2024\\\/01\\\/29\\\/vuoden-2023-tietosuojapalkinnot-jaettiin\\\/#breadcrumb\",\"itemListElement\":[{\"@type\":\"ListItem\",\"position\":1,\"name\":\"Etusivu\",\"item\":\"https:\\\/\\\/tivia-jasenyhdistykset.fi\\\/tietoturva\\\/\"},{\"@type\":\"ListItem\",\"position\":2,\"name\":\"Vuoden 2023 tietosuojapalkinnot jaettiin\"}]},{\"@type\":\"WebSite\",\"@id\":\"https:\\\/\\\/tivia-jasenyhdistykset.fi\\\/tietoturva\\\/#website\",\"url\":\"https:\\\/\\\/tivia-jasenyhdistykset.fi\\\/tietoturva\\\/\",\"name\":\"Tietoturva ry\",\"description\":\"Suomen suurin tietoturva-ammattilaisten verkosto\",\"publisher\":{\"@id\":\"https:\\\/\\\/tivia-jasenyhdistykset.fi\\\/tietoturva\\\/#organization\"},\"potentialAction\":[{\"@type\":\"SearchAction\",\"target\":{\"@type\":\"EntryPoint\",\"urlTemplate\":\"https:\\\/\\\/tivia-jasenyhdistykset.fi\\\/tietoturva\\\/?s={search_term_string}\"},\"query-input\":{\"@type\":\"PropertyValueSpecification\",\"valueRequired\":true,\"valueName\":\"search_term_string\"}}],\"inLanguage\":\"fi\"},{\"@type\":\"Organization\",\"@id\":\"https:\\\/\\\/tivia-jasenyhdistykset.fi\\\/tietoturva\\\/#organization\",\"name\":\"Tietoturva ry\",\"url\":\"https:\\\/\\\/tivia-jasenyhdistykset.fi\\\/tietoturva\\\/\",\"logo\":{\"@type\":\"ImageObject\",\"inLanguage\":\"fi\",\"@id\":\"https:\\\/\\\/tivia-jasenyhdistykset.fi\\\/tietoturva\\\/#\\\/schema\\\/logo\\\/image\\\/\",\"url\":\"https:\\\/\\\/tietoturva.fi\\\/wp-content\\\/uploads\\\/sites\\\/7\\\/2021\\\/05\\\/Tietoturva-logo-2018-100.png\",\"contentUrl\":\"https:\\\/\\\/tietoturva.fi\\\/wp-content\\\/uploads\\\/sites\\\/7\\\/2021\\\/05\\\/Tietoturva-logo-2018-100.png\",\"width\":73,\"height\":100,\"caption\":\"Tietoturva ry\"},\"image\":{\"@id\":\"https:\\\/\\\/tivia-jasenyhdistykset.fi\\\/tietoturva\\\/#\\\/schema\\\/logo\\\/image\\\/\"},\"sameAs\":[\"https:\\\/\\\/www.facebook.com\\\/TietoturvaRy\\\/\",\"https:\\\/\\\/x.com\\\/tietoturva_ry\",\"https:\\\/\\\/www.linkedin.com\\\/company\\\/tietoturva\\\/\",\"https:\\\/\\\/www.youtube.com\\\/channel\\\/UCmXkytjYpJ4_N2msCNy69sw\\\/\"]},{\"@type\":\"Person\",\"@id\":\"https:\\\/\\\/tivia-jasenyhdistykset.fi\\\/tietoturva\\\/#\\\/schema\\\/person\\\/766d42b02fd496344172186ac7d818ae\",\"name\":\"paasonenjyri14498\",\"image\":{\"@type\":\"ImageObject\",\"inLanguage\":\"fi\",\"@id\":\"https:\\\/\\\/secure.gravatar.com\\\/avatar\\\/7c9a3aa08681936d9f92f77bbe18c7d89e1699414c21c204e8d3ba73ec68a006?s=96&d=mm&r=g\",\"url\":\"https:\\\/\\\/secure.gravatar.com\\\/avatar\\\/7c9a3aa08681936d9f92f77bbe18c7d89e1699414c21c204e8d3ba73ec68a006?s=96&d=mm&r=g\",\"contentUrl\":\"https:\\\/\\\/secure.gravatar.com\\\/avatar\\\/7c9a3aa08681936d9f92f77bbe18c7d89e1699414c21c204e8d3ba73ec68a006?s=96&d=mm&r=g\",\"caption\":\"paasonenjyri14498\"},\"url\":\"https:\\\/\\\/tivia-jasenyhdistykset.fi\\\/tietoturva\\\/author\\\/paasonenjyri14498\\\/\"}]}<\/script>\n<!-- \/ Yoast SEO plugin. -->","yoast_head_json":{"title":"Vuoden 2023 tietosuojapalkinnot jaettiin - Tietoturva ry","robots":{"index":"index","follow":"follow","max-snippet":"max-snippet:-1","max-image-preview":"max-image-preview:large","max-video-preview":"max-video-preview:-1"},"canonical":"https:\/\/tivia-jasenyhdistykset.fi\/tietoturva\/2024\/01\/29\/vuoden-2023-tietosuojapalkinnot-jaettiin\/","og_locale":"fi_FI","og_type":"article","og_title":"Vuoden 2023 tietosuojapalkinnot jaettiin - Tietoturva ry","og_description":"Tietoturva ry:n j\u00e4senten ammatillinen kehittyminen ja verkostoituminen ovat toiminnan keski\u00f6ss\u00e4. Yhdistys jakaa vuosittain vuoden tietoturvap\u00e4\u00e4llikk\u00f6, vuoden tietosuojavastaava ja vuoden tietosuojateko -palkinnot sek\u00e4 palkitsee parhaat tietoturva-aiheiset opinn\u00e4ytety\u00f6t. Vuosittaisilla tunnustuksilla on jo pitk\u00e4 perinne, sill\u00e4 yhdistys on valinnut vuoden tietoturvap\u00e4\u00e4llik\u00f6n vuodesta 2012 l\u00e4htien.","og_url":"https:\/\/tivia-jasenyhdistykset.fi\/tietoturva\/2024\/01\/29\/vuoden-2023-tietosuojapalkinnot-jaettiin\/","og_site_name":"Tietoturva ry","article_publisher":"https:\/\/www.facebook.com\/TietoturvaRy\/","article_published_time":"2024-01-29T07:06:30+00:00","article_modified_time":"2024-05-31T10:48:39+00:00","og_image":[{"url":"https:\/\/tietoturva.fi\/wp-content\/uploads\/sites\/7\/2024\/01\/Tietoturva-ry-scaled.jpeg","type":"","width":"","height":""}],"author":"paasonenjyri14498","twitter_card":"summary_large_image","twitter_creator":"@tietoturva_ry","twitter_site":"@tietoturva_ry","twitter_misc":{"Kirjoittanut":"paasonenjyri14498","Arvioitu lukuaika":"2 minuuttia"},"schema":{"@context":"https:\/\/schema.org","@graph":[{"@type":"Article","@id":"https:\/\/tivia-jasenyhdistykset.fi\/tietoturva\/2024\/01\/29\/vuoden-2023-tietosuojapalkinnot-jaettiin\/#article","isPartOf":{"@id":"https:\/\/tivia-jasenyhdistykset.fi\/tietoturva\/2024\/01\/29\/vuoden-2023-tietosuojapalkinnot-jaettiin\/"},"author":{"name":"paasonenjyri14498","@id":"https:\/\/tivia-jasenyhdistykset.fi\/tietoturva\/#\/schema\/person\/766d42b02fd496344172186ac7d818ae"},"headline":"Vuoden 2023 tietosuojapalkinnot jaettiin","datePublished":"2024-01-29T07:06:30+00:00","dateModified":"2024-05-31T10:48:39+00:00","mainEntityOfPage":{"@id":"https:\/\/tivia-jasenyhdistykset.fi\/tietoturva\/2024\/01\/29\/vuoden-2023-tietosuojapalkinnot-jaettiin\/"},"wordCount":171,"publisher":{"@id":"https:\/\/tivia-jasenyhdistykset.fi\/tietoturva\/#organization"},"image":{"@id":"https:\/\/tivia-jasenyhdistykset.fi\/tietoturva\/2024\/01\/29\/vuoden-2023-tietosuojapalkinnot-jaettiin\/#primaryimage"},"thumbnailUrl":"https:\/\/tietoturva.fi\/wp-content\/uploads\/sites\/7\/2024\/01\/Tietoturva-ry-scaled.jpeg","articleSection":["Vuoden Tietosuojateko","Vuoden TIetosuojavastaava"],"inLanguage":"fi"},{"@type":"WebPage","@id":"https:\/\/tivia-jasenyhdistykset.fi\/tietoturva\/2024\/01\/29\/vuoden-2023-tietosuojapalkinnot-jaettiin\/","url":"https:\/\/tivia-jasenyhdistykset.fi\/tietoturva\/2024\/01\/29\/vuoden-2023-tietosuojapalkinnot-jaettiin\/","name":"Vuoden 2023 tietosuojapalkinnot jaettiin - Tietoturva ry","isPartOf":{"@id":"https:\/\/tivia-jasenyhdistykset.fi\/tietoturva\/#website"},"primaryImageOfPage":{"@id":"https:\/\/tivia-jasenyhdistykset.fi\/tietoturva\/2024\/01\/29\/vuoden-2023-tietosuojapalkinnot-jaettiin\/#primaryimage"},"image":{"@id":"https:\/\/tivia-jasenyhdistykset.fi\/tietoturva\/2024\/01\/29\/vuoden-2023-tietosuojapalkinnot-jaettiin\/#primaryimage"},"thumbnailUrl":"https:\/\/tietoturva.fi\/wp-content\/uploads\/sites\/7\/2024\/01\/Tietoturva-ry-scaled.jpeg","datePublished":"2024-01-29T07:06:30+00:00","dateModified":"2024-05-31T10:48:39+00:00","breadcrumb":{"@id":"https:\/\/tivia-jasenyhdistykset.fi\/tietoturva\/2024\/01\/29\/vuoden-2023-tietosuojapalkinnot-jaettiin\/#breadcrumb"},"inLanguage":"fi","potentialAction":[{"@type":"ReadAction","target":["https:\/\/tivia-jasenyhdistykset.fi\/tietoturva\/2024\/01\/29\/vuoden-2023-tietosuojapalkinnot-jaettiin\/"]}]},{"@type":"ImageObject","inLanguage":"fi","@id":"https:\/\/tivia-jasenyhdistykset.fi\/tietoturva\/2024\/01\/29\/vuoden-2023-tietosuojapalkinnot-jaettiin\/#primaryimage","url":"https:\/\/tietoturva.fi\/wp-content\/uploads\/sites\/7\/2024\/01\/Tietoturva-ry-scaled.jpeg","contentUrl":"https:\/\/tietoturva.fi\/wp-content\/uploads\/sites\/7\/2024\/01\/Tietoturva-ry-scaled.jpeg"},{"@type":"BreadcrumbList","@id":"https:\/\/tivia-jasenyhdistykset.fi\/tietoturva\/2024\/01\/29\/vuoden-2023-tietosuojapalkinnot-jaettiin\/#breadcrumb","itemListElement":[{"@type":"ListItem","position":1,"name":"Etusivu","item":"https:\/\/tivia-jasenyhdistykset.fi\/tietoturva\/"},{"@type":"ListItem","position":2,"name":"Vuoden 2023 tietosuojapalkinnot jaettiin"}]},{"@type":"WebSite","@id":"https:\/\/tivia-jasenyhdistykset.fi\/tietoturva\/#website","url":"https:\/\/tivia-jasenyhdistykset.fi\/tietoturva\/","name":"Tietoturva ry","description":"Suomen suurin tietoturva-ammattilaisten verkosto","publisher":{"@id":"https:\/\/tivia-jasenyhdistykset.fi\/tietoturva\/#organization"},"potentialAction":[{"@type":"SearchAction","target":{"@type":"EntryPoint","urlTemplate":"https:\/\/tivia-jasenyhdistykset.fi\/tietoturva\/?s={search_term_string}"},"query-input":{"@type":"PropertyValueSpecification","valueRequired":true,"valueName":"search_term_string"}}],"inLanguage":"fi"},{"@type":"Organization","@id":"https:\/\/tivia-jasenyhdistykset.fi\/tietoturva\/#organization","name":"Tietoturva ry","url":"https:\/\/tivia-jasenyhdistykset.fi\/tietoturva\/","logo":{"@type":"ImageObject","inLanguage":"fi","@id":"https:\/\/tivia-jasenyhdistykset.fi\/tietoturva\/#\/schema\/logo\/image\/","url":"https:\/\/tietoturva.fi\/wp-content\/uploads\/sites\/7\/2021\/05\/Tietoturva-logo-2018-100.png","contentUrl":"https:\/\/tietoturva.fi\/wp-content\/uploads\/sites\/7\/2021\/05\/Tietoturva-logo-2018-100.png","width":73,"height":100,"caption":"Tietoturva ry"},"image":{"@id":"https:\/\/tivia-jasenyhdistykset.fi\/tietoturva\/#\/schema\/logo\/image\/"},"sameAs":["https:\/\/www.facebook.com\/TietoturvaRy\/","https:\/\/x.com\/tietoturva_ry","https:\/\/www.linkedin.com\/company\/tietoturva\/","https:\/\/www.youtube.com\/channel\/UCmXkytjYpJ4_N2msCNy69sw\/"]},{"@type":"Person","@id":"https:\/\/tivia-jasenyhdistykset.fi\/tietoturva\/#\/schema\/person\/766d42b02fd496344172186ac7d818ae","name":"paasonenjyri14498","image":{"@type":"ImageObject","inLanguage":"fi","@id":"https:\/\/secure.gravatar.com\/avatar\/7c9a3aa08681936d9f92f77bbe18c7d89e1699414c21c204e8d3ba73ec68a006?s=96&d=mm&r=g","url":"https:\/\/secure.gravatar.com\/avatar\/7c9a3aa08681936d9f92f77bbe18c7d89e1699414c21c204e8d3ba73ec68a006?s=96&d=mm&r=g","contentUrl":"https:\/\/secure.gravatar.com\/avatar\/7c9a3aa08681936d9f92f77bbe18c7d89e1699414c21c204e8d3ba73ec68a006?s=96&d=mm&r=g","caption":"paasonenjyri14498"},"url":"https:\/\/tivia-jasenyhdistykset.fi\/tietoturva\/author\/paasonenjyri14498\/"}]}},"_links":{"self":[{"href":"https:\/\/tivia-jasenyhdistykset.fi\/tietoturva\/wp-json\/wp\/v2\/posts\/2143","targetHints":{"allow":["GET"]}}],"collection":[{"href":"https:\/\/tivia-jasenyhdistykset.fi\/tietoturva\/wp-json\/wp\/v2\/posts"}],"about":[{"href":"https:\/\/tivia-jasenyhdistykset.fi\/tietoturva\/wp-json\/wp\/v2\/types\/post"}],"author":[{"embeddable":true,"href":"https:\/\/tivia-jasenyhdistykset.fi\/tietoturva\/wp-json\/wp\/v2\/users\/2407"}],"replies":[{"embeddable":true,"href":"https:\/\/tivia-jasenyhdistykset.fi\/tietoturva\/wp-json\/wp\/v2\/comments?post=2143"}],"version-history":[{"count":5,"href":"https:\/\/tivia-jasenyhdistykset.fi\/tietoturva\/wp-json\/wp\/v2\/posts\/2143\/revisions"}],"predecessor-version":[{"id":2151,"href":"https:\/\/tivia-jasenyhdistykset.fi\/tietoturva\/wp-json\/wp\/v2\/posts\/2143\/revisions\/2151"}],"wp:attachment":[{"href":"https:\/\/tivia-jasenyhdistykset.fi\/tietoturva\/wp-json\/wp\/v2\/media?parent=2143"}],"wp:term":[{"taxonomy":"category","embeddable":true,"href":"https:\/\/tivia-jasenyhdistykset.fi\/tietoturva\/wp-json\/wp\/v2\/categories?post=2143"},{"taxonomy":"post_tag","embeddable":true,"href":"https:\/\/tivia-jasenyhdistykset.fi\/tietoturva\/wp-json\/wp\/v2\/tags?post=2143"}],"curies":[{"name":"wp","href":"https:\/\/api.w.org\/{rel}","templated":true}]}}