{"id":2219,"date":"2025-02-23T17:45:54","date_gmt":"2025-02-23T15:45:54","guid":{"rendered":"https:\/\/tietoturva.fi\/?p=2219"},"modified":"2025-09-26T10:15:35","modified_gmt":"2025-09-26T07:15:35","slug":"tietoturvakatsaus-2","status":"publish","type":"post","link":"https:\/\/tivia-jasenyhdistykset.fi\/tietoturva\/2025\/02\/23\/tietoturvakatsaus-2\/","title":{"rendered":"Tietoturvakatsaus #6, toukokuu 2025"},"content":{"rendered":"<p style=\"font-weight: 400;\"><strong>Tietoturva ry j\u00e4rjest\u00e4\u00e4 kuudennen Tietoturvakatsaus -seminaarin Helsingiss\u00e4 8.5.2025. Seminaarin erityisen\u00e4 aiheena geopoliittinen ilmapiiri ja varatutuminen.\u00a0<\/strong><\/p>\n<p style=\"font-weight: 400;\">Geopoliittinen ilmapiiri vaikuttaa yh\u00e4 enemm\u00e4n kyberturvallisuuteen, ja valtiollisten toimijoiden sek\u00e4 rikollisryhmien toteuttamat kyberhy\u00f6kk\u00e4ykset ovat kasvussa. Hybridivaikuttaminen ja disinformaatio ovat nousseet osaksi geopoliittista peli\u00e4, jossa verkkosis\u00e4lt\u00f6jen ja tietovuotojen avulla voidaan vaikuttaa mielipiteisiin ja p\u00e4\u00e4t\u00f6ksentekoon.<\/p>\n<p style=\"font-weight: 400;\">Yritykset ja organisaatiot joutuvat varautumaan entist\u00e4 paremmin esimerkiksi palvelunestohy\u00f6kk\u00e4yksiin ja tietomurtoihin, jotka voivat h\u00e4irit\u00e4 kriittisi\u00e4 toimintoja ja aiheuttaa merkitt\u00e4vi\u00e4 taloudellisia tappioita. Kyberturvallisuus ei ole en\u00e4\u00e4 vain tekninen kysymys, vaan se edellytt\u00e4\u00e4 laajempaa varautumista ja resilienssin kehitt\u00e4mist\u00e4 organisaatiotasolla.<\/p>\n<p>Tietoturvakatsaus -seminaarissa johtavat asiantuntijat avaavat n\u00e4k\u00f6kulmia ajankohtaisiin tietoturvallisuusasioihin, uusimpiin teknologioihin ja geopoliittiseen tilanteeseen. Seminaari on suunnattu kaikille, jotka ovat kiinnostuneita digitaalisen maailman tulevaisuudesta ja turvallisuudesta. Seminaari on erinomainen tilaisuus oppia uutta ja verkostoitua alan ammattilaisten kanssa.<\/p>\n<p data-start=\"128\" data-end=\"149\"><strong data-start=\"128\" data-end=\"149\">Miksi osallistua?<\/strong><\/p>\n<ul data-start=\"151\" data-end=\"585\">\n<li data-start=\"151\" data-end=\"267\">\n<p data-start=\"153\" data-end=\"267\"><strong data-start=\"153\" data-end=\"185\">Huippuasiantuntijat lavalla:<\/strong> <span class=\"relative -mx-px my-[-0.2rem] rounded px-px py-[0.2rem]\">Kuule Suomen johtavien tietoturva-asiantuntijoiden n\u00e4kemyksi\u00e4 uusimmista teknologioista ja geopoliittisista haasteista.<\/span><\/p>\n<\/li>\n<li data-start=\"269\" data-end=\"406\">\n<p data-start=\"271\" data-end=\"406\"><strong data-start=\"271\" data-end=\"304\">Verkostoitumismahdollisuudet:<\/strong> Tapaa alan ammattilaisia ja laajenna kontaktiverkostoasi.\u200b<\/p>\n<\/li>\n<li data-start=\"408\" data-end=\"585\">\n<p data-start=\"410\" data-end=\"585\"><strong data-start=\"410\" data-end=\"435\">Ajankohtaista tietoa:<\/strong> Pysy askeleen edell\u00e4 tietoturvauhkien kehityksess\u00e4 ja opi parhaat k\u00e4yt\u00e4nn\u00f6t organisaatiosi suojaamiseksi.\u200b<\/p>\n<\/li>\n<\/ul>\n<p style=\"font-weight: 400;\"><span class=\"relative -mx-px my-[-0.2rem] rounded px-px py-[0.2rem]\">N\u00e4hd\u00e4\u00e4n kev\u00e4\u00e4n Tietoturvakatsaus 2025 -seminaarissa!<\/span>\u200b<\/p>\n<hr \/>\n<h3>Tapahtuman tiedot<\/h3>\n<p style=\"font-weight: 400;\"><strong>Ajankohta:<\/strong> to 8.5.2025<br \/>\n<strong>Seminaari:<\/strong> klo 12.00\u201320.00<br \/>\n<strong>Paikka<\/strong>: Mikonkatu 7, 00100 Helsinki<br \/>\n<strong>Hinta: <\/strong>85 eur, alv 0%.<\/p>\n<p>Lippuja on saatavilla rajoitettu m\u00e4\u00e4r\u00e4, ja ne jaetaan varausj\u00e4rjestyksess\u00e4. Suosittelemme varaamaan omasi ajoissa varmistaaksesi paikkasi. Yhdistys pid\u00e4tt\u00e4\u00e4 oikeuden muutoksiin tapahtuman aikataulussa, sis\u00e4ll\u00f6ss\u00e4 ja j\u00e4rjestelyiss\u00e4.<\/p>\n<hr \/>\n<h3>ILMOITTAUTUMINEN<\/h3>\n<h3>Tietoturva ry:n j\u00e4senetu: Lunasta ilmaislippu seminaariin!<\/h3>\n<p>J\u00e4senemme p\u00e4\u00e4sev\u00e4t seminaariin veloituksetta! <span style=\"color: #ff0000;\">Jos et ole viel\u00e4 j\u00e4sen, liity j\u00e4seneksi <span style=\"text-decoration: underline;\"><strong><a style=\"color: #ff0000; text-decoration: underline;\" href=\"https:\/\/tietoturva.fi\/jaseneksi\/\">t\u00e4st\u00e4<\/a><\/strong><\/span> ja hy\u00f6dynn\u00e4 t\u00e4m\u00e4 etu!<\/span><\/p>\n<p>Mik\u00e4li et p\u00e4\u00e4se osallistumaan tapahtumaan, pyyd\u00e4mme yst\u00e4v\u00e4llisesti perumaan varauksesi hyviss\u00e4 ajoin. Mik\u00e4li peruutusta ei ole tehty hyviss\u00e4 ajoin, veloitamme <strong>85 euron<\/strong> no-show -maksun. Kiitos ymm\u00e4rryksest\u00e4si!<\/p>\n<p><a style=\"background-color: #fd1e28; border: none; color: white; padding: 15px 32px; text-align: center; text-decoration: none; display: inline-block; font-size: 16px; margin: 4px 2px; cursor: pointer; border-radius: 20px;\" href=\"https:\/\/tivia.fi\/event\/tietoturvakatsaus-2025-2025-05-08-1234\/register\">Lunasta ilmainen j\u00e4senlippu t\u00e4st\u00e4<\/a><\/p>\n<p>&nbsp;<\/p>\n<h3>Yleinen lipunmyynti:<\/h3>\n<p>P\u00e4\u00e4sylippujen myynti on k\u00e4ynniss\u00e4. \u00c4l\u00e4 missaa t\u00e4t\u00e4 ainutlaatuista tilaisuutta p\u00e4ivitt\u00e4\u00e4 tietoturvaosaamistasi ja verkostoitua alan huippujen kanssa.\u200b<\/p>\n<p><a style=\"background-color: #fd1e28; border: none; color: white; padding: 15px 32px; text-align: center; text-decoration: none; display: inline-block; font-size: 16px; margin: 4px 2px; cursor: pointer; border-radius: 20px;\" href=\"https:\/\/tivia.fi\/event\/tietoturvakatsaus-2025-2025-05-08-1234\/register\">Osta p\u00e4\u00e4sylippu t\u00e4\u00e4lt\u00e4 (85 eur)<\/a><\/p>\n<p>Tervetuloa tapahtumaan!<\/p>\n<hr \/>\n<h2><img loading=\"lazy\" decoding=\"async\" class=\"size-full wp-image-2704 aligncenter\" src=\"https:\/\/tietoturva.fi\/wp-content\/uploads\/sites\/7\/2024\/09\/tietoturvakatsaus-logo.png\" alt=\"Tietoturvakatsaus -seminaarin logo\" width=\"861\" height=\"154\" srcset=\"https:\/\/tivia-jasenyhdistykset.fi\/tietoturva\/wp-content\/uploads\/sites\/7\/2024\/09\/tietoturvakatsaus-logo.png 861w, https:\/\/tivia-jasenyhdistykset.fi\/tietoturva\/wp-content\/uploads\/sites\/7\/2024\/09\/tietoturvakatsaus-logo-300x54.png 300w, https:\/\/tivia-jasenyhdistykset.fi\/tietoturva\/wp-content\/uploads\/sites\/7\/2024\/09\/tietoturvakatsaus-logo-768x137.png 768w\" sizes=\"auto, (max-width: 861px) 100vw, 861px\" \/><\/h2>\n<h2><\/h2>\n<p>Seminaariohjelma t\u00e4smentyy l\u00e4hiaikoina. Luvassa on mielenkiintoisia puheenvuoroja ja keskusteluja alan ajankohtaisimmista aiheista.\u200b<\/p>\n<table style=\"width: 100%; border-collapse: collapse;\">\n<thead>\n<tr style=\"background-color: #f2f2f2;\">\n<th style=\"border: 1px solid black; padding: 10px;\">Aika*<\/th>\n<th style=\"border: 1px solid black; padding: 10px;\">Aihe ja puhuja<\/th>\n<\/tr>\n<\/thead>\n<tbody>\n<tr>\n<td style=\"border: 1px solid black; padding: 10px;\">12.00<\/td>\n<td style=\"border: 1px solid black; padding: 10px;\">Tietoturva ry esittelee ohjelman ja k\u00e4yt\u00e4nn\u00f6n j\u00e4rjestelyt<\/td>\n<\/tr>\n<tr style=\"background-color: #f2f2f2;\">\n<td style=\"border: 1px solid black; padding: 10px;\">12.10<\/td>\n<td style=\"border: 1px solid black; padding: 10px;\"><strong>Fireside chat: Ajankohtaiset kuulumiset tietototurvarintamalta ja n\u00e4kemykset geopoliittisesta tilanteesta<\/strong><br \/>\nKimmo Rousku, Tietoturva ry:n vpj, haastattelee kansanedustaja Jarno Limn\u00e9lli\u00e4.<\/td>\n<\/tr>\n<tr>\n<td style=\"border: 1px solid black; padding: 10px;\">13.00<\/td>\n<td style=\"border: 1px solid black; padding: 10px;\"><strong>Managing cyber risk and innovation in an age of connected critical infrastructure: A CIO&#8217;s perspective<\/strong><br \/>\nJan Mickos, DNV Cyberin hallinnoitujen palvelujen johtaja<\/td>\n<\/tr>\n<tr style=\"background-color: #f2f2f2;\">\n<td style=\"border: 1px solid black; padding: 10px;\">13.30<\/td>\n<td style=\"border: 1px solid black; padding: 10px;\"><strong>Teko\u00e4ly ja globaalit datavirrat \u2013 miten voit varautua riskeihin?<\/strong><br \/>\nHeikki Tolvanen, Chief Legal Engineer PrivacyDesigner Oy<\/td>\n<\/tr>\n<tr style=\"background-color: #e4f0ff;\">\n<td style=\"border: 1px solid black; padding: 10px;\">14.00<\/td>\n<td style=\"border: 1px solid black; padding: 10px;\">Verkostoitumistauko<\/td>\n<\/tr>\n<tr style=\"background-color: #f2f2f2;\">\n<td style=\"border: 1px solid black; padding: 10px;\">14.30<\/td>\n<td style=\"border: 1px solid black; padding: 10px;\"><strong>Kyberturvallisuuden ekosysteemi<br \/>\n<\/strong><span style=\"font-family: inherit; font-size: inherit;\">Anssi K\u00e4rkk\u00e4inen, ylijohtaja, Liikenne- ja viestint\u00e4virasto Traficom, Kyberturvallisuuskeskus<\/span><\/td>\n<\/tr>\n<tr>\n<td style=\"border: 1px solid black; padding: 10px;\">15.00<\/td>\n<td style=\"border: 1px solid black; padding: 10px;\"><strong>Turvallisuutta myrskyn keskell\u00e4 &#8211; Euroopan digitaalinen resilienssi ja yhteinen pilvi puolustuksen perustana<\/strong><br \/>\nUrsula Koski, CTO for Nordics and Baltics Partners, Amazon Web Services (AWS)<\/td>\n<\/tr>\n<tr style=\"background-color: #f2f2f2;\">\n<td style=\"border: 1px solid black; padding: 10px;\">15.30<\/td>\n<td style=\"border: 1px solid black; padding: 10px;\"><b>All Modern Attacks are Hybrid Attacks<\/b><br \/>\n<span style=\"font-family: inherit; font-size: inherit;\">Martin Holmgren, Security Architect Vectra AI\u00a0&amp; Jonne Tuomela, <\/span><span class=\"il\" style=\"font-family: inherit; font-size: inherit;\">Security Architect, Westcon<\/span><\/td>\n<\/tr>\n<tr style=\"background-color: #e4f0ff;\">\n<td style=\"border: 1px solid black; padding: 10px;\">16.00<\/td>\n<td style=\"border: 1px solid black; padding: 10px;\">Verkostoitumistauko<\/td>\n<\/tr>\n<tr style=\"background-color: #f2f2f2;\">\n<td style=\"border: 1px solid black; padding: 10px;\">16.30<\/td>\n<td style=\"border: 1px solid black; padding: 10px;\"><strong><span style=\"font-family: inherit; font-size: inherit;\">Digitaalisuus geopoliittisessa tilanteessa &#8211; turva vai riski huoltovarmuudelle?<\/span><\/strong><br \/>\nJarna Hartikainen, yksik\u00f6njohtaja, Huoltovarmuuskeskus<\/td>\n<\/tr>\n<tr>\n<td style=\"border: 1px solid black; padding: 10px;\">17.00<\/td>\n<td style=\"border: 1px solid black; padding: 10px;\"><b>DDoS-hy\u00f6kk\u00e4ykset &#8211; Tekniikka, harjoittelu ja varautuminen<br \/>\n<\/b>Thomas Malmberg, Mint Security Oy<\/td>\n<\/tr>\n<tr style=\"background-color: #f2f2f2;\">\n<td style=\"border: 1px solid black; padding: 10px;\">17.30<\/td>\n<td style=\"border: 1px solid black; padding: 10px;\"><strong><span style=\"font-family: inherit; font-size: inherit;\">Mastering Hybrid Multicloud: How DDI Drives Automation, Security, and Observability<\/span><\/strong><br \/>\nPeter Goodwin, Customer Solution Architect\u00a0Director, Efficient IP<\/td>\n<\/tr>\n<tr style=\"background-color: #e4f0ff;\">\n<td style=\"border: 1px solid black; padding: 10px;\">18.00<\/td>\n<td style=\"border: 1px solid black; padding: 10px;\">Verkostoitumistauko<\/td>\n<\/tr>\n<tr>\n<td style=\"border: 1px solid black; padding: 10px;\">18.15<\/td>\n<td style=\"border: 1px solid black; padding: 10px;\">\n<p style=\"font-weight: 400;\"><strong>NIS2, DORA, CRA, AI ACT &#8211; Teko\u00e4ly avuksi regulaatiomyrskyn keskell\u00e4<br \/>\n<\/strong>Ismo Paananen, CEO &amp; co-founder, Cyberday AI<\/p>\n<\/td>\n<\/tr>\n<tr style=\"background-color: #f2f2f2;\">\n<td style=\"border: 1px solid black; padding: 10px;\">18.45<\/td>\n<td style=\"border: 1px solid black; padding: 10px;\"><strong>Paneelikeskustelu<\/strong><b><strong><br \/>\n<\/strong><\/b>Kimmo Rousku haastattelee panelisteja<\/td>\n<\/tr>\n<tr>\n<td style=\"border: 1px solid black; padding: 10px;\">19.15<\/td>\n<td style=\"border: 1px solid black; padding: 10px;\"><strong>Vapaata verkostoitumista<\/strong><\/td>\n<\/tr>\n<tr style=\"background-color: #f2f2f2;\">\n<td style=\"border: 1px solid black; padding: 10px;\">20.00<\/td>\n<td style=\"border: 1px solid black; padding: 10px;\"><b><strong>Tilaisuus p\u00e4\u00e4ttyy<\/strong><\/b><\/td>\n<\/tr>\n<\/tbody>\n<\/table>\n<p><em>*) Kellonajat ovat suuntaa-antavia. Muutokset mahdollisia.<\/em><\/p>\n","protected":false},"excerpt":{"rendered":"<p style=\"font-weight: 400;\">Tietoturva ry j\u00e4rjest\u00e4\u00e4 kuudennen Tietoturvakatsaus -seminaarin Helsingiss\u00e4 8.5.2025. Seminaarin erityisen\u00e4 aiheena geopoliittinen ilmapiiri ja varatutuminen.\u00a0<\/p>\n<p style=\"font-weight: 400;\">Geopoliittinen ilmapiiri vaikuttaa yh\u00e4 enemm\u00e4n kyberturvallisuuteen, ja valtiollisten toimijoiden sek\u00e4 rikollisryhmien toteuttamat kyberhy\u00f6kk\u00e4ykset ovat kasvussa. Hybridivaikuttaminen ja disinformaatio ovat nousseet osaksi geopoliittista peli\u00e4,<\/p>\n","protected":false},"author":2408,"featured_media":3156,"comment_status":"closed","ping_status":"closed","sticky":false,"template":"","format":"standard","meta":{"_acf_changed":false,"footnotes":""},"categories":[38,90],"tags":[],"class_list":["post-2219","post","type-post","status-publish","format-standard","has-post-thumbnail","hentry","category-tapahtumat","category-tietoturvakatsaus"],"acf":[],"yoast_head":"<!-- This site is optimized with the Yoast SEO plugin v27.5 - https:\/\/yoast.com\/product\/yoast-seo-wordpress\/ -->\n<title>Tietoturvakatsaus #6, toukokuu 2025 - Tietoturva ry<\/title>\n<meta name=\"robots\" content=\"index, follow, max-snippet:-1, max-image-preview:large, max-video-preview:-1\" \/>\n<link rel=\"canonical\" href=\"https:\/\/tivia-jasenyhdistykset.fi\/tietoturva\/2025\/02\/23\/tietoturvakatsaus-2\/\" \/>\n<meta property=\"og:locale\" content=\"fi_FI\" \/>\n<meta property=\"og:type\" content=\"article\" \/>\n<meta property=\"og:title\" content=\"Tietoturvakatsaus #6, toukokuu 2025 - Tietoturva ry\" \/>\n<meta property=\"og:description\" content=\"Tietoturva ry j\u00e4rjest\u00e4\u00e4 kuudennen Tietoturvakatsaus -seminaarin Helsingiss\u00e4 8.5.2025. Seminaarin erityisen\u00e4 aiheena geopoliittinen ilmapiiri ja varatutuminen.\u00a0 Geopoliittinen ilmapiiri vaikuttaa yh\u00e4 enemm\u00e4n kyberturvallisuuteen, ja valtiollisten toimijoiden sek\u00e4 rikollisryhmien toteuttamat kyberhy\u00f6kk\u00e4ykset ovat kasvussa. Hybridivaikuttaminen ja disinformaatio ovat nousseet osaksi geopoliittista peli\u00e4,\" \/>\n<meta property=\"og:url\" content=\"https:\/\/tivia-jasenyhdistykset.fi\/tietoturva\/2025\/02\/23\/tietoturvakatsaus-2\/\" \/>\n<meta property=\"og:site_name\" content=\"Tietoturva ry\" \/>\n<meta property=\"article:publisher\" content=\"https:\/\/www.facebook.com\/TietoturvaRy\/\" \/>\n<meta property=\"article:published_time\" content=\"2025-02-23T15:45:54+00:00\" \/>\n<meta property=\"article:modified_time\" content=\"2025-09-26T07:15:35+00:00\" \/>\n<meta property=\"og:image\" content=\"https:\/\/tivia-jasenyhdistykset.fi\/tietoturva\/wp-content\/uploads\/sites\/7\/2025\/03\/blogi-5.jpg\" \/>\n\t<meta property=\"og:image:width\" content=\"2240\" \/>\n\t<meta property=\"og:image:height\" content=\"1260\" \/>\n\t<meta property=\"og:image:type\" content=\"image\/jpeg\" \/>\n<meta name=\"author\" content=\"Tommi V\" \/>\n<meta name=\"twitter:card\" content=\"summary_large_image\" \/>\n<meta name=\"twitter:creator\" content=\"@tietoturva_ry\" \/>\n<meta name=\"twitter:site\" content=\"@tietoturva_ry\" \/>\n<meta name=\"twitter:label1\" content=\"Kirjoittanut\" \/>\n\t<meta name=\"twitter:data1\" content=\"Tommi V\" \/>\n\t<meta name=\"twitter:label2\" content=\"Arvioitu lukuaika\" \/>\n\t<meta name=\"twitter:data2\" content=\"4 minuuttia\" \/>\n<script type=\"application\/ld+json\" class=\"yoast-schema-graph\">{\"@context\":\"https:\\\/\\\/schema.org\",\"@graph\":[{\"@type\":\"Article\",\"@id\":\"https:\\\/\\\/tivia-jasenyhdistykset.fi\\\/tietoturva\\\/2025\\\/02\\\/23\\\/tietoturvakatsaus-2\\\/#article\",\"isPartOf\":{\"@id\":\"https:\\\/\\\/tivia-jasenyhdistykset.fi\\\/tietoturva\\\/2025\\\/02\\\/23\\\/tietoturvakatsaus-2\\\/\"},\"author\":{\"name\":\"Tommi V\",\"@id\":\"https:\\\/\\\/tivia-jasenyhdistykset.fi\\\/tietoturva\\\/#\\\/schema\\\/person\\\/509d9bb392337a2d220ec611546998ec\"},\"headline\":\"Tietoturvakatsaus #6, toukokuu 2025\",\"datePublished\":\"2025-02-23T15:45:54+00:00\",\"dateModified\":\"2025-09-26T07:15:35+00:00\",\"mainEntityOfPage\":{\"@id\":\"https:\\\/\\\/tivia-jasenyhdistykset.fi\\\/tietoturva\\\/2025\\\/02\\\/23\\\/tietoturvakatsaus-2\\\/\"},\"wordCount\":550,\"publisher\":{\"@id\":\"https:\\\/\\\/tivia-jasenyhdistykset.fi\\\/tietoturva\\\/#organization\"},\"image\":{\"@id\":\"https:\\\/\\\/tivia-jasenyhdistykset.fi\\\/tietoturva\\\/2025\\\/02\\\/23\\\/tietoturvakatsaus-2\\\/#primaryimage\"},\"thumbnailUrl\":\"https:\\\/\\\/tivia-jasenyhdistykset.fi\\\/tietoturva\\\/wp-content\\\/uploads\\\/sites\\\/7\\\/2025\\\/03\\\/blogi-5.jpg\",\"articleSection\":[\"Tapahtumat\",\"Tietoturvakatsaus\"],\"inLanguage\":\"fi\"},{\"@type\":\"WebPage\",\"@id\":\"https:\\\/\\\/tivia-jasenyhdistykset.fi\\\/tietoturva\\\/2025\\\/02\\\/23\\\/tietoturvakatsaus-2\\\/\",\"url\":\"https:\\\/\\\/tivia-jasenyhdistykset.fi\\\/tietoturva\\\/2025\\\/02\\\/23\\\/tietoturvakatsaus-2\\\/\",\"name\":\"Tietoturvakatsaus #6, toukokuu 2025 - Tietoturva ry\",\"isPartOf\":{\"@id\":\"https:\\\/\\\/tivia-jasenyhdistykset.fi\\\/tietoturva\\\/#website\"},\"primaryImageOfPage\":{\"@id\":\"https:\\\/\\\/tivia-jasenyhdistykset.fi\\\/tietoturva\\\/2025\\\/02\\\/23\\\/tietoturvakatsaus-2\\\/#primaryimage\"},\"image\":{\"@id\":\"https:\\\/\\\/tivia-jasenyhdistykset.fi\\\/tietoturva\\\/2025\\\/02\\\/23\\\/tietoturvakatsaus-2\\\/#primaryimage\"},\"thumbnailUrl\":\"https:\\\/\\\/tivia-jasenyhdistykset.fi\\\/tietoturva\\\/wp-content\\\/uploads\\\/sites\\\/7\\\/2025\\\/03\\\/blogi-5.jpg\",\"datePublished\":\"2025-02-23T15:45:54+00:00\",\"dateModified\":\"2025-09-26T07:15:35+00:00\",\"breadcrumb\":{\"@id\":\"https:\\\/\\\/tivia-jasenyhdistykset.fi\\\/tietoturva\\\/2025\\\/02\\\/23\\\/tietoturvakatsaus-2\\\/#breadcrumb\"},\"inLanguage\":\"fi\",\"potentialAction\":[{\"@type\":\"ReadAction\",\"target\":[\"https:\\\/\\\/tivia-jasenyhdistykset.fi\\\/tietoturva\\\/2025\\\/02\\\/23\\\/tietoturvakatsaus-2\\\/\"]}]},{\"@type\":\"ImageObject\",\"inLanguage\":\"fi\",\"@id\":\"https:\\\/\\\/tivia-jasenyhdistykset.fi\\\/tietoturva\\\/2025\\\/02\\\/23\\\/tietoturvakatsaus-2\\\/#primaryimage\",\"url\":\"https:\\\/\\\/tivia-jasenyhdistykset.fi\\\/tietoturva\\\/wp-content\\\/uploads\\\/sites\\\/7\\\/2025\\\/03\\\/blogi-5.jpg\",\"contentUrl\":\"https:\\\/\\\/tivia-jasenyhdistykset.fi\\\/tietoturva\\\/wp-content\\\/uploads\\\/sites\\\/7\\\/2025\\\/03\\\/blogi-5.jpg\",\"width\":2240,\"height\":1260},{\"@type\":\"BreadcrumbList\",\"@id\":\"https:\\\/\\\/tivia-jasenyhdistykset.fi\\\/tietoturva\\\/2025\\\/02\\\/23\\\/tietoturvakatsaus-2\\\/#breadcrumb\",\"itemListElement\":[{\"@type\":\"ListItem\",\"position\":1,\"name\":\"Etusivu\",\"item\":\"https:\\\/\\\/tivia-jasenyhdistykset.fi\\\/tietoturva\\\/\"},{\"@type\":\"ListItem\",\"position\":2,\"name\":\"Tietoturvakatsaus #6, toukokuu 2025\"}]},{\"@type\":\"WebSite\",\"@id\":\"https:\\\/\\\/tivia-jasenyhdistykset.fi\\\/tietoturva\\\/#website\",\"url\":\"https:\\\/\\\/tivia-jasenyhdistykset.fi\\\/tietoturva\\\/\",\"name\":\"Tietoturva ry\",\"description\":\"Suomen suurin tietoturva-ammattilaisten verkosto\",\"publisher\":{\"@id\":\"https:\\\/\\\/tivia-jasenyhdistykset.fi\\\/tietoturva\\\/#organization\"},\"potentialAction\":[{\"@type\":\"SearchAction\",\"target\":{\"@type\":\"EntryPoint\",\"urlTemplate\":\"https:\\\/\\\/tivia-jasenyhdistykset.fi\\\/tietoturva\\\/?s={search_term_string}\"},\"query-input\":{\"@type\":\"PropertyValueSpecification\",\"valueRequired\":true,\"valueName\":\"search_term_string\"}}],\"inLanguage\":\"fi\"},{\"@type\":\"Organization\",\"@id\":\"https:\\\/\\\/tivia-jasenyhdistykset.fi\\\/tietoturva\\\/#organization\",\"name\":\"Tietoturva ry\",\"url\":\"https:\\\/\\\/tivia-jasenyhdistykset.fi\\\/tietoturva\\\/\",\"logo\":{\"@type\":\"ImageObject\",\"inLanguage\":\"fi\",\"@id\":\"https:\\\/\\\/tivia-jasenyhdistykset.fi\\\/tietoturva\\\/#\\\/schema\\\/logo\\\/image\\\/\",\"url\":\"https:\\\/\\\/tietoturva.fi\\\/wp-content\\\/uploads\\\/sites\\\/7\\\/2021\\\/05\\\/Tietoturva-logo-2018-100.png\",\"contentUrl\":\"https:\\\/\\\/tietoturva.fi\\\/wp-content\\\/uploads\\\/sites\\\/7\\\/2021\\\/05\\\/Tietoturva-logo-2018-100.png\",\"width\":73,\"height\":100,\"caption\":\"Tietoturva ry\"},\"image\":{\"@id\":\"https:\\\/\\\/tivia-jasenyhdistykset.fi\\\/tietoturva\\\/#\\\/schema\\\/logo\\\/image\\\/\"},\"sameAs\":[\"https:\\\/\\\/www.facebook.com\\\/TietoturvaRy\\\/\",\"https:\\\/\\\/x.com\\\/tietoturva_ry\",\"https:\\\/\\\/www.linkedin.com\\\/company\\\/tietoturva\\\/\",\"https:\\\/\\\/www.youtube.com\\\/channel\\\/UCmXkytjYpJ4_N2msCNy69sw\\\/\"]},{\"@type\":\"Person\",\"@id\":\"https:\\\/\\\/tivia-jasenyhdistykset.fi\\\/tietoturva\\\/#\\\/schema\\\/person\\\/509d9bb392337a2d220ec611546998ec\",\"name\":\"Tommi V\",\"image\":{\"@type\":\"ImageObject\",\"inLanguage\":\"fi\",\"@id\":\"https:\\\/\\\/secure.gravatar.com\\\/avatar\\\/407fe7c123719aedfe1043bea0075baf31b4805e5599ab36f3b560d37cfba06d?s=96&d=mm&r=g\",\"url\":\"https:\\\/\\\/secure.gravatar.com\\\/avatar\\\/407fe7c123719aedfe1043bea0075baf31b4805e5599ab36f3b560d37cfba06d?s=96&d=mm&r=g\",\"contentUrl\":\"https:\\\/\\\/secure.gravatar.com\\\/avatar\\\/407fe7c123719aedfe1043bea0075baf31b4805e5599ab36f3b560d37cfba06d?s=96&d=mm&r=g\",\"caption\":\"Tommi V\"},\"url\":\"https:\\\/\\\/tivia-jasenyhdistykset.fi\\\/tietoturva\\\/author\\\/vanninentommi10605\\\/\"}]}<\/script>\n<!-- \/ Yoast SEO plugin. -->","yoast_head_json":{"title":"Tietoturvakatsaus #6, toukokuu 2025 - Tietoturva ry","robots":{"index":"index","follow":"follow","max-snippet":"max-snippet:-1","max-image-preview":"max-image-preview:large","max-video-preview":"max-video-preview:-1"},"canonical":"https:\/\/tivia-jasenyhdistykset.fi\/tietoturva\/2025\/02\/23\/tietoturvakatsaus-2\/","og_locale":"fi_FI","og_type":"article","og_title":"Tietoturvakatsaus #6, toukokuu 2025 - Tietoturva ry","og_description":"Tietoturva ry j\u00e4rjest\u00e4\u00e4 kuudennen Tietoturvakatsaus -seminaarin Helsingiss\u00e4 8.5.2025. Seminaarin erityisen\u00e4 aiheena geopoliittinen ilmapiiri ja varatutuminen.\u00a0 Geopoliittinen ilmapiiri vaikuttaa yh\u00e4 enemm\u00e4n kyberturvallisuuteen, ja valtiollisten toimijoiden sek\u00e4 rikollisryhmien toteuttamat kyberhy\u00f6kk\u00e4ykset ovat kasvussa. Hybridivaikuttaminen ja disinformaatio ovat nousseet osaksi geopoliittista peli\u00e4,","og_url":"https:\/\/tivia-jasenyhdistykset.fi\/tietoturva\/2025\/02\/23\/tietoturvakatsaus-2\/","og_site_name":"Tietoturva ry","article_publisher":"https:\/\/www.facebook.com\/TietoturvaRy\/","article_published_time":"2025-02-23T15:45:54+00:00","article_modified_time":"2025-09-26T07:15:35+00:00","og_image":[{"width":2240,"height":1260,"url":"https:\/\/tivia-jasenyhdistykset.fi\/tietoturva\/wp-content\/uploads\/sites\/7\/2025\/03\/blogi-5.jpg","type":"image\/jpeg"}],"author":"Tommi V","twitter_card":"summary_large_image","twitter_creator":"@tietoturva_ry","twitter_site":"@tietoturva_ry","twitter_misc":{"Kirjoittanut":"Tommi V","Arvioitu lukuaika":"4 minuuttia"},"schema":{"@context":"https:\/\/schema.org","@graph":[{"@type":"Article","@id":"https:\/\/tivia-jasenyhdistykset.fi\/tietoturva\/2025\/02\/23\/tietoturvakatsaus-2\/#article","isPartOf":{"@id":"https:\/\/tivia-jasenyhdistykset.fi\/tietoturva\/2025\/02\/23\/tietoturvakatsaus-2\/"},"author":{"name":"Tommi V","@id":"https:\/\/tivia-jasenyhdistykset.fi\/tietoturva\/#\/schema\/person\/509d9bb392337a2d220ec611546998ec"},"headline":"Tietoturvakatsaus #6, toukokuu 2025","datePublished":"2025-02-23T15:45:54+00:00","dateModified":"2025-09-26T07:15:35+00:00","mainEntityOfPage":{"@id":"https:\/\/tivia-jasenyhdistykset.fi\/tietoturva\/2025\/02\/23\/tietoturvakatsaus-2\/"},"wordCount":550,"publisher":{"@id":"https:\/\/tivia-jasenyhdistykset.fi\/tietoturva\/#organization"},"image":{"@id":"https:\/\/tivia-jasenyhdistykset.fi\/tietoturva\/2025\/02\/23\/tietoturvakatsaus-2\/#primaryimage"},"thumbnailUrl":"https:\/\/tivia-jasenyhdistykset.fi\/tietoturva\/wp-content\/uploads\/sites\/7\/2025\/03\/blogi-5.jpg","articleSection":["Tapahtumat","Tietoturvakatsaus"],"inLanguage":"fi"},{"@type":"WebPage","@id":"https:\/\/tivia-jasenyhdistykset.fi\/tietoturva\/2025\/02\/23\/tietoturvakatsaus-2\/","url":"https:\/\/tivia-jasenyhdistykset.fi\/tietoturva\/2025\/02\/23\/tietoturvakatsaus-2\/","name":"Tietoturvakatsaus #6, toukokuu 2025 - Tietoturva ry","isPartOf":{"@id":"https:\/\/tivia-jasenyhdistykset.fi\/tietoturva\/#website"},"primaryImageOfPage":{"@id":"https:\/\/tivia-jasenyhdistykset.fi\/tietoturva\/2025\/02\/23\/tietoturvakatsaus-2\/#primaryimage"},"image":{"@id":"https:\/\/tivia-jasenyhdistykset.fi\/tietoturva\/2025\/02\/23\/tietoturvakatsaus-2\/#primaryimage"},"thumbnailUrl":"https:\/\/tivia-jasenyhdistykset.fi\/tietoturva\/wp-content\/uploads\/sites\/7\/2025\/03\/blogi-5.jpg","datePublished":"2025-02-23T15:45:54+00:00","dateModified":"2025-09-26T07:15:35+00:00","breadcrumb":{"@id":"https:\/\/tivia-jasenyhdistykset.fi\/tietoturva\/2025\/02\/23\/tietoturvakatsaus-2\/#breadcrumb"},"inLanguage":"fi","potentialAction":[{"@type":"ReadAction","target":["https:\/\/tivia-jasenyhdistykset.fi\/tietoturva\/2025\/02\/23\/tietoturvakatsaus-2\/"]}]},{"@type":"ImageObject","inLanguage":"fi","@id":"https:\/\/tivia-jasenyhdistykset.fi\/tietoturva\/2025\/02\/23\/tietoturvakatsaus-2\/#primaryimage","url":"https:\/\/tivia-jasenyhdistykset.fi\/tietoturva\/wp-content\/uploads\/sites\/7\/2025\/03\/blogi-5.jpg","contentUrl":"https:\/\/tivia-jasenyhdistykset.fi\/tietoturva\/wp-content\/uploads\/sites\/7\/2025\/03\/blogi-5.jpg","width":2240,"height":1260},{"@type":"BreadcrumbList","@id":"https:\/\/tivia-jasenyhdistykset.fi\/tietoturva\/2025\/02\/23\/tietoturvakatsaus-2\/#breadcrumb","itemListElement":[{"@type":"ListItem","position":1,"name":"Etusivu","item":"https:\/\/tivia-jasenyhdistykset.fi\/tietoturva\/"},{"@type":"ListItem","position":2,"name":"Tietoturvakatsaus #6, toukokuu 2025"}]},{"@type":"WebSite","@id":"https:\/\/tivia-jasenyhdistykset.fi\/tietoturva\/#website","url":"https:\/\/tivia-jasenyhdistykset.fi\/tietoturva\/","name":"Tietoturva ry","description":"Suomen suurin tietoturva-ammattilaisten verkosto","publisher":{"@id":"https:\/\/tivia-jasenyhdistykset.fi\/tietoturva\/#organization"},"potentialAction":[{"@type":"SearchAction","target":{"@type":"EntryPoint","urlTemplate":"https:\/\/tivia-jasenyhdistykset.fi\/tietoturva\/?s={search_term_string}"},"query-input":{"@type":"PropertyValueSpecification","valueRequired":true,"valueName":"search_term_string"}}],"inLanguage":"fi"},{"@type":"Organization","@id":"https:\/\/tivia-jasenyhdistykset.fi\/tietoturva\/#organization","name":"Tietoturva ry","url":"https:\/\/tivia-jasenyhdistykset.fi\/tietoturva\/","logo":{"@type":"ImageObject","inLanguage":"fi","@id":"https:\/\/tivia-jasenyhdistykset.fi\/tietoturva\/#\/schema\/logo\/image\/","url":"https:\/\/tietoturva.fi\/wp-content\/uploads\/sites\/7\/2021\/05\/Tietoturva-logo-2018-100.png","contentUrl":"https:\/\/tietoturva.fi\/wp-content\/uploads\/sites\/7\/2021\/05\/Tietoturva-logo-2018-100.png","width":73,"height":100,"caption":"Tietoturva ry"},"image":{"@id":"https:\/\/tivia-jasenyhdistykset.fi\/tietoturva\/#\/schema\/logo\/image\/"},"sameAs":["https:\/\/www.facebook.com\/TietoturvaRy\/","https:\/\/x.com\/tietoturva_ry","https:\/\/www.linkedin.com\/company\/tietoturva\/","https:\/\/www.youtube.com\/channel\/UCmXkytjYpJ4_N2msCNy69sw\/"]},{"@type":"Person","@id":"https:\/\/tivia-jasenyhdistykset.fi\/tietoturva\/#\/schema\/person\/509d9bb392337a2d220ec611546998ec","name":"Tommi V","image":{"@type":"ImageObject","inLanguage":"fi","@id":"https:\/\/secure.gravatar.com\/avatar\/407fe7c123719aedfe1043bea0075baf31b4805e5599ab36f3b560d37cfba06d?s=96&d=mm&r=g","url":"https:\/\/secure.gravatar.com\/avatar\/407fe7c123719aedfe1043bea0075baf31b4805e5599ab36f3b560d37cfba06d?s=96&d=mm&r=g","contentUrl":"https:\/\/secure.gravatar.com\/avatar\/407fe7c123719aedfe1043bea0075baf31b4805e5599ab36f3b560d37cfba06d?s=96&d=mm&r=g","caption":"Tommi V"},"url":"https:\/\/tivia-jasenyhdistykset.fi\/tietoturva\/author\/vanninentommi10605\/"}]}},"_links":{"self":[{"href":"https:\/\/tivia-jasenyhdistykset.fi\/tietoturva\/wp-json\/wp\/v2\/posts\/2219","targetHints":{"allow":["GET"]}}],"collection":[{"href":"https:\/\/tivia-jasenyhdistykset.fi\/tietoturva\/wp-json\/wp\/v2\/posts"}],"about":[{"href":"https:\/\/tivia-jasenyhdistykset.fi\/tietoturva\/wp-json\/wp\/v2\/types\/post"}],"author":[{"embeddable":true,"href":"https:\/\/tivia-jasenyhdistykset.fi\/tietoturva\/wp-json\/wp\/v2\/users\/2408"}],"replies":[{"embeddable":true,"href":"https:\/\/tivia-jasenyhdistykset.fi\/tietoturva\/wp-json\/wp\/v2\/comments?post=2219"}],"version-history":[{"count":177,"href":"https:\/\/tivia-jasenyhdistykset.fi\/tietoturva\/wp-json\/wp\/v2\/posts\/2219\/revisions"}],"predecessor-version":[{"id":3334,"href":"https:\/\/tivia-jasenyhdistykset.fi\/tietoturva\/wp-json\/wp\/v2\/posts\/2219\/revisions\/3334"}],"wp:featuredmedia":[{"embeddable":true,"href":"https:\/\/tivia-jasenyhdistykset.fi\/tietoturva\/wp-json\/wp\/v2\/media\/3156"}],"wp:attachment":[{"href":"https:\/\/tivia-jasenyhdistykset.fi\/tietoturva\/wp-json\/wp\/v2\/media?parent=2219"}],"wp:term":[{"taxonomy":"category","embeddable":true,"href":"https:\/\/tivia-jasenyhdistykset.fi\/tietoturva\/wp-json\/wp\/v2\/categories?post=2219"},{"taxonomy":"post_tag","embeddable":true,"href":"https:\/\/tivia-jasenyhdistykset.fi\/tietoturva\/wp-json\/wp\/v2\/tags?post=2219"}],"curies":[{"name":"wp","href":"https:\/\/api.w.org\/{rel}","templated":true}]}}