{"id":2301,"date":"2024-03-14T09:22:06","date_gmt":"2024-03-14T07:22:06","guid":{"rendered":"https:\/\/tietoturva.fi\/?p=2301"},"modified":"2025-08-05T23:15:28","modified_gmt":"2025-08-05T20:15:28","slug":"gdpr-paivan-etkot","status":"publish","type":"post","link":"https:\/\/tivia-jasenyhdistykset.fi\/tietoturva\/2024\/03\/14\/gdpr-paivan-etkot\/","title":{"rendered":"GDPR-p\u00e4iv\u00e4n etkot 23.5.2024"},"content":{"rendered":"<p dir=\"ltr\" style=\"text-align: left;\"><strong>Tervetuloa juhlistamaan globaalia GDPR-p\u00e4iv\u00e4\u00e4 etkojen muodossa MOW:iin<\/strong>!<\/p>\n<p>Kutsumme sinut l\u00e4mpim\u00e4sti mukaan seuraamaan ajankohtaista keskustelua tietosuojasta <strong>Soili Meklinin<\/strong> ja panelistien <strong>Natasa Anttilan, Kasper R\u00e4s\u00e4sen<\/strong> sek\u00e4 <strong>Oona Matinpalon<\/strong> johdolla. He avaavat n\u00e4kemyksi\u00e4\u00e4n tietosuojan nykytilasta ja tulevaisuuden haasteista. Sinulla on my\u00f6s mahdollisuus osallistua inspiroivaan keskusteluun live-tapahtumassamme.<\/p>\n<p>Lis\u00e4ksi p\u00e4\u00e4set illan aikana demon avulla tutustumaan Ilona IT:n GDPR-sovelluskirjastoon ja DPIA-ty\u00f6kaluun, jotka tehostavat tietosuoja-arviointeja ja nopeuttavat softahankintap\u00e4\u00e4t\u00f6ksi\u00e4.<\/p>\n<p><a href=\"https:\/\/tivia.fi\/event\/gdpr-paivan-etkot-2024-05-23-968\/register\" target=\"_blank\" rel=\"noopener\"><strong>-&gt; Tule mukaan<\/strong><\/a><\/p>\n<h4 dir=\"ltr\">Mit\u00e4 on luvassa?<\/h4>\n<ul>\n<li>Saat uusimmat n\u00e4kemykset ja syv\u00e4llist\u00e4 tietoa tietosuojan nykytilasta sek\u00e4 tulevaisuuden suunnista Soili Meklinin ja asiantuntevien panelistien: Natasa Anttilan, Kasper R\u00e4s\u00e4sen ja Oona Matinpalon johdolla ja p\u00e4\u00e4set osallistumaan keskusteluun.<\/li>\n<li>P\u00e4\u00e4set testaamaan Ilona IT:n DPIA-ty\u00f6kalua ja <a href=\"https:\/\/www.ilonait.fi\/gdpr-sovelluskirjasto\" target=\"_blank\" rel=\"noopener\">GDPR-sovelluskirjastoa<\/a>, jotka tehostavat tietosuoja-arviointeja ja nopeuttavat softahankintap\u00e4\u00e4t\u00f6ksi\u00e4.<\/li>\n<li>Saat erinomaisen tilaisuuden verkostoitua muiden tietosuoja-alan ammattilaisten kanssa herkullisen ruoan ja juoman merkeiss\u00e4, luoden pohjaa uusille yhteisty\u00f6mahdollisuuksille ja yhteyksille alalla.<\/li>\n<\/ul>\n<p>Tarjolla on paitsi herkullista ruokaa ja juomaa my\u00f6s mit\u00e4 parhainta seuraa eli Tietoturva ry:n j\u00e4senet \u2013 t\u00e4m\u00e4 on t\u00e4ydellinen tilaisuus verkostoitua muiden alalla toimivien ammattilaisten kanssa.<\/p>\n<p>Muista varmistaa paikkasi ajoissa, sill\u00e4 mukaan mahtuu 50 ensimm\u00e4iseksi ilmoittautunutta. Tapahtuma on maksuton!<\/p>\n<p><span style=\"font-weight: 400;\"><strong>GDPR-p\u00e4iv\u00e4n etkot\u00a0<\/strong><br \/>\n<\/span><span style=\"font-weight: 400;\">23.5.2024 klo 17.00-19:00<br \/>\n<\/span><span style=\"font-weight: 400;\">MOW (<\/span><span style=\"font-weight: 400;\">Pieni Roobertinkatu 9, 2. kerros)<\/span><\/p>\n<p dir=\"ltr\"><a href=\"https:\/\/tivia.fi\/event\/gdpr-paivan-etkot-2024-05-23-968\/register\" target=\"_blank\" rel=\"noopener\"><strong>-&gt; Ilmoittaudu!<\/strong><\/a><\/p>\n","protected":false},"excerpt":{"rendered":"<p dir=\"ltr\" style=\"text-align: left;\">Tervetuloa juhlistamaan globaalia GDPR-p\u00e4iv\u00e4\u00e4 etkojen muodossa MOW:iin!<\/p>\n<p>Kutsumme sinut l\u00e4mpim\u00e4sti mukaan seuraamaan ajankohtaista keskustelua tietosuojasta Soili Meklinin ja panelistien Natasa Anttilan, Kasper R\u00e4s\u00e4sen sek\u00e4 Oona Matinpalon johdolla. He avaavat n\u00e4kemyksi\u00e4\u00e4n tietosuojan nykytilasta ja tulevaisuuden haasteista. Sinulla on my\u00f6s mahdollisuus osallistua inspiroivaan keskusteluun live-tapahtumassamme.<\/p>\n","protected":false},"author":2391,"featured_media":2326,"comment_status":"closed","ping_status":"closed","sticky":false,"template":"","format":"standard","meta":{"_acf_changed":false,"footnotes":""},"categories":[38],"tags":[],"class_list":["post-2301","post","type-post","status-publish","format-standard","has-post-thumbnail","hentry","category-tapahtumat"],"acf":[],"yoast_head":"<!-- This site is optimized with the Yoast SEO plugin v27.5 - https:\/\/yoast.com\/product\/yoast-seo-wordpress\/ -->\n<title>GDPR-p\u00e4iv\u00e4n etkot 23.5.2024 - Tietoturva ry<\/title>\n<meta name=\"robots\" content=\"index, follow, max-snippet:-1, max-image-preview:large, max-video-preview:-1\" \/>\n<link rel=\"canonical\" href=\"https:\/\/tivia-jasenyhdistykset.fi\/tietoturva\/2024\/03\/14\/gdpr-paivan-etkot\/\" \/>\n<meta property=\"og:locale\" content=\"fi_FI\" \/>\n<meta property=\"og:type\" content=\"article\" \/>\n<meta property=\"og:title\" content=\"GDPR-p\u00e4iv\u00e4n etkot 23.5.2024 - Tietoturva ry\" \/>\n<meta property=\"og:description\" content=\"Tervetuloa juhlistamaan globaalia GDPR-p\u00e4iv\u00e4\u00e4 etkojen muodossa MOW:iin! Kutsumme sinut l\u00e4mpim\u00e4sti mukaan seuraamaan ajankohtaista keskustelua tietosuojasta Soili Meklinin ja panelistien Natasa Anttilan, Kasper R\u00e4s\u00e4sen sek\u00e4 Oona Matinpalon johdolla. He avaavat n\u00e4kemyksi\u00e4\u00e4n tietosuojan nykytilasta ja tulevaisuuden haasteista. Sinulla on my\u00f6s mahdollisuus osallistua inspiroivaan keskusteluun live-tapahtumassamme.\" \/>\n<meta property=\"og:url\" content=\"https:\/\/tivia-jasenyhdistykset.fi\/tietoturva\/2024\/03\/14\/gdpr-paivan-etkot\/\" \/>\n<meta property=\"og:site_name\" content=\"Tietoturva ry\" \/>\n<meta property=\"article:publisher\" content=\"https:\/\/www.facebook.com\/TietoturvaRy\/\" \/>\n<meta property=\"article:published_time\" content=\"2024-03-14T07:22:06+00:00\" \/>\n<meta property=\"article:modified_time\" content=\"2025-08-05T20:15:28+00:00\" \/>\n<meta property=\"og:image\" content=\"https:\/\/tivia-jasenyhdistykset.fi\/tietoturva\/wp-content\/uploads\/sites\/7\/2024\/03\/Ilona-IT-x-Tietoturva-2-1024x538.png\" \/>\n\t<meta property=\"og:image:width\" content=\"1024\" \/>\n\t<meta property=\"og:image:height\" content=\"538\" \/>\n\t<meta property=\"og:image:type\" content=\"image\/png\" \/>\n<meta name=\"author\" content=\"lohiluomajohanna18896\" \/>\n<meta name=\"twitter:card\" content=\"summary_large_image\" \/>\n<meta name=\"twitter:creator\" content=\"@tietoturva_ry\" \/>\n<meta name=\"twitter:site\" content=\"@tietoturva_ry\" \/>\n<meta name=\"twitter:label1\" content=\"Kirjoittanut\" \/>\n\t<meta name=\"twitter:data1\" content=\"lohiluomajohanna18896\" \/>\n\t<meta name=\"twitter:label2\" content=\"Arvioitu lukuaika\" \/>\n\t<meta name=\"twitter:data2\" content=\"2 minuuttia\" \/>\n<script type=\"application\/ld+json\" class=\"yoast-schema-graph\">{\"@context\":\"https:\\\/\\\/schema.org\",\"@graph\":[{\"@type\":\"Article\",\"@id\":\"https:\\\/\\\/tivia-jasenyhdistykset.fi\\\/tietoturva\\\/2024\\\/03\\\/14\\\/gdpr-paivan-etkot\\\/#article\",\"isPartOf\":{\"@id\":\"https:\\\/\\\/tivia-jasenyhdistykset.fi\\\/tietoturva\\\/2024\\\/03\\\/14\\\/gdpr-paivan-etkot\\\/\"},\"author\":{\"name\":\"lohiluomajohanna18896\",\"@id\":\"https:\\\/\\\/tivia-jasenyhdistykset.fi\\\/tietoturva\\\/#\\\/schema\\\/person\\\/5fd68560ff948b550d63e2335c902664\"},\"headline\":\"GDPR-p\u00e4iv\u00e4n etkot 23.5.2024\",\"datePublished\":\"2024-03-14T07:22:06+00:00\",\"dateModified\":\"2025-08-05T20:15:28+00:00\",\"mainEntityOfPage\":{\"@id\":\"https:\\\/\\\/tivia-jasenyhdistykset.fi\\\/tietoturva\\\/2024\\\/03\\\/14\\\/gdpr-paivan-etkot\\\/\"},\"wordCount\":215,\"publisher\":{\"@id\":\"https:\\\/\\\/tivia-jasenyhdistykset.fi\\\/tietoturva\\\/#organization\"},\"image\":{\"@id\":\"https:\\\/\\\/tivia-jasenyhdistykset.fi\\\/tietoturva\\\/2024\\\/03\\\/14\\\/gdpr-paivan-etkot\\\/#primaryimage\"},\"thumbnailUrl\":\"https:\\\/\\\/tivia-jasenyhdistykset.fi\\\/tietoturva\\\/wp-content\\\/uploads\\\/sites\\\/7\\\/2024\\\/03\\\/Ilona-IT-x-Tietoturva-2.png\",\"articleSection\":[\"Tapahtumat\"],\"inLanguage\":\"fi\"},{\"@type\":\"WebPage\",\"@id\":\"https:\\\/\\\/tivia-jasenyhdistykset.fi\\\/tietoturva\\\/2024\\\/03\\\/14\\\/gdpr-paivan-etkot\\\/\",\"url\":\"https:\\\/\\\/tivia-jasenyhdistykset.fi\\\/tietoturva\\\/2024\\\/03\\\/14\\\/gdpr-paivan-etkot\\\/\",\"name\":\"GDPR-p\u00e4iv\u00e4n etkot 23.5.2024 - Tietoturva ry\",\"isPartOf\":{\"@id\":\"https:\\\/\\\/tivia-jasenyhdistykset.fi\\\/tietoturva\\\/#website\"},\"primaryImageOfPage\":{\"@id\":\"https:\\\/\\\/tivia-jasenyhdistykset.fi\\\/tietoturva\\\/2024\\\/03\\\/14\\\/gdpr-paivan-etkot\\\/#primaryimage\"},\"image\":{\"@id\":\"https:\\\/\\\/tivia-jasenyhdistykset.fi\\\/tietoturva\\\/2024\\\/03\\\/14\\\/gdpr-paivan-etkot\\\/#primaryimage\"},\"thumbnailUrl\":\"https:\\\/\\\/tivia-jasenyhdistykset.fi\\\/tietoturva\\\/wp-content\\\/uploads\\\/sites\\\/7\\\/2024\\\/03\\\/Ilona-IT-x-Tietoturva-2.png\",\"datePublished\":\"2024-03-14T07:22:06+00:00\",\"dateModified\":\"2025-08-05T20:15:28+00:00\",\"breadcrumb\":{\"@id\":\"https:\\\/\\\/tivia-jasenyhdistykset.fi\\\/tietoturva\\\/2024\\\/03\\\/14\\\/gdpr-paivan-etkot\\\/#breadcrumb\"},\"inLanguage\":\"fi\",\"potentialAction\":[{\"@type\":\"ReadAction\",\"target\":[\"https:\\\/\\\/tivia-jasenyhdistykset.fi\\\/tietoturva\\\/2024\\\/03\\\/14\\\/gdpr-paivan-etkot\\\/\"]}]},{\"@type\":\"ImageObject\",\"inLanguage\":\"fi\",\"@id\":\"https:\\\/\\\/tivia-jasenyhdistykset.fi\\\/tietoturva\\\/2024\\\/03\\\/14\\\/gdpr-paivan-etkot\\\/#primaryimage\",\"url\":\"https:\\\/\\\/tivia-jasenyhdistykset.fi\\\/tietoturva\\\/wp-content\\\/uploads\\\/sites\\\/7\\\/2024\\\/03\\\/Ilona-IT-x-Tietoturva-2.png\",\"contentUrl\":\"https:\\\/\\\/tivia-jasenyhdistykset.fi\\\/tietoturva\\\/wp-content\\\/uploads\\\/sites\\\/7\\\/2024\\\/03\\\/Ilona-IT-x-Tietoturva-2.png\",\"width\":2400,\"height\":1260},{\"@type\":\"BreadcrumbList\",\"@id\":\"https:\\\/\\\/tivia-jasenyhdistykset.fi\\\/tietoturva\\\/2024\\\/03\\\/14\\\/gdpr-paivan-etkot\\\/#breadcrumb\",\"itemListElement\":[{\"@type\":\"ListItem\",\"position\":1,\"name\":\"Etusivu\",\"item\":\"https:\\\/\\\/tivia-jasenyhdistykset.fi\\\/tietoturva\\\/\"},{\"@type\":\"ListItem\",\"position\":2,\"name\":\"GDPR-p\u00e4iv\u00e4n etkot 23.5.2024\"}]},{\"@type\":\"WebSite\",\"@id\":\"https:\\\/\\\/tivia-jasenyhdistykset.fi\\\/tietoturva\\\/#website\",\"url\":\"https:\\\/\\\/tivia-jasenyhdistykset.fi\\\/tietoturva\\\/\",\"name\":\"Tietoturva ry\",\"description\":\"Suomen suurin tietoturva-ammattilaisten verkosto\",\"publisher\":{\"@id\":\"https:\\\/\\\/tivia-jasenyhdistykset.fi\\\/tietoturva\\\/#organization\"},\"potentialAction\":[{\"@type\":\"SearchAction\",\"target\":{\"@type\":\"EntryPoint\",\"urlTemplate\":\"https:\\\/\\\/tivia-jasenyhdistykset.fi\\\/tietoturva\\\/?s={search_term_string}\"},\"query-input\":{\"@type\":\"PropertyValueSpecification\",\"valueRequired\":true,\"valueName\":\"search_term_string\"}}],\"inLanguage\":\"fi\"},{\"@type\":\"Organization\",\"@id\":\"https:\\\/\\\/tivia-jasenyhdistykset.fi\\\/tietoturva\\\/#organization\",\"name\":\"Tietoturva ry\",\"url\":\"https:\\\/\\\/tivia-jasenyhdistykset.fi\\\/tietoturva\\\/\",\"logo\":{\"@type\":\"ImageObject\",\"inLanguage\":\"fi\",\"@id\":\"https:\\\/\\\/tivia-jasenyhdistykset.fi\\\/tietoturva\\\/#\\\/schema\\\/logo\\\/image\\\/\",\"url\":\"https:\\\/\\\/tietoturva.fi\\\/wp-content\\\/uploads\\\/sites\\\/7\\\/2021\\\/05\\\/Tietoturva-logo-2018-100.png\",\"contentUrl\":\"https:\\\/\\\/tietoturva.fi\\\/wp-content\\\/uploads\\\/sites\\\/7\\\/2021\\\/05\\\/Tietoturva-logo-2018-100.png\",\"width\":73,\"height\":100,\"caption\":\"Tietoturva ry\"},\"image\":{\"@id\":\"https:\\\/\\\/tivia-jasenyhdistykset.fi\\\/tietoturva\\\/#\\\/schema\\\/logo\\\/image\\\/\"},\"sameAs\":[\"https:\\\/\\\/www.facebook.com\\\/TietoturvaRy\\\/\",\"https:\\\/\\\/x.com\\\/tietoturva_ry\",\"https:\\\/\\\/www.linkedin.com\\\/company\\\/tietoturva\\\/\",\"https:\\\/\\\/www.youtube.com\\\/channel\\\/UCmXkytjYpJ4_N2msCNy69sw\\\/\"]},{\"@type\":\"Person\",\"@id\":\"https:\\\/\\\/tivia-jasenyhdistykset.fi\\\/tietoturva\\\/#\\\/schema\\\/person\\\/5fd68560ff948b550d63e2335c902664\",\"name\":\"lohiluomajohanna18896\",\"image\":{\"@type\":\"ImageObject\",\"inLanguage\":\"fi\",\"@id\":\"https:\\\/\\\/secure.gravatar.com\\\/avatar\\\/c248c91cff749e25d3aa45caf3c97d835f113aca8a7d9bd7d4e06a15bd93415c?s=96&d=mm&r=g\",\"url\":\"https:\\\/\\\/secure.gravatar.com\\\/avatar\\\/c248c91cff749e25d3aa45caf3c97d835f113aca8a7d9bd7d4e06a15bd93415c?s=96&d=mm&r=g\",\"contentUrl\":\"https:\\\/\\\/secure.gravatar.com\\\/avatar\\\/c248c91cff749e25d3aa45caf3c97d835f113aca8a7d9bd7d4e06a15bd93415c?s=96&d=mm&r=g\",\"caption\":\"lohiluomajohanna18896\"},\"url\":\"https:\\\/\\\/tivia-jasenyhdistykset.fi\\\/tietoturva\\\/author\\\/lohiluomajohanna18896\\\/\"}]}<\/script>\n<!-- \/ Yoast SEO plugin. -->","yoast_head_json":{"title":"GDPR-p\u00e4iv\u00e4n etkot 23.5.2024 - Tietoturva ry","robots":{"index":"index","follow":"follow","max-snippet":"max-snippet:-1","max-image-preview":"max-image-preview:large","max-video-preview":"max-video-preview:-1"},"canonical":"https:\/\/tivia-jasenyhdistykset.fi\/tietoturva\/2024\/03\/14\/gdpr-paivan-etkot\/","og_locale":"fi_FI","og_type":"article","og_title":"GDPR-p\u00e4iv\u00e4n etkot 23.5.2024 - Tietoturva ry","og_description":"Tervetuloa juhlistamaan globaalia GDPR-p\u00e4iv\u00e4\u00e4 etkojen muodossa MOW:iin! Kutsumme sinut l\u00e4mpim\u00e4sti mukaan seuraamaan ajankohtaista keskustelua tietosuojasta Soili Meklinin ja panelistien Natasa Anttilan, Kasper R\u00e4s\u00e4sen sek\u00e4 Oona Matinpalon johdolla. He avaavat n\u00e4kemyksi\u00e4\u00e4n tietosuojan nykytilasta ja tulevaisuuden haasteista. Sinulla on my\u00f6s mahdollisuus osallistua inspiroivaan keskusteluun live-tapahtumassamme.","og_url":"https:\/\/tivia-jasenyhdistykset.fi\/tietoturva\/2024\/03\/14\/gdpr-paivan-etkot\/","og_site_name":"Tietoturva ry","article_publisher":"https:\/\/www.facebook.com\/TietoturvaRy\/","article_published_time":"2024-03-14T07:22:06+00:00","article_modified_time":"2025-08-05T20:15:28+00:00","og_image":[{"width":1024,"height":538,"url":"https:\/\/tivia-jasenyhdistykset.fi\/tietoturva\/wp-content\/uploads\/sites\/7\/2024\/03\/Ilona-IT-x-Tietoturva-2-1024x538.png","type":"image\/png"}],"author":"lohiluomajohanna18896","twitter_card":"summary_large_image","twitter_creator":"@tietoturva_ry","twitter_site":"@tietoturva_ry","twitter_misc":{"Kirjoittanut":"lohiluomajohanna18896","Arvioitu lukuaika":"2 minuuttia"},"schema":{"@context":"https:\/\/schema.org","@graph":[{"@type":"Article","@id":"https:\/\/tivia-jasenyhdistykset.fi\/tietoturva\/2024\/03\/14\/gdpr-paivan-etkot\/#article","isPartOf":{"@id":"https:\/\/tivia-jasenyhdistykset.fi\/tietoturva\/2024\/03\/14\/gdpr-paivan-etkot\/"},"author":{"name":"lohiluomajohanna18896","@id":"https:\/\/tivia-jasenyhdistykset.fi\/tietoturva\/#\/schema\/person\/5fd68560ff948b550d63e2335c902664"},"headline":"GDPR-p\u00e4iv\u00e4n etkot 23.5.2024","datePublished":"2024-03-14T07:22:06+00:00","dateModified":"2025-08-05T20:15:28+00:00","mainEntityOfPage":{"@id":"https:\/\/tivia-jasenyhdistykset.fi\/tietoturva\/2024\/03\/14\/gdpr-paivan-etkot\/"},"wordCount":215,"publisher":{"@id":"https:\/\/tivia-jasenyhdistykset.fi\/tietoturva\/#organization"},"image":{"@id":"https:\/\/tivia-jasenyhdistykset.fi\/tietoturva\/2024\/03\/14\/gdpr-paivan-etkot\/#primaryimage"},"thumbnailUrl":"https:\/\/tivia-jasenyhdistykset.fi\/tietoturva\/wp-content\/uploads\/sites\/7\/2024\/03\/Ilona-IT-x-Tietoturva-2.png","articleSection":["Tapahtumat"],"inLanguage":"fi"},{"@type":"WebPage","@id":"https:\/\/tivia-jasenyhdistykset.fi\/tietoturva\/2024\/03\/14\/gdpr-paivan-etkot\/","url":"https:\/\/tivia-jasenyhdistykset.fi\/tietoturva\/2024\/03\/14\/gdpr-paivan-etkot\/","name":"GDPR-p\u00e4iv\u00e4n etkot 23.5.2024 - Tietoturva ry","isPartOf":{"@id":"https:\/\/tivia-jasenyhdistykset.fi\/tietoturva\/#website"},"primaryImageOfPage":{"@id":"https:\/\/tivia-jasenyhdistykset.fi\/tietoturva\/2024\/03\/14\/gdpr-paivan-etkot\/#primaryimage"},"image":{"@id":"https:\/\/tivia-jasenyhdistykset.fi\/tietoturva\/2024\/03\/14\/gdpr-paivan-etkot\/#primaryimage"},"thumbnailUrl":"https:\/\/tivia-jasenyhdistykset.fi\/tietoturva\/wp-content\/uploads\/sites\/7\/2024\/03\/Ilona-IT-x-Tietoturva-2.png","datePublished":"2024-03-14T07:22:06+00:00","dateModified":"2025-08-05T20:15:28+00:00","breadcrumb":{"@id":"https:\/\/tivia-jasenyhdistykset.fi\/tietoturva\/2024\/03\/14\/gdpr-paivan-etkot\/#breadcrumb"},"inLanguage":"fi","potentialAction":[{"@type":"ReadAction","target":["https:\/\/tivia-jasenyhdistykset.fi\/tietoturva\/2024\/03\/14\/gdpr-paivan-etkot\/"]}]},{"@type":"ImageObject","inLanguage":"fi","@id":"https:\/\/tivia-jasenyhdistykset.fi\/tietoturva\/2024\/03\/14\/gdpr-paivan-etkot\/#primaryimage","url":"https:\/\/tivia-jasenyhdistykset.fi\/tietoturva\/wp-content\/uploads\/sites\/7\/2024\/03\/Ilona-IT-x-Tietoturva-2.png","contentUrl":"https:\/\/tivia-jasenyhdistykset.fi\/tietoturva\/wp-content\/uploads\/sites\/7\/2024\/03\/Ilona-IT-x-Tietoturva-2.png","width":2400,"height":1260},{"@type":"BreadcrumbList","@id":"https:\/\/tivia-jasenyhdistykset.fi\/tietoturva\/2024\/03\/14\/gdpr-paivan-etkot\/#breadcrumb","itemListElement":[{"@type":"ListItem","position":1,"name":"Etusivu","item":"https:\/\/tivia-jasenyhdistykset.fi\/tietoturva\/"},{"@type":"ListItem","position":2,"name":"GDPR-p\u00e4iv\u00e4n etkot 23.5.2024"}]},{"@type":"WebSite","@id":"https:\/\/tivia-jasenyhdistykset.fi\/tietoturva\/#website","url":"https:\/\/tivia-jasenyhdistykset.fi\/tietoturva\/","name":"Tietoturva ry","description":"Suomen suurin tietoturva-ammattilaisten verkosto","publisher":{"@id":"https:\/\/tivia-jasenyhdistykset.fi\/tietoturva\/#organization"},"potentialAction":[{"@type":"SearchAction","target":{"@type":"EntryPoint","urlTemplate":"https:\/\/tivia-jasenyhdistykset.fi\/tietoturva\/?s={search_term_string}"},"query-input":{"@type":"PropertyValueSpecification","valueRequired":true,"valueName":"search_term_string"}}],"inLanguage":"fi"},{"@type":"Organization","@id":"https:\/\/tivia-jasenyhdistykset.fi\/tietoturva\/#organization","name":"Tietoturva ry","url":"https:\/\/tivia-jasenyhdistykset.fi\/tietoturva\/","logo":{"@type":"ImageObject","inLanguage":"fi","@id":"https:\/\/tivia-jasenyhdistykset.fi\/tietoturva\/#\/schema\/logo\/image\/","url":"https:\/\/tietoturva.fi\/wp-content\/uploads\/sites\/7\/2021\/05\/Tietoturva-logo-2018-100.png","contentUrl":"https:\/\/tietoturva.fi\/wp-content\/uploads\/sites\/7\/2021\/05\/Tietoturva-logo-2018-100.png","width":73,"height":100,"caption":"Tietoturva ry"},"image":{"@id":"https:\/\/tivia-jasenyhdistykset.fi\/tietoturva\/#\/schema\/logo\/image\/"},"sameAs":["https:\/\/www.facebook.com\/TietoturvaRy\/","https:\/\/x.com\/tietoturva_ry","https:\/\/www.linkedin.com\/company\/tietoturva\/","https:\/\/www.youtube.com\/channel\/UCmXkytjYpJ4_N2msCNy69sw\/"]},{"@type":"Person","@id":"https:\/\/tivia-jasenyhdistykset.fi\/tietoturva\/#\/schema\/person\/5fd68560ff948b550d63e2335c902664","name":"lohiluomajohanna18896","image":{"@type":"ImageObject","inLanguage":"fi","@id":"https:\/\/secure.gravatar.com\/avatar\/c248c91cff749e25d3aa45caf3c97d835f113aca8a7d9bd7d4e06a15bd93415c?s=96&d=mm&r=g","url":"https:\/\/secure.gravatar.com\/avatar\/c248c91cff749e25d3aa45caf3c97d835f113aca8a7d9bd7d4e06a15bd93415c?s=96&d=mm&r=g","contentUrl":"https:\/\/secure.gravatar.com\/avatar\/c248c91cff749e25d3aa45caf3c97d835f113aca8a7d9bd7d4e06a15bd93415c?s=96&d=mm&r=g","caption":"lohiluomajohanna18896"},"url":"https:\/\/tivia-jasenyhdistykset.fi\/tietoturva\/author\/lohiluomajohanna18896\/"}]}},"_links":{"self":[{"href":"https:\/\/tivia-jasenyhdistykset.fi\/tietoturva\/wp-json\/wp\/v2\/posts\/2301","targetHints":{"allow":["GET"]}}],"collection":[{"href":"https:\/\/tivia-jasenyhdistykset.fi\/tietoturva\/wp-json\/wp\/v2\/posts"}],"about":[{"href":"https:\/\/tivia-jasenyhdistykset.fi\/tietoturva\/wp-json\/wp\/v2\/types\/post"}],"author":[{"embeddable":true,"href":"https:\/\/tivia-jasenyhdistykset.fi\/tietoturva\/wp-json\/wp\/v2\/users\/2391"}],"replies":[{"embeddable":true,"href":"https:\/\/tivia-jasenyhdistykset.fi\/tietoturva\/wp-json\/wp\/v2\/comments?post=2301"}],"version-history":[{"count":25,"href":"https:\/\/tivia-jasenyhdistykset.fi\/tietoturva\/wp-json\/wp\/v2\/posts\/2301\/revisions"}],"predecessor-version":[{"id":3211,"href":"https:\/\/tivia-jasenyhdistykset.fi\/tietoturva\/wp-json\/wp\/v2\/posts\/2301\/revisions\/3211"}],"wp:featuredmedia":[{"embeddable":true,"href":"https:\/\/tivia-jasenyhdistykset.fi\/tietoturva\/wp-json\/wp\/v2\/media\/2326"}],"wp:attachment":[{"href":"https:\/\/tivia-jasenyhdistykset.fi\/tietoturva\/wp-json\/wp\/v2\/media?parent=2301"}],"wp:term":[{"taxonomy":"category","embeddable":true,"href":"https:\/\/tivia-jasenyhdistykset.fi\/tietoturva\/wp-json\/wp\/v2\/categories?post=2301"},{"taxonomy":"post_tag","embeddable":true,"href":"https:\/\/tivia-jasenyhdistykset.fi\/tietoturva\/wp-json\/wp\/v2\/tags?post=2301"}],"curies":[{"name":"wp","href":"https:\/\/api.w.org\/{rel}","templated":true}]}}