{"id":2640,"date":"2024-06-27T16:32:10","date_gmt":"2024-06-27T13:32:10","guid":{"rendered":"https:\/\/tietoturva.fi\/?p=2640"},"modified":"2025-08-05T23:10:18","modified_gmt":"2025-08-05T20:10:18","slug":"tekoalysaados-tulossa-nain-valmistaudut-ilman-paniikkia","status":"publish","type":"post","link":"https:\/\/tivia-jasenyhdistykset.fi\/tietoturva\/2024\/06\/27\/tekoalysaados-tulossa-nain-valmistaudut-ilman-paniikkia\/","title":{"rendered":"Teko\u00e4lys\u00e4\u00e4d\u00f6s tulossa \u2015 n\u00e4in valmistaudut ilman paniikkia!"},"content":{"rendered":"<p><strong>EU:n\u00a0teko\u00e4lys\u00e4\u00e4d\u00f6s on vihdoin melkein valmis ja kes\u00e4loman j\u00e4lkeen ensimm\u00e4iset vaatimukset astuvat voimaan jo puolen vuoden kuluttua.\u00a0Tietosuoja-ammattilaisina meill\u00e4 on jo tarvittavaa kokemusta ja osaamista teko\u00e4lys\u00e4\u00e4d\u00f6ksen k\u00e4ytt\u00f6\u00f6nottoon.<\/strong><\/p>\n<p>GDPR-kokemukset ja tietosuojatiimien asiantuntemus kannattaa hy\u00f6dynt\u00e4\u00e4, sill\u00e4 teko\u00e4lysovelluksissa k\u00e4sitell\u00e4\u00e4n henkil\u00f6tietoja. Pohjoismaiden tietosuojaviranomaiset ovat jo vihjailleet, ett\u00e4 s\u00e4\u00e4d\u00f6ksen valvonta laskeutuu heid\u00e4n ty\u00f6p\u00f6ydilleen.<\/p>\n<h3><strong>Kolme k\u00e4yt\u00e4nn\u00f6n vinkki\u00e4 valmistautumiseen<\/strong><\/h3>\n<ol>\n<li><strong>P\u00e4ivit\u00e4 dokumentaatio:<\/strong> Organisaatioissa pit\u00e4isi olla jo dokumentoituna GDPR:n vaatimat selosteet k\u00e4sittelytoimista, eli henkil\u00f6tietojen k\u00e4sittelyyn liittyv\u00e4t prosessit. P\u00e4ivit\u00e4 nykyist\u00e4 dokumentaatiotasi lis\u00e4\u00e4m\u00e4ll\u00e4 tieto, miss\u00e4 prosesseista hy\u00f6dynnet\u00e4\u00e4n teko\u00e4ly\u00e4 ja miss\u00e4 j\u00e4rjestelmiss\u00e4 on jo k\u00e4yt\u00f6ss\u00e4 tai mahdollista k\u00e4ytt\u00e4\u00e4 teko\u00e4lyn toiminnallisuuksia.<\/li>\n<li><strong>Selke\u00e4 viestint\u00e4:<\/strong> GDPR on jo 6 vuoden ajan velvoittanut organisaatioita kertomaan henkil\u00f6tietojen k\u00e4sittelyst\u00e4 yksil\u00f6ille. EU:n teko\u00e4lys\u00e4\u00e4d\u00f6ksess\u00e4 on my\u00f6s vaatimus informoida teko\u00e4lyj\u00e4rjestelmien toiminnallisuuksista ja valvontamekanismeista. Sis\u00e4llyt\u00e4 tieto teko\u00e4lyn k\u00e4yt\u00f6st\u00e4 tietosuojaselosteisiin ja k\u00e4ytt\u00f6ehtoihin.<\/li>\n<li><strong>Riskiarvioinnit:<\/strong> Ennen teko\u00e4lytoiminnallisuuksien k\u00e4ytt\u00f6\u00f6nottoa tulee suorittaa riskiarvioinnit. Hy\u00f6dynn\u00e4 nykyisi\u00e4 GDPR-prosesseja ja lis\u00e4\u00e4 FRIA-arviointi osaksi DPIA-prosessia.<\/li>\n<\/ol>\n<p>Muista, ett\u00e4 hyvin suunniteltu on puoliksi tehty. Aloita valmistautuminen ajoissa ja hy\u00f6dynn\u00e4 tietosuoja-asiantuntijoiden kokemusta. Panikoida ei tarvitse, yhdess\u00e4 t\u00e4st\u00e4kin selvit\u00e4\u00e4n!<\/p>\n<p>Lue koko <strong>Oona Matinpalon<\/strong> kirjoittama artikkeli <a href=\"https:\/\/itinsider.fi\/ala-keksi-pyoraa-uudelleen-%E2%80%95-nain-valmistaudut-tekoalysaadokseen\/\" target=\"_blank\" rel=\"noopener\">&#8221;\u00c4l\u00e4 keksi py\u00f6r\u00e4\u00e4 uudelleen \u2015 n\u00e4in valmistaudut teko\u00e4lys\u00e4\u00e4d\u00f6kseen&#8221; IT-Insiderin sivuilta<\/a>.<\/p>\n","protected":false},"excerpt":{"rendered":"<p>EU:n\u00a0teko\u00e4lys\u00e4\u00e4d\u00f6s on vihdoin melkein valmis ja kes\u00e4loman j\u00e4lkeen ensimm\u00e4iset vaatimukset astuvat voimaan jo puolen vuoden kuluttua.\u00a0Tietosuoja-ammattilaisina meill\u00e4 on jo tarvittavaa kokemusta ja osaamista teko\u00e4lys\u00e4\u00e4d\u00f6ksen k\u00e4ytt\u00f6\u00f6nottoon.<\/p>\n<p>GDPR-kokemukset ja tietosuojatiimien asiantuntemus kannattaa hy\u00f6dynt\u00e4\u00e4, sill\u00e4 teko\u00e4lysovelluksissa k\u00e4sitell\u00e4\u00e4n henkil\u00f6tietoja. Pohjoismaiden tietosuojaviranomaiset ovat jo vihjailleet,<\/p>\n","protected":false},"author":2391,"featured_media":2641,"comment_status":"closed","ping_status":"closed","sticky":false,"template":"","format":"standard","meta":{"_acf_changed":false,"footnotes":""},"categories":[1],"tags":[],"class_list":["post-2640","post","type-post","status-publish","format-standard","has-post-thumbnail","hentry","category-yleinen"],"acf":[],"yoast_head":"<!-- This site is optimized with the Yoast SEO plugin v27.5 - https:\/\/yoast.com\/product\/yoast-seo-wordpress\/ -->\n<title>Teko\u00e4lys\u00e4\u00e4d\u00f6s tulossa \u2015 n\u00e4in valmistaudut ilman paniikkia! - Tietoturva ry<\/title>\n<meta name=\"robots\" content=\"index, follow, max-snippet:-1, max-image-preview:large, max-video-preview:-1\" \/>\n<link rel=\"canonical\" href=\"https:\/\/tivia-jasenyhdistykset.fi\/tietoturva\/2024\/06\/27\/tekoalysaados-tulossa-nain-valmistaudut-ilman-paniikkia\/\" \/>\n<meta property=\"og:locale\" content=\"fi_FI\" \/>\n<meta property=\"og:type\" content=\"article\" \/>\n<meta property=\"og:title\" content=\"Teko\u00e4lys\u00e4\u00e4d\u00f6s tulossa \u2015 n\u00e4in valmistaudut ilman paniikkia! - Tietoturva ry\" \/>\n<meta property=\"og:description\" content=\"EU:n\u00a0teko\u00e4lys\u00e4\u00e4d\u00f6s on vihdoin melkein valmis ja kes\u00e4loman j\u00e4lkeen ensimm\u00e4iset vaatimukset astuvat voimaan jo puolen vuoden kuluttua.\u00a0Tietosuoja-ammattilaisina meill\u00e4 on jo tarvittavaa kokemusta ja osaamista teko\u00e4lys\u00e4\u00e4d\u00f6ksen k\u00e4ytt\u00f6\u00f6nottoon. GDPR-kokemukset ja tietosuojatiimien asiantuntemus kannattaa hy\u00f6dynt\u00e4\u00e4, sill\u00e4 teko\u00e4lysovelluksissa k\u00e4sitell\u00e4\u00e4n henkil\u00f6tietoja. Pohjoismaiden tietosuojaviranomaiset ovat jo vihjailleet,\" \/>\n<meta property=\"og:url\" content=\"https:\/\/tivia-jasenyhdistykset.fi\/tietoturva\/2024\/06\/27\/tekoalysaados-tulossa-nain-valmistaudut-ilman-paniikkia\/\" \/>\n<meta property=\"og:site_name\" content=\"Tietoturva ry\" \/>\n<meta property=\"article:publisher\" content=\"https:\/\/www.facebook.com\/TietoturvaRy\/\" \/>\n<meta property=\"article:published_time\" content=\"2024-06-27T13:32:10+00:00\" \/>\n<meta property=\"article:modified_time\" content=\"2025-08-05T20:10:18+00:00\" \/>\n<meta property=\"og:image\" content=\"https:\/\/tivia-jasenyhdistykset.fi\/tietoturva\/wp-content\/uploads\/sites\/7\/2024\/06\/Tekoalysaados-tulossa-\u2015-nain-valmistaudut-ilman-paniikkia.jpg\" \/>\n\t<meta property=\"og:image:width\" content=\"1920\" \/>\n\t<meta property=\"og:image:height\" content=\"1080\" \/>\n\t<meta property=\"og:image:type\" content=\"image\/jpeg\" \/>\n<meta name=\"author\" content=\"lohiluomajohanna18896\" \/>\n<meta name=\"twitter:card\" content=\"summary_large_image\" \/>\n<meta name=\"twitter:creator\" content=\"@tietoturva_ry\" \/>\n<meta name=\"twitter:site\" content=\"@tietoturva_ry\" \/>\n<meta name=\"twitter:label1\" content=\"Kirjoittanut\" \/>\n\t<meta name=\"twitter:data1\" content=\"lohiluomajohanna18896\" \/>\n\t<meta name=\"twitter:label2\" content=\"Arvioitu lukuaika\" \/>\n\t<meta name=\"twitter:data2\" content=\"2 minuuttia\" \/>\n<script type=\"application\/ld+json\" class=\"yoast-schema-graph\">{\"@context\":\"https:\\\/\\\/schema.org\",\"@graph\":[{\"@type\":\"Article\",\"@id\":\"https:\\\/\\\/tivia-jasenyhdistykset.fi\\\/tietoturva\\\/2024\\\/06\\\/27\\\/tekoalysaados-tulossa-nain-valmistaudut-ilman-paniikkia\\\/#article\",\"isPartOf\":{\"@id\":\"https:\\\/\\\/tivia-jasenyhdistykset.fi\\\/tietoturva\\\/2024\\\/06\\\/27\\\/tekoalysaados-tulossa-nain-valmistaudut-ilman-paniikkia\\\/\"},\"author\":{\"name\":\"lohiluomajohanna18896\",\"@id\":\"https:\\\/\\\/tivia-jasenyhdistykset.fi\\\/tietoturva\\\/#\\\/schema\\\/person\\\/5fd68560ff948b550d63e2335c902664\"},\"headline\":\"Teko\u00e4lys\u00e4\u00e4d\u00f6s tulossa \u2015 n\u00e4in valmistaudut ilman paniikkia!\",\"datePublished\":\"2024-06-27T13:32:10+00:00\",\"dateModified\":\"2025-08-05T20:10:18+00:00\",\"mainEntityOfPage\":{\"@id\":\"https:\\\/\\\/tivia-jasenyhdistykset.fi\\\/tietoturva\\\/2024\\\/06\\\/27\\\/tekoalysaados-tulossa-nain-valmistaudut-ilman-paniikkia\\\/\"},\"wordCount\":250,\"publisher\":{\"@id\":\"https:\\\/\\\/tivia-jasenyhdistykset.fi\\\/tietoturva\\\/#organization\"},\"image\":{\"@id\":\"https:\\\/\\\/tivia-jasenyhdistykset.fi\\\/tietoturva\\\/2024\\\/06\\\/27\\\/tekoalysaados-tulossa-nain-valmistaudut-ilman-paniikkia\\\/#primaryimage\"},\"thumbnailUrl\":\"https:\\\/\\\/tivia-jasenyhdistykset.fi\\\/tietoturva\\\/wp-content\\\/uploads\\\/sites\\\/7\\\/2024\\\/06\\\/Tekoalysaados-tulossa-\u2015-nain-valmistaudut-ilman-paniikkia.jpg\",\"inLanguage\":\"fi\"},{\"@type\":\"WebPage\",\"@id\":\"https:\\\/\\\/tivia-jasenyhdistykset.fi\\\/tietoturva\\\/2024\\\/06\\\/27\\\/tekoalysaados-tulossa-nain-valmistaudut-ilman-paniikkia\\\/\",\"url\":\"https:\\\/\\\/tivia-jasenyhdistykset.fi\\\/tietoturva\\\/2024\\\/06\\\/27\\\/tekoalysaados-tulossa-nain-valmistaudut-ilman-paniikkia\\\/\",\"name\":\"Teko\u00e4lys\u00e4\u00e4d\u00f6s tulossa \u2015 n\u00e4in valmistaudut ilman paniikkia! - Tietoturva ry\",\"isPartOf\":{\"@id\":\"https:\\\/\\\/tivia-jasenyhdistykset.fi\\\/tietoturva\\\/#website\"},\"primaryImageOfPage\":{\"@id\":\"https:\\\/\\\/tivia-jasenyhdistykset.fi\\\/tietoturva\\\/2024\\\/06\\\/27\\\/tekoalysaados-tulossa-nain-valmistaudut-ilman-paniikkia\\\/#primaryimage\"},\"image\":{\"@id\":\"https:\\\/\\\/tivia-jasenyhdistykset.fi\\\/tietoturva\\\/2024\\\/06\\\/27\\\/tekoalysaados-tulossa-nain-valmistaudut-ilman-paniikkia\\\/#primaryimage\"},\"thumbnailUrl\":\"https:\\\/\\\/tivia-jasenyhdistykset.fi\\\/tietoturva\\\/wp-content\\\/uploads\\\/sites\\\/7\\\/2024\\\/06\\\/Tekoalysaados-tulossa-\u2015-nain-valmistaudut-ilman-paniikkia.jpg\",\"datePublished\":\"2024-06-27T13:32:10+00:00\",\"dateModified\":\"2025-08-05T20:10:18+00:00\",\"breadcrumb\":{\"@id\":\"https:\\\/\\\/tivia-jasenyhdistykset.fi\\\/tietoturva\\\/2024\\\/06\\\/27\\\/tekoalysaados-tulossa-nain-valmistaudut-ilman-paniikkia\\\/#breadcrumb\"},\"inLanguage\":\"fi\",\"potentialAction\":[{\"@type\":\"ReadAction\",\"target\":[\"https:\\\/\\\/tivia-jasenyhdistykset.fi\\\/tietoturva\\\/2024\\\/06\\\/27\\\/tekoalysaados-tulossa-nain-valmistaudut-ilman-paniikkia\\\/\"]}]},{\"@type\":\"ImageObject\",\"inLanguage\":\"fi\",\"@id\":\"https:\\\/\\\/tivia-jasenyhdistykset.fi\\\/tietoturva\\\/2024\\\/06\\\/27\\\/tekoalysaados-tulossa-nain-valmistaudut-ilman-paniikkia\\\/#primaryimage\",\"url\":\"https:\\\/\\\/tivia-jasenyhdistykset.fi\\\/tietoturva\\\/wp-content\\\/uploads\\\/sites\\\/7\\\/2024\\\/06\\\/Tekoalysaados-tulossa-\u2015-nain-valmistaudut-ilman-paniikkia.jpg\",\"contentUrl\":\"https:\\\/\\\/tivia-jasenyhdistykset.fi\\\/tietoturva\\\/wp-content\\\/uploads\\\/sites\\\/7\\\/2024\\\/06\\\/Tekoalysaados-tulossa-\u2015-nain-valmistaudut-ilman-paniikkia.jpg\",\"width\":1920,\"height\":1080},{\"@type\":\"BreadcrumbList\",\"@id\":\"https:\\\/\\\/tivia-jasenyhdistykset.fi\\\/tietoturva\\\/2024\\\/06\\\/27\\\/tekoalysaados-tulossa-nain-valmistaudut-ilman-paniikkia\\\/#breadcrumb\",\"itemListElement\":[{\"@type\":\"ListItem\",\"position\":1,\"name\":\"Etusivu\",\"item\":\"https:\\\/\\\/tivia-jasenyhdistykset.fi\\\/tietoturva\\\/\"},{\"@type\":\"ListItem\",\"position\":2,\"name\":\"Teko\u00e4lys\u00e4\u00e4d\u00f6s tulossa \u2015 n\u00e4in valmistaudut ilman paniikkia!\"}]},{\"@type\":\"WebSite\",\"@id\":\"https:\\\/\\\/tivia-jasenyhdistykset.fi\\\/tietoturva\\\/#website\",\"url\":\"https:\\\/\\\/tivia-jasenyhdistykset.fi\\\/tietoturva\\\/\",\"name\":\"Tietoturva ry\",\"description\":\"Suomen suurin tietoturva-ammattilaisten verkosto\",\"publisher\":{\"@id\":\"https:\\\/\\\/tivia-jasenyhdistykset.fi\\\/tietoturva\\\/#organization\"},\"potentialAction\":[{\"@type\":\"SearchAction\",\"target\":{\"@type\":\"EntryPoint\",\"urlTemplate\":\"https:\\\/\\\/tivia-jasenyhdistykset.fi\\\/tietoturva\\\/?s={search_term_string}\"},\"query-input\":{\"@type\":\"PropertyValueSpecification\",\"valueRequired\":true,\"valueName\":\"search_term_string\"}}],\"inLanguage\":\"fi\"},{\"@type\":\"Organization\",\"@id\":\"https:\\\/\\\/tivia-jasenyhdistykset.fi\\\/tietoturva\\\/#organization\",\"name\":\"Tietoturva ry\",\"url\":\"https:\\\/\\\/tivia-jasenyhdistykset.fi\\\/tietoturva\\\/\",\"logo\":{\"@type\":\"ImageObject\",\"inLanguage\":\"fi\",\"@id\":\"https:\\\/\\\/tivia-jasenyhdistykset.fi\\\/tietoturva\\\/#\\\/schema\\\/logo\\\/image\\\/\",\"url\":\"https:\\\/\\\/tietoturva.fi\\\/wp-content\\\/uploads\\\/sites\\\/7\\\/2021\\\/05\\\/Tietoturva-logo-2018-100.png\",\"contentUrl\":\"https:\\\/\\\/tietoturva.fi\\\/wp-content\\\/uploads\\\/sites\\\/7\\\/2021\\\/05\\\/Tietoturva-logo-2018-100.png\",\"width\":73,\"height\":100,\"caption\":\"Tietoturva ry\"},\"image\":{\"@id\":\"https:\\\/\\\/tivia-jasenyhdistykset.fi\\\/tietoturva\\\/#\\\/schema\\\/logo\\\/image\\\/\"},\"sameAs\":[\"https:\\\/\\\/www.facebook.com\\\/TietoturvaRy\\\/\",\"https:\\\/\\\/x.com\\\/tietoturva_ry\",\"https:\\\/\\\/www.linkedin.com\\\/company\\\/tietoturva\\\/\",\"https:\\\/\\\/www.youtube.com\\\/channel\\\/UCmXkytjYpJ4_N2msCNy69sw\\\/\"]},{\"@type\":\"Person\",\"@id\":\"https:\\\/\\\/tivia-jasenyhdistykset.fi\\\/tietoturva\\\/#\\\/schema\\\/person\\\/5fd68560ff948b550d63e2335c902664\",\"name\":\"lohiluomajohanna18896\",\"image\":{\"@type\":\"ImageObject\",\"inLanguage\":\"fi\",\"@id\":\"https:\\\/\\\/secure.gravatar.com\\\/avatar\\\/c248c91cff749e25d3aa45caf3c97d835f113aca8a7d9bd7d4e06a15bd93415c?s=96&d=mm&r=g\",\"url\":\"https:\\\/\\\/secure.gravatar.com\\\/avatar\\\/c248c91cff749e25d3aa45caf3c97d835f113aca8a7d9bd7d4e06a15bd93415c?s=96&d=mm&r=g\",\"contentUrl\":\"https:\\\/\\\/secure.gravatar.com\\\/avatar\\\/c248c91cff749e25d3aa45caf3c97d835f113aca8a7d9bd7d4e06a15bd93415c?s=96&d=mm&r=g\",\"caption\":\"lohiluomajohanna18896\"},\"url\":\"https:\\\/\\\/tivia-jasenyhdistykset.fi\\\/tietoturva\\\/author\\\/lohiluomajohanna18896\\\/\"}]}<\/script>\n<!-- \/ Yoast SEO plugin. -->","yoast_head_json":{"title":"Teko\u00e4lys\u00e4\u00e4d\u00f6s tulossa \u2015 n\u00e4in valmistaudut ilman paniikkia! - Tietoturva ry","robots":{"index":"index","follow":"follow","max-snippet":"max-snippet:-1","max-image-preview":"max-image-preview:large","max-video-preview":"max-video-preview:-1"},"canonical":"https:\/\/tivia-jasenyhdistykset.fi\/tietoturva\/2024\/06\/27\/tekoalysaados-tulossa-nain-valmistaudut-ilman-paniikkia\/","og_locale":"fi_FI","og_type":"article","og_title":"Teko\u00e4lys\u00e4\u00e4d\u00f6s tulossa \u2015 n\u00e4in valmistaudut ilman paniikkia! - Tietoturva ry","og_description":"EU:n\u00a0teko\u00e4lys\u00e4\u00e4d\u00f6s on vihdoin melkein valmis ja kes\u00e4loman j\u00e4lkeen ensimm\u00e4iset vaatimukset astuvat voimaan jo puolen vuoden kuluttua.\u00a0Tietosuoja-ammattilaisina meill\u00e4 on jo tarvittavaa kokemusta ja osaamista teko\u00e4lys\u00e4\u00e4d\u00f6ksen k\u00e4ytt\u00f6\u00f6nottoon. GDPR-kokemukset ja tietosuojatiimien asiantuntemus kannattaa hy\u00f6dynt\u00e4\u00e4, sill\u00e4 teko\u00e4lysovelluksissa k\u00e4sitell\u00e4\u00e4n henkil\u00f6tietoja. Pohjoismaiden tietosuojaviranomaiset ovat jo vihjailleet,","og_url":"https:\/\/tivia-jasenyhdistykset.fi\/tietoturva\/2024\/06\/27\/tekoalysaados-tulossa-nain-valmistaudut-ilman-paniikkia\/","og_site_name":"Tietoturva ry","article_publisher":"https:\/\/www.facebook.com\/TietoturvaRy\/","article_published_time":"2024-06-27T13:32:10+00:00","article_modified_time":"2025-08-05T20:10:18+00:00","og_image":[{"width":1920,"height":1080,"url":"https:\/\/tivia-jasenyhdistykset.fi\/tietoturva\/wp-content\/uploads\/sites\/7\/2024\/06\/Tekoalysaados-tulossa-\u2015-nain-valmistaudut-ilman-paniikkia.jpg","type":"image\/jpeg"}],"author":"lohiluomajohanna18896","twitter_card":"summary_large_image","twitter_creator":"@tietoturva_ry","twitter_site":"@tietoturva_ry","twitter_misc":{"Kirjoittanut":"lohiluomajohanna18896","Arvioitu lukuaika":"2 minuuttia"},"schema":{"@context":"https:\/\/schema.org","@graph":[{"@type":"Article","@id":"https:\/\/tivia-jasenyhdistykset.fi\/tietoturva\/2024\/06\/27\/tekoalysaados-tulossa-nain-valmistaudut-ilman-paniikkia\/#article","isPartOf":{"@id":"https:\/\/tivia-jasenyhdistykset.fi\/tietoturva\/2024\/06\/27\/tekoalysaados-tulossa-nain-valmistaudut-ilman-paniikkia\/"},"author":{"name":"lohiluomajohanna18896","@id":"https:\/\/tivia-jasenyhdistykset.fi\/tietoturva\/#\/schema\/person\/5fd68560ff948b550d63e2335c902664"},"headline":"Teko\u00e4lys\u00e4\u00e4d\u00f6s tulossa \u2015 n\u00e4in valmistaudut ilman paniikkia!","datePublished":"2024-06-27T13:32:10+00:00","dateModified":"2025-08-05T20:10:18+00:00","mainEntityOfPage":{"@id":"https:\/\/tivia-jasenyhdistykset.fi\/tietoturva\/2024\/06\/27\/tekoalysaados-tulossa-nain-valmistaudut-ilman-paniikkia\/"},"wordCount":250,"publisher":{"@id":"https:\/\/tivia-jasenyhdistykset.fi\/tietoturva\/#organization"},"image":{"@id":"https:\/\/tivia-jasenyhdistykset.fi\/tietoturva\/2024\/06\/27\/tekoalysaados-tulossa-nain-valmistaudut-ilman-paniikkia\/#primaryimage"},"thumbnailUrl":"https:\/\/tivia-jasenyhdistykset.fi\/tietoturva\/wp-content\/uploads\/sites\/7\/2024\/06\/Tekoalysaados-tulossa-\u2015-nain-valmistaudut-ilman-paniikkia.jpg","inLanguage":"fi"},{"@type":"WebPage","@id":"https:\/\/tivia-jasenyhdistykset.fi\/tietoturva\/2024\/06\/27\/tekoalysaados-tulossa-nain-valmistaudut-ilman-paniikkia\/","url":"https:\/\/tivia-jasenyhdistykset.fi\/tietoturva\/2024\/06\/27\/tekoalysaados-tulossa-nain-valmistaudut-ilman-paniikkia\/","name":"Teko\u00e4lys\u00e4\u00e4d\u00f6s tulossa \u2015 n\u00e4in valmistaudut ilman paniikkia! - Tietoturva ry","isPartOf":{"@id":"https:\/\/tivia-jasenyhdistykset.fi\/tietoturva\/#website"},"primaryImageOfPage":{"@id":"https:\/\/tivia-jasenyhdistykset.fi\/tietoturva\/2024\/06\/27\/tekoalysaados-tulossa-nain-valmistaudut-ilman-paniikkia\/#primaryimage"},"image":{"@id":"https:\/\/tivia-jasenyhdistykset.fi\/tietoturva\/2024\/06\/27\/tekoalysaados-tulossa-nain-valmistaudut-ilman-paniikkia\/#primaryimage"},"thumbnailUrl":"https:\/\/tivia-jasenyhdistykset.fi\/tietoturva\/wp-content\/uploads\/sites\/7\/2024\/06\/Tekoalysaados-tulossa-\u2015-nain-valmistaudut-ilman-paniikkia.jpg","datePublished":"2024-06-27T13:32:10+00:00","dateModified":"2025-08-05T20:10:18+00:00","breadcrumb":{"@id":"https:\/\/tivia-jasenyhdistykset.fi\/tietoturva\/2024\/06\/27\/tekoalysaados-tulossa-nain-valmistaudut-ilman-paniikkia\/#breadcrumb"},"inLanguage":"fi","potentialAction":[{"@type":"ReadAction","target":["https:\/\/tivia-jasenyhdistykset.fi\/tietoturva\/2024\/06\/27\/tekoalysaados-tulossa-nain-valmistaudut-ilman-paniikkia\/"]}]},{"@type":"ImageObject","inLanguage":"fi","@id":"https:\/\/tivia-jasenyhdistykset.fi\/tietoturva\/2024\/06\/27\/tekoalysaados-tulossa-nain-valmistaudut-ilman-paniikkia\/#primaryimage","url":"https:\/\/tivia-jasenyhdistykset.fi\/tietoturva\/wp-content\/uploads\/sites\/7\/2024\/06\/Tekoalysaados-tulossa-\u2015-nain-valmistaudut-ilman-paniikkia.jpg","contentUrl":"https:\/\/tivia-jasenyhdistykset.fi\/tietoturva\/wp-content\/uploads\/sites\/7\/2024\/06\/Tekoalysaados-tulossa-\u2015-nain-valmistaudut-ilman-paniikkia.jpg","width":1920,"height":1080},{"@type":"BreadcrumbList","@id":"https:\/\/tivia-jasenyhdistykset.fi\/tietoturva\/2024\/06\/27\/tekoalysaados-tulossa-nain-valmistaudut-ilman-paniikkia\/#breadcrumb","itemListElement":[{"@type":"ListItem","position":1,"name":"Etusivu","item":"https:\/\/tivia-jasenyhdistykset.fi\/tietoturva\/"},{"@type":"ListItem","position":2,"name":"Teko\u00e4lys\u00e4\u00e4d\u00f6s tulossa \u2015 n\u00e4in valmistaudut ilman paniikkia!"}]},{"@type":"WebSite","@id":"https:\/\/tivia-jasenyhdistykset.fi\/tietoturva\/#website","url":"https:\/\/tivia-jasenyhdistykset.fi\/tietoturva\/","name":"Tietoturva ry","description":"Suomen suurin tietoturva-ammattilaisten verkosto","publisher":{"@id":"https:\/\/tivia-jasenyhdistykset.fi\/tietoturva\/#organization"},"potentialAction":[{"@type":"SearchAction","target":{"@type":"EntryPoint","urlTemplate":"https:\/\/tivia-jasenyhdistykset.fi\/tietoturva\/?s={search_term_string}"},"query-input":{"@type":"PropertyValueSpecification","valueRequired":true,"valueName":"search_term_string"}}],"inLanguage":"fi"},{"@type":"Organization","@id":"https:\/\/tivia-jasenyhdistykset.fi\/tietoturva\/#organization","name":"Tietoturva ry","url":"https:\/\/tivia-jasenyhdistykset.fi\/tietoturva\/","logo":{"@type":"ImageObject","inLanguage":"fi","@id":"https:\/\/tivia-jasenyhdistykset.fi\/tietoturva\/#\/schema\/logo\/image\/","url":"https:\/\/tietoturva.fi\/wp-content\/uploads\/sites\/7\/2021\/05\/Tietoturva-logo-2018-100.png","contentUrl":"https:\/\/tietoturva.fi\/wp-content\/uploads\/sites\/7\/2021\/05\/Tietoturva-logo-2018-100.png","width":73,"height":100,"caption":"Tietoturva ry"},"image":{"@id":"https:\/\/tivia-jasenyhdistykset.fi\/tietoturva\/#\/schema\/logo\/image\/"},"sameAs":["https:\/\/www.facebook.com\/TietoturvaRy\/","https:\/\/x.com\/tietoturva_ry","https:\/\/www.linkedin.com\/company\/tietoturva\/","https:\/\/www.youtube.com\/channel\/UCmXkytjYpJ4_N2msCNy69sw\/"]},{"@type":"Person","@id":"https:\/\/tivia-jasenyhdistykset.fi\/tietoturva\/#\/schema\/person\/5fd68560ff948b550d63e2335c902664","name":"lohiluomajohanna18896","image":{"@type":"ImageObject","inLanguage":"fi","@id":"https:\/\/secure.gravatar.com\/avatar\/c248c91cff749e25d3aa45caf3c97d835f113aca8a7d9bd7d4e06a15bd93415c?s=96&d=mm&r=g","url":"https:\/\/secure.gravatar.com\/avatar\/c248c91cff749e25d3aa45caf3c97d835f113aca8a7d9bd7d4e06a15bd93415c?s=96&d=mm&r=g","contentUrl":"https:\/\/secure.gravatar.com\/avatar\/c248c91cff749e25d3aa45caf3c97d835f113aca8a7d9bd7d4e06a15bd93415c?s=96&d=mm&r=g","caption":"lohiluomajohanna18896"},"url":"https:\/\/tivia-jasenyhdistykset.fi\/tietoturva\/author\/lohiluomajohanna18896\/"}]}},"_links":{"self":[{"href":"https:\/\/tivia-jasenyhdistykset.fi\/tietoturva\/wp-json\/wp\/v2\/posts\/2640","targetHints":{"allow":["GET"]}}],"collection":[{"href":"https:\/\/tivia-jasenyhdistykset.fi\/tietoturva\/wp-json\/wp\/v2\/posts"}],"about":[{"href":"https:\/\/tivia-jasenyhdistykset.fi\/tietoturva\/wp-json\/wp\/v2\/types\/post"}],"author":[{"embeddable":true,"href":"https:\/\/tivia-jasenyhdistykset.fi\/tietoturva\/wp-json\/wp\/v2\/users\/2391"}],"replies":[{"embeddable":true,"href":"https:\/\/tivia-jasenyhdistykset.fi\/tietoturva\/wp-json\/wp\/v2\/comments?post=2640"}],"version-history":[{"count":6,"href":"https:\/\/tivia-jasenyhdistykset.fi\/tietoturva\/wp-json\/wp\/v2\/posts\/2640\/revisions"}],"predecessor-version":[{"id":3198,"href":"https:\/\/tivia-jasenyhdistykset.fi\/tietoturva\/wp-json\/wp\/v2\/posts\/2640\/revisions\/3198"}],"wp:featuredmedia":[{"embeddable":true,"href":"https:\/\/tivia-jasenyhdistykset.fi\/tietoturva\/wp-json\/wp\/v2\/media\/2641"}],"wp:attachment":[{"href":"https:\/\/tivia-jasenyhdistykset.fi\/tietoturva\/wp-json\/wp\/v2\/media?parent=2640"}],"wp:term":[{"taxonomy":"category","embeddable":true,"href":"https:\/\/tivia-jasenyhdistykset.fi\/tietoturva\/wp-json\/wp\/v2\/categories?post=2640"},{"taxonomy":"post_tag","embeddable":true,"href":"https:\/\/tivia-jasenyhdistykset.fi\/tietoturva\/wp-json\/wp\/v2\/tags?post=2640"}],"curies":[{"name":"wp","href":"https:\/\/api.w.org\/{rel}","templated":true}]}}