{"id":3001,"date":"2024-11-14T00:01:46","date_gmt":"2024-11-13T22:01:46","guid":{"rendered":"https:\/\/tietoturva.fi\/?p=3001"},"modified":"2025-09-26T10:14:02","modified_gmt":"2025-09-26T07:14:02","slug":"tietoturvakatsaus_ja_fsa_gaala","status":"publish","type":"post","link":"https:\/\/tivia-jasenyhdistykset.fi\/tietoturva\/2024\/11\/14\/tietoturvakatsaus_ja_fsa_gaala\/","title":{"rendered":"Tietoturvakatsaus #5 ja FSA-gaala 2024"},"content":{"rendered":"<p style=\"font-weight: 400;\"><strong>Tietoturva ry j\u00e4rjest\u00e4\u00e4 viidennen Tietoturvakatsaus -seminaarin Finnish Security Awards-gaalaillan yhteydess\u00e4 Helsingin Ritarihuoneella 14.11.2024. <\/strong><\/p>\n<p style=\"font-weight: 400;\">Tietoturva ry tarjoaa 50 ensimm\u00e4iselle Tietoturva ry:n j\u00e4senelle mahdollisuuden osallistua p\u00e4iv\u00e4tapahtumaan veloituksetta. Mik\u00e4li haluat osallistua my\u00f6s illalla j\u00e4rjestett\u00e4v\u00e4\u00e4n Finnish Security Awards-gaalaan, tulee sinun hankkia erillinen lippu.<strong><br \/>\n<\/strong><\/p>\n<p style=\"font-weight: 400;\">Tietoturvakatsaus -seminaarissa Suomen eturivin asiantuntijat ja ulkomaiset keynote-puhujat avaavat n\u00e4k\u00f6kulmia ajankohtaisiin tietoturvallisuusasioihin, uusimpiin teknologioihin ja geopoliittiseen tilanteeseen sek\u00e4 kuulemme mink\u00e4laista, on harjoittaa liiketoimintaa Ukrainassa keskell\u00e4 sotaa.<\/p>\n<p style=\"font-weight: 400;\">Seminaari on suunnattu kaikille, jotka ovat kiinnostuneita digitaalisen maailman tulevaisuudesta ja turvallisuudesta. Seminaari on erinomainen tilaisuus oppia uutta ja verkostoitua alan ammattilaisten kanssa.<\/p>\n<p style=\"font-weight: 400;\">Seminaarin j\u00e4lkeen alkaa <a href=\"https:\/\/finnishsecurityawards.fi\">Finnish Security Awards\u00a0-gaala<\/a>, kun turvallisuusala kokoontuu j\u00e4lleen juhlistamaan vuoden turvallisuuspalkintoja. Tietoturva ry jakaa gaalassa vuoden tietoturvallisuusp\u00e4\u00e4llikk\u00f6 ja vuoden tietoturvallisuusteko -palkinnot.<\/p>\n<p style=\"font-weight: 400;\">Luvassa on huikea ilta, jossa on palkintojenjaon lis\u00e4ksi ohjelmassa musiikkia, stand uppia, taikuutta, hyv\u00e4\u00e4 ruokaa ja juomaa sek\u00e4 erinomaista tunnelmaa!<\/p>\n<hr \/>\n<h3>Tapahtuman tiedot<\/h3>\n<p style=\"font-weight: 400;\"><strong>Ajankohta:<\/strong>\u00a014.11.2024<br \/>\n<strong>Seminaari:<\/strong>\u00a0klo 11.00\u201316.00<br \/>\nFinnish Security Awards -gaala: klo 16.30-23.00<br \/>\n<strong>Paikka<\/strong>: Ritarihuone, Ritarikatu 1, 00170 Helsinki<\/p>\n<ul>\n<li>Tietoturvakatsaus-seminaari\u00a0<strong>50 \u20ac<\/strong><\/li>\n<li>Finnish Security Awards -gaala <strong>180 \u20ac<\/strong><\/li>\n<li>Hinnat sis\u00e4lt\u00e4v\u00e4t alv 10 %.<\/li>\n<li>Hinnat sis\u00e4lt\u00e4v\u00e4t my\u00f6s kaikki tarjoilut.<\/li>\n<\/ul>\n<p><a style=\"background-color: #fd1e28; border: none; color: white; padding: 15px 32px; text-align: center; text-decoration: none; display: inline-block; font-size: 16px; margin: 4px 2px; cursor: pointer; border-radius: 20px;\" href=\"https:\/\/www.tietoturva.fi\">P\u00e4\u00e4sylippujen myynti on p\u00e4\u00e4ttynyt!<\/a><\/p>\n<h3>Tietoturva ry:n j\u00e4senetu: Ilmaislippu p\u00e4iv\u00e4tapahtumaan (klo 11-16):<\/h3>\n<p>Tietoturva ry tarjoaa 50 ensimm\u00e4iselle Tietoturva ry:n j\u00e4senelle mahdollisuuden osallistua kello 11.00\u201316.00 pidett\u00e4v\u00e4\u00e4n p\u00e4iv\u00e4tapahtumaan veloituksetta. Mik\u00e4li haluat osallistua my\u00f6s illalla j\u00e4rjestett\u00e4v\u00e4\u00e4n Finnish Security Awards-gaalaan, tulee sinun ostaa siihen erillinen tapahtumalippu.<br \/>\nJos et ole viel\u00e4 j\u00e4sen, voit liitty\u00e4 Tietoturva ry:n j\u00e4seneksi <a href=\"https:\/\/tietoturva.fi\/jaseneksi\/\">t\u00e4st\u00e4<\/a>.<br \/>\n<a style=\"background-color: #fd1e28; border: none; color: white; padding: 15px 32px; text-align: center; text-decoration: none; display: inline-block; font-size: 16px; margin: 4px 2px; cursor: pointer; border-radius: 20px;\" href=\"https:\/\/www.tietoturva.fi\">Ilmoittautuminen on p\u00e4\u00e4ttynyt!<\/a><\/p>\n<hr \/>\n<h2><img loading=\"lazy\" decoding=\"async\" class=\"aligncenter wp-image-2704 size-full\" src=\"https:\/\/tietoturva.fi\/wp-content\/uploads\/sites\/7\/2024\/09\/tietoturvakatsaus-logo.png\" alt=\"Tietoturvakatsaus -seminaarin logo\" width=\"861\" height=\"154\" srcset=\"https:\/\/tivia-jasenyhdistykset.fi\/tietoturva\/wp-content\/uploads\/sites\/7\/2024\/09\/tietoturvakatsaus-logo.png 861w, https:\/\/tivia-jasenyhdistykset.fi\/tietoturva\/wp-content\/uploads\/sites\/7\/2024\/09\/tietoturvakatsaus-logo-300x54.png 300w, https:\/\/tivia-jasenyhdistykset.fi\/tietoturva\/wp-content\/uploads\/sites\/7\/2024\/09\/tietoturvakatsaus-logo-768x137.png 768w\" sizes=\"auto, (max-width: 861px) 100vw, 861px\" \/><\/h2>\n<p>&nbsp;<\/p>\n<h2>Seminaariohjelma<\/h2>\n<table style=\"width: 100%; border-collapse: collapse;\">\n<thead>\n<tr style=\"background-color: #f2f2f2;\">\n<th style=\"border: 1px solid black; padding: 10px;\">Aika*<\/th>\n<th style=\"border: 1px solid black; padding: 10px;\">Aihe ja puhuja<\/th>\n<\/tr>\n<\/thead>\n<tbody>\n<tr>\n<td style=\"border: 1px solid black; padding: 10px;\">11.00<\/td>\n<td style=\"border: 1px solid black; padding: 10px;\">Lounas ja mahdollisuus tutustua seminaarin kumppaneiden osastoihin<\/td>\n<\/tr>\n<tr style=\"background-color: #f2f2f2;\">\n<td style=\"border: 1px solid black; padding: 10px;\" rowspan=\"2\">12.00<\/td>\n<td style=\"border: 1px solid black; padding: 10px;\">\n<div><b>Tervetuloa seminaariin!<br \/>\n<\/b>Puheenjohtaja Tommi V\u00e4nninen, Tietoturva ry<\/div>\n<\/td>\n<\/tr>\n<tr style=\"background-color: #f2f2f2;\">\n<td style=\"border: 1px solid black; padding: 10px;\">\n<div><b>Tietoturva ry esittelee ohjelman ja k\u00e4yt\u00e4nn\u00f6n j\u00e4rjestelyt<\/b><\/div>\n<div><span style=\"font-family: inherit; font-size: inherit;\">Oona Matinpalo ja Kimmo Rousku<\/span><\/div>\n<\/td>\n<\/tr>\n<tr>\n<td style=\"border: 1px solid black; padding: 10px;\">12.10<\/td>\n<td style=\"border: 1px solid black; padding: 10px;\">\n<div><b>Miten Yhdysvaltojen presidenttivaalit vaikuttavat geo- ja kyberpolitiikkaan?<\/b><\/div>\n<div><span style=\"font-family: inherit; font-size: inherit;\">Jarno Limnell, kansanedustaja<\/span><\/div>\n<\/td>\n<\/tr>\n<tr style=\"background-color: #f2f2f2;\">\n<td style=\"border: 1px solid black; padding: 10px;\">12.40<\/td>\n<td style=\"border: 1px solid black; padding: 10px;\"><b>Tietoturvallisuuden ja riskienhallinnan standardointi sek\u00e4 hy\u00f6dynt\u00e4minen kehitt\u00e4misess\u00e4 ja lains\u00e4\u00e4d\u00e4nn\u00f6n\u00a0vaatimusten t\u00e4ytt\u00e4misess\u00e4<br \/>\n<\/b>Janne Kalli, johtava asiantuntija, SFS Suomen Standardit<\/td>\n<\/tr>\n<tr>\n<td style=\"border: 1px solid black; padding: 10px;\">13.00<\/td>\n<td style=\"border: 1px solid black; padding: 10px;\">\n<div><b>SOC transformaation aika on nyt: tuloksia ja reaaliaikaista uhkien torjuntaa<\/b><\/div>\n<div>Antti Lehtonen, Senior Manager, Palo Alto Networks<\/div>\n<\/td>\n<\/tr>\n<tr>\n<td style=\"border: 1px solid black; padding: 10px;\">13.20<\/td>\n<td style=\"border: 1px solid black; padding: 10px;\"><strong>Kohti turvallisempaa pilve\u00e4: kyberturvallisuuden kehitys ja suojaratkaisut<\/strong><br \/>\nJaripetri Kalske, teknologiajohtaja, Oracle Finland<\/td>\n<\/tr>\n<tr style=\"background-color: #e4f0ff;\">\n<td style=\"border: 1px solid black; padding: 10px;\">13.40<\/td>\n<td style=\"border: 1px solid black; padding: 10px;\">Iltap\u00e4iv\u00e4kahvit ja verkostoitumistauko sek\u00e4 mahdollisuus tutustua seminaarin kumppaneiden osastoihin<\/td>\n<\/tr>\n<tr>\n<td style=\"border: 1px solid black; padding: 10px;\">14.30<\/td>\n<td style=\"border: 1px solid black; padding: 10px;\"><strong>The AI landscape \u2013 Detect Bad AI &amp; Respond with Good AI<\/strong><br \/>\nLaurent Strauss, Cyber Security Strategist, OpenText<\/td>\n<\/tr>\n<tr style=\"background-color: #f2f2f2;\">\n<td style=\"border: 1px solid black; padding: 10px;\">15.00<\/td>\n<td style=\"border: 1px solid black; padding: 10px;\">\n<p style=\"font-weight: 400;\"><strong>Building trust since 1984 \u2013 Cybersecurity, AI and the rapidly changing security industry<\/strong><\/p>\n<p style=\"font-weight: 400;\"><span style=\"font-family: inherit; font-size: inherit;\">Jimmy Ek, Nordic Sales Manager, Axis Communications<\/span><\/p>\n<\/td>\n<\/tr>\n<tr>\n<td style=\"border: 1px solid black; padding: 10px;\">15.30<\/td>\n<td style=\"border: 1px solid black; padding: 10px;\">\n<div><strong>Technology development and strong growth amid war in Ukraine \u2013 on the ability to use the crisis as a motivator<\/strong><\/div>\n<div>Anzhela Stankevice, Channel Manager &amp; Michael Hygild, Sales Director Nordics, Ajax Systems<\/div>\n<\/td>\n<\/tr>\n<tr>\n<td style=\"border: 1px solid black; padding: 10px;\">16.00<\/td>\n<td style=\"border: 1px solid black; padding: 10px;\">\n<p style=\"font-weight: 400;\"><strong>Seminaarin yhteenveto ja p\u00e4\u00e4t\u00f6s<br \/>\n<\/strong>Verkostoitumista gaalaan j\u00e4\u00e4ville ja mahdollisuus tutustua seminaarin kumppaneiden osastoihin<\/p>\n<\/td>\n<\/tr>\n<\/tbody>\n<\/table>\n<p>&nbsp;<\/p>\n<h2><img loading=\"lazy\" decoding=\"async\" class=\"alignnone wp-image-2713\" src=\"https:\/\/tietoturva.fi\/wp-content\/uploads\/sites\/7\/2024\/09\/fsa-logo-300x127.png\" alt=\"Finnish Security Awards logo\" width=\"248\" height=\"105\" srcset=\"https:\/\/tivia-jasenyhdistykset.fi\/tietoturva\/wp-content\/uploads\/sites\/7\/2024\/09\/fsa-logo-300x127.png 300w, https:\/\/tivia-jasenyhdistykset.fi\/tietoturva\/wp-content\/uploads\/sites\/7\/2024\/09\/fsa-logo.png 708w\" sizes=\"auto, (max-width: 248px) 100vw, 248px\" \/><\/h2>\n<p>&nbsp;<\/p>\n<h2><strong>Finnish Security Awards -gaalailta <\/strong><\/h2>\n<table style=\"width: 100%; border-collapse: collapse;\">\n<thead>\n<tr style=\"background-color: #f2f2f2;\">\n<th style=\"border: 1px solid black; padding: 10px;\">Aika*<\/th>\n<th style=\"border: 1px solid black; padding: 10px;\">Aihe ja puhuja<\/th>\n<\/tr>\n<\/thead>\n<tbody>\n<tr>\n<td style=\"border: 1px solid black; padding: 10px;\">16.30<\/td>\n<td style=\"border: 1px solid black; padding: 10px;\"><strong>Gaalan ovet avautuvat\u00a0<\/strong><\/td>\n<\/tr>\n<tr style=\"background-color: #f2f2f2;\">\n<td style=\"border: 1px solid black; padding: 10px;\">17.30<\/td>\n<td style=\"border: 1px solid black; padding: 10px;\"><strong>Tervetuloa, alkumalja ja palkintojenjako alkaa<\/strong><\/td>\n<\/tr>\n<tr>\n<td style=\"border: 1px solid black; padding: 10px;\">19.00<\/td>\n<td style=\"border: 1px solid black; padding: 10px;\"><b>Illallinen<\/b><\/td>\n<\/tr>\n<tr>\n<td style=\"border: 1px solid black; padding: 10px;\">20.00<\/td>\n<td style=\"border: 1px solid black; padding: 10px;\"><strong>Palkintojenjako jatkuu ja ohjelmaa<\/strong><\/td>\n<\/tr>\n<tr style=\"background-color: #e4f0ff;\">\n<td style=\"border: 1px solid black; padding: 10px;\" rowspan=\"2\">23.00<\/td>\n<td style=\"border: 1px solid black; padding: 10px;\"><strong>Gaalailta loppuu<\/strong><\/td>\n<\/tr>\n<\/tbody>\n<\/table>\n<p><em>*) Kellonajat ovat suuntaa-antavia.<\/em><br \/>\nP\u00e4\u00e4sylippujen myynti on k\u00e4ynnistynyt!<\/p>\n<p style=\"font-weight: 400;\"><strong>Hinnat\u00a0<\/strong><\/p>\n<ul style=\"font-weight: 400;\">\n<li>Seminaari\u00a0<strong>50 \u20ac<\/strong><\/li>\n<li>Finnish Security Awards -gaala <strong>180 \u20ac<\/strong><\/li>\n<li>Hinnat sis\u00e4lt\u00e4v\u00e4t alv 10 %.<\/li>\n<li>Hinnat sis\u00e4lt\u00e4v\u00e4t my\u00f6s kaikki tarjoilut.<\/li>\n<\/ul>\n<p><a style=\"background-color: #fd1e28; border: none; color: white; padding: 15px 32px; text-align: center; text-decoration: none; display: inline-block; font-size: 16px; margin: 4px 2px; cursor: pointer; border-radius: 20px;\" href=\"https:\/\/www.tietoturva.fi\">Lipunmyynti on p\u00e4\u00e4ttynyt!<\/a><\/p>\n<p>&nbsp;<\/p>\n<p style=\"font-weight: 400;\"><img loading=\"lazy\" decoding=\"async\" class=\"alignnone wp-image-2792 size-full\" src=\"https:\/\/tietoturva.fi\/wp-content\/uploads\/sites\/7\/2024\/10\/kumppanilogot-syksy-2024.png\" alt=\"Tietoturvakatsaus syksy 2024 kumppanit \" width=\"1332\" height=\"209\" srcset=\"https:\/\/tivia-jasenyhdistykset.fi\/tietoturva\/wp-content\/uploads\/sites\/7\/2024\/10\/kumppanilogot-syksy-2024.png 1332w, https:\/\/tivia-jasenyhdistykset.fi\/tietoturva\/wp-content\/uploads\/sites\/7\/2024\/10\/kumppanilogot-syksy-2024-300x47.png 300w, https:\/\/tivia-jasenyhdistykset.fi\/tietoturva\/wp-content\/uploads\/sites\/7\/2024\/10\/kumppanilogot-syksy-2024-1024x161.png 1024w, https:\/\/tivia-jasenyhdistykset.fi\/tietoturva\/wp-content\/uploads\/sites\/7\/2024\/10\/kumppanilogot-syksy-2024-768x121.png 768w\" sizes=\"auto, (max-width: 1332px) 100vw, 1332px\" \/><\/p>\n<p>&nbsp;<\/p>\n","protected":false},"excerpt":{"rendered":"<p style=\"font-weight: 400;\">Tietoturva ry j\u00e4rjest\u00e4\u00e4 viidennen Tietoturvakatsaus -seminaarin Finnish Security Awards-gaalaillan yhteydess\u00e4 Helsingin Ritarihuoneella 14.11.2024. <\/p>\n<p style=\"font-weight: 400;\">Tietoturva ry tarjoaa 50 ensimm\u00e4iselle Tietoturva ry:n j\u00e4senelle mahdollisuuden osallistua p\u00e4iv\u00e4tapahtumaan veloituksetta. Mik\u00e4li haluat osallistua my\u00f6s illalla j\u00e4rjestett\u00e4v\u00e4\u00e4n Finnish Security Awards-gaalaan, tulee sinun hankkia erillinen lippu.<\/p>\n","protected":false},"author":2408,"featured_media":3162,"comment_status":"closed","ping_status":"closed","sticky":false,"template":"","format":"standard","meta":{"_acf_changed":false,"footnotes":""},"categories":[90],"tags":[],"class_list":["post-3001","post","type-post","status-publish","format-standard","has-post-thumbnail","hentry","category-tietoturvakatsaus"],"acf":[],"yoast_head":"<!-- This site is optimized with the Yoast SEO plugin v27.5 - https:\/\/yoast.com\/product\/yoast-seo-wordpress\/ -->\n<title>Tietoturvakatsaus #5 ja FSA-gaala 2024 - Tietoturva ry<\/title>\n<meta name=\"robots\" content=\"index, follow, max-snippet:-1, max-image-preview:large, max-video-preview:-1\" \/>\n<link rel=\"canonical\" href=\"https:\/\/tivia-jasenyhdistykset.fi\/tietoturva\/2024\/11\/14\/tietoturvakatsaus_ja_fsa_gaala\/\" \/>\n<meta property=\"og:locale\" content=\"fi_FI\" \/>\n<meta property=\"og:type\" content=\"article\" \/>\n<meta property=\"og:title\" content=\"Tietoturvakatsaus #5 ja FSA-gaala 2024 - Tietoturva ry\" \/>\n<meta property=\"og:description\" content=\"Tietoturva ry j\u00e4rjest\u00e4\u00e4 viidennen Tietoturvakatsaus -seminaarin Finnish Security Awards-gaalaillan yhteydess\u00e4 Helsingin Ritarihuoneella 14.11.2024. Tietoturva ry tarjoaa 50 ensimm\u00e4iselle Tietoturva ry:n j\u00e4senelle mahdollisuuden osallistua p\u00e4iv\u00e4tapahtumaan veloituksetta. Mik\u00e4li haluat osallistua my\u00f6s illalla j\u00e4rjestett\u00e4v\u00e4\u00e4n Finnish Security Awards-gaalaan, tulee sinun hankkia erillinen lippu.\" \/>\n<meta property=\"og:url\" content=\"https:\/\/tivia-jasenyhdistykset.fi\/tietoturva\/2024\/11\/14\/tietoturvakatsaus_ja_fsa_gaala\/\" \/>\n<meta property=\"og:site_name\" content=\"Tietoturva ry\" \/>\n<meta property=\"article:publisher\" content=\"https:\/\/www.facebook.com\/TietoturvaRy\/\" \/>\n<meta property=\"article:published_time\" content=\"2024-11-13T22:01:46+00:00\" \/>\n<meta property=\"article:modified_time\" content=\"2025-09-26T07:14:02+00:00\" \/>\n<meta property=\"og:image\" content=\"https:\/\/tivia-jasenyhdistykset.fi\/tietoturva\/wp-content\/uploads\/sites\/7\/2025\/02\/Blogi_tietoturva.jpg\" \/>\n\t<meta property=\"og:image:width\" content=\"2240\" \/>\n\t<meta property=\"og:image:height\" content=\"1260\" \/>\n\t<meta property=\"og:image:type\" content=\"image\/jpeg\" \/>\n<meta name=\"author\" content=\"Tommi V\" \/>\n<meta name=\"twitter:card\" content=\"summary_large_image\" \/>\n<meta name=\"twitter:creator\" content=\"@tietoturva_ry\" \/>\n<meta name=\"twitter:site\" content=\"@tietoturva_ry\" \/>\n<meta name=\"twitter:label1\" content=\"Kirjoittanut\" \/>\n\t<meta name=\"twitter:data1\" content=\"Tommi V\" \/>\n\t<meta name=\"twitter:label2\" content=\"Arvioitu lukuaika\" \/>\n\t<meta name=\"twitter:data2\" content=\"4 minuuttia\" \/>\n<script type=\"application\/ld+json\" class=\"yoast-schema-graph\">{\"@context\":\"https:\\\/\\\/schema.org\",\"@graph\":[{\"@type\":\"Article\",\"@id\":\"https:\\\/\\\/tivia-jasenyhdistykset.fi\\\/tietoturva\\\/2024\\\/11\\\/14\\\/tietoturvakatsaus_ja_fsa_gaala\\\/#article\",\"isPartOf\":{\"@id\":\"https:\\\/\\\/tivia-jasenyhdistykset.fi\\\/tietoturva\\\/2024\\\/11\\\/14\\\/tietoturvakatsaus_ja_fsa_gaala\\\/\"},\"author\":{\"name\":\"Tommi V\",\"@id\":\"https:\\\/\\\/tivia-jasenyhdistykset.fi\\\/tietoturva\\\/#\\\/schema\\\/person\\\/509d9bb392337a2d220ec611546998ec\"},\"headline\":\"Tietoturvakatsaus #5 ja FSA-gaala 2024\",\"datePublished\":\"2024-11-13T22:01:46+00:00\",\"dateModified\":\"2025-09-26T07:14:02+00:00\",\"mainEntityOfPage\":{\"@id\":\"https:\\\/\\\/tivia-jasenyhdistykset.fi\\\/tietoturva\\\/2024\\\/11\\\/14\\\/tietoturvakatsaus_ja_fsa_gaala\\\/\"},\"wordCount\":518,\"publisher\":{\"@id\":\"https:\\\/\\\/tivia-jasenyhdistykset.fi\\\/tietoturva\\\/#organization\"},\"image\":{\"@id\":\"https:\\\/\\\/tivia-jasenyhdistykset.fi\\\/tietoturva\\\/2024\\\/11\\\/14\\\/tietoturvakatsaus_ja_fsa_gaala\\\/#primaryimage\"},\"thumbnailUrl\":\"https:\\\/\\\/tivia-jasenyhdistykset.fi\\\/tietoturva\\\/wp-content\\\/uploads\\\/sites\\\/7\\\/2025\\\/02\\\/Blogi_tietoturva.jpg\",\"articleSection\":[\"Tietoturvakatsaus\"],\"inLanguage\":\"fi\"},{\"@type\":\"WebPage\",\"@id\":\"https:\\\/\\\/tivia-jasenyhdistykset.fi\\\/tietoturva\\\/2024\\\/11\\\/14\\\/tietoturvakatsaus_ja_fsa_gaala\\\/\",\"url\":\"https:\\\/\\\/tivia-jasenyhdistykset.fi\\\/tietoturva\\\/2024\\\/11\\\/14\\\/tietoturvakatsaus_ja_fsa_gaala\\\/\",\"name\":\"Tietoturvakatsaus #5 ja FSA-gaala 2024 - Tietoturva ry\",\"isPartOf\":{\"@id\":\"https:\\\/\\\/tivia-jasenyhdistykset.fi\\\/tietoturva\\\/#website\"},\"primaryImageOfPage\":{\"@id\":\"https:\\\/\\\/tivia-jasenyhdistykset.fi\\\/tietoturva\\\/2024\\\/11\\\/14\\\/tietoturvakatsaus_ja_fsa_gaala\\\/#primaryimage\"},\"image\":{\"@id\":\"https:\\\/\\\/tivia-jasenyhdistykset.fi\\\/tietoturva\\\/2024\\\/11\\\/14\\\/tietoturvakatsaus_ja_fsa_gaala\\\/#primaryimage\"},\"thumbnailUrl\":\"https:\\\/\\\/tivia-jasenyhdistykset.fi\\\/tietoturva\\\/wp-content\\\/uploads\\\/sites\\\/7\\\/2025\\\/02\\\/Blogi_tietoturva.jpg\",\"datePublished\":\"2024-11-13T22:01:46+00:00\",\"dateModified\":\"2025-09-26T07:14:02+00:00\",\"breadcrumb\":{\"@id\":\"https:\\\/\\\/tivia-jasenyhdistykset.fi\\\/tietoturva\\\/2024\\\/11\\\/14\\\/tietoturvakatsaus_ja_fsa_gaala\\\/#breadcrumb\"},\"inLanguage\":\"fi\",\"potentialAction\":[{\"@type\":\"ReadAction\",\"target\":[\"https:\\\/\\\/tivia-jasenyhdistykset.fi\\\/tietoturva\\\/2024\\\/11\\\/14\\\/tietoturvakatsaus_ja_fsa_gaala\\\/\"]}]},{\"@type\":\"ImageObject\",\"inLanguage\":\"fi\",\"@id\":\"https:\\\/\\\/tivia-jasenyhdistykset.fi\\\/tietoturva\\\/2024\\\/11\\\/14\\\/tietoturvakatsaus_ja_fsa_gaala\\\/#primaryimage\",\"url\":\"https:\\\/\\\/tivia-jasenyhdistykset.fi\\\/tietoturva\\\/wp-content\\\/uploads\\\/sites\\\/7\\\/2025\\\/02\\\/Blogi_tietoturva.jpg\",\"contentUrl\":\"https:\\\/\\\/tivia-jasenyhdistykset.fi\\\/tietoturva\\\/wp-content\\\/uploads\\\/sites\\\/7\\\/2025\\\/02\\\/Blogi_tietoturva.jpg\",\"width\":2240,\"height\":1260},{\"@type\":\"BreadcrumbList\",\"@id\":\"https:\\\/\\\/tivia-jasenyhdistykset.fi\\\/tietoturva\\\/2024\\\/11\\\/14\\\/tietoturvakatsaus_ja_fsa_gaala\\\/#breadcrumb\",\"itemListElement\":[{\"@type\":\"ListItem\",\"position\":1,\"name\":\"Etusivu\",\"item\":\"https:\\\/\\\/tivia-jasenyhdistykset.fi\\\/tietoturva\\\/\"},{\"@type\":\"ListItem\",\"position\":2,\"name\":\"Tietoturvakatsaus #5 ja FSA-gaala 2024\"}]},{\"@type\":\"WebSite\",\"@id\":\"https:\\\/\\\/tivia-jasenyhdistykset.fi\\\/tietoturva\\\/#website\",\"url\":\"https:\\\/\\\/tivia-jasenyhdistykset.fi\\\/tietoturva\\\/\",\"name\":\"Tietoturva ry\",\"description\":\"Suomen suurin tietoturva-ammattilaisten verkosto\",\"publisher\":{\"@id\":\"https:\\\/\\\/tivia-jasenyhdistykset.fi\\\/tietoturva\\\/#organization\"},\"potentialAction\":[{\"@type\":\"SearchAction\",\"target\":{\"@type\":\"EntryPoint\",\"urlTemplate\":\"https:\\\/\\\/tivia-jasenyhdistykset.fi\\\/tietoturva\\\/?s={search_term_string}\"},\"query-input\":{\"@type\":\"PropertyValueSpecification\",\"valueRequired\":true,\"valueName\":\"search_term_string\"}}],\"inLanguage\":\"fi\"},{\"@type\":\"Organization\",\"@id\":\"https:\\\/\\\/tivia-jasenyhdistykset.fi\\\/tietoturva\\\/#organization\",\"name\":\"Tietoturva ry\",\"url\":\"https:\\\/\\\/tivia-jasenyhdistykset.fi\\\/tietoturva\\\/\",\"logo\":{\"@type\":\"ImageObject\",\"inLanguage\":\"fi\",\"@id\":\"https:\\\/\\\/tivia-jasenyhdistykset.fi\\\/tietoturva\\\/#\\\/schema\\\/logo\\\/image\\\/\",\"url\":\"https:\\\/\\\/tietoturva.fi\\\/wp-content\\\/uploads\\\/sites\\\/7\\\/2021\\\/05\\\/Tietoturva-logo-2018-100.png\",\"contentUrl\":\"https:\\\/\\\/tietoturva.fi\\\/wp-content\\\/uploads\\\/sites\\\/7\\\/2021\\\/05\\\/Tietoturva-logo-2018-100.png\",\"width\":73,\"height\":100,\"caption\":\"Tietoturva ry\"},\"image\":{\"@id\":\"https:\\\/\\\/tivia-jasenyhdistykset.fi\\\/tietoturva\\\/#\\\/schema\\\/logo\\\/image\\\/\"},\"sameAs\":[\"https:\\\/\\\/www.facebook.com\\\/TietoturvaRy\\\/\",\"https:\\\/\\\/x.com\\\/tietoturva_ry\",\"https:\\\/\\\/www.linkedin.com\\\/company\\\/tietoturva\\\/\",\"https:\\\/\\\/www.youtube.com\\\/channel\\\/UCmXkytjYpJ4_N2msCNy69sw\\\/\"]},{\"@type\":\"Person\",\"@id\":\"https:\\\/\\\/tivia-jasenyhdistykset.fi\\\/tietoturva\\\/#\\\/schema\\\/person\\\/509d9bb392337a2d220ec611546998ec\",\"name\":\"Tommi V\",\"image\":{\"@type\":\"ImageObject\",\"inLanguage\":\"fi\",\"@id\":\"https:\\\/\\\/secure.gravatar.com\\\/avatar\\\/407fe7c123719aedfe1043bea0075baf31b4805e5599ab36f3b560d37cfba06d?s=96&d=mm&r=g\",\"url\":\"https:\\\/\\\/secure.gravatar.com\\\/avatar\\\/407fe7c123719aedfe1043bea0075baf31b4805e5599ab36f3b560d37cfba06d?s=96&d=mm&r=g\",\"contentUrl\":\"https:\\\/\\\/secure.gravatar.com\\\/avatar\\\/407fe7c123719aedfe1043bea0075baf31b4805e5599ab36f3b560d37cfba06d?s=96&d=mm&r=g\",\"caption\":\"Tommi V\"},\"url\":\"https:\\\/\\\/tivia-jasenyhdistykset.fi\\\/tietoturva\\\/author\\\/vanninentommi10605\\\/\"}]}<\/script>\n<!-- \/ Yoast SEO plugin. -->","yoast_head_json":{"title":"Tietoturvakatsaus #5 ja FSA-gaala 2024 - Tietoturva ry","robots":{"index":"index","follow":"follow","max-snippet":"max-snippet:-1","max-image-preview":"max-image-preview:large","max-video-preview":"max-video-preview:-1"},"canonical":"https:\/\/tivia-jasenyhdistykset.fi\/tietoturva\/2024\/11\/14\/tietoturvakatsaus_ja_fsa_gaala\/","og_locale":"fi_FI","og_type":"article","og_title":"Tietoturvakatsaus #5 ja FSA-gaala 2024 - Tietoturva ry","og_description":"Tietoturva ry j\u00e4rjest\u00e4\u00e4 viidennen Tietoturvakatsaus -seminaarin Finnish Security Awards-gaalaillan yhteydess\u00e4 Helsingin Ritarihuoneella 14.11.2024. Tietoturva ry tarjoaa 50 ensimm\u00e4iselle Tietoturva ry:n j\u00e4senelle mahdollisuuden osallistua p\u00e4iv\u00e4tapahtumaan veloituksetta. Mik\u00e4li haluat osallistua my\u00f6s illalla j\u00e4rjestett\u00e4v\u00e4\u00e4n Finnish Security Awards-gaalaan, tulee sinun hankkia erillinen lippu.","og_url":"https:\/\/tivia-jasenyhdistykset.fi\/tietoturva\/2024\/11\/14\/tietoturvakatsaus_ja_fsa_gaala\/","og_site_name":"Tietoturva ry","article_publisher":"https:\/\/www.facebook.com\/TietoturvaRy\/","article_published_time":"2024-11-13T22:01:46+00:00","article_modified_time":"2025-09-26T07:14:02+00:00","og_image":[{"width":2240,"height":1260,"url":"https:\/\/tivia-jasenyhdistykset.fi\/tietoturva\/wp-content\/uploads\/sites\/7\/2025\/02\/Blogi_tietoturva.jpg","type":"image\/jpeg"}],"author":"Tommi V","twitter_card":"summary_large_image","twitter_creator":"@tietoturva_ry","twitter_site":"@tietoturva_ry","twitter_misc":{"Kirjoittanut":"Tommi V","Arvioitu lukuaika":"4 minuuttia"},"schema":{"@context":"https:\/\/schema.org","@graph":[{"@type":"Article","@id":"https:\/\/tivia-jasenyhdistykset.fi\/tietoturva\/2024\/11\/14\/tietoturvakatsaus_ja_fsa_gaala\/#article","isPartOf":{"@id":"https:\/\/tivia-jasenyhdistykset.fi\/tietoturva\/2024\/11\/14\/tietoturvakatsaus_ja_fsa_gaala\/"},"author":{"name":"Tommi V","@id":"https:\/\/tivia-jasenyhdistykset.fi\/tietoturva\/#\/schema\/person\/509d9bb392337a2d220ec611546998ec"},"headline":"Tietoturvakatsaus #5 ja FSA-gaala 2024","datePublished":"2024-11-13T22:01:46+00:00","dateModified":"2025-09-26T07:14:02+00:00","mainEntityOfPage":{"@id":"https:\/\/tivia-jasenyhdistykset.fi\/tietoturva\/2024\/11\/14\/tietoturvakatsaus_ja_fsa_gaala\/"},"wordCount":518,"publisher":{"@id":"https:\/\/tivia-jasenyhdistykset.fi\/tietoturva\/#organization"},"image":{"@id":"https:\/\/tivia-jasenyhdistykset.fi\/tietoturva\/2024\/11\/14\/tietoturvakatsaus_ja_fsa_gaala\/#primaryimage"},"thumbnailUrl":"https:\/\/tivia-jasenyhdistykset.fi\/tietoturva\/wp-content\/uploads\/sites\/7\/2025\/02\/Blogi_tietoturva.jpg","articleSection":["Tietoturvakatsaus"],"inLanguage":"fi"},{"@type":"WebPage","@id":"https:\/\/tivia-jasenyhdistykset.fi\/tietoturva\/2024\/11\/14\/tietoturvakatsaus_ja_fsa_gaala\/","url":"https:\/\/tivia-jasenyhdistykset.fi\/tietoturva\/2024\/11\/14\/tietoturvakatsaus_ja_fsa_gaala\/","name":"Tietoturvakatsaus #5 ja FSA-gaala 2024 - Tietoturva ry","isPartOf":{"@id":"https:\/\/tivia-jasenyhdistykset.fi\/tietoturva\/#website"},"primaryImageOfPage":{"@id":"https:\/\/tivia-jasenyhdistykset.fi\/tietoturva\/2024\/11\/14\/tietoturvakatsaus_ja_fsa_gaala\/#primaryimage"},"image":{"@id":"https:\/\/tivia-jasenyhdistykset.fi\/tietoturva\/2024\/11\/14\/tietoturvakatsaus_ja_fsa_gaala\/#primaryimage"},"thumbnailUrl":"https:\/\/tivia-jasenyhdistykset.fi\/tietoturva\/wp-content\/uploads\/sites\/7\/2025\/02\/Blogi_tietoturva.jpg","datePublished":"2024-11-13T22:01:46+00:00","dateModified":"2025-09-26T07:14:02+00:00","breadcrumb":{"@id":"https:\/\/tivia-jasenyhdistykset.fi\/tietoturva\/2024\/11\/14\/tietoturvakatsaus_ja_fsa_gaala\/#breadcrumb"},"inLanguage":"fi","potentialAction":[{"@type":"ReadAction","target":["https:\/\/tivia-jasenyhdistykset.fi\/tietoturva\/2024\/11\/14\/tietoturvakatsaus_ja_fsa_gaala\/"]}]},{"@type":"ImageObject","inLanguage":"fi","@id":"https:\/\/tivia-jasenyhdistykset.fi\/tietoturva\/2024\/11\/14\/tietoturvakatsaus_ja_fsa_gaala\/#primaryimage","url":"https:\/\/tivia-jasenyhdistykset.fi\/tietoturva\/wp-content\/uploads\/sites\/7\/2025\/02\/Blogi_tietoturva.jpg","contentUrl":"https:\/\/tivia-jasenyhdistykset.fi\/tietoturva\/wp-content\/uploads\/sites\/7\/2025\/02\/Blogi_tietoturva.jpg","width":2240,"height":1260},{"@type":"BreadcrumbList","@id":"https:\/\/tivia-jasenyhdistykset.fi\/tietoturva\/2024\/11\/14\/tietoturvakatsaus_ja_fsa_gaala\/#breadcrumb","itemListElement":[{"@type":"ListItem","position":1,"name":"Etusivu","item":"https:\/\/tivia-jasenyhdistykset.fi\/tietoturva\/"},{"@type":"ListItem","position":2,"name":"Tietoturvakatsaus #5 ja FSA-gaala 2024"}]},{"@type":"WebSite","@id":"https:\/\/tivia-jasenyhdistykset.fi\/tietoturva\/#website","url":"https:\/\/tivia-jasenyhdistykset.fi\/tietoturva\/","name":"Tietoturva ry","description":"Suomen suurin tietoturva-ammattilaisten verkosto","publisher":{"@id":"https:\/\/tivia-jasenyhdistykset.fi\/tietoturva\/#organization"},"potentialAction":[{"@type":"SearchAction","target":{"@type":"EntryPoint","urlTemplate":"https:\/\/tivia-jasenyhdistykset.fi\/tietoturva\/?s={search_term_string}"},"query-input":{"@type":"PropertyValueSpecification","valueRequired":true,"valueName":"search_term_string"}}],"inLanguage":"fi"},{"@type":"Organization","@id":"https:\/\/tivia-jasenyhdistykset.fi\/tietoturva\/#organization","name":"Tietoturva ry","url":"https:\/\/tivia-jasenyhdistykset.fi\/tietoturva\/","logo":{"@type":"ImageObject","inLanguage":"fi","@id":"https:\/\/tivia-jasenyhdistykset.fi\/tietoturva\/#\/schema\/logo\/image\/","url":"https:\/\/tietoturva.fi\/wp-content\/uploads\/sites\/7\/2021\/05\/Tietoturva-logo-2018-100.png","contentUrl":"https:\/\/tietoturva.fi\/wp-content\/uploads\/sites\/7\/2021\/05\/Tietoturva-logo-2018-100.png","width":73,"height":100,"caption":"Tietoturva ry"},"image":{"@id":"https:\/\/tivia-jasenyhdistykset.fi\/tietoturva\/#\/schema\/logo\/image\/"},"sameAs":["https:\/\/www.facebook.com\/TietoturvaRy\/","https:\/\/x.com\/tietoturva_ry","https:\/\/www.linkedin.com\/company\/tietoturva\/","https:\/\/www.youtube.com\/channel\/UCmXkytjYpJ4_N2msCNy69sw\/"]},{"@type":"Person","@id":"https:\/\/tivia-jasenyhdistykset.fi\/tietoturva\/#\/schema\/person\/509d9bb392337a2d220ec611546998ec","name":"Tommi V","image":{"@type":"ImageObject","inLanguage":"fi","@id":"https:\/\/secure.gravatar.com\/avatar\/407fe7c123719aedfe1043bea0075baf31b4805e5599ab36f3b560d37cfba06d?s=96&d=mm&r=g","url":"https:\/\/secure.gravatar.com\/avatar\/407fe7c123719aedfe1043bea0075baf31b4805e5599ab36f3b560d37cfba06d?s=96&d=mm&r=g","contentUrl":"https:\/\/secure.gravatar.com\/avatar\/407fe7c123719aedfe1043bea0075baf31b4805e5599ab36f3b560d37cfba06d?s=96&d=mm&r=g","caption":"Tommi V"},"url":"https:\/\/tivia-jasenyhdistykset.fi\/tietoturva\/author\/vanninentommi10605\/"}]}},"_links":{"self":[{"href":"https:\/\/tivia-jasenyhdistykset.fi\/tietoturva\/wp-json\/wp\/v2\/posts\/3001","targetHints":{"allow":["GET"]}}],"collection":[{"href":"https:\/\/tivia-jasenyhdistykset.fi\/tietoturva\/wp-json\/wp\/v2\/posts"}],"about":[{"href":"https:\/\/tivia-jasenyhdistykset.fi\/tietoturva\/wp-json\/wp\/v2\/types\/post"}],"author":[{"embeddable":true,"href":"https:\/\/tivia-jasenyhdistykset.fi\/tietoturva\/wp-json\/wp\/v2\/users\/2408"}],"replies":[{"embeddable":true,"href":"https:\/\/tivia-jasenyhdistykset.fi\/tietoturva\/wp-json\/wp\/v2\/comments?post=3001"}],"version-history":[{"count":6,"href":"https:\/\/tivia-jasenyhdistykset.fi\/tietoturva\/wp-json\/wp\/v2\/posts\/3001\/revisions"}],"predecessor-version":[{"id":3333,"href":"https:\/\/tivia-jasenyhdistykset.fi\/tietoturva\/wp-json\/wp\/v2\/posts\/3001\/revisions\/3333"}],"wp:featuredmedia":[{"embeddable":true,"href":"https:\/\/tivia-jasenyhdistykset.fi\/tietoturva\/wp-json\/wp\/v2\/media\/3162"}],"wp:attachment":[{"href":"https:\/\/tivia-jasenyhdistykset.fi\/tietoturva\/wp-json\/wp\/v2\/media?parent=3001"}],"wp:term":[{"taxonomy":"category","embeddable":true,"href":"https:\/\/tivia-jasenyhdistykset.fi\/tietoturva\/wp-json\/wp\/v2\/categories?post=3001"},{"taxonomy":"post_tag","embeddable":true,"href":"https:\/\/tivia-jasenyhdistykset.fi\/tietoturva\/wp-json\/wp\/v2\/tags?post=3001"}],"curies":[{"name":"wp","href":"https:\/\/api.w.org\/{rel}","templated":true}]}}