{"id":3257,"date":"2025-08-19T08:00:58","date_gmt":"2025-08-19T05:00:58","guid":{"rendered":"https:\/\/tietoturva.fi\/?p=3257"},"modified":"2025-08-06T20:41:17","modified_gmt":"2025-08-06T17:41:17","slug":"ehdota-vuoden-tietoturvapaallikkoa-31-10-2025-mennessa","status":"publish","type":"post","link":"https:\/\/tivia-jasenyhdistykset.fi\/tietoturva\/2025\/08\/19\/ehdota-vuoden-tietoturvapaallikkoa-31-10-2025-mennessa\/","title":{"rendered":"Ehdota Vuoden Tietoturvap\u00e4\u00e4llikk\u00f6\u00e4 31.10.2025 menness\u00e4"},"content":{"rendered":"<p data-start=\"318\" data-end=\"699\">Tietoturva on t\u00e4n\u00e4 p\u00e4iv\u00e4n\u00e4 yksi organisaation keskeisimmist\u00e4 kivijaloista. Sen arvo mitataan usein hiljaisuudessa. Silloin kun asiat sujuvat, uhkia ei toteudu ja tieto kulkee turvallisesti. N\u00e4iden asioiden takana on harvoin sattuma. Usein siell\u00e4 on henkil\u00f6, joka kehitt\u00e4\u00e4 m\u00e4\u00e4r\u00e4tietoisesti, rakentaa yhteisty\u00f6t\u00e4 ja pit\u00e4\u00e4 huolta siit\u00e4, ett\u00e4 tietoturva on muutakin kuin hyv\u00e4 aikomus.<\/p>\n<p data-start=\"701\" data-end=\"1012\">Tietoturva ry haluaa nostaa t\u00e4m\u00e4n ty\u00f6n n\u00e4kyv\u00e4ksi. Vuoden Tietoturvap\u00e4\u00e4llikk\u00f6 -tunnustus my\u00f6nnet\u00e4\u00e4n tietoturva-ammattilaiselle, joka toimii Suomessa tietoturvap\u00e4\u00e4llik\u00f6n, tietoturvavastaavan, tietoturvajohtajan teht\u00e4v\u00e4ss\u00e4 tai vastaavassa roolissa, kuten kyber- tai turvallisuusjohtajana. Titteli ei ole ratkaiseva, vaan teot.<\/p>\n<p data-start=\"1014\" data-end=\"1428\">Tunnustuksen tarkoituksena on kannustaa tietoturva-asiantuntijoita kehittym\u00e4\u00e4n ty\u00f6ss\u00e4\u00e4n ja vahvistaa suomalaisen tietoturvaosaamisen arvostusta. Tunnustuksen saaja on henkil\u00f6, joka on organisaatiossaan kehitt\u00e4nyt tietoturvan tai kyberturvallisuuden toimintatapoja ennakkoluulottomasti ja esimerkillisesti. Lis\u00e4ksi h\u00e4n on voinut edist\u00e4\u00e4 osaamisen jakamista ja verkostoitumista tietoturvayhteis\u00f6n sis\u00e4ll\u00e4 ja sen yli.<\/p>\n<h2 data-start=\"1430\" data-end=\"1602\">Ehdota omaa suosikkiasi viimeist\u00e4\u00e4n 31.10.2025 menness\u00e4<\/h2>\n<p data-start=\"1430\" data-end=\"1602\">Tunnustuksen avoin ehdokasasettelu on nyt k\u00e4ynniss\u00e4. Tied\u00e4tk\u00f6 sin\u00e4 henkil\u00f6n, jonka ty\u00f6 ansaitsee tulla huomatuksi ja kiitetyksi?<\/p>\n<p data-start=\"1604\" data-end=\"1848\">L\u00e4het\u00e4 ehdotuksesi perusteluineen osoitteeseen <a href=\"mailto:ciso@tietoturva.fi\" rel=\"noopener\" data-start=\"1667\" data-end=\"1685\">ciso@tietoturva.fi<\/a>. Tunnustuksen saajan valitsee Tietoturva ry:n hallitus toimitettujen ehdotusten ja valintakriteerien perusteella. Hallituksen j\u00e4sen ei voi itse tulla valituksi.<\/p>\n<h3 data-start=\"1850\" data-end=\"2128\">Mit\u00e4 tunnustus sis\u00e4lt\u00e4\u00e4?<\/h3>\n<p data-start=\"1850\" data-end=\"2128\">Tietoturvap\u00e4\u00e4llik\u00f6t ovat hiljaisia varmistajia, yhteentoimivuuden rakentajia ja arjen turvaverkon kehitt\u00e4ji\u00e4. Nyt on mahdollisuus kiitt\u00e4\u00e4, nostaa esiin ja osoittaa arvostusta.<\/p>\n<p data-start=\"1850\" data-end=\"2128\">Vuoden Tietoturvap\u00e4\u00e4llikk\u00f6 saa Tietoturva ry:n kunniamaininnan sek\u00e4 vuoden mittaisen j\u00e4senyyden yhdistyksess\u00e4. Lis\u00e4ksi palkinto sis\u00e4lt\u00e4\u00e4 kumppanin lahjoittaman tunnustuksen, joka luovutetaan erillisess\u00e4 palkitsemistilaisuudessa loppuvuodesta 2025.<\/p>\n<p data-start=\"2348\" data-end=\"2469\">Ehdota rohkeasti! Ehk\u00e4 juuri sinun kollegasi, asiakkaasi tai yhteisty\u00f6kumppanisi on Vuoden Tietoturvap\u00e4\u00e4llikk\u00f6 2025.<\/p>\n<hr \/>\n<p data-start=\"2348\" data-end=\"2469\"><strong>Osallistumisohjeet:<\/strong> lis\u00e4tietoja l\u00f6yd\u00e4t sivuiltamme: <a href=\"https:\/\/tietoturva.fi\/toiminta\/ciso\/\">Vuoden tietoturvap\u00e4\u00e4llikk\u00f6 -tunnustus<\/a><\/p>\n","protected":false},"excerpt":{"rendered":"<p data-start=\"318\" data-end=\"699\">Tietoturva on t\u00e4n\u00e4 p\u00e4iv\u00e4n\u00e4 yksi organisaation keskeisimmist\u00e4 kivijaloista. Sen arvo mitataan usein hiljaisuudessa. Silloin kun asiat sujuvat, uhkia ei toteudu ja tieto kulkee turvallisesti. N\u00e4iden asioiden takana on harvoin sattuma. Usein siell\u00e4 on henkil\u00f6, joka kehitt\u00e4\u00e4 m\u00e4\u00e4r\u00e4tietoisesti, rakentaa yhteisty\u00f6t\u00e4 ja pit\u00e4\u00e4 huolta siit\u00e4,<\/p>\n","protected":false},"author":2391,"featured_media":141,"comment_status":"closed","ping_status":"closed","sticky":false,"template":"","format":"standard","meta":{"_acf_changed":false,"footnotes":""},"categories":[10,40],"tags":[],"class_list":["post-3257","post","type-post","status-publish","format-standard","has-post-thumbnail","hentry","category-ciso","category-tiedotteet"],"acf":[],"yoast_head":"<!-- This site is optimized with the Yoast SEO plugin v27.5 - https:\/\/yoast.com\/product\/yoast-seo-wordpress\/ -->\n<title>Ehdota Vuoden Tietoturvap\u00e4\u00e4llikk\u00f6\u00e4 31.10.2025 menness\u00e4 - Tietoturva ry<\/title>\n<meta name=\"robots\" content=\"index, follow, max-snippet:-1, max-image-preview:large, max-video-preview:-1\" \/>\n<link rel=\"canonical\" href=\"https:\/\/tivia-jasenyhdistykset.fi\/tietoturva\/2025\/08\/19\/ehdota-vuoden-tietoturvapaallikkoa-31-10-2025-mennessa\/\" \/>\n<meta property=\"og:locale\" content=\"fi_FI\" \/>\n<meta property=\"og:type\" content=\"article\" \/>\n<meta property=\"og:title\" content=\"Ehdota Vuoden Tietoturvap\u00e4\u00e4llikk\u00f6\u00e4 31.10.2025 menness\u00e4 - Tietoturva ry\" \/>\n<meta property=\"og:description\" content=\"Tietoturva on t\u00e4n\u00e4 p\u00e4iv\u00e4n\u00e4 yksi organisaation keskeisimmist\u00e4 kivijaloista. Sen arvo mitataan usein hiljaisuudessa. Silloin kun asiat sujuvat, uhkia ei toteudu ja tieto kulkee turvallisesti. N\u00e4iden asioiden takana on harvoin sattuma. Usein siell\u00e4 on henkil\u00f6, joka kehitt\u00e4\u00e4 m\u00e4\u00e4r\u00e4tietoisesti, rakentaa yhteisty\u00f6t\u00e4 ja pit\u00e4\u00e4 huolta siit\u00e4,\" \/>\n<meta property=\"og:url\" content=\"https:\/\/tivia-jasenyhdistykset.fi\/tietoturva\/2025\/08\/19\/ehdota-vuoden-tietoturvapaallikkoa-31-10-2025-mennessa\/\" \/>\n<meta property=\"og:site_name\" content=\"Tietoturva ry\" \/>\n<meta property=\"article:publisher\" content=\"https:\/\/www.facebook.com\/TietoturvaRy\/\" \/>\n<meta property=\"article:published_time\" content=\"2025-08-19T05:00:58+00:00\" \/>\n<meta property=\"og:image\" content=\"https:\/\/tivia-jasenyhdistykset.fi\/tietoturva\/wp-content\/uploads\/sites\/7\/2019\/05\/Vuoden-CISO.jpg\" \/>\n\t<meta property=\"og:image:width\" content=\"1000\" \/>\n\t<meta property=\"og:image:height\" content=\"333\" \/>\n\t<meta property=\"og:image:type\" content=\"image\/jpeg\" \/>\n<meta name=\"author\" content=\"lohiluomajohanna18896\" \/>\n<meta name=\"twitter:card\" content=\"summary_large_image\" \/>\n<meta name=\"twitter:creator\" content=\"@tietoturva_ry\" \/>\n<meta name=\"twitter:site\" content=\"@tietoturva_ry\" \/>\n<meta name=\"twitter:label1\" content=\"Kirjoittanut\" \/>\n\t<meta name=\"twitter:data1\" content=\"lohiluomajohanna18896\" \/>\n\t<meta name=\"twitter:label2\" content=\"Arvioitu lukuaika\" \/>\n\t<meta name=\"twitter:data2\" content=\"2 minuuttia\" \/>\n<script type=\"application\/ld+json\" class=\"yoast-schema-graph\">{\"@context\":\"https:\\\/\\\/schema.org\",\"@graph\":[{\"@type\":\"Article\",\"@id\":\"https:\\\/\\\/tivia-jasenyhdistykset.fi\\\/tietoturva\\\/2025\\\/08\\\/19\\\/ehdota-vuoden-tietoturvapaallikkoa-31-10-2025-mennessa\\\/#article\",\"isPartOf\":{\"@id\":\"https:\\\/\\\/tivia-jasenyhdistykset.fi\\\/tietoturva\\\/2025\\\/08\\\/19\\\/ehdota-vuoden-tietoturvapaallikkoa-31-10-2025-mennessa\\\/\"},\"author\":{\"name\":\"lohiluomajohanna18896\",\"@id\":\"https:\\\/\\\/tivia-jasenyhdistykset.fi\\\/tietoturva\\\/#\\\/schema\\\/person\\\/5fd68560ff948b550d63e2335c902664\"},\"headline\":\"Ehdota Vuoden Tietoturvap\u00e4\u00e4llikk\u00f6\u00e4 31.10.2025 menness\u00e4\",\"datePublished\":\"2025-08-19T05:00:58+00:00\",\"mainEntityOfPage\":{\"@id\":\"https:\\\/\\\/tivia-jasenyhdistykset.fi\\\/tietoturva\\\/2025\\\/08\\\/19\\\/ehdota-vuoden-tietoturvapaallikkoa-31-10-2025-mennessa\\\/\"},\"wordCount\":286,\"publisher\":{\"@id\":\"https:\\\/\\\/tivia-jasenyhdistykset.fi\\\/tietoturva\\\/#organization\"},\"image\":{\"@id\":\"https:\\\/\\\/tivia-jasenyhdistykset.fi\\\/tietoturva\\\/2025\\\/08\\\/19\\\/ehdota-vuoden-tietoturvapaallikkoa-31-10-2025-mennessa\\\/#primaryimage\"},\"thumbnailUrl\":\"https:\\\/\\\/tivia-jasenyhdistykset.fi\\\/tietoturva\\\/wp-content\\\/uploads\\\/sites\\\/7\\\/2019\\\/05\\\/Vuoden-CISO.jpg\",\"articleSection\":[\"CISO\",\"Tiedotteet\"],\"inLanguage\":\"fi\"},{\"@type\":\"WebPage\",\"@id\":\"https:\\\/\\\/tivia-jasenyhdistykset.fi\\\/tietoturva\\\/2025\\\/08\\\/19\\\/ehdota-vuoden-tietoturvapaallikkoa-31-10-2025-mennessa\\\/\",\"url\":\"https:\\\/\\\/tivia-jasenyhdistykset.fi\\\/tietoturva\\\/2025\\\/08\\\/19\\\/ehdota-vuoden-tietoturvapaallikkoa-31-10-2025-mennessa\\\/\",\"name\":\"Ehdota Vuoden Tietoturvap\u00e4\u00e4llikk\u00f6\u00e4 31.10.2025 menness\u00e4 - Tietoturva ry\",\"isPartOf\":{\"@id\":\"https:\\\/\\\/tivia-jasenyhdistykset.fi\\\/tietoturva\\\/#website\"},\"primaryImageOfPage\":{\"@id\":\"https:\\\/\\\/tivia-jasenyhdistykset.fi\\\/tietoturva\\\/2025\\\/08\\\/19\\\/ehdota-vuoden-tietoturvapaallikkoa-31-10-2025-mennessa\\\/#primaryimage\"},\"image\":{\"@id\":\"https:\\\/\\\/tivia-jasenyhdistykset.fi\\\/tietoturva\\\/2025\\\/08\\\/19\\\/ehdota-vuoden-tietoturvapaallikkoa-31-10-2025-mennessa\\\/#primaryimage\"},\"thumbnailUrl\":\"https:\\\/\\\/tivia-jasenyhdistykset.fi\\\/tietoturva\\\/wp-content\\\/uploads\\\/sites\\\/7\\\/2019\\\/05\\\/Vuoden-CISO.jpg\",\"datePublished\":\"2025-08-19T05:00:58+00:00\",\"breadcrumb\":{\"@id\":\"https:\\\/\\\/tivia-jasenyhdistykset.fi\\\/tietoturva\\\/2025\\\/08\\\/19\\\/ehdota-vuoden-tietoturvapaallikkoa-31-10-2025-mennessa\\\/#breadcrumb\"},\"inLanguage\":\"fi\",\"potentialAction\":[{\"@type\":\"ReadAction\",\"target\":[\"https:\\\/\\\/tivia-jasenyhdistykset.fi\\\/tietoturva\\\/2025\\\/08\\\/19\\\/ehdota-vuoden-tietoturvapaallikkoa-31-10-2025-mennessa\\\/\"]}]},{\"@type\":\"ImageObject\",\"inLanguage\":\"fi\",\"@id\":\"https:\\\/\\\/tivia-jasenyhdistykset.fi\\\/tietoturva\\\/2025\\\/08\\\/19\\\/ehdota-vuoden-tietoturvapaallikkoa-31-10-2025-mennessa\\\/#primaryimage\",\"url\":\"https:\\\/\\\/tivia-jasenyhdistykset.fi\\\/tietoturva\\\/wp-content\\\/uploads\\\/sites\\\/7\\\/2019\\\/05\\\/Vuoden-CISO.jpg\",\"contentUrl\":\"https:\\\/\\\/tivia-jasenyhdistykset.fi\\\/tietoturva\\\/wp-content\\\/uploads\\\/sites\\\/7\\\/2019\\\/05\\\/Vuoden-CISO.jpg\",\"width\":1000,\"height\":333},{\"@type\":\"BreadcrumbList\",\"@id\":\"https:\\\/\\\/tivia-jasenyhdistykset.fi\\\/tietoturva\\\/2025\\\/08\\\/19\\\/ehdota-vuoden-tietoturvapaallikkoa-31-10-2025-mennessa\\\/#breadcrumb\",\"itemListElement\":[{\"@type\":\"ListItem\",\"position\":1,\"name\":\"Etusivu\",\"item\":\"https:\\\/\\\/tivia-jasenyhdistykset.fi\\\/tietoturva\\\/\"},{\"@type\":\"ListItem\",\"position\":2,\"name\":\"Ehdota Vuoden Tietoturvap\u00e4\u00e4llikk\u00f6\u00e4 31.10.2025 menness\u00e4\"}]},{\"@type\":\"WebSite\",\"@id\":\"https:\\\/\\\/tivia-jasenyhdistykset.fi\\\/tietoturva\\\/#website\",\"url\":\"https:\\\/\\\/tivia-jasenyhdistykset.fi\\\/tietoturva\\\/\",\"name\":\"Tietoturva ry\",\"description\":\"Suomen suurin tietoturva-ammattilaisten verkosto\",\"publisher\":{\"@id\":\"https:\\\/\\\/tivia-jasenyhdistykset.fi\\\/tietoturva\\\/#organization\"},\"potentialAction\":[{\"@type\":\"SearchAction\",\"target\":{\"@type\":\"EntryPoint\",\"urlTemplate\":\"https:\\\/\\\/tivia-jasenyhdistykset.fi\\\/tietoturva\\\/?s={search_term_string}\"},\"query-input\":{\"@type\":\"PropertyValueSpecification\",\"valueRequired\":true,\"valueName\":\"search_term_string\"}}],\"inLanguage\":\"fi\"},{\"@type\":\"Organization\",\"@id\":\"https:\\\/\\\/tivia-jasenyhdistykset.fi\\\/tietoturva\\\/#organization\",\"name\":\"Tietoturva ry\",\"url\":\"https:\\\/\\\/tivia-jasenyhdistykset.fi\\\/tietoturva\\\/\",\"logo\":{\"@type\":\"ImageObject\",\"inLanguage\":\"fi\",\"@id\":\"https:\\\/\\\/tivia-jasenyhdistykset.fi\\\/tietoturva\\\/#\\\/schema\\\/logo\\\/image\\\/\",\"url\":\"https:\\\/\\\/tietoturva.fi\\\/wp-content\\\/uploads\\\/sites\\\/7\\\/2021\\\/05\\\/Tietoturva-logo-2018-100.png\",\"contentUrl\":\"https:\\\/\\\/tietoturva.fi\\\/wp-content\\\/uploads\\\/sites\\\/7\\\/2021\\\/05\\\/Tietoturva-logo-2018-100.png\",\"width\":73,\"height\":100,\"caption\":\"Tietoturva ry\"},\"image\":{\"@id\":\"https:\\\/\\\/tivia-jasenyhdistykset.fi\\\/tietoturva\\\/#\\\/schema\\\/logo\\\/image\\\/\"},\"sameAs\":[\"https:\\\/\\\/www.facebook.com\\\/TietoturvaRy\\\/\",\"https:\\\/\\\/x.com\\\/tietoturva_ry\",\"https:\\\/\\\/www.linkedin.com\\\/company\\\/tietoturva\\\/\",\"https:\\\/\\\/www.youtube.com\\\/channel\\\/UCmXkytjYpJ4_N2msCNy69sw\\\/\"]},{\"@type\":\"Person\",\"@id\":\"https:\\\/\\\/tivia-jasenyhdistykset.fi\\\/tietoturva\\\/#\\\/schema\\\/person\\\/5fd68560ff948b550d63e2335c902664\",\"name\":\"lohiluomajohanna18896\",\"image\":{\"@type\":\"ImageObject\",\"inLanguage\":\"fi\",\"@id\":\"https:\\\/\\\/secure.gravatar.com\\\/avatar\\\/c248c91cff749e25d3aa45caf3c97d835f113aca8a7d9bd7d4e06a15bd93415c?s=96&d=mm&r=g\",\"url\":\"https:\\\/\\\/secure.gravatar.com\\\/avatar\\\/c248c91cff749e25d3aa45caf3c97d835f113aca8a7d9bd7d4e06a15bd93415c?s=96&d=mm&r=g\",\"contentUrl\":\"https:\\\/\\\/secure.gravatar.com\\\/avatar\\\/c248c91cff749e25d3aa45caf3c97d835f113aca8a7d9bd7d4e06a15bd93415c?s=96&d=mm&r=g\",\"caption\":\"lohiluomajohanna18896\"},\"url\":\"https:\\\/\\\/tivia-jasenyhdistykset.fi\\\/tietoturva\\\/author\\\/lohiluomajohanna18896\\\/\"}]}<\/script>\n<!-- \/ Yoast SEO plugin. -->","yoast_head_json":{"title":"Ehdota Vuoden Tietoturvap\u00e4\u00e4llikk\u00f6\u00e4 31.10.2025 menness\u00e4 - Tietoturva ry","robots":{"index":"index","follow":"follow","max-snippet":"max-snippet:-1","max-image-preview":"max-image-preview:large","max-video-preview":"max-video-preview:-1"},"canonical":"https:\/\/tivia-jasenyhdistykset.fi\/tietoturva\/2025\/08\/19\/ehdota-vuoden-tietoturvapaallikkoa-31-10-2025-mennessa\/","og_locale":"fi_FI","og_type":"article","og_title":"Ehdota Vuoden Tietoturvap\u00e4\u00e4llikk\u00f6\u00e4 31.10.2025 menness\u00e4 - Tietoturva ry","og_description":"Tietoturva on t\u00e4n\u00e4 p\u00e4iv\u00e4n\u00e4 yksi organisaation keskeisimmist\u00e4 kivijaloista. Sen arvo mitataan usein hiljaisuudessa. Silloin kun asiat sujuvat, uhkia ei toteudu ja tieto kulkee turvallisesti. N\u00e4iden asioiden takana on harvoin sattuma. Usein siell\u00e4 on henkil\u00f6, joka kehitt\u00e4\u00e4 m\u00e4\u00e4r\u00e4tietoisesti, rakentaa yhteisty\u00f6t\u00e4 ja pit\u00e4\u00e4 huolta siit\u00e4,","og_url":"https:\/\/tivia-jasenyhdistykset.fi\/tietoturva\/2025\/08\/19\/ehdota-vuoden-tietoturvapaallikkoa-31-10-2025-mennessa\/","og_site_name":"Tietoturva ry","article_publisher":"https:\/\/www.facebook.com\/TietoturvaRy\/","article_published_time":"2025-08-19T05:00:58+00:00","og_image":[{"width":1000,"height":333,"url":"https:\/\/tivia-jasenyhdistykset.fi\/tietoturva\/wp-content\/uploads\/sites\/7\/2019\/05\/Vuoden-CISO.jpg","type":"image\/jpeg"}],"author":"lohiluomajohanna18896","twitter_card":"summary_large_image","twitter_creator":"@tietoturva_ry","twitter_site":"@tietoturva_ry","twitter_misc":{"Kirjoittanut":"lohiluomajohanna18896","Arvioitu lukuaika":"2 minuuttia"},"schema":{"@context":"https:\/\/schema.org","@graph":[{"@type":"Article","@id":"https:\/\/tivia-jasenyhdistykset.fi\/tietoturva\/2025\/08\/19\/ehdota-vuoden-tietoturvapaallikkoa-31-10-2025-mennessa\/#article","isPartOf":{"@id":"https:\/\/tivia-jasenyhdistykset.fi\/tietoturva\/2025\/08\/19\/ehdota-vuoden-tietoturvapaallikkoa-31-10-2025-mennessa\/"},"author":{"name":"lohiluomajohanna18896","@id":"https:\/\/tivia-jasenyhdistykset.fi\/tietoturva\/#\/schema\/person\/5fd68560ff948b550d63e2335c902664"},"headline":"Ehdota Vuoden Tietoturvap\u00e4\u00e4llikk\u00f6\u00e4 31.10.2025 menness\u00e4","datePublished":"2025-08-19T05:00:58+00:00","mainEntityOfPage":{"@id":"https:\/\/tivia-jasenyhdistykset.fi\/tietoturva\/2025\/08\/19\/ehdota-vuoden-tietoturvapaallikkoa-31-10-2025-mennessa\/"},"wordCount":286,"publisher":{"@id":"https:\/\/tivia-jasenyhdistykset.fi\/tietoturva\/#organization"},"image":{"@id":"https:\/\/tivia-jasenyhdistykset.fi\/tietoturva\/2025\/08\/19\/ehdota-vuoden-tietoturvapaallikkoa-31-10-2025-mennessa\/#primaryimage"},"thumbnailUrl":"https:\/\/tivia-jasenyhdistykset.fi\/tietoturva\/wp-content\/uploads\/sites\/7\/2019\/05\/Vuoden-CISO.jpg","articleSection":["CISO","Tiedotteet"],"inLanguage":"fi"},{"@type":"WebPage","@id":"https:\/\/tivia-jasenyhdistykset.fi\/tietoturva\/2025\/08\/19\/ehdota-vuoden-tietoturvapaallikkoa-31-10-2025-mennessa\/","url":"https:\/\/tivia-jasenyhdistykset.fi\/tietoturva\/2025\/08\/19\/ehdota-vuoden-tietoturvapaallikkoa-31-10-2025-mennessa\/","name":"Ehdota Vuoden Tietoturvap\u00e4\u00e4llikk\u00f6\u00e4 31.10.2025 menness\u00e4 - Tietoturva ry","isPartOf":{"@id":"https:\/\/tivia-jasenyhdistykset.fi\/tietoturva\/#website"},"primaryImageOfPage":{"@id":"https:\/\/tivia-jasenyhdistykset.fi\/tietoturva\/2025\/08\/19\/ehdota-vuoden-tietoturvapaallikkoa-31-10-2025-mennessa\/#primaryimage"},"image":{"@id":"https:\/\/tivia-jasenyhdistykset.fi\/tietoturva\/2025\/08\/19\/ehdota-vuoden-tietoturvapaallikkoa-31-10-2025-mennessa\/#primaryimage"},"thumbnailUrl":"https:\/\/tivia-jasenyhdistykset.fi\/tietoturva\/wp-content\/uploads\/sites\/7\/2019\/05\/Vuoden-CISO.jpg","datePublished":"2025-08-19T05:00:58+00:00","breadcrumb":{"@id":"https:\/\/tivia-jasenyhdistykset.fi\/tietoturva\/2025\/08\/19\/ehdota-vuoden-tietoturvapaallikkoa-31-10-2025-mennessa\/#breadcrumb"},"inLanguage":"fi","potentialAction":[{"@type":"ReadAction","target":["https:\/\/tivia-jasenyhdistykset.fi\/tietoturva\/2025\/08\/19\/ehdota-vuoden-tietoturvapaallikkoa-31-10-2025-mennessa\/"]}]},{"@type":"ImageObject","inLanguage":"fi","@id":"https:\/\/tivia-jasenyhdistykset.fi\/tietoturva\/2025\/08\/19\/ehdota-vuoden-tietoturvapaallikkoa-31-10-2025-mennessa\/#primaryimage","url":"https:\/\/tivia-jasenyhdistykset.fi\/tietoturva\/wp-content\/uploads\/sites\/7\/2019\/05\/Vuoden-CISO.jpg","contentUrl":"https:\/\/tivia-jasenyhdistykset.fi\/tietoturva\/wp-content\/uploads\/sites\/7\/2019\/05\/Vuoden-CISO.jpg","width":1000,"height":333},{"@type":"BreadcrumbList","@id":"https:\/\/tivia-jasenyhdistykset.fi\/tietoturva\/2025\/08\/19\/ehdota-vuoden-tietoturvapaallikkoa-31-10-2025-mennessa\/#breadcrumb","itemListElement":[{"@type":"ListItem","position":1,"name":"Etusivu","item":"https:\/\/tivia-jasenyhdistykset.fi\/tietoturva\/"},{"@type":"ListItem","position":2,"name":"Ehdota Vuoden Tietoturvap\u00e4\u00e4llikk\u00f6\u00e4 31.10.2025 menness\u00e4"}]},{"@type":"WebSite","@id":"https:\/\/tivia-jasenyhdistykset.fi\/tietoturva\/#website","url":"https:\/\/tivia-jasenyhdistykset.fi\/tietoturva\/","name":"Tietoturva ry","description":"Suomen suurin tietoturva-ammattilaisten verkosto","publisher":{"@id":"https:\/\/tivia-jasenyhdistykset.fi\/tietoturva\/#organization"},"potentialAction":[{"@type":"SearchAction","target":{"@type":"EntryPoint","urlTemplate":"https:\/\/tivia-jasenyhdistykset.fi\/tietoturva\/?s={search_term_string}"},"query-input":{"@type":"PropertyValueSpecification","valueRequired":true,"valueName":"search_term_string"}}],"inLanguage":"fi"},{"@type":"Organization","@id":"https:\/\/tivia-jasenyhdistykset.fi\/tietoturva\/#organization","name":"Tietoturva ry","url":"https:\/\/tivia-jasenyhdistykset.fi\/tietoturva\/","logo":{"@type":"ImageObject","inLanguage":"fi","@id":"https:\/\/tivia-jasenyhdistykset.fi\/tietoturva\/#\/schema\/logo\/image\/","url":"https:\/\/tietoturva.fi\/wp-content\/uploads\/sites\/7\/2021\/05\/Tietoturva-logo-2018-100.png","contentUrl":"https:\/\/tietoturva.fi\/wp-content\/uploads\/sites\/7\/2021\/05\/Tietoturva-logo-2018-100.png","width":73,"height":100,"caption":"Tietoturva ry"},"image":{"@id":"https:\/\/tivia-jasenyhdistykset.fi\/tietoturva\/#\/schema\/logo\/image\/"},"sameAs":["https:\/\/www.facebook.com\/TietoturvaRy\/","https:\/\/x.com\/tietoturva_ry","https:\/\/www.linkedin.com\/company\/tietoturva\/","https:\/\/www.youtube.com\/channel\/UCmXkytjYpJ4_N2msCNy69sw\/"]},{"@type":"Person","@id":"https:\/\/tivia-jasenyhdistykset.fi\/tietoturva\/#\/schema\/person\/5fd68560ff948b550d63e2335c902664","name":"lohiluomajohanna18896","image":{"@type":"ImageObject","inLanguage":"fi","@id":"https:\/\/secure.gravatar.com\/avatar\/c248c91cff749e25d3aa45caf3c97d835f113aca8a7d9bd7d4e06a15bd93415c?s=96&d=mm&r=g","url":"https:\/\/secure.gravatar.com\/avatar\/c248c91cff749e25d3aa45caf3c97d835f113aca8a7d9bd7d4e06a15bd93415c?s=96&d=mm&r=g","contentUrl":"https:\/\/secure.gravatar.com\/avatar\/c248c91cff749e25d3aa45caf3c97d835f113aca8a7d9bd7d4e06a15bd93415c?s=96&d=mm&r=g","caption":"lohiluomajohanna18896"},"url":"https:\/\/tivia-jasenyhdistykset.fi\/tietoturva\/author\/lohiluomajohanna18896\/"}]}},"_links":{"self":[{"href":"https:\/\/tivia-jasenyhdistykset.fi\/tietoturva\/wp-json\/wp\/v2\/posts\/3257","targetHints":{"allow":["GET"]}}],"collection":[{"href":"https:\/\/tivia-jasenyhdistykset.fi\/tietoturva\/wp-json\/wp\/v2\/posts"}],"about":[{"href":"https:\/\/tivia-jasenyhdistykset.fi\/tietoturva\/wp-json\/wp\/v2\/types\/post"}],"author":[{"embeddable":true,"href":"https:\/\/tivia-jasenyhdistykset.fi\/tietoturva\/wp-json\/wp\/v2\/users\/2391"}],"replies":[{"embeddable":true,"href":"https:\/\/tivia-jasenyhdistykset.fi\/tietoturva\/wp-json\/wp\/v2\/comments?post=3257"}],"version-history":[{"count":4,"href":"https:\/\/tivia-jasenyhdistykset.fi\/tietoturva\/wp-json\/wp\/v2\/posts\/3257\/revisions"}],"predecessor-version":[{"id":3263,"href":"https:\/\/tivia-jasenyhdistykset.fi\/tietoturva\/wp-json\/wp\/v2\/posts\/3257\/revisions\/3263"}],"wp:featuredmedia":[{"embeddable":true,"href":"https:\/\/tivia-jasenyhdistykset.fi\/tietoturva\/wp-json\/wp\/v2\/media\/141"}],"wp:attachment":[{"href":"https:\/\/tivia-jasenyhdistykset.fi\/tietoturva\/wp-json\/wp\/v2\/media?parent=3257"}],"wp:term":[{"taxonomy":"category","embeddable":true,"href":"https:\/\/tivia-jasenyhdistykset.fi\/tietoturva\/wp-json\/wp\/v2\/categories?post=3257"},{"taxonomy":"post_tag","embeddable":true,"href":"https:\/\/tivia-jasenyhdistykset.fi\/tietoturva\/wp-json\/wp\/v2\/tags?post=3257"}],"curies":[{"name":"wp","href":"https:\/\/api.w.org\/{rel}","templated":true}]}}