{"id":3264,"date":"2025-08-26T08:00:18","date_gmt":"2025-08-26T05:00:18","guid":{"rendered":"https:\/\/tietoturva.fi\/?p=3264"},"modified":"2025-08-06T21:48:55","modified_gmt":"2025-08-06T18:48:55","slug":"tietoturvakatsaus-2025-kokosi-asiantuntijat-yhteen-tallenteet-katsottavissa","status":"publish","type":"post","link":"https:\/\/tivia-jasenyhdistykset.fi\/tietoturva\/2025\/08\/26\/tietoturvakatsaus-2025-kokosi-asiantuntijat-yhteen-tallenteet-katsottavissa\/","title":{"rendered":"Tietoturvakatsaus 2025 kokosi asiantuntijat yhteen \u2013 tallenteet katsottavissa"},"content":{"rendered":"<p data-start=\"354\" data-end=\"632\">Tietoturva ry:n kuudes Tietoturvakatsaus-seminaari j\u00e4rjestettiin 8.5.2025 Helsingiss\u00e4 teemalla geopoliittinen ilmapiiri ja varautuminen. L\u00e4mmin kiitos kaikille puhujille ja osallistujille, jotka tekiv\u00e4t p\u00e4iv\u00e4st\u00e4 paitsi ajankohtaisen, my\u00f6s merkityksellisen.<\/p>\n<p data-start=\"986\" data-end=\"1344\">Ohjelmassa kuultiin muun muassa, miten DDI-teknologiat tukevat automaatiota, miten hybridiuhkiin varaudutaan k\u00e4yt\u00e4nn\u00f6ss\u00e4 ja miten teko\u00e4ly sek\u00e4 kansainv\u00e4liset datavirrat muuttavat riskikarttaa. Huoltovarmuuden, kyberturvallisuuden s\u00e4\u00e4ntelyn ja EU-direktiivien vaikutukset nousivat esiin erityisesti viranomaisten ja alan johtavien toimijoiden puheenvuoroissa.<\/p>\n<p data-start=\"986\" data-end=\"1344\">Yksi seminaarin hienoimpia puolia on mahdollisuus n\u00e4hd\u00e4, miten paljon suomalaisessa kyberturvallisuusyhteis\u00f6ss\u00e4 on osaamista, halua jakaa tietoa ja kehitt\u00e4\u00e4 toimintatapoja yhdess\u00e4.<\/p>\n<h2 data-start=\"1133\" data-end=\"1184\">Seminaarin tallenteet<\/h2>\n<p>Jos et p\u00e4\u00e4ssyt paikalle tai haluat palata p\u00e4iv\u00e4n teemoihin, olemme julkaisseet kaikki seminaaritallenteet YouTubessa. Kaikissa videoissa on saatavilla tekstitys suomeksi sek\u00e4 englanniksi (All videos include subtitles in Finnish and English).<\/p>\n<h2>Puheenvuorot suomeksi<\/h2>\n<p data-start=\"1377\" data-end=\"1650\"><strong data-start=\"1377\" data-end=\"1440\">DDoS-hy\u00f6kk\u00e4ykset \u2013 Tekniikkaa, harjoittelua ja varautumista<\/strong><br data-start=\"1440\" data-end=\"1443\" \/><em data-start=\"1443\" data-end=\"1478\">Thomas Malmberg, Mint Security Oy<\/em><br data-start=\"1478\" data-end=\"1481\" \/><a class=\"\" href=\"https:\/\/www.youtube.com\/watch?v=TO2gpDMli7I\" target=\"_blank\" rel=\"noopener\" data-start=\"1481\" data-end=\"1544\">Katso tallenne \u00bb<\/a><br data-start=\"1544\" data-end=\"1547\" \/><a class=\"\" href=\"https:\/\/www.mintsecurity.fi\/ddos-ja-resilienssitestaus\/\" target=\"_blank\" rel=\"noopener\" data-start=\"1547\" data-end=\"1650\">Lue lis\u00e4\u00e4 DDoS- ja resilienssitestauksesta \u00bb<\/a><\/p>\n<p data-start=\"1652\" data-end=\"1991\"><strong data-start=\"1652\" data-end=\"1719\">Digiturvallisuus geopoliittisessa tilanteessa \u2013 turva vai riski<\/strong><br data-start=\"1719\" data-end=\"1722\" \/><em data-start=\"1722\" data-end=\"1762\">Jarna Hartikainen, Huoltovarmuuskeskus<\/em><br data-start=\"1762\" data-end=\"1765\" \/><a class=\"\" href=\"https:\/\/www.youtube.com\/watch?v=hP94q9bMAxI\" target=\"_blank\" rel=\"noopener\" data-start=\"1765\" data-end=\"1828\">Katso tallenne \u00bb<\/a><br data-start=\"1828\" data-end=\"1831\" \/><a class=\"\" href=\"https:\/\/www.huoltovarmuuskeskus.fi\/julkaisu\/ict-palvelutuotannon-varautuminen-suositukset-huoltovarmuusorganisaation-yrityksille\" target=\"_blank\" rel=\"noopener\" data-start=\"1831\" data-end=\"1991\">Tutustu HVK:n suosituksiin \u00bb<\/a><\/p>\n<p data-start=\"2404\" data-end=\"2726\"><strong data-start=\"2404\" data-end=\"2439\">Kyberturvallisuuden ekosysteemi<\/strong><br data-start=\"2439\" data-end=\"2442\" \/><em data-start=\"2442\" data-end=\"2496\">Anssi K\u00e4rkk\u00e4inen, Traficom \/ Kyberturvallisuuskeskus<\/em><br data-start=\"2496\" data-end=\"2499\" \/><a class=\"\" href=\"https:\/\/www.youtube.com\/watch?v=KwQmYnrEXqE\" target=\"_blank\" rel=\"noopener\" data-start=\"2499\" data-end=\"2562\">Katso tallenne \u00bb<\/a><br data-start=\"2562\" data-end=\"2565\" \/><a class=\"\" href=\"https:\/\/www.kyberturvallisuuskeskus.fi\/fi\/toimintamme\/saantely-ja-valvonta\/nis-2-euroopan-unionin-kyberturvallisuusdirektiivi\" target=\"_blank\" rel=\"noopener\" data-start=\"2565\" data-end=\"2726\">Lue lis\u00e4\u00e4 NIS 2 -direktiivist\u00e4 \u00bb<\/a><\/p>\n<p data-start=\"2728\" data-end=\"2894\"><strong data-start=\"2728\" data-end=\"2791\">Teko\u00e4ly ja globaalit datavirrat \u2013 miten varautua riskeihin?<\/strong><br data-start=\"2791\" data-end=\"2794\" \/><em data-start=\"2794\" data-end=\"2828\">Heikki Tolvanen, PrivacyDesigner<\/em><br data-start=\"2828\" data-end=\"2831\" \/><a class=\"\" href=\"https:\/\/www.youtube.com\/watch?v=J1p1Zzmqum4\" target=\"_blank\" rel=\"noopener\" data-start=\"2831\" data-end=\"2894\">Katso tallenne \u00bb<\/a><\/p>\n<p data-start=\"3075\" data-end=\"3307\"><strong data-start=\"3075\" data-end=\"3177\">Firechat: Ajankohtaiset kuulumiset tietoturvarintamalta ja n\u00e4kemykset geopoliittisesta tilanteesta<\/strong><br data-start=\"3177\" data-end=\"3180\" \/><em data-start=\"3180\" data-end=\"3241\">Jarno Limn\u00e9ll, kansanedustaja &amp; Kimmo Rousku, Tietoturva ry<\/em><br data-start=\"3241\" data-end=\"3244\" \/><a class=\"\" href=\"https:\/\/www.youtube.com\/watch?v=1b3Y459wgYA\" target=\"_blank\" rel=\"noopener\" data-start=\"3244\" data-end=\"3307\">Katso tallenne \u00bb<\/a><\/p>\n<h2 data-start=\"3075\" data-end=\"3307\">Keynotes in English<\/h2>\n<p data-start=\"1993\" data-end=\"2230\"><strong data-start=\"1993\" data-end=\"2034\">All Modern Attacks Are Hybrid Attacks<\/strong><br data-start=\"2034\" data-end=\"2037\" \/><em data-start=\"2037\" data-end=\"2098\">Martin Holmgren, Vectra AI &amp; Jonne Tuomela, Westcon-Comstor<\/em><br data-start=\"2098\" data-end=\"2101\" \/><a class=\"\" href=\"https:\/\/www.youtube.com\/watch?v=E75EIMIpYSM\" target=\"_blank\" rel=\"noopener\" data-start=\"2101\" data-end=\"2164\">Katso tallenne \u00bb<\/a><br data-start=\"2164\" data-end=\"2167\" \/><a class=\"\" href=\"https:\/\/www.vectra.ai\/\" target=\"_blank\" rel=\"noopener\" data-start=\"2167\" data-end=\"2230\">Lue lis\u00e4\u00e4 aiheesta Vectran sivuilta \u00bb<\/a><\/p>\n<p data-start=\"2232\" data-end=\"2402\"><strong data-start=\"2232\" data-end=\"2298\">Europe\u2019s Digital Resilience and Cloud as Foundation of Defence<\/strong><br data-start=\"2298\" data-end=\"2301\" \/><em data-start=\"2301\" data-end=\"2336\">Ursula Koski, Amazon Web Services<\/em><br data-start=\"2336\" data-end=\"2339\" \/><a class=\"\" href=\"https:\/\/www.youtube.com\/watch?v=755kVOU8RE8\" target=\"_blank\" rel=\"noopener\" data-start=\"2339\" data-end=\"2402\">Katso tallenne \u00bb<\/a><\/p>\n<p><strong data-start=\"2896\" data-end=\"2981\">Managing Cyber Risk and Innovation in an Age of Connected Critical Infrastructure<\/strong><br data-start=\"2981\" data-end=\"2984\" \/><em data-start=\"2984\" data-end=\"3007\">Jan Mickos, DNV Cyber<\/em><br data-start=\"3007\" data-end=\"3010\" \/><a class=\"\" href=\"https:\/\/www.youtube.com\/watch?v=DXVSRWVG8h4\" target=\"_blank\" rel=\"noopener\" data-start=\"3010\" data-end=\"3073\">Katso tallenne \u00bb<\/a><\/p>\n<p><strong data-start=\"1191\" data-end=\"1278\">Mastering Hybrid Multicloud: How DDI Drives Automation, Security, and Observability<\/strong><br data-start=\"1278\" data-end=\"1281\" \/><em data-start=\"1281\" data-end=\"1309\">Peter Goodwin, EfficientIP<\/em><br data-start=\"1309\" data-end=\"1312\" \/><a class=\"\" href=\"https:\/\/www.youtube.com\/watch?v=5kwzTfa_CRY\" target=\"_blank\" rel=\"noopener\" data-start=\"1312\" data-end=\"1375\">Katso tallenne \u00bb<\/a><\/p>\n<hr \/>\n<p data-start=\"186\" data-end=\"376\">Kaikki tallenteet ovat katsottavissa maksutta, juuri silloin kun sinulle sopii. Ota <a href=\"https:\/\/www.youtube.com\/@TietoturvaRy\" target=\"_blank\" rel=\"noopener\">Youtube-kanavamme<\/a> seurantaan, niin pysyt mukana tietoturvayhteis\u00f6n keskusteluissa ja tapahtumissa jatkossakin.<\/p>\n<p data-start=\"378\" data-end=\"607\">Jos haluat syvent\u00e4\u00e4 osaamistasi, jakaa n\u00e4kemyksi\u00e4si ja olla mukana rakentamassa tietoturvaosaamisen yhteis\u00f6\u00e4 Suomessa, liity Tietoturva ry:n j\u00e4seneksi: <a class=\"\" href=\"https:\/\/tietoturva.fi\/jaseneksi\/\" target=\"_new\" rel=\"noopener\" data-start=\"539\" data-end=\"607\">https:\/\/tietoturva.fi\/jaseneksi\/<\/a><\/p>\n","protected":false},"excerpt":{"rendered":"<p data-start=\"354\" data-end=\"632\">Tietoturva ry:n kuudes Tietoturvakatsaus-seminaari j\u00e4rjestettiin 8.5.2025 Helsingiss\u00e4 teemalla geopoliittinen ilmapiiri ja varautuminen. L\u00e4mmin kiitos kaikille puhujille ja osallistujille, jotka tekiv\u00e4t p\u00e4iv\u00e4st\u00e4 paitsi ajankohtaisen, my\u00f6s merkityksellisen.<\/p>\n<p data-start=\"986\" data-end=\"1344\">Ohjelmassa kuultiin muun muassa, miten DDI-teknologiat tukevat automaatiota, miten hybridiuhkiin varaudutaan k\u00e4yt\u00e4nn\u00f6ss\u00e4 ja miten teko\u00e4ly sek\u00e4 kansainv\u00e4liset datavirrat muuttavat riskikarttaa.<\/p>\n","protected":false},"author":2391,"featured_media":3265,"comment_status":"closed","ping_status":"closed","sticky":false,"template":"","format":"standard","meta":{"_acf_changed":false,"footnotes":""},"categories":[3,38],"tags":[],"class_list":["post-3264","post","type-post","status-publish","format-standard","has-post-thumbnail","hentry","category-blogi","category-tapahtumat"],"acf":[],"yoast_head":"<!-- This site is optimized with the Yoast SEO plugin v27.5 - https:\/\/yoast.com\/product\/yoast-seo-wordpress\/ -->\n<title>Tietoturvakatsaus 2025 kokosi asiantuntijat yhteen \u2013 tallenteet katsottavissa - Tietoturva ry<\/title>\n<meta name=\"description\" content=\"Tietoturvakatsaus 2025 kokosi asiantuntijat yhteen keskustelemaan geopoliittisista riskeist\u00e4 ja kyberturvasta. Katso tallenteet.\" \/>\n<meta name=\"robots\" content=\"index, follow, max-snippet:-1, max-image-preview:large, max-video-preview:-1\" \/>\n<link rel=\"canonical\" href=\"https:\/\/tivia-jasenyhdistykset.fi\/tietoturva\/2025\/08\/26\/tietoturvakatsaus-2025-kokosi-asiantuntijat-yhteen-tallenteet-katsottavissa\/\" \/>\n<meta property=\"og:locale\" content=\"fi_FI\" \/>\n<meta property=\"og:type\" content=\"article\" \/>\n<meta property=\"og:title\" content=\"Tietoturvakatsaus 2025 kokosi asiantuntijat yhteen \u2013 tallenteet katsottavissa\" \/>\n<meta property=\"og:description\" content=\"Tietoturvakatsaus 2025 kokosi asiantuntijat yhteen keskustelemaan geopoliittisista riskeist\u00e4 ja kyberturvasta. Katso tallenteet.\" \/>\n<meta property=\"og:url\" content=\"https:\/\/tivia-jasenyhdistykset.fi\/tietoturva\/2025\/08\/26\/tietoturvakatsaus-2025-kokosi-asiantuntijat-yhteen-tallenteet-katsottavissa\/\" \/>\n<meta property=\"og:site_name\" content=\"Tietoturva ry\" \/>\n<meta property=\"article:publisher\" content=\"https:\/\/www.facebook.com\/TietoturvaRy\/\" \/>\n<meta property=\"article:published_time\" content=\"2025-08-26T05:00:18+00:00\" \/>\n<meta property=\"og:image\" content=\"https:\/\/tivia-jasenyhdistykset.fi\/tietoturva\/wp-content\/uploads\/sites\/7\/2025\/08\/Tietoturva_blogi-2.jpg\" \/>\n\t<meta property=\"og:image:width\" content=\"350\" \/>\n\t<meta property=\"og:image:height\" content=\"249\" \/>\n\t<meta property=\"og:image:type\" content=\"image\/jpeg\" \/>\n<meta name=\"author\" content=\"lohiluomajohanna18896\" \/>\n<meta name=\"twitter:card\" content=\"summary_large_image\" \/>\n<meta name=\"twitter:title\" content=\"Tietoturvakatsaus 2025 kokosi asiantuntijat yhteen \u2013 tallenteet katsottavissa\" \/>\n<meta name=\"twitter:description\" content=\"Tietoturvakatsaus 2025 kokosi asiantuntijat yhteen keskustelemaan geopoliittisista riskeist\u00e4 ja kyberturvasta. Katso tallenteet.\" \/>\n<meta name=\"twitter:image\" content=\"https:\/\/tivia-jasenyhdistykset.fi\/tietoturva\/wp-content\/uploads\/sites\/7\/2025\/08\/Tietoturva_blogi-2.jpg\" \/>\n<meta name=\"twitter:creator\" content=\"@tietoturva_ry\" \/>\n<meta name=\"twitter:site\" content=\"@tietoturva_ry\" \/>\n<meta name=\"twitter:label1\" content=\"Kirjoittanut\" \/>\n\t<meta name=\"twitter:data1\" content=\"lohiluomajohanna18896\" \/>\n\t<meta name=\"twitter:label2\" content=\"Arvioitu lukuaika\" \/>\n\t<meta name=\"twitter:data2\" content=\"3 minuuttia\" \/>\n<script type=\"application\/ld+json\" class=\"yoast-schema-graph\">{\"@context\":\"https:\\\/\\\/schema.org\",\"@graph\":[{\"@type\":\"Article\",\"@id\":\"https:\\\/\\\/tivia-jasenyhdistykset.fi\\\/tietoturva\\\/2025\\\/08\\\/26\\\/tietoturvakatsaus-2025-kokosi-asiantuntijat-yhteen-tallenteet-katsottavissa\\\/#article\",\"isPartOf\":{\"@id\":\"https:\\\/\\\/tivia-jasenyhdistykset.fi\\\/tietoturva\\\/2025\\\/08\\\/26\\\/tietoturvakatsaus-2025-kokosi-asiantuntijat-yhteen-tallenteet-katsottavissa\\\/\"},\"author\":{\"name\":\"lohiluomajohanna18896\",\"@id\":\"https:\\\/\\\/tivia-jasenyhdistykset.fi\\\/tietoturva\\\/#\\\/schema\\\/person\\\/5fd68560ff948b550d63e2335c902664\"},\"headline\":\"Tietoturvakatsaus 2025 kokosi asiantuntijat yhteen \u2013 tallenteet katsottavissa\",\"datePublished\":\"2025-08-26T05:00:18+00:00\",\"mainEntityOfPage\":{\"@id\":\"https:\\\/\\\/tivia-jasenyhdistykset.fi\\\/tietoturva\\\/2025\\\/08\\\/26\\\/tietoturvakatsaus-2025-kokosi-asiantuntijat-yhteen-tallenteet-katsottavissa\\\/\"},\"wordCount\":339,\"publisher\":{\"@id\":\"https:\\\/\\\/tivia-jasenyhdistykset.fi\\\/tietoturva\\\/#organization\"},\"image\":{\"@id\":\"https:\\\/\\\/tivia-jasenyhdistykset.fi\\\/tietoturva\\\/2025\\\/08\\\/26\\\/tietoturvakatsaus-2025-kokosi-asiantuntijat-yhteen-tallenteet-katsottavissa\\\/#primaryimage\"},\"thumbnailUrl\":\"https:\\\/\\\/tivia-jasenyhdistykset.fi\\\/tietoturva\\\/wp-content\\\/uploads\\\/sites\\\/7\\\/2025\\\/08\\\/Tietoturva_blogi-2.jpg\",\"articleSection\":[\"Blogi\",\"Tapahtumat\"],\"inLanguage\":\"fi\"},{\"@type\":\"WebPage\",\"@id\":\"https:\\\/\\\/tivia-jasenyhdistykset.fi\\\/tietoturva\\\/2025\\\/08\\\/26\\\/tietoturvakatsaus-2025-kokosi-asiantuntijat-yhteen-tallenteet-katsottavissa\\\/\",\"url\":\"https:\\\/\\\/tivia-jasenyhdistykset.fi\\\/tietoturva\\\/2025\\\/08\\\/26\\\/tietoturvakatsaus-2025-kokosi-asiantuntijat-yhteen-tallenteet-katsottavissa\\\/\",\"name\":\"Tietoturvakatsaus 2025 kokosi asiantuntijat yhteen \u2013 tallenteet katsottavissa - Tietoturva ry\",\"isPartOf\":{\"@id\":\"https:\\\/\\\/tivia-jasenyhdistykset.fi\\\/tietoturva\\\/#website\"},\"primaryImageOfPage\":{\"@id\":\"https:\\\/\\\/tivia-jasenyhdistykset.fi\\\/tietoturva\\\/2025\\\/08\\\/26\\\/tietoturvakatsaus-2025-kokosi-asiantuntijat-yhteen-tallenteet-katsottavissa\\\/#primaryimage\"},\"image\":{\"@id\":\"https:\\\/\\\/tivia-jasenyhdistykset.fi\\\/tietoturva\\\/2025\\\/08\\\/26\\\/tietoturvakatsaus-2025-kokosi-asiantuntijat-yhteen-tallenteet-katsottavissa\\\/#primaryimage\"},\"thumbnailUrl\":\"https:\\\/\\\/tivia-jasenyhdistykset.fi\\\/tietoturva\\\/wp-content\\\/uploads\\\/sites\\\/7\\\/2025\\\/08\\\/Tietoturva_blogi-2.jpg\",\"datePublished\":\"2025-08-26T05:00:18+00:00\",\"description\":\"Tietoturvakatsaus 2025 kokosi asiantuntijat yhteen keskustelemaan geopoliittisista riskeist\u00e4 ja kyberturvasta. Katso tallenteet.\",\"breadcrumb\":{\"@id\":\"https:\\\/\\\/tivia-jasenyhdistykset.fi\\\/tietoturva\\\/2025\\\/08\\\/26\\\/tietoturvakatsaus-2025-kokosi-asiantuntijat-yhteen-tallenteet-katsottavissa\\\/#breadcrumb\"},\"inLanguage\":\"fi\",\"potentialAction\":[{\"@type\":\"ReadAction\",\"target\":[\"https:\\\/\\\/tivia-jasenyhdistykset.fi\\\/tietoturva\\\/2025\\\/08\\\/26\\\/tietoturvakatsaus-2025-kokosi-asiantuntijat-yhteen-tallenteet-katsottavissa\\\/\"]}]},{\"@type\":\"ImageObject\",\"inLanguage\":\"fi\",\"@id\":\"https:\\\/\\\/tivia-jasenyhdistykset.fi\\\/tietoturva\\\/2025\\\/08\\\/26\\\/tietoturvakatsaus-2025-kokosi-asiantuntijat-yhteen-tallenteet-katsottavissa\\\/#primaryimage\",\"url\":\"https:\\\/\\\/tivia-jasenyhdistykset.fi\\\/tietoturva\\\/wp-content\\\/uploads\\\/sites\\\/7\\\/2025\\\/08\\\/Tietoturva_blogi-2.jpg\",\"contentUrl\":\"https:\\\/\\\/tivia-jasenyhdistykset.fi\\\/tietoturva\\\/wp-content\\\/uploads\\\/sites\\\/7\\\/2025\\\/08\\\/Tietoturva_blogi-2.jpg\",\"width\":350,\"height\":249},{\"@type\":\"BreadcrumbList\",\"@id\":\"https:\\\/\\\/tivia-jasenyhdistykset.fi\\\/tietoturva\\\/2025\\\/08\\\/26\\\/tietoturvakatsaus-2025-kokosi-asiantuntijat-yhteen-tallenteet-katsottavissa\\\/#breadcrumb\",\"itemListElement\":[{\"@type\":\"ListItem\",\"position\":1,\"name\":\"Etusivu\",\"item\":\"https:\\\/\\\/tivia-jasenyhdistykset.fi\\\/tietoturva\\\/\"},{\"@type\":\"ListItem\",\"position\":2,\"name\":\"Tietoturvakatsaus 2025 kokosi asiantuntijat yhteen \u2013 tallenteet katsottavissa\"}]},{\"@type\":\"WebSite\",\"@id\":\"https:\\\/\\\/tivia-jasenyhdistykset.fi\\\/tietoturva\\\/#website\",\"url\":\"https:\\\/\\\/tivia-jasenyhdistykset.fi\\\/tietoturva\\\/\",\"name\":\"Tietoturva ry\",\"description\":\"Suomen suurin tietoturva-ammattilaisten verkosto\",\"publisher\":{\"@id\":\"https:\\\/\\\/tivia-jasenyhdistykset.fi\\\/tietoturva\\\/#organization\"},\"potentialAction\":[{\"@type\":\"SearchAction\",\"target\":{\"@type\":\"EntryPoint\",\"urlTemplate\":\"https:\\\/\\\/tivia-jasenyhdistykset.fi\\\/tietoturva\\\/?s={search_term_string}\"},\"query-input\":{\"@type\":\"PropertyValueSpecification\",\"valueRequired\":true,\"valueName\":\"search_term_string\"}}],\"inLanguage\":\"fi\"},{\"@type\":\"Organization\",\"@id\":\"https:\\\/\\\/tivia-jasenyhdistykset.fi\\\/tietoturva\\\/#organization\",\"name\":\"Tietoturva ry\",\"url\":\"https:\\\/\\\/tivia-jasenyhdistykset.fi\\\/tietoturva\\\/\",\"logo\":{\"@type\":\"ImageObject\",\"inLanguage\":\"fi\",\"@id\":\"https:\\\/\\\/tivia-jasenyhdistykset.fi\\\/tietoturva\\\/#\\\/schema\\\/logo\\\/image\\\/\",\"url\":\"https:\\\/\\\/tietoturva.fi\\\/wp-content\\\/uploads\\\/sites\\\/7\\\/2021\\\/05\\\/Tietoturva-logo-2018-100.png\",\"contentUrl\":\"https:\\\/\\\/tietoturva.fi\\\/wp-content\\\/uploads\\\/sites\\\/7\\\/2021\\\/05\\\/Tietoturva-logo-2018-100.png\",\"width\":73,\"height\":100,\"caption\":\"Tietoturva ry\"},\"image\":{\"@id\":\"https:\\\/\\\/tivia-jasenyhdistykset.fi\\\/tietoturva\\\/#\\\/schema\\\/logo\\\/image\\\/\"},\"sameAs\":[\"https:\\\/\\\/www.facebook.com\\\/TietoturvaRy\\\/\",\"https:\\\/\\\/x.com\\\/tietoturva_ry\",\"https:\\\/\\\/www.linkedin.com\\\/company\\\/tietoturva\\\/\",\"https:\\\/\\\/www.youtube.com\\\/channel\\\/UCmXkytjYpJ4_N2msCNy69sw\\\/\"]},{\"@type\":\"Person\",\"@id\":\"https:\\\/\\\/tivia-jasenyhdistykset.fi\\\/tietoturva\\\/#\\\/schema\\\/person\\\/5fd68560ff948b550d63e2335c902664\",\"name\":\"lohiluomajohanna18896\",\"image\":{\"@type\":\"ImageObject\",\"inLanguage\":\"fi\",\"@id\":\"https:\\\/\\\/secure.gravatar.com\\\/avatar\\\/c248c91cff749e25d3aa45caf3c97d835f113aca8a7d9bd7d4e06a15bd93415c?s=96&d=mm&r=g\",\"url\":\"https:\\\/\\\/secure.gravatar.com\\\/avatar\\\/c248c91cff749e25d3aa45caf3c97d835f113aca8a7d9bd7d4e06a15bd93415c?s=96&d=mm&r=g\",\"contentUrl\":\"https:\\\/\\\/secure.gravatar.com\\\/avatar\\\/c248c91cff749e25d3aa45caf3c97d835f113aca8a7d9bd7d4e06a15bd93415c?s=96&d=mm&r=g\",\"caption\":\"lohiluomajohanna18896\"},\"url\":\"https:\\\/\\\/tivia-jasenyhdistykset.fi\\\/tietoturva\\\/author\\\/lohiluomajohanna18896\\\/\"}]}<\/script>\n<!-- \/ Yoast SEO plugin. -->","yoast_head_json":{"title":"Tietoturvakatsaus 2025 kokosi asiantuntijat yhteen \u2013 tallenteet katsottavissa - Tietoturva ry","description":"Tietoturvakatsaus 2025 kokosi asiantuntijat yhteen keskustelemaan geopoliittisista riskeist\u00e4 ja kyberturvasta. Katso tallenteet.","robots":{"index":"index","follow":"follow","max-snippet":"max-snippet:-1","max-image-preview":"max-image-preview:large","max-video-preview":"max-video-preview:-1"},"canonical":"https:\/\/tivia-jasenyhdistykset.fi\/tietoturva\/2025\/08\/26\/tietoturvakatsaus-2025-kokosi-asiantuntijat-yhteen-tallenteet-katsottavissa\/","og_locale":"fi_FI","og_type":"article","og_title":"Tietoturvakatsaus 2025 kokosi asiantuntijat yhteen \u2013 tallenteet katsottavissa","og_description":"Tietoturvakatsaus 2025 kokosi asiantuntijat yhteen keskustelemaan geopoliittisista riskeist\u00e4 ja kyberturvasta. Katso tallenteet.","og_url":"https:\/\/tivia-jasenyhdistykset.fi\/tietoturva\/2025\/08\/26\/tietoturvakatsaus-2025-kokosi-asiantuntijat-yhteen-tallenteet-katsottavissa\/","og_site_name":"Tietoturva ry","article_publisher":"https:\/\/www.facebook.com\/TietoturvaRy\/","article_published_time":"2025-08-26T05:00:18+00:00","og_image":[{"width":350,"height":249,"url":"https:\/\/tivia-jasenyhdistykset.fi\/tietoturva\/wp-content\/uploads\/sites\/7\/2025\/08\/Tietoturva_blogi-2.jpg","type":"image\/jpeg"}],"author":"lohiluomajohanna18896","twitter_card":"summary_large_image","twitter_title":"Tietoturvakatsaus 2025 kokosi asiantuntijat yhteen \u2013 tallenteet katsottavissa","twitter_description":"Tietoturvakatsaus 2025 kokosi asiantuntijat yhteen keskustelemaan geopoliittisista riskeist\u00e4 ja kyberturvasta. Katso tallenteet.","twitter_image":"https:\/\/tivia-jasenyhdistykset.fi\/tietoturva\/wp-content\/uploads\/sites\/7\/2025\/08\/Tietoturva_blogi-2.jpg","twitter_creator":"@tietoturva_ry","twitter_site":"@tietoturva_ry","twitter_misc":{"Kirjoittanut":"lohiluomajohanna18896","Arvioitu lukuaika":"3 minuuttia"},"schema":{"@context":"https:\/\/schema.org","@graph":[{"@type":"Article","@id":"https:\/\/tivia-jasenyhdistykset.fi\/tietoturva\/2025\/08\/26\/tietoturvakatsaus-2025-kokosi-asiantuntijat-yhteen-tallenteet-katsottavissa\/#article","isPartOf":{"@id":"https:\/\/tivia-jasenyhdistykset.fi\/tietoturva\/2025\/08\/26\/tietoturvakatsaus-2025-kokosi-asiantuntijat-yhteen-tallenteet-katsottavissa\/"},"author":{"name":"lohiluomajohanna18896","@id":"https:\/\/tivia-jasenyhdistykset.fi\/tietoturva\/#\/schema\/person\/5fd68560ff948b550d63e2335c902664"},"headline":"Tietoturvakatsaus 2025 kokosi asiantuntijat yhteen \u2013 tallenteet katsottavissa","datePublished":"2025-08-26T05:00:18+00:00","mainEntityOfPage":{"@id":"https:\/\/tivia-jasenyhdistykset.fi\/tietoturva\/2025\/08\/26\/tietoturvakatsaus-2025-kokosi-asiantuntijat-yhteen-tallenteet-katsottavissa\/"},"wordCount":339,"publisher":{"@id":"https:\/\/tivia-jasenyhdistykset.fi\/tietoturva\/#organization"},"image":{"@id":"https:\/\/tivia-jasenyhdistykset.fi\/tietoturva\/2025\/08\/26\/tietoturvakatsaus-2025-kokosi-asiantuntijat-yhteen-tallenteet-katsottavissa\/#primaryimage"},"thumbnailUrl":"https:\/\/tivia-jasenyhdistykset.fi\/tietoturva\/wp-content\/uploads\/sites\/7\/2025\/08\/Tietoturva_blogi-2.jpg","articleSection":["Blogi","Tapahtumat"],"inLanguage":"fi"},{"@type":"WebPage","@id":"https:\/\/tivia-jasenyhdistykset.fi\/tietoturva\/2025\/08\/26\/tietoturvakatsaus-2025-kokosi-asiantuntijat-yhteen-tallenteet-katsottavissa\/","url":"https:\/\/tivia-jasenyhdistykset.fi\/tietoturva\/2025\/08\/26\/tietoturvakatsaus-2025-kokosi-asiantuntijat-yhteen-tallenteet-katsottavissa\/","name":"Tietoturvakatsaus 2025 kokosi asiantuntijat yhteen \u2013 tallenteet katsottavissa - Tietoturva ry","isPartOf":{"@id":"https:\/\/tivia-jasenyhdistykset.fi\/tietoturva\/#website"},"primaryImageOfPage":{"@id":"https:\/\/tivia-jasenyhdistykset.fi\/tietoturva\/2025\/08\/26\/tietoturvakatsaus-2025-kokosi-asiantuntijat-yhteen-tallenteet-katsottavissa\/#primaryimage"},"image":{"@id":"https:\/\/tivia-jasenyhdistykset.fi\/tietoturva\/2025\/08\/26\/tietoturvakatsaus-2025-kokosi-asiantuntijat-yhteen-tallenteet-katsottavissa\/#primaryimage"},"thumbnailUrl":"https:\/\/tivia-jasenyhdistykset.fi\/tietoturva\/wp-content\/uploads\/sites\/7\/2025\/08\/Tietoturva_blogi-2.jpg","datePublished":"2025-08-26T05:00:18+00:00","description":"Tietoturvakatsaus 2025 kokosi asiantuntijat yhteen keskustelemaan geopoliittisista riskeist\u00e4 ja kyberturvasta. Katso tallenteet.","breadcrumb":{"@id":"https:\/\/tivia-jasenyhdistykset.fi\/tietoturva\/2025\/08\/26\/tietoturvakatsaus-2025-kokosi-asiantuntijat-yhteen-tallenteet-katsottavissa\/#breadcrumb"},"inLanguage":"fi","potentialAction":[{"@type":"ReadAction","target":["https:\/\/tivia-jasenyhdistykset.fi\/tietoturva\/2025\/08\/26\/tietoturvakatsaus-2025-kokosi-asiantuntijat-yhteen-tallenteet-katsottavissa\/"]}]},{"@type":"ImageObject","inLanguage":"fi","@id":"https:\/\/tivia-jasenyhdistykset.fi\/tietoturva\/2025\/08\/26\/tietoturvakatsaus-2025-kokosi-asiantuntijat-yhteen-tallenteet-katsottavissa\/#primaryimage","url":"https:\/\/tivia-jasenyhdistykset.fi\/tietoturva\/wp-content\/uploads\/sites\/7\/2025\/08\/Tietoturva_blogi-2.jpg","contentUrl":"https:\/\/tivia-jasenyhdistykset.fi\/tietoturva\/wp-content\/uploads\/sites\/7\/2025\/08\/Tietoturva_blogi-2.jpg","width":350,"height":249},{"@type":"BreadcrumbList","@id":"https:\/\/tivia-jasenyhdistykset.fi\/tietoturva\/2025\/08\/26\/tietoturvakatsaus-2025-kokosi-asiantuntijat-yhteen-tallenteet-katsottavissa\/#breadcrumb","itemListElement":[{"@type":"ListItem","position":1,"name":"Etusivu","item":"https:\/\/tivia-jasenyhdistykset.fi\/tietoturva\/"},{"@type":"ListItem","position":2,"name":"Tietoturvakatsaus 2025 kokosi asiantuntijat yhteen \u2013 tallenteet katsottavissa"}]},{"@type":"WebSite","@id":"https:\/\/tivia-jasenyhdistykset.fi\/tietoturva\/#website","url":"https:\/\/tivia-jasenyhdistykset.fi\/tietoturva\/","name":"Tietoturva ry","description":"Suomen suurin tietoturva-ammattilaisten verkosto","publisher":{"@id":"https:\/\/tivia-jasenyhdistykset.fi\/tietoturva\/#organization"},"potentialAction":[{"@type":"SearchAction","target":{"@type":"EntryPoint","urlTemplate":"https:\/\/tivia-jasenyhdistykset.fi\/tietoturva\/?s={search_term_string}"},"query-input":{"@type":"PropertyValueSpecification","valueRequired":true,"valueName":"search_term_string"}}],"inLanguage":"fi"},{"@type":"Organization","@id":"https:\/\/tivia-jasenyhdistykset.fi\/tietoturva\/#organization","name":"Tietoturva ry","url":"https:\/\/tivia-jasenyhdistykset.fi\/tietoturva\/","logo":{"@type":"ImageObject","inLanguage":"fi","@id":"https:\/\/tivia-jasenyhdistykset.fi\/tietoturva\/#\/schema\/logo\/image\/","url":"https:\/\/tietoturva.fi\/wp-content\/uploads\/sites\/7\/2021\/05\/Tietoturva-logo-2018-100.png","contentUrl":"https:\/\/tietoturva.fi\/wp-content\/uploads\/sites\/7\/2021\/05\/Tietoturva-logo-2018-100.png","width":73,"height":100,"caption":"Tietoturva ry"},"image":{"@id":"https:\/\/tivia-jasenyhdistykset.fi\/tietoturva\/#\/schema\/logo\/image\/"},"sameAs":["https:\/\/www.facebook.com\/TietoturvaRy\/","https:\/\/x.com\/tietoturva_ry","https:\/\/www.linkedin.com\/company\/tietoturva\/","https:\/\/www.youtube.com\/channel\/UCmXkytjYpJ4_N2msCNy69sw\/"]},{"@type":"Person","@id":"https:\/\/tivia-jasenyhdistykset.fi\/tietoturva\/#\/schema\/person\/5fd68560ff948b550d63e2335c902664","name":"lohiluomajohanna18896","image":{"@type":"ImageObject","inLanguage":"fi","@id":"https:\/\/secure.gravatar.com\/avatar\/c248c91cff749e25d3aa45caf3c97d835f113aca8a7d9bd7d4e06a15bd93415c?s=96&d=mm&r=g","url":"https:\/\/secure.gravatar.com\/avatar\/c248c91cff749e25d3aa45caf3c97d835f113aca8a7d9bd7d4e06a15bd93415c?s=96&d=mm&r=g","contentUrl":"https:\/\/secure.gravatar.com\/avatar\/c248c91cff749e25d3aa45caf3c97d835f113aca8a7d9bd7d4e06a15bd93415c?s=96&d=mm&r=g","caption":"lohiluomajohanna18896"},"url":"https:\/\/tivia-jasenyhdistykset.fi\/tietoturva\/author\/lohiluomajohanna18896\/"}]}},"_links":{"self":[{"href":"https:\/\/tivia-jasenyhdistykset.fi\/tietoturva\/wp-json\/wp\/v2\/posts\/3264","targetHints":{"allow":["GET"]}}],"collection":[{"href":"https:\/\/tivia-jasenyhdistykset.fi\/tietoturva\/wp-json\/wp\/v2\/posts"}],"about":[{"href":"https:\/\/tivia-jasenyhdistykset.fi\/tietoturva\/wp-json\/wp\/v2\/types\/post"}],"author":[{"embeddable":true,"href":"https:\/\/tivia-jasenyhdistykset.fi\/tietoturva\/wp-json\/wp\/v2\/users\/2391"}],"replies":[{"embeddable":true,"href":"https:\/\/tivia-jasenyhdistykset.fi\/tietoturva\/wp-json\/wp\/v2\/comments?post=3264"}],"version-history":[{"count":9,"href":"https:\/\/tivia-jasenyhdistykset.fi\/tietoturva\/wp-json\/wp\/v2\/posts\/3264\/revisions"}],"predecessor-version":[{"id":3274,"href":"https:\/\/tivia-jasenyhdistykset.fi\/tietoturva\/wp-json\/wp\/v2\/posts\/3264\/revisions\/3274"}],"wp:featuredmedia":[{"embeddable":true,"href":"https:\/\/tivia-jasenyhdistykset.fi\/tietoturva\/wp-json\/wp\/v2\/media\/3265"}],"wp:attachment":[{"href":"https:\/\/tivia-jasenyhdistykset.fi\/tietoturva\/wp-json\/wp\/v2\/media?parent=3264"}],"wp:term":[{"taxonomy":"category","embeddable":true,"href":"https:\/\/tivia-jasenyhdistykset.fi\/tietoturva\/wp-json\/wp\/v2\/categories?post=3264"},{"taxonomy":"post_tag","embeddable":true,"href":"https:\/\/tivia-jasenyhdistykset.fi\/tietoturva\/wp-json\/wp\/v2\/tags?post=3264"}],"curies":[{"name":"wp","href":"https:\/\/api.w.org\/{rel}","templated":true}]}}