{"id":3283,"date":"2025-09-17T10:00:15","date_gmt":"2025-09-17T07:00:15","guid":{"rendered":"https:\/\/tietoturva.fi\/?p=3283"},"modified":"2025-12-08T10:34:56","modified_gmt":"2025-12-08T08:34:56","slug":"tietoturvakatsaus-ja-gaala","status":"publish","type":"post","link":"https:\/\/tivia-jasenyhdistykset.fi\/tietoturva\/2025\/09\/17\/tietoturvakatsaus-ja-gaala\/","title":{"rendered":"Tietoturvakatsaus #7 &#038; FSA gaala 26.11.2025"},"content":{"rendered":"<p data-start=\"192\" data-end=\"417\">Tietoturva ry j\u00e4rjest\u00e4\u00e4 seitsem\u00e4nnen <strong data-start=\"232\" data-end=\"264\">Tietoturvakatsaus-seminaarin<\/strong> keskiviikkona <strong data-start=\"275\" data-end=\"289\">26.11.2025<\/strong>\u00a0Helsingin Ritarihuoneella. P\u00e4iv\u00e4n p\u00e4\u00e4tteeksi juhlistamme turvallisuusalan huippuhetki\u00e4 <a href=\"https:\/\/finnishsecurityawards.fi\/2024-tunnelmia\/\"><strong data-start=\"377\" data-end=\"414\">Finnish Security Awards -gaalassa<\/strong><\/a>.<\/p>\n<p data-start=\"419\" data-end=\"760\">Seminaarissa alan johtavat asiantuntijat ja kansainv\u00e4liset keynote-puhujat tarjoavat ajankohtaisia n\u00e4k\u00f6kulmia kyberturvallisuuteen, teknologian kehitykseen ja globaalin toimintaymp\u00e4rist\u00f6n muutoksiin. Tapahtuma kokoaa yhteen tietoturvasta kiinnostuneet ammattilaiset ja tarjoaa ainutlaatuisen tilaisuuden oppia, inspiroitua ja verkostoitua.<\/p>\n<hr \/>\n<h3>Tapahtuman tiedot<\/h3>\n<p style=\"font-weight: 400;\"><strong>Ajankohta:<\/strong> 26.11.2025<br \/>\n<strong>Seminaari:<\/strong> klo 12.00\u201316.15 (ilmainen)<br \/>\n&#8211; Standardit riskienhallinnan ja turvallisuusjohtamisen tukena seminaari kello 09-11.30 <em>(erillinen ilmoittautuminen, ilmainen)<\/em><br \/>\n&#8211; Finnish Security Awards -gaala: kello 17.30-23.00 <em>(erillinen ilmoittautuminen, hinta 180 eur).<\/em><br \/>\n<strong>Paikka<\/strong>: Ritarihuone, Ritarikatu 1, 00170 Helsinki<\/p>\n<p><a style=\"background-color: #fd1e28; border: none; color: white; padding: 15px 32px; text-align: center; text-decoration: none; display: inline-block; font-size: 16px; margin: 4px 2px; cursor: pointer; border-radius: 20px;\" href=\"https:\/\/tivia.fi\/event\/tietoturvakatsaus-fsa-gaala-2025-2025-11-26-1317\/register\">Ilmoittaudu Tietoturvakatsaukseen t\u00e4st\u00e4<\/a><\/p>\n<p>&nbsp;<\/p>\n<hr \/>\n<h2><img loading=\"lazy\" decoding=\"async\" class=\"aligncenter wp-image-2704 size-full\" src=\"https:\/\/tietoturva.fi\/wp-content\/uploads\/sites\/7\/2024\/09\/tietoturvakatsaus-logo.png\" alt=\"Tietoturvakatsaus -seminaarin logo\" width=\"861\" height=\"154\" srcset=\"https:\/\/tivia-jasenyhdistykset.fi\/tietoturva\/wp-content\/uploads\/sites\/7\/2024\/09\/tietoturvakatsaus-logo.png 861w, https:\/\/tivia-jasenyhdistykset.fi\/tietoturva\/wp-content\/uploads\/sites\/7\/2024\/09\/tietoturvakatsaus-logo-300x54.png 300w, https:\/\/tivia-jasenyhdistykset.fi\/tietoturva\/wp-content\/uploads\/sites\/7\/2024\/09\/tietoturvakatsaus-logo-768x137.png 768w\" sizes=\"auto, (max-width: 861px) 100vw, 861px\" \/><\/h2>\n<p>&nbsp;<\/p>\n<h2>Seminaariohjelma<\/h2>\n<p>Ohjelma t\u00e4smentyy my\u00f6hemmin. Kellonajat ovat suuntaa-antavia.<\/p>\n<table style=\"width: 100%; border-collapse: collapse;\">\n<thead>\n<tr style=\"background-color: #f2f2f2;\">\n<th style=\"border: 1px solid black; padding: 10px;\">Aika<\/th>\n<th style=\"border: 1px solid black; padding: 10px;\">Aihe ja puhuja<\/th>\n<\/tr>\n<\/thead>\n<tbody>\n<tr style=\"background-color: #e4f0ff;\">\n<td style=\"border: 1px solid black; padding: 10px;\">11.30<\/td>\n<td style=\"border: 1px solid black; padding: 10px;\"><strong>Ilmoittautuminen avautuu<\/strong><br \/>\nVerkostoitumista<\/td>\n<\/tr>\n<tr style=\"background-color: #f2f2f2;\">\n<td style=\"border: 1px solid black; padding: 10px;\">12.00<\/td>\n<td style=\"border: 1px solid black; padding: 10px;\"><b>Tervetuloa seminaariin!<br \/>\n<\/b>Tietoturva ry esittelee ohjelman ja k\u00e4yt\u00e4nn\u00f6n j\u00e4rjestelyt<\/td>\n<\/tr>\n<tr>\n<td style=\"border: 1px solid black; padding: 10px;\">12.05<\/td>\n<td style=\"border: 1px solid black; padding: 10px;\">\n<div><b>FIRESIDE CHAT: Teko\u00e4ly, informaatiosota ja demokratia &#8212; kansanedustajan kokemuksia ja n\u00e4kemyksi\u00e4.<br \/>\n<\/b>Kimmo Rousku, Tietoturva ry:n\u00a0 vpj haastattelee kansanedustaja, professori Jarno Limnelli\u00e4 aiankohtaisista aiheista.<\/div>\n<\/td>\n<\/tr>\n<tr style=\"background-color: #f2f2f2;\">\n<td style=\"border: 1px solid black; padding: 10px;\">13.00<\/td>\n<td style=\"border: 1px solid black; padding: 10px;\"><b>Harnessing Zero Trust and AI to Outpace Cyberthreats<br \/>\n<\/b>Ole Andreas Kjos, <span class=\"im\">Sales Engineering Manager, Nordics,\u00a0<span class=\"il\">Zscaler<\/span><\/span><\/td>\n<\/tr>\n<tr>\n<td style=\"border: 1px solid black; padding: 10px;\">13.30<\/td>\n<td style=\"border: 1px solid black; padding: 10px;\"><b>Finland at the Front Line of Alliance Innovation: From Space Observability to NATO Resilient Defence<br \/>\n<\/b>Annariina Komljenovic, Executive Vice President Strategic Alliances, valantic<\/td>\n<\/tr>\n<tr style=\"background-color: #e4f0ff;\">\n<td style=\"border: 1px solid black; padding: 10px;\">14.00<\/td>\n<td style=\"border: 1px solid black; padding: 10px;\"><strong>Iltap\u00e4iv\u00e4kahvit ja verkostoitumistauko <\/strong><br \/>\nMahdollisuus tutustua seminaarin kumppaneiden osastoihin<\/td>\n<\/tr>\n<tr>\n<td style=\"border: 1px solid black; padding: 10px;\">14.30<\/td>\n<td style=\"border: 1px solid black; padding: 10px;\"><b>From phishing to persistence: How attackers take over cloud accounts<br \/>\n<\/b>Yaniv Miron, Cloud Threat Research Manager, Proofpoint<\/td>\n<\/tr>\n<tr>\n<td style=\"border: 1px solid black; padding: 10px;\">15.00<\/td>\n<td style=\"border: 1px solid black; padding: 10px;\"><b><strong>AI-Powered DDoS: Evolving Threats, Smarter Defenses<br \/>\n<\/strong><\/b><span class=\"s1\">Karl Heuser<\/span>, Sales Manager for Security, NETSCOUT<\/td>\n<\/tr>\n<tr>\n<td style=\"border: 1px solid black; padding: 10px;\">15.30<\/td>\n<td style=\"border: 1px solid black; padding: 10px;\"><b>FIRESIDE CHAT: Teko\u00e4ly ja tietoturva murroksessa &#8211; miten hallita ep\u00e4varmuutta ja rakentaa luottamusta!<br \/>\n<\/b>Kimmo Rousku haastattelee tietoturvajohtaja Benjamin S\u00e4rkk\u00e4\u00e4 ajankohtaisista asioista.<\/td>\n<\/tr>\n<tr style=\"background-color: #e4f0ff;\">\n<td style=\"border: 1px solid black; padding: 10px;\">16.15<\/td>\n<td style=\"border: 1px solid black; padding: 10px;\">\n<p style=\"font-weight: 400;\"><strong>Seminaariosuus p\u00e4\u00e4ttyy<\/strong><\/p>\n<\/td>\n<\/tr>\n<\/tbody>\n<\/table>\n<h3><\/h3>\n<h3>Tapahtuman yhteisty\u00f6kumppanit<\/h3>\n<p><img loading=\"lazy\" decoding=\"async\" class=\"alignnone wp-image-3469\" src=\"https:\/\/tietoturva.fi\/wp-content\/uploads\/sites\/7\/2025\/12\/proofpoint.png\" alt=\"\" width=\"224\" height=\"46\" data-wp-editing=\"1\" srcset=\"https:\/\/tivia-jasenyhdistykset.fi\/tietoturva\/wp-content\/uploads\/sites\/7\/2025\/12\/proofpoint.png 1160w, https:\/\/tivia-jasenyhdistykset.fi\/tietoturva\/wp-content\/uploads\/sites\/7\/2025\/12\/proofpoint-300x62.png 300w, https:\/\/tivia-jasenyhdistykset.fi\/tietoturva\/wp-content\/uploads\/sites\/7\/2025\/12\/proofpoint-1024x210.png 1024w, https:\/\/tivia-jasenyhdistykset.fi\/tietoturva\/wp-content\/uploads\/sites\/7\/2025\/12\/proofpoint-768x158.png 768w\" sizes=\"auto, (max-width: 224px) 100vw, 224px\" \/>\u00a0 <img loading=\"lazy\" decoding=\"async\" class=\"alignnone wp-image-3470\" src=\"https:\/\/tietoturva.fi\/wp-content\/uploads\/sites\/7\/2025\/12\/netscout.png\" alt=\"\" width=\"191\" height=\"42\" srcset=\"https:\/\/tivia-jasenyhdistykset.fi\/tietoturva\/wp-content\/uploads\/sites\/7\/2025\/12\/netscout.png 1204w, https:\/\/tivia-jasenyhdistykset.fi\/tietoturva\/wp-content\/uploads\/sites\/7\/2025\/12\/netscout-300x66.png 300w, https:\/\/tivia-jasenyhdistykset.fi\/tietoturva\/wp-content\/uploads\/sites\/7\/2025\/12\/netscout-1024x225.png 1024w, https:\/\/tivia-jasenyhdistykset.fi\/tietoturva\/wp-content\/uploads\/sites\/7\/2025\/12\/netscout-768x169.png 768w, https:\/\/tivia-jasenyhdistykset.fi\/tietoturva\/wp-content\/uploads\/sites\/7\/2025\/12\/netscout-1200x265.png 1200w\" sizes=\"auto, (max-width: 191px) 100vw, 191px\" \/>\u00a0 <img loading=\"lazy\" decoding=\"async\" class=\"alignnone wp-image-3471\" src=\"https:\/\/tietoturva.fi\/wp-content\/uploads\/sites\/7\/2025\/12\/zscaler.png\" alt=\"\" width=\"181\" height=\"43\" srcset=\"https:\/\/tivia-jasenyhdistykset.fi\/tietoturva\/wp-content\/uploads\/sites\/7\/2025\/12\/zscaler.png 1140w, https:\/\/tivia-jasenyhdistykset.fi\/tietoturva\/wp-content\/uploads\/sites\/7\/2025\/12\/zscaler-300x72.png 300w, https:\/\/tivia-jasenyhdistykset.fi\/tietoturva\/wp-content\/uploads\/sites\/7\/2025\/12\/zscaler-1024x244.png 1024w, https:\/\/tivia-jasenyhdistykset.fi\/tietoturva\/wp-content\/uploads\/sites\/7\/2025\/12\/zscaler-768x183.png 768w\" sizes=\"auto, (max-width: 181px) 100vw, 181px\" \/><\/p>\n<p><img loading=\"lazy\" decoding=\"async\" class=\"alignnone wp-image-3473\" src=\"https:\/\/tietoturva.fi\/wp-content\/uploads\/sites\/7\/2025\/12\/westcon-logo.png\" alt=\"\" width=\"214\" height=\"64\" srcset=\"https:\/\/tivia-jasenyhdistykset.fi\/tietoturva\/wp-content\/uploads\/sites\/7\/2025\/12\/westcon-logo.png 1204w, https:\/\/tivia-jasenyhdistykset.fi\/tietoturva\/wp-content\/uploads\/sites\/7\/2025\/12\/westcon-logo-300x90.png 300w, https:\/\/tivia-jasenyhdistykset.fi\/tietoturva\/wp-content\/uploads\/sites\/7\/2025\/12\/westcon-logo-1024x306.png 1024w, https:\/\/tivia-jasenyhdistykset.fi\/tietoturva\/wp-content\/uploads\/sites\/7\/2025\/12\/westcon-logo-768x230.png 768w\" sizes=\"auto, (max-width: 214px) 100vw, 214px\" \/> \u00a0<img loading=\"lazy\" decoding=\"async\" class=\"alignnone wp-image-3474 \" src=\"https:\/\/tietoturva.fi\/wp-content\/uploads\/sites\/7\/2025\/12\/turvallisuusriskienhallinta-e1765182627394.jpg\" alt=\"\" width=\"243\" height=\"57\" srcset=\"https:\/\/tivia-jasenyhdistykset.fi\/tietoturva\/wp-content\/uploads\/sites\/7\/2025\/12\/turvallisuusriskienhallinta-e1765182627394.jpg 400w, https:\/\/tivia-jasenyhdistykset.fi\/tietoturva\/wp-content\/uploads\/sites\/7\/2025\/12\/turvallisuusriskienhallinta-e1765182627394-300x71.jpg 300w\" sizes=\"auto, (max-width: 243px) 100vw, 243px\" \/><\/p>\n<hr \/>\n<p>&nbsp;<\/p>\n<h3><strong>Haluatko t\u00e4ydent\u00e4\u00e4 seminaarip\u00e4iv\u00e4\u00e4 my\u00f6s aamup\u00e4iv\u00e4n osuudella?<\/strong><\/h3>\n<p><strong><img loading=\"lazy\" decoding=\"async\" class=\"alignnone wp-image-3307\" src=\"https:\/\/tietoturva.fi\/wp-content\/uploads\/sites\/7\/2025\/08\/SFS_logonew-e1758139301940.png\" alt=\"\" width=\"352\" height=\"93\" srcset=\"https:\/\/tivia-jasenyhdistykset.fi\/tietoturva\/wp-content\/uploads\/sites\/7\/2025\/08\/SFS_logonew-e1758139301940.png 946w, https:\/\/tivia-jasenyhdistykset.fi\/tietoturva\/wp-content\/uploads\/sites\/7\/2025\/08\/SFS_logonew-e1758139301940-300x79.png 300w, https:\/\/tivia-jasenyhdistykset.fi\/tietoturva\/wp-content\/uploads\/sites\/7\/2025\/08\/SFS_logonew-e1758139301940-768x203.png 768w\" sizes=\"auto, (max-width: 352px) 100vw, 352px\" \/><br \/>\n<\/strong><\/p>\n<p><strong>Standardit riskienhallinnan ja turvallisuusjohtamisen tukena seminaari<\/strong><\/p>\n<p>Voit my\u00f6s halutessasi osallistua SFS:n maskuttomaan seminaariin, joka j\u00e4rjestet\u00e4\u00e4n Ritarihuoneella aamup\u00e4iv\u00e4st\u00e4 ennen Tietoturvakatsausta kello 09-11.30.<\/p>\n<p>T\u00e4m\u00e4n aamup\u00e4iv\u00e4n aikana luomme katsauksen aihepiiri\u00e4 koskeviin lakikokonaisuuksiin (CER- ja NIS2-direktiivit) eli pakollisiin vaatimuksiin sek\u00e4 aihetta k\u00e4sitteleviin kansainv\u00e4lisiin standardeihin, jotka tarjoavat neuvoa ja apua turvallisuusalan ammattilaisille.<\/p>\n<p>T\u00e4h\u00e4n SFS:n tapahtumaan on erillinen ilmoittauminen osoitteessa:\u00a0<a class=\"\" href=\"https:\/\/tapahtumat.sfs.fi\/standardit-riskienhallinnan-ja-turvallisuusjohtamisen-tukena\">https:\/\/tapahtumat.sfs.fi\/standardit-riskienhallinnan-ja-turvallisuusjohtamisen-tukena<\/a><\/p>\n<h2><img loading=\"lazy\" decoding=\"async\" class=\"alignnone wp-image-2713\" src=\"https:\/\/tietoturva.fi\/wp-content\/uploads\/sites\/7\/2024\/09\/fsa-logo-300x127.png\" alt=\"Finnish Security Awards logo\" width=\"248\" height=\"105\" srcset=\"https:\/\/tivia-jasenyhdistykset.fi\/tietoturva\/wp-content\/uploads\/sites\/7\/2024\/09\/fsa-logo-300x127.png 300w, https:\/\/tivia-jasenyhdistykset.fi\/tietoturva\/wp-content\/uploads\/sites\/7\/2024\/09\/fsa-logo.png 708w\" sizes=\"auto, (max-width: 248px) 100vw, 248px\" \/><\/h2>\n<h2><strong>Finnish Security Awards -gaalailta<br \/>\n<\/strong><\/h2>\n<p>Tietoturvakatsauksen j\u00e4lkeen kello 17.30-23.00 juhlistamme turvallisuusalan huippuhetki\u00e4 <a href=\"https:\/\/finnishsecurityawards.fi\/2024-tunnelmia\/\"><strong>Finnish Security Awards -gaalassa<\/strong><\/a>.\u00a0Mik\u00e4li haluat osallistua my\u00f6s gaalaan, tulee sinun rekister\u00f6ity\u00e4 sinne erikseen [<a href=\"https:\/\/finnishsecurityawards.fi\/ilmoittautuminen\/\">t\u00e4\u00e4lt\u00e4<\/a>].\u00a0Gaala on maksullinen tapahtuma.<\/p>\n<p><strong>Ilmoittutuminen: <\/strong>Voit ostaa gaalalipun <a href=\"https:\/\/finnishsecurityawards.fi\/ilmoittautuminen\/\">t\u00e4\u00e4lt\u00e4<\/a>.<strong><br \/>\nHinta: <\/strong>180 \u20ac, sis alv 10 %.<\/p>\n<table style=\"width: 100%; border-collapse: collapse;\">\n<thead>\n<tr style=\"background-color: #f2f2f2;\">\n<th style=\"border: 1px solid black; padding: 10px;\">Aika*<\/th>\n<th style=\"border: 1px solid black; padding: 10px;\">Aihe ja puhuja<\/th>\n<\/tr>\n<\/thead>\n<tbody>\n<tr>\n<td style=\"border: 1px solid black; padding: 10px;\">16.30<\/td>\n<td style=\"border: 1px solid black; padding: 10px;\"><strong>Gaalan ovet avautuvat\u00a0<\/strong><\/td>\n<\/tr>\n<tr style=\"background-color: #f2f2f2;\">\n<td style=\"border: 1px solid black; padding: 10px;\">17.30<\/td>\n<td style=\"border: 1px solid black; padding: 10px;\"><strong>Tervetuloa, alkumalja ja palkintojenjako alkaa<\/strong><\/td>\n<\/tr>\n<tr>\n<td style=\"border: 1px solid black; padding: 10px;\">19.00<\/td>\n<td style=\"border: 1px solid black; padding: 10px;\"><b>Illallinen<\/b><\/td>\n<\/tr>\n<tr>\n<td style=\"border: 1px solid black; padding: 10px;\">20.00<\/td>\n<td style=\"border: 1px solid black; padding: 10px;\"><strong>Palkintojenjako jatkuu ja ohjelmaa<\/strong><\/td>\n<\/tr>\n<tr style=\"background-color: #e4f0ff;\">\n<td style=\"border: 1px solid black; padding: 10px;\" rowspan=\"2\">23.00<\/td>\n<td style=\"border: 1px solid black; padding: 10px;\"><strong>Gaalailta loppuu<\/strong><\/td>\n<\/tr>\n<\/tbody>\n<\/table>\n<p>&nbsp;<\/p>\n<p>&nbsp;<\/p>\n","protected":false},"excerpt":{"rendered":"<p data-start=\"192\" data-end=\"417\">Tietoturva ry j\u00e4rjest\u00e4\u00e4 seitsem\u00e4nnen Tietoturvakatsaus-seminaarin keskiviikkona 26.11.2025\u00a0Helsingin Ritarihuoneella. P\u00e4iv\u00e4n p\u00e4\u00e4tteeksi juhlistamme turvallisuusalan huippuhetki\u00e4 <a href=\"https:\/\/finnishsecurityawards.fi\/2024-tunnelmia\/\">Finnish Security Awards -gaalassa<\/a>.<\/p>\n<p data-start=\"419\" data-end=\"760\">Seminaarissa alan johtavat asiantuntijat ja kansainv\u00e4liset keynote-puhujat tarjoavat ajankohtaisia n\u00e4k\u00f6kulmia kyberturvallisuuteen, teknologian kehitykseen ja globaalin toimintaymp\u00e4rist\u00f6n muutoksiin.<\/p>\n","protected":false},"author":2408,"featured_media":3456,"comment_status":"closed","ping_status":"closed","sticky":false,"template":"","format":"standard","meta":{"_acf_changed":false,"footnotes":""},"categories":[90],"tags":[],"class_list":["post-3283","post","type-post","status-publish","format-standard","has-post-thumbnail","hentry","category-tietoturvakatsaus"],"acf":[],"yoast_head":"<!-- This site is optimized with the Yoast SEO plugin v27.5 - https:\/\/yoast.com\/product\/yoast-seo-wordpress\/ -->\n<title>Tietoturvakatsaus #7 &amp; FSA gaala 26.11.2025 - Tietoturva ry<\/title>\n<meta name=\"robots\" content=\"index, follow, max-snippet:-1, max-image-preview:large, max-video-preview:-1\" \/>\n<link rel=\"canonical\" href=\"https:\/\/tivia-jasenyhdistykset.fi\/tietoturva\/2025\/09\/17\/tietoturvakatsaus-ja-gaala\/\" \/>\n<meta property=\"og:locale\" content=\"fi_FI\" \/>\n<meta property=\"og:type\" content=\"article\" \/>\n<meta property=\"og:title\" content=\"Tietoturvakatsaus #7 &amp; FSA gaala 26.11.2025 - Tietoturva ry\" \/>\n<meta property=\"og:description\" content=\"Tietoturva ry j\u00e4rjest\u00e4\u00e4 seitsem\u00e4nnen Tietoturvakatsaus-seminaarin keskiviikkona 26.11.2025\u00a0Helsingin Ritarihuoneella. P\u00e4iv\u00e4n p\u00e4\u00e4tteeksi juhlistamme turvallisuusalan huippuhetki\u00e4 Finnish Security Awards -gaalassa. Seminaarissa alan johtavat asiantuntijat ja kansainv\u00e4liset keynote-puhujat tarjoavat ajankohtaisia n\u00e4k\u00f6kulmia kyberturvallisuuteen, teknologian kehitykseen ja globaalin toimintaymp\u00e4rist\u00f6n muutoksiin.\" \/>\n<meta property=\"og:url\" content=\"https:\/\/tivia-jasenyhdistykset.fi\/tietoturva\/2025\/09\/17\/tietoturvakatsaus-ja-gaala\/\" \/>\n<meta property=\"og:site_name\" content=\"Tietoturva ry\" \/>\n<meta property=\"article:publisher\" content=\"https:\/\/www.facebook.com\/TietoturvaRy\/\" \/>\n<meta property=\"article:published_time\" content=\"2025-09-17T07:00:15+00:00\" \/>\n<meta property=\"article:modified_time\" content=\"2025-12-08T08:34:56+00:00\" \/>\n<meta property=\"og:image\" content=\"https:\/\/tivia-jasenyhdistykset.fi\/tietoturva\/wp-content\/uploads\/sites\/7\/2025\/12\/Tietoturvakatsaus-2025-scaled-e1765110982775.jpeg\" \/>\n\t<meta property=\"og:image:width\" content=\"2560\" \/>\n\t<meta property=\"og:image:height\" content=\"1233\" \/>\n\t<meta property=\"og:image:type\" content=\"image\/jpeg\" \/>\n<meta name=\"author\" content=\"Tommi V\" \/>\n<meta name=\"twitter:card\" content=\"summary_large_image\" \/>\n<meta name=\"twitter:creator\" content=\"@tietoturva_ry\" \/>\n<meta name=\"twitter:site\" content=\"@tietoturva_ry\" \/>\n<meta name=\"twitter:label1\" content=\"Kirjoittanut\" \/>\n\t<meta name=\"twitter:data1\" content=\"Tommi V\" \/>\n\t<meta name=\"twitter:label2\" content=\"Arvioitu lukuaika\" \/>\n\t<meta name=\"twitter:data2\" content=\"5 minuuttia\" \/>\n<script type=\"application\/ld+json\" class=\"yoast-schema-graph\">{\"@context\":\"https:\\\/\\\/schema.org\",\"@graph\":[{\"@type\":\"Article\",\"@id\":\"https:\\\/\\\/tivia-jasenyhdistykset.fi\\\/tietoturva\\\/2025\\\/09\\\/17\\\/tietoturvakatsaus-ja-gaala\\\/#article\",\"isPartOf\":{\"@id\":\"https:\\\/\\\/tivia-jasenyhdistykset.fi\\\/tietoturva\\\/2025\\\/09\\\/17\\\/tietoturvakatsaus-ja-gaala\\\/\"},\"author\":{\"name\":\"Tommi V\",\"@id\":\"https:\\\/\\\/tivia-jasenyhdistykset.fi\\\/tietoturva\\\/#\\\/schema\\\/person\\\/509d9bb392337a2d220ec611546998ec\"},\"headline\":\"Tietoturvakatsaus #7 &#038; FSA gaala 26.11.2025\",\"datePublished\":\"2025-09-17T07:00:15+00:00\",\"dateModified\":\"2025-12-08T08:34:56+00:00\",\"mainEntityOfPage\":{\"@id\":\"https:\\\/\\\/tivia-jasenyhdistykset.fi\\\/tietoturva\\\/2025\\\/09\\\/17\\\/tietoturvakatsaus-ja-gaala\\\/\"},\"wordCount\":416,\"publisher\":{\"@id\":\"https:\\\/\\\/tivia-jasenyhdistykset.fi\\\/tietoturva\\\/#organization\"},\"image\":{\"@id\":\"https:\\\/\\\/tivia-jasenyhdistykset.fi\\\/tietoturva\\\/2025\\\/09\\\/17\\\/tietoturvakatsaus-ja-gaala\\\/#primaryimage\"},\"thumbnailUrl\":\"https:\\\/\\\/tivia-jasenyhdistykset.fi\\\/tietoturva\\\/wp-content\\\/uploads\\\/sites\\\/7\\\/2025\\\/12\\\/Tietoturvakatsaus-2025-scaled-e1765110982775.jpeg\",\"articleSection\":[\"Tietoturvakatsaus\"],\"inLanguage\":\"fi\"},{\"@type\":\"WebPage\",\"@id\":\"https:\\\/\\\/tivia-jasenyhdistykset.fi\\\/tietoturva\\\/2025\\\/09\\\/17\\\/tietoturvakatsaus-ja-gaala\\\/\",\"url\":\"https:\\\/\\\/tivia-jasenyhdistykset.fi\\\/tietoturva\\\/2025\\\/09\\\/17\\\/tietoturvakatsaus-ja-gaala\\\/\",\"name\":\"Tietoturvakatsaus #7 & FSA gaala 26.11.2025 - Tietoturva ry\",\"isPartOf\":{\"@id\":\"https:\\\/\\\/tivia-jasenyhdistykset.fi\\\/tietoturva\\\/#website\"},\"primaryImageOfPage\":{\"@id\":\"https:\\\/\\\/tivia-jasenyhdistykset.fi\\\/tietoturva\\\/2025\\\/09\\\/17\\\/tietoturvakatsaus-ja-gaala\\\/#primaryimage\"},\"image\":{\"@id\":\"https:\\\/\\\/tivia-jasenyhdistykset.fi\\\/tietoturva\\\/2025\\\/09\\\/17\\\/tietoturvakatsaus-ja-gaala\\\/#primaryimage\"},\"thumbnailUrl\":\"https:\\\/\\\/tivia-jasenyhdistykset.fi\\\/tietoturva\\\/wp-content\\\/uploads\\\/sites\\\/7\\\/2025\\\/12\\\/Tietoturvakatsaus-2025-scaled-e1765110982775.jpeg\",\"datePublished\":\"2025-09-17T07:00:15+00:00\",\"dateModified\":\"2025-12-08T08:34:56+00:00\",\"breadcrumb\":{\"@id\":\"https:\\\/\\\/tivia-jasenyhdistykset.fi\\\/tietoturva\\\/2025\\\/09\\\/17\\\/tietoturvakatsaus-ja-gaala\\\/#breadcrumb\"},\"inLanguage\":\"fi\",\"potentialAction\":[{\"@type\":\"ReadAction\",\"target\":[\"https:\\\/\\\/tivia-jasenyhdistykset.fi\\\/tietoturva\\\/2025\\\/09\\\/17\\\/tietoturvakatsaus-ja-gaala\\\/\"]}]},{\"@type\":\"ImageObject\",\"inLanguage\":\"fi\",\"@id\":\"https:\\\/\\\/tivia-jasenyhdistykset.fi\\\/tietoturva\\\/2025\\\/09\\\/17\\\/tietoturvakatsaus-ja-gaala\\\/#primaryimage\",\"url\":\"https:\\\/\\\/tivia-jasenyhdistykset.fi\\\/tietoturva\\\/wp-content\\\/uploads\\\/sites\\\/7\\\/2025\\\/12\\\/Tietoturvakatsaus-2025-scaled-e1765110982775.jpeg\",\"contentUrl\":\"https:\\\/\\\/tivia-jasenyhdistykset.fi\\\/tietoturva\\\/wp-content\\\/uploads\\\/sites\\\/7\\\/2025\\\/12\\\/Tietoturvakatsaus-2025-scaled-e1765110982775.jpeg\",\"width\":2560,\"height\":1233},{\"@type\":\"BreadcrumbList\",\"@id\":\"https:\\\/\\\/tivia-jasenyhdistykset.fi\\\/tietoturva\\\/2025\\\/09\\\/17\\\/tietoturvakatsaus-ja-gaala\\\/#breadcrumb\",\"itemListElement\":[{\"@type\":\"ListItem\",\"position\":1,\"name\":\"Etusivu\",\"item\":\"https:\\\/\\\/tivia-jasenyhdistykset.fi\\\/tietoturva\\\/\"},{\"@type\":\"ListItem\",\"position\":2,\"name\":\"Tietoturvakatsaus #7 &#038; FSA gaala 26.11.2025\"}]},{\"@type\":\"WebSite\",\"@id\":\"https:\\\/\\\/tivia-jasenyhdistykset.fi\\\/tietoturva\\\/#website\",\"url\":\"https:\\\/\\\/tivia-jasenyhdistykset.fi\\\/tietoturva\\\/\",\"name\":\"Tietoturva ry\",\"description\":\"Suomen suurin tietoturva-ammattilaisten verkosto\",\"publisher\":{\"@id\":\"https:\\\/\\\/tivia-jasenyhdistykset.fi\\\/tietoturva\\\/#organization\"},\"potentialAction\":[{\"@type\":\"SearchAction\",\"target\":{\"@type\":\"EntryPoint\",\"urlTemplate\":\"https:\\\/\\\/tivia-jasenyhdistykset.fi\\\/tietoturva\\\/?s={search_term_string}\"},\"query-input\":{\"@type\":\"PropertyValueSpecification\",\"valueRequired\":true,\"valueName\":\"search_term_string\"}}],\"inLanguage\":\"fi\"},{\"@type\":\"Organization\",\"@id\":\"https:\\\/\\\/tivia-jasenyhdistykset.fi\\\/tietoturva\\\/#organization\",\"name\":\"Tietoturva ry\",\"url\":\"https:\\\/\\\/tivia-jasenyhdistykset.fi\\\/tietoturva\\\/\",\"logo\":{\"@type\":\"ImageObject\",\"inLanguage\":\"fi\",\"@id\":\"https:\\\/\\\/tivia-jasenyhdistykset.fi\\\/tietoturva\\\/#\\\/schema\\\/logo\\\/image\\\/\",\"url\":\"https:\\\/\\\/tietoturva.fi\\\/wp-content\\\/uploads\\\/sites\\\/7\\\/2021\\\/05\\\/Tietoturva-logo-2018-100.png\",\"contentUrl\":\"https:\\\/\\\/tietoturva.fi\\\/wp-content\\\/uploads\\\/sites\\\/7\\\/2021\\\/05\\\/Tietoturva-logo-2018-100.png\",\"width\":73,\"height\":100,\"caption\":\"Tietoturva ry\"},\"image\":{\"@id\":\"https:\\\/\\\/tivia-jasenyhdistykset.fi\\\/tietoturva\\\/#\\\/schema\\\/logo\\\/image\\\/\"},\"sameAs\":[\"https:\\\/\\\/www.facebook.com\\\/TietoturvaRy\\\/\",\"https:\\\/\\\/x.com\\\/tietoturva_ry\",\"https:\\\/\\\/www.linkedin.com\\\/company\\\/tietoturva\\\/\",\"https:\\\/\\\/www.youtube.com\\\/channel\\\/UCmXkytjYpJ4_N2msCNy69sw\\\/\"]},{\"@type\":\"Person\",\"@id\":\"https:\\\/\\\/tivia-jasenyhdistykset.fi\\\/tietoturva\\\/#\\\/schema\\\/person\\\/509d9bb392337a2d220ec611546998ec\",\"name\":\"Tommi V\",\"image\":{\"@type\":\"ImageObject\",\"inLanguage\":\"fi\",\"@id\":\"https:\\\/\\\/secure.gravatar.com\\\/avatar\\\/407fe7c123719aedfe1043bea0075baf31b4805e5599ab36f3b560d37cfba06d?s=96&d=mm&r=g\",\"url\":\"https:\\\/\\\/secure.gravatar.com\\\/avatar\\\/407fe7c123719aedfe1043bea0075baf31b4805e5599ab36f3b560d37cfba06d?s=96&d=mm&r=g\",\"contentUrl\":\"https:\\\/\\\/secure.gravatar.com\\\/avatar\\\/407fe7c123719aedfe1043bea0075baf31b4805e5599ab36f3b560d37cfba06d?s=96&d=mm&r=g\",\"caption\":\"Tommi V\"},\"url\":\"https:\\\/\\\/tivia-jasenyhdistykset.fi\\\/tietoturva\\\/author\\\/vanninentommi10605\\\/\"}]}<\/script>\n<!-- \/ Yoast SEO plugin. -->","yoast_head_json":{"title":"Tietoturvakatsaus #7 & FSA gaala 26.11.2025 - Tietoturva ry","robots":{"index":"index","follow":"follow","max-snippet":"max-snippet:-1","max-image-preview":"max-image-preview:large","max-video-preview":"max-video-preview:-1"},"canonical":"https:\/\/tivia-jasenyhdistykset.fi\/tietoturva\/2025\/09\/17\/tietoturvakatsaus-ja-gaala\/","og_locale":"fi_FI","og_type":"article","og_title":"Tietoturvakatsaus #7 & FSA gaala 26.11.2025 - Tietoturva ry","og_description":"Tietoturva ry j\u00e4rjest\u00e4\u00e4 seitsem\u00e4nnen Tietoturvakatsaus-seminaarin keskiviikkona 26.11.2025\u00a0Helsingin Ritarihuoneella. P\u00e4iv\u00e4n p\u00e4\u00e4tteeksi juhlistamme turvallisuusalan huippuhetki\u00e4 Finnish Security Awards -gaalassa. Seminaarissa alan johtavat asiantuntijat ja kansainv\u00e4liset keynote-puhujat tarjoavat ajankohtaisia n\u00e4k\u00f6kulmia kyberturvallisuuteen, teknologian kehitykseen ja globaalin toimintaymp\u00e4rist\u00f6n muutoksiin.","og_url":"https:\/\/tivia-jasenyhdistykset.fi\/tietoturva\/2025\/09\/17\/tietoturvakatsaus-ja-gaala\/","og_site_name":"Tietoturva ry","article_publisher":"https:\/\/www.facebook.com\/TietoturvaRy\/","article_published_time":"2025-09-17T07:00:15+00:00","article_modified_time":"2025-12-08T08:34:56+00:00","og_image":[{"width":2560,"height":1233,"url":"https:\/\/tivia-jasenyhdistykset.fi\/tietoturva\/wp-content\/uploads\/sites\/7\/2025\/12\/Tietoturvakatsaus-2025-scaled-e1765110982775.jpeg","type":"image\/jpeg"}],"author":"Tommi V","twitter_card":"summary_large_image","twitter_creator":"@tietoturva_ry","twitter_site":"@tietoturva_ry","twitter_misc":{"Kirjoittanut":"Tommi V","Arvioitu lukuaika":"5 minuuttia"},"schema":{"@context":"https:\/\/schema.org","@graph":[{"@type":"Article","@id":"https:\/\/tivia-jasenyhdistykset.fi\/tietoturva\/2025\/09\/17\/tietoturvakatsaus-ja-gaala\/#article","isPartOf":{"@id":"https:\/\/tivia-jasenyhdistykset.fi\/tietoturva\/2025\/09\/17\/tietoturvakatsaus-ja-gaala\/"},"author":{"name":"Tommi V","@id":"https:\/\/tivia-jasenyhdistykset.fi\/tietoturva\/#\/schema\/person\/509d9bb392337a2d220ec611546998ec"},"headline":"Tietoturvakatsaus #7 &#038; FSA gaala 26.11.2025","datePublished":"2025-09-17T07:00:15+00:00","dateModified":"2025-12-08T08:34:56+00:00","mainEntityOfPage":{"@id":"https:\/\/tivia-jasenyhdistykset.fi\/tietoturva\/2025\/09\/17\/tietoturvakatsaus-ja-gaala\/"},"wordCount":416,"publisher":{"@id":"https:\/\/tivia-jasenyhdistykset.fi\/tietoturva\/#organization"},"image":{"@id":"https:\/\/tivia-jasenyhdistykset.fi\/tietoturva\/2025\/09\/17\/tietoturvakatsaus-ja-gaala\/#primaryimage"},"thumbnailUrl":"https:\/\/tivia-jasenyhdistykset.fi\/tietoturva\/wp-content\/uploads\/sites\/7\/2025\/12\/Tietoturvakatsaus-2025-scaled-e1765110982775.jpeg","articleSection":["Tietoturvakatsaus"],"inLanguage":"fi"},{"@type":"WebPage","@id":"https:\/\/tivia-jasenyhdistykset.fi\/tietoturva\/2025\/09\/17\/tietoturvakatsaus-ja-gaala\/","url":"https:\/\/tivia-jasenyhdistykset.fi\/tietoturva\/2025\/09\/17\/tietoturvakatsaus-ja-gaala\/","name":"Tietoturvakatsaus #7 & FSA gaala 26.11.2025 - Tietoturva ry","isPartOf":{"@id":"https:\/\/tivia-jasenyhdistykset.fi\/tietoturva\/#website"},"primaryImageOfPage":{"@id":"https:\/\/tivia-jasenyhdistykset.fi\/tietoturva\/2025\/09\/17\/tietoturvakatsaus-ja-gaala\/#primaryimage"},"image":{"@id":"https:\/\/tivia-jasenyhdistykset.fi\/tietoturva\/2025\/09\/17\/tietoturvakatsaus-ja-gaala\/#primaryimage"},"thumbnailUrl":"https:\/\/tivia-jasenyhdistykset.fi\/tietoturva\/wp-content\/uploads\/sites\/7\/2025\/12\/Tietoturvakatsaus-2025-scaled-e1765110982775.jpeg","datePublished":"2025-09-17T07:00:15+00:00","dateModified":"2025-12-08T08:34:56+00:00","breadcrumb":{"@id":"https:\/\/tivia-jasenyhdistykset.fi\/tietoturva\/2025\/09\/17\/tietoturvakatsaus-ja-gaala\/#breadcrumb"},"inLanguage":"fi","potentialAction":[{"@type":"ReadAction","target":["https:\/\/tivia-jasenyhdistykset.fi\/tietoturva\/2025\/09\/17\/tietoturvakatsaus-ja-gaala\/"]}]},{"@type":"ImageObject","inLanguage":"fi","@id":"https:\/\/tivia-jasenyhdistykset.fi\/tietoturva\/2025\/09\/17\/tietoturvakatsaus-ja-gaala\/#primaryimage","url":"https:\/\/tivia-jasenyhdistykset.fi\/tietoturva\/wp-content\/uploads\/sites\/7\/2025\/12\/Tietoturvakatsaus-2025-scaled-e1765110982775.jpeg","contentUrl":"https:\/\/tivia-jasenyhdistykset.fi\/tietoturva\/wp-content\/uploads\/sites\/7\/2025\/12\/Tietoturvakatsaus-2025-scaled-e1765110982775.jpeg","width":2560,"height":1233},{"@type":"BreadcrumbList","@id":"https:\/\/tivia-jasenyhdistykset.fi\/tietoturva\/2025\/09\/17\/tietoturvakatsaus-ja-gaala\/#breadcrumb","itemListElement":[{"@type":"ListItem","position":1,"name":"Etusivu","item":"https:\/\/tivia-jasenyhdistykset.fi\/tietoturva\/"},{"@type":"ListItem","position":2,"name":"Tietoturvakatsaus #7 &#038; FSA gaala 26.11.2025"}]},{"@type":"WebSite","@id":"https:\/\/tivia-jasenyhdistykset.fi\/tietoturva\/#website","url":"https:\/\/tivia-jasenyhdistykset.fi\/tietoturva\/","name":"Tietoturva ry","description":"Suomen suurin tietoturva-ammattilaisten verkosto","publisher":{"@id":"https:\/\/tivia-jasenyhdistykset.fi\/tietoturva\/#organization"},"potentialAction":[{"@type":"SearchAction","target":{"@type":"EntryPoint","urlTemplate":"https:\/\/tivia-jasenyhdistykset.fi\/tietoturva\/?s={search_term_string}"},"query-input":{"@type":"PropertyValueSpecification","valueRequired":true,"valueName":"search_term_string"}}],"inLanguage":"fi"},{"@type":"Organization","@id":"https:\/\/tivia-jasenyhdistykset.fi\/tietoturva\/#organization","name":"Tietoturva ry","url":"https:\/\/tivia-jasenyhdistykset.fi\/tietoturva\/","logo":{"@type":"ImageObject","inLanguage":"fi","@id":"https:\/\/tivia-jasenyhdistykset.fi\/tietoturva\/#\/schema\/logo\/image\/","url":"https:\/\/tietoturva.fi\/wp-content\/uploads\/sites\/7\/2021\/05\/Tietoturva-logo-2018-100.png","contentUrl":"https:\/\/tietoturva.fi\/wp-content\/uploads\/sites\/7\/2021\/05\/Tietoturva-logo-2018-100.png","width":73,"height":100,"caption":"Tietoturva ry"},"image":{"@id":"https:\/\/tivia-jasenyhdistykset.fi\/tietoturva\/#\/schema\/logo\/image\/"},"sameAs":["https:\/\/www.facebook.com\/TietoturvaRy\/","https:\/\/x.com\/tietoturva_ry","https:\/\/www.linkedin.com\/company\/tietoturva\/","https:\/\/www.youtube.com\/channel\/UCmXkytjYpJ4_N2msCNy69sw\/"]},{"@type":"Person","@id":"https:\/\/tivia-jasenyhdistykset.fi\/tietoturva\/#\/schema\/person\/509d9bb392337a2d220ec611546998ec","name":"Tommi V","image":{"@type":"ImageObject","inLanguage":"fi","@id":"https:\/\/secure.gravatar.com\/avatar\/407fe7c123719aedfe1043bea0075baf31b4805e5599ab36f3b560d37cfba06d?s=96&d=mm&r=g","url":"https:\/\/secure.gravatar.com\/avatar\/407fe7c123719aedfe1043bea0075baf31b4805e5599ab36f3b560d37cfba06d?s=96&d=mm&r=g","contentUrl":"https:\/\/secure.gravatar.com\/avatar\/407fe7c123719aedfe1043bea0075baf31b4805e5599ab36f3b560d37cfba06d?s=96&d=mm&r=g","caption":"Tommi V"},"url":"https:\/\/tivia-jasenyhdistykset.fi\/tietoturva\/author\/vanninentommi10605\/"}]}},"_links":{"self":[{"href":"https:\/\/tivia-jasenyhdistykset.fi\/tietoturva\/wp-json\/wp\/v2\/posts\/3283","targetHints":{"allow":["GET"]}}],"collection":[{"href":"https:\/\/tivia-jasenyhdistykset.fi\/tietoturva\/wp-json\/wp\/v2\/posts"}],"about":[{"href":"https:\/\/tivia-jasenyhdistykset.fi\/tietoturva\/wp-json\/wp\/v2\/types\/post"}],"author":[{"embeddable":true,"href":"https:\/\/tivia-jasenyhdistykset.fi\/tietoturva\/wp-json\/wp\/v2\/users\/2408"}],"replies":[{"embeddable":true,"href":"https:\/\/tivia-jasenyhdistykset.fi\/tietoturva\/wp-json\/wp\/v2\/comments?post=3283"}],"version-history":[{"count":25,"href":"https:\/\/tivia-jasenyhdistykset.fi\/tietoturva\/wp-json\/wp\/v2\/posts\/3283\/revisions"}],"predecessor-version":[{"id":3479,"href":"https:\/\/tivia-jasenyhdistykset.fi\/tietoturva\/wp-json\/wp\/v2\/posts\/3283\/revisions\/3479"}],"wp:featuredmedia":[{"embeddable":true,"href":"https:\/\/tivia-jasenyhdistykset.fi\/tietoturva\/wp-json\/wp\/v2\/media\/3456"}],"wp:attachment":[{"href":"https:\/\/tivia-jasenyhdistykset.fi\/tietoturva\/wp-json\/wp\/v2\/media?parent=3283"}],"wp:term":[{"taxonomy":"category","embeddable":true,"href":"https:\/\/tivia-jasenyhdistykset.fi\/tietoturva\/wp-json\/wp\/v2\/categories?post=3283"},{"taxonomy":"post_tag","embeddable":true,"href":"https:\/\/tivia-jasenyhdistykset.fi\/tietoturva\/wp-json\/wp\/v2\/tags?post=3283"}],"curies":[{"name":"wp","href":"https:\/\/api.w.org\/{rel}","templated":true}]}}