{"id":3348,"date":"2025-10-15T10:42:11","date_gmt":"2025-10-15T07:42:11","guid":{"rendered":"https:\/\/tietoturva.fi\/?p=3348"},"modified":"2025-12-07T15:20:11","modified_gmt":"2025-12-07T13:20:11","slug":"fireside_chat","status":"publish","type":"post","link":"https:\/\/tivia-jasenyhdistykset.fi\/tietoturva\/2025\/10\/15\/fireside_chat\/","title":{"rendered":"Tietoturvakatsaus 26.11.2025 \u2013 Inspiroiva p\u00e4iv\u00e4 alan huippujen kanssa!"},"content":{"rendered":"<p><strong>Tietoturva ry j\u00e4rjest\u00e4\u00e4 seitsem\u00e4nnen Tietoturvakatsauksen keskiviikkona 26.11.2025 Helsingin Ritarihuoneella. Seminaari kokoaa yhteen kyberturvallisuuden ja teknologian asiantuntijat keskustelemaan ajankohtaisista teemoista \u2013 geopoliittisesta ilmapiirist\u00e4, varautumisesta ja teko\u00e4lyn vaikutuksista.<\/strong><\/p>\n<p>Geopoliittiset j\u00e4nnitteet heijastuvat yh\u00e4 selvemmin digitaaliseen maailmaan. Kyberhy\u00f6kk\u00e4ysten, hybridivaikuttamisen ja disinformaation keinot ovat monipuolistuneet ja kohdistuvat yh\u00e4 useammin my\u00f6s suomalaisiin organisaatioihin. Varautuminen ei ole en\u00e4\u00e4 valinnaista \u2013 se on osa jokaisen organisaation arkea.<\/p>\n<p>Tietoturvakatsauksessa \u00e4\u00e4neen p\u00e4\u00e4sev\u00e4t alan johtavat asiantuntijat, jotka avaavat n\u00e4kymi\u00e4 tulevaan ja tarjoavat tuoreinta tietoa muun muassa uusista teknologioista, uhkakuvista ja resilienssin kehitt\u00e4misest\u00e4.<\/p>\n<h3><strong>Fireside chat &#8211; keskustelua asian ytimess\u00e4!<\/strong><\/h3>\n<p><img loading=\"lazy\" decoding=\"async\" class=\"alignnone wp-image-3349 \" src=\"https:\/\/tietoturva.fi\/wp-content\/uploads\/sites\/7\/2025\/10\/ttry-fireside-chat-e1760532550610-300x258.png\" alt=\"\" width=\"408\" height=\"351\" srcset=\"https:\/\/tivia-jasenyhdistykset.fi\/tietoturva\/wp-content\/uploads\/sites\/7\/2025\/10\/ttry-fireside-chat-e1760532550610-300x258.png 300w, https:\/\/tivia-jasenyhdistykset.fi\/tietoturva\/wp-content\/uploads\/sites\/7\/2025\/10\/ttry-fireside-chat-e1760532550610-768x662.png 768w, https:\/\/tivia-jasenyhdistykset.fi\/tietoturva\/wp-content\/uploads\/sites\/7\/2025\/10\/ttry-fireside-chat-e1760532550610.png 1024w\" sizes=\"auto, (max-width: 408px) 100vw, 408px\" \/><\/p>\n<p>Tilaisuus aloitetaan ja p\u00e4\u00e4tet\u00e4\u00e4n kiitosta saaneilla Fireside chat -keskusteluilla, jotka tuovat ohjelmaan keskustelevaa ja haastattelevaa energiaa ilman kalvoja \u2013 suoraan olennaiseen! N\u00e4iss\u00e4 keskusteluissa ei vain luennoida, vaan pys\u00e4hdyt\u00e4\u00e4n oikeasti pohtimaan, minne tietoturva ja teko\u00e4ly ovat meit\u00e4 viem\u00e4ss\u00e4.<\/p>\n<p>Fireside chat -keskusteluissa Kimmo Rousku haastattelee Jarno Limn\u00e9lli\u00e4 teemalla \u201cTeko\u00e4ly, informaatiosota ja demokratia \u2013 kansanedustajan kokemuksia ja n\u00e4kemyksi\u00e4\u201d sek\u00e4 Benjamin S\u00e4rkk\u00e4\u00e4 aiheesta \u201cTeko\u00e4ly ja tietoturva murroksessa \u2013 miten hallita ep\u00e4varmuutta ja rakentaa luottamusta\u201d<\/p>\n<p>&nbsp;<\/p>\n<p><img loading=\"lazy\" decoding=\"async\" class=\"alignnone wp-image-3359\" src=\"https:\/\/tietoturva.fi\/wp-content\/uploads\/sites\/7\/2025\/10\/tietoturvakatsaus_banner.png\" alt=\"\" width=\"632\" height=\"113\" srcset=\"https:\/\/tivia-jasenyhdistykset.fi\/tietoturva\/wp-content\/uploads\/sites\/7\/2025\/10\/tietoturvakatsaus_banner.png 861w, https:\/\/tivia-jasenyhdistykset.fi\/tietoturva\/wp-content\/uploads\/sites\/7\/2025\/10\/tietoturvakatsaus_banner-300x54.png 300w, https:\/\/tivia-jasenyhdistykset.fi\/tietoturva\/wp-content\/uploads\/sites\/7\/2025\/10\/tietoturvakatsaus_banner-768x137.png 768w\" sizes=\"auto, (max-width: 632px) 100vw, 632px\" \/><\/p>\n<p><strong>Tapahtuman ohjelma<br \/>\n<\/strong>Seminaarin ohjelma on n\u00e4ht\u00e4viss\u00e4 kokonaisuudessaan <a href=\"https:\/\/tietoturva.fi\/tietoturvakatsaus\">Tietoturva ry:n tapahtumasivulla<\/a>.<\/p>\n<p><strong>Ilmoittautuminen:<br \/>\n<\/strong>Ilmoittaudu mukaan ja varmista <a href=\"https:\/\/tietoturva.fi\/tietoturvakatsaus\">paikkasi inspiroivaan p\u00e4iv\u00e4\u00e4n<\/a>! Paikat jaetaan ilmoittautumisj\u00e4rjestyksess\u00e4.<\/p>\n","protected":false},"excerpt":{"rendered":"<p>Tietoturva ry j\u00e4rjest\u00e4\u00e4 seitsem\u00e4nnen Tietoturvakatsauksen keskiviikkona 26.11.2025 Helsingin Ritarihuoneella. Seminaari kokoaa yhteen kyberturvallisuuden ja teknologian asiantuntijat keskustelemaan ajankohtaisista teemoista \u2013 geopoliittisesta ilmapiirist\u00e4, varautumisesta ja teko\u00e4lyn vaikutuksista.<\/p>\n<p>Geopoliittiset j\u00e4nnitteet heijastuvat yh\u00e4 selvemmin digitaaliseen maailmaan. Kyberhy\u00f6kk\u00e4ysten, hybridivaikuttamisen ja disinformaation keinot ovat monipuolistuneet ja kohdistuvat yh\u00e4 useammin my\u00f6s suomalaisiin organisaatioihin.<\/p>\n","protected":false},"author":2408,"featured_media":3456,"comment_status":"closed","ping_status":"closed","sticky":false,"template":"","format":"standard","meta":{"_acf_changed":false,"footnotes":""},"categories":[90],"tags":[],"class_list":["post-3348","post","type-post","status-publish","format-standard","has-post-thumbnail","hentry","category-tietoturvakatsaus"],"acf":[],"yoast_head":"<!-- This site is optimized with the Yoast SEO plugin v27.5 - https:\/\/yoast.com\/product\/yoast-seo-wordpress\/ -->\n<title>Tietoturvakatsaus 26.11.2025 \u2013 Inspiroiva p\u00e4iv\u00e4 alan huippujen kanssa! - Tietoturva ry<\/title>\n<meta name=\"robots\" content=\"index, follow, max-snippet:-1, max-image-preview:large, max-video-preview:-1\" \/>\n<link rel=\"canonical\" href=\"https:\/\/tivia-jasenyhdistykset.fi\/tietoturva\/2025\/10\/15\/fireside_chat\/\" \/>\n<meta property=\"og:locale\" content=\"fi_FI\" \/>\n<meta property=\"og:type\" content=\"article\" \/>\n<meta property=\"og:title\" content=\"Tietoturvakatsaus 26.11.2025 \u2013 Inspiroiva p\u00e4iv\u00e4 alan huippujen kanssa! - Tietoturva ry\" \/>\n<meta property=\"og:description\" content=\"Tietoturva ry j\u00e4rjest\u00e4\u00e4 seitsem\u00e4nnen Tietoturvakatsauksen keskiviikkona 26.11.2025 Helsingin Ritarihuoneella. Seminaari kokoaa yhteen kyberturvallisuuden ja teknologian asiantuntijat keskustelemaan ajankohtaisista teemoista \u2013 geopoliittisesta ilmapiirist\u00e4, varautumisesta ja teko\u00e4lyn vaikutuksista. Geopoliittiset j\u00e4nnitteet heijastuvat yh\u00e4 selvemmin digitaaliseen maailmaan. Kyberhy\u00f6kk\u00e4ysten, hybridivaikuttamisen ja disinformaation keinot ovat monipuolistuneet ja kohdistuvat yh\u00e4 useammin my\u00f6s suomalaisiin organisaatioihin.\" \/>\n<meta property=\"og:url\" content=\"https:\/\/tivia-jasenyhdistykset.fi\/tietoturva\/2025\/10\/15\/fireside_chat\/\" \/>\n<meta property=\"og:site_name\" content=\"Tietoturva ry\" \/>\n<meta property=\"article:publisher\" content=\"https:\/\/www.facebook.com\/TietoturvaRy\/\" \/>\n<meta property=\"article:published_time\" content=\"2025-10-15T07:42:11+00:00\" \/>\n<meta property=\"article:modified_time\" content=\"2025-12-07T13:20:11+00:00\" \/>\n<meta property=\"og:image\" content=\"https:\/\/tivia-jasenyhdistykset.fi\/tietoturva\/wp-content\/uploads\/sites\/7\/2025\/12\/Tietoturvakatsaus-2025-scaled-e1765110982775.jpeg\" \/>\n\t<meta property=\"og:image:width\" content=\"2560\" \/>\n\t<meta property=\"og:image:height\" content=\"1233\" \/>\n\t<meta property=\"og:image:type\" content=\"image\/jpeg\" \/>\n<meta name=\"author\" content=\"Tommi V\" \/>\n<meta name=\"twitter:card\" content=\"summary_large_image\" \/>\n<meta name=\"twitter:creator\" content=\"@tietoturva_ry\" \/>\n<meta name=\"twitter:site\" content=\"@tietoturva_ry\" \/>\n<meta name=\"twitter:label1\" content=\"Kirjoittanut\" \/>\n\t<meta name=\"twitter:data1\" content=\"Tommi V\" \/>\n\t<meta name=\"twitter:label2\" content=\"Arvioitu lukuaika\" \/>\n\t<meta name=\"twitter:data2\" content=\"2 minuuttia\" \/>\n<script type=\"application\/ld+json\" class=\"yoast-schema-graph\">{\"@context\":\"https:\\\/\\\/schema.org\",\"@graph\":[{\"@type\":\"Article\",\"@id\":\"https:\\\/\\\/tivia-jasenyhdistykset.fi\\\/tietoturva\\\/2025\\\/10\\\/15\\\/fireside_chat\\\/#article\",\"isPartOf\":{\"@id\":\"https:\\\/\\\/tivia-jasenyhdistykset.fi\\\/tietoturva\\\/2025\\\/10\\\/15\\\/fireside_chat\\\/\"},\"author\":{\"name\":\"Tommi V\",\"@id\":\"https:\\\/\\\/tivia-jasenyhdistykset.fi\\\/tietoturva\\\/#\\\/schema\\\/person\\\/509d9bb392337a2d220ec611546998ec\"},\"headline\":\"Tietoturvakatsaus 26.11.2025 \u2013 Inspiroiva p\u00e4iv\u00e4 alan huippujen kanssa!\",\"datePublished\":\"2025-10-15T07:42:11+00:00\",\"dateModified\":\"2025-12-07T13:20:11+00:00\",\"mainEntityOfPage\":{\"@id\":\"https:\\\/\\\/tivia-jasenyhdistykset.fi\\\/tietoturva\\\/2025\\\/10\\\/15\\\/fireside_chat\\\/\"},\"wordCount\":210,\"publisher\":{\"@id\":\"https:\\\/\\\/tivia-jasenyhdistykset.fi\\\/tietoturva\\\/#organization\"},\"image\":{\"@id\":\"https:\\\/\\\/tivia-jasenyhdistykset.fi\\\/tietoturva\\\/2025\\\/10\\\/15\\\/fireside_chat\\\/#primaryimage\"},\"thumbnailUrl\":\"https:\\\/\\\/tivia-jasenyhdistykset.fi\\\/tietoturva\\\/wp-content\\\/uploads\\\/sites\\\/7\\\/2025\\\/12\\\/Tietoturvakatsaus-2025-scaled-e1765110982775.jpeg\",\"articleSection\":[\"Tietoturvakatsaus\"],\"inLanguage\":\"fi\"},{\"@type\":\"WebPage\",\"@id\":\"https:\\\/\\\/tivia-jasenyhdistykset.fi\\\/tietoturva\\\/2025\\\/10\\\/15\\\/fireside_chat\\\/\",\"url\":\"https:\\\/\\\/tivia-jasenyhdistykset.fi\\\/tietoturva\\\/2025\\\/10\\\/15\\\/fireside_chat\\\/\",\"name\":\"Tietoturvakatsaus 26.11.2025 \u2013 Inspiroiva p\u00e4iv\u00e4 alan huippujen kanssa! - Tietoturva ry\",\"isPartOf\":{\"@id\":\"https:\\\/\\\/tivia-jasenyhdistykset.fi\\\/tietoturva\\\/#website\"},\"primaryImageOfPage\":{\"@id\":\"https:\\\/\\\/tivia-jasenyhdistykset.fi\\\/tietoturva\\\/2025\\\/10\\\/15\\\/fireside_chat\\\/#primaryimage\"},\"image\":{\"@id\":\"https:\\\/\\\/tivia-jasenyhdistykset.fi\\\/tietoturva\\\/2025\\\/10\\\/15\\\/fireside_chat\\\/#primaryimage\"},\"thumbnailUrl\":\"https:\\\/\\\/tivia-jasenyhdistykset.fi\\\/tietoturva\\\/wp-content\\\/uploads\\\/sites\\\/7\\\/2025\\\/12\\\/Tietoturvakatsaus-2025-scaled-e1765110982775.jpeg\",\"datePublished\":\"2025-10-15T07:42:11+00:00\",\"dateModified\":\"2025-12-07T13:20:11+00:00\",\"breadcrumb\":{\"@id\":\"https:\\\/\\\/tivia-jasenyhdistykset.fi\\\/tietoturva\\\/2025\\\/10\\\/15\\\/fireside_chat\\\/#breadcrumb\"},\"inLanguage\":\"fi\",\"potentialAction\":[{\"@type\":\"ReadAction\",\"target\":[\"https:\\\/\\\/tivia-jasenyhdistykset.fi\\\/tietoturva\\\/2025\\\/10\\\/15\\\/fireside_chat\\\/\"]}]},{\"@type\":\"ImageObject\",\"inLanguage\":\"fi\",\"@id\":\"https:\\\/\\\/tivia-jasenyhdistykset.fi\\\/tietoturva\\\/2025\\\/10\\\/15\\\/fireside_chat\\\/#primaryimage\",\"url\":\"https:\\\/\\\/tivia-jasenyhdistykset.fi\\\/tietoturva\\\/wp-content\\\/uploads\\\/sites\\\/7\\\/2025\\\/12\\\/Tietoturvakatsaus-2025-scaled-e1765110982775.jpeg\",\"contentUrl\":\"https:\\\/\\\/tivia-jasenyhdistykset.fi\\\/tietoturva\\\/wp-content\\\/uploads\\\/sites\\\/7\\\/2025\\\/12\\\/Tietoturvakatsaus-2025-scaled-e1765110982775.jpeg\",\"width\":2560,\"height\":1233},{\"@type\":\"BreadcrumbList\",\"@id\":\"https:\\\/\\\/tivia-jasenyhdistykset.fi\\\/tietoturva\\\/2025\\\/10\\\/15\\\/fireside_chat\\\/#breadcrumb\",\"itemListElement\":[{\"@type\":\"ListItem\",\"position\":1,\"name\":\"Etusivu\",\"item\":\"https:\\\/\\\/tivia-jasenyhdistykset.fi\\\/tietoturva\\\/\"},{\"@type\":\"ListItem\",\"position\":2,\"name\":\"Tietoturvakatsaus 26.11.2025 \u2013 Inspiroiva p\u00e4iv\u00e4 alan huippujen kanssa!\"}]},{\"@type\":\"WebSite\",\"@id\":\"https:\\\/\\\/tivia-jasenyhdistykset.fi\\\/tietoturva\\\/#website\",\"url\":\"https:\\\/\\\/tivia-jasenyhdistykset.fi\\\/tietoturva\\\/\",\"name\":\"Tietoturva ry\",\"description\":\"Suomen suurin tietoturva-ammattilaisten verkosto\",\"publisher\":{\"@id\":\"https:\\\/\\\/tivia-jasenyhdistykset.fi\\\/tietoturva\\\/#organization\"},\"potentialAction\":[{\"@type\":\"SearchAction\",\"target\":{\"@type\":\"EntryPoint\",\"urlTemplate\":\"https:\\\/\\\/tivia-jasenyhdistykset.fi\\\/tietoturva\\\/?s={search_term_string}\"},\"query-input\":{\"@type\":\"PropertyValueSpecification\",\"valueRequired\":true,\"valueName\":\"search_term_string\"}}],\"inLanguage\":\"fi\"},{\"@type\":\"Organization\",\"@id\":\"https:\\\/\\\/tivia-jasenyhdistykset.fi\\\/tietoturva\\\/#organization\",\"name\":\"Tietoturva ry\",\"url\":\"https:\\\/\\\/tivia-jasenyhdistykset.fi\\\/tietoturva\\\/\",\"logo\":{\"@type\":\"ImageObject\",\"inLanguage\":\"fi\",\"@id\":\"https:\\\/\\\/tivia-jasenyhdistykset.fi\\\/tietoturva\\\/#\\\/schema\\\/logo\\\/image\\\/\",\"url\":\"https:\\\/\\\/tietoturva.fi\\\/wp-content\\\/uploads\\\/sites\\\/7\\\/2021\\\/05\\\/Tietoturva-logo-2018-100.png\",\"contentUrl\":\"https:\\\/\\\/tietoturva.fi\\\/wp-content\\\/uploads\\\/sites\\\/7\\\/2021\\\/05\\\/Tietoturva-logo-2018-100.png\",\"width\":73,\"height\":100,\"caption\":\"Tietoturva ry\"},\"image\":{\"@id\":\"https:\\\/\\\/tivia-jasenyhdistykset.fi\\\/tietoturva\\\/#\\\/schema\\\/logo\\\/image\\\/\"},\"sameAs\":[\"https:\\\/\\\/www.facebook.com\\\/TietoturvaRy\\\/\",\"https:\\\/\\\/x.com\\\/tietoturva_ry\",\"https:\\\/\\\/www.linkedin.com\\\/company\\\/tietoturva\\\/\",\"https:\\\/\\\/www.youtube.com\\\/channel\\\/UCmXkytjYpJ4_N2msCNy69sw\\\/\"]},{\"@type\":\"Person\",\"@id\":\"https:\\\/\\\/tivia-jasenyhdistykset.fi\\\/tietoturva\\\/#\\\/schema\\\/person\\\/509d9bb392337a2d220ec611546998ec\",\"name\":\"Tommi V\",\"image\":{\"@type\":\"ImageObject\",\"inLanguage\":\"fi\",\"@id\":\"https:\\\/\\\/secure.gravatar.com\\\/avatar\\\/407fe7c123719aedfe1043bea0075baf31b4805e5599ab36f3b560d37cfba06d?s=96&d=mm&r=g\",\"url\":\"https:\\\/\\\/secure.gravatar.com\\\/avatar\\\/407fe7c123719aedfe1043bea0075baf31b4805e5599ab36f3b560d37cfba06d?s=96&d=mm&r=g\",\"contentUrl\":\"https:\\\/\\\/secure.gravatar.com\\\/avatar\\\/407fe7c123719aedfe1043bea0075baf31b4805e5599ab36f3b560d37cfba06d?s=96&d=mm&r=g\",\"caption\":\"Tommi V\"},\"url\":\"https:\\\/\\\/tivia-jasenyhdistykset.fi\\\/tietoturva\\\/author\\\/vanninentommi10605\\\/\"}]}<\/script>\n<!-- \/ Yoast SEO plugin. -->","yoast_head_json":{"title":"Tietoturvakatsaus 26.11.2025 \u2013 Inspiroiva p\u00e4iv\u00e4 alan huippujen kanssa! - Tietoturva ry","robots":{"index":"index","follow":"follow","max-snippet":"max-snippet:-1","max-image-preview":"max-image-preview:large","max-video-preview":"max-video-preview:-1"},"canonical":"https:\/\/tivia-jasenyhdistykset.fi\/tietoturva\/2025\/10\/15\/fireside_chat\/","og_locale":"fi_FI","og_type":"article","og_title":"Tietoturvakatsaus 26.11.2025 \u2013 Inspiroiva p\u00e4iv\u00e4 alan huippujen kanssa! - Tietoturva ry","og_description":"Tietoturva ry j\u00e4rjest\u00e4\u00e4 seitsem\u00e4nnen Tietoturvakatsauksen keskiviikkona 26.11.2025 Helsingin Ritarihuoneella. Seminaari kokoaa yhteen kyberturvallisuuden ja teknologian asiantuntijat keskustelemaan ajankohtaisista teemoista \u2013 geopoliittisesta ilmapiirist\u00e4, varautumisesta ja teko\u00e4lyn vaikutuksista. Geopoliittiset j\u00e4nnitteet heijastuvat yh\u00e4 selvemmin digitaaliseen maailmaan. Kyberhy\u00f6kk\u00e4ysten, hybridivaikuttamisen ja disinformaation keinot ovat monipuolistuneet ja kohdistuvat yh\u00e4 useammin my\u00f6s suomalaisiin organisaatioihin.","og_url":"https:\/\/tivia-jasenyhdistykset.fi\/tietoturva\/2025\/10\/15\/fireside_chat\/","og_site_name":"Tietoturva ry","article_publisher":"https:\/\/www.facebook.com\/TietoturvaRy\/","article_published_time":"2025-10-15T07:42:11+00:00","article_modified_time":"2025-12-07T13:20:11+00:00","og_image":[{"width":2560,"height":1233,"url":"https:\/\/tivia-jasenyhdistykset.fi\/tietoturva\/wp-content\/uploads\/sites\/7\/2025\/12\/Tietoturvakatsaus-2025-scaled-e1765110982775.jpeg","type":"image\/jpeg"}],"author":"Tommi V","twitter_card":"summary_large_image","twitter_creator":"@tietoturva_ry","twitter_site":"@tietoturva_ry","twitter_misc":{"Kirjoittanut":"Tommi V","Arvioitu lukuaika":"2 minuuttia"},"schema":{"@context":"https:\/\/schema.org","@graph":[{"@type":"Article","@id":"https:\/\/tivia-jasenyhdistykset.fi\/tietoturva\/2025\/10\/15\/fireside_chat\/#article","isPartOf":{"@id":"https:\/\/tivia-jasenyhdistykset.fi\/tietoturva\/2025\/10\/15\/fireside_chat\/"},"author":{"name":"Tommi V","@id":"https:\/\/tivia-jasenyhdistykset.fi\/tietoturva\/#\/schema\/person\/509d9bb392337a2d220ec611546998ec"},"headline":"Tietoturvakatsaus 26.11.2025 \u2013 Inspiroiva p\u00e4iv\u00e4 alan huippujen kanssa!","datePublished":"2025-10-15T07:42:11+00:00","dateModified":"2025-12-07T13:20:11+00:00","mainEntityOfPage":{"@id":"https:\/\/tivia-jasenyhdistykset.fi\/tietoturva\/2025\/10\/15\/fireside_chat\/"},"wordCount":210,"publisher":{"@id":"https:\/\/tivia-jasenyhdistykset.fi\/tietoturva\/#organization"},"image":{"@id":"https:\/\/tivia-jasenyhdistykset.fi\/tietoturva\/2025\/10\/15\/fireside_chat\/#primaryimage"},"thumbnailUrl":"https:\/\/tivia-jasenyhdistykset.fi\/tietoturva\/wp-content\/uploads\/sites\/7\/2025\/12\/Tietoturvakatsaus-2025-scaled-e1765110982775.jpeg","articleSection":["Tietoturvakatsaus"],"inLanguage":"fi"},{"@type":"WebPage","@id":"https:\/\/tivia-jasenyhdistykset.fi\/tietoturva\/2025\/10\/15\/fireside_chat\/","url":"https:\/\/tivia-jasenyhdistykset.fi\/tietoturva\/2025\/10\/15\/fireside_chat\/","name":"Tietoturvakatsaus 26.11.2025 \u2013 Inspiroiva p\u00e4iv\u00e4 alan huippujen kanssa! - Tietoturva ry","isPartOf":{"@id":"https:\/\/tivia-jasenyhdistykset.fi\/tietoturva\/#website"},"primaryImageOfPage":{"@id":"https:\/\/tivia-jasenyhdistykset.fi\/tietoturva\/2025\/10\/15\/fireside_chat\/#primaryimage"},"image":{"@id":"https:\/\/tivia-jasenyhdistykset.fi\/tietoturva\/2025\/10\/15\/fireside_chat\/#primaryimage"},"thumbnailUrl":"https:\/\/tivia-jasenyhdistykset.fi\/tietoturva\/wp-content\/uploads\/sites\/7\/2025\/12\/Tietoturvakatsaus-2025-scaled-e1765110982775.jpeg","datePublished":"2025-10-15T07:42:11+00:00","dateModified":"2025-12-07T13:20:11+00:00","breadcrumb":{"@id":"https:\/\/tivia-jasenyhdistykset.fi\/tietoturva\/2025\/10\/15\/fireside_chat\/#breadcrumb"},"inLanguage":"fi","potentialAction":[{"@type":"ReadAction","target":["https:\/\/tivia-jasenyhdistykset.fi\/tietoturva\/2025\/10\/15\/fireside_chat\/"]}]},{"@type":"ImageObject","inLanguage":"fi","@id":"https:\/\/tivia-jasenyhdistykset.fi\/tietoturva\/2025\/10\/15\/fireside_chat\/#primaryimage","url":"https:\/\/tivia-jasenyhdistykset.fi\/tietoturva\/wp-content\/uploads\/sites\/7\/2025\/12\/Tietoturvakatsaus-2025-scaled-e1765110982775.jpeg","contentUrl":"https:\/\/tivia-jasenyhdistykset.fi\/tietoturva\/wp-content\/uploads\/sites\/7\/2025\/12\/Tietoturvakatsaus-2025-scaled-e1765110982775.jpeg","width":2560,"height":1233},{"@type":"BreadcrumbList","@id":"https:\/\/tivia-jasenyhdistykset.fi\/tietoturva\/2025\/10\/15\/fireside_chat\/#breadcrumb","itemListElement":[{"@type":"ListItem","position":1,"name":"Etusivu","item":"https:\/\/tivia-jasenyhdistykset.fi\/tietoturva\/"},{"@type":"ListItem","position":2,"name":"Tietoturvakatsaus 26.11.2025 \u2013 Inspiroiva p\u00e4iv\u00e4 alan huippujen kanssa!"}]},{"@type":"WebSite","@id":"https:\/\/tivia-jasenyhdistykset.fi\/tietoturva\/#website","url":"https:\/\/tivia-jasenyhdistykset.fi\/tietoturva\/","name":"Tietoturva ry","description":"Suomen suurin tietoturva-ammattilaisten verkosto","publisher":{"@id":"https:\/\/tivia-jasenyhdistykset.fi\/tietoturva\/#organization"},"potentialAction":[{"@type":"SearchAction","target":{"@type":"EntryPoint","urlTemplate":"https:\/\/tivia-jasenyhdistykset.fi\/tietoturva\/?s={search_term_string}"},"query-input":{"@type":"PropertyValueSpecification","valueRequired":true,"valueName":"search_term_string"}}],"inLanguage":"fi"},{"@type":"Organization","@id":"https:\/\/tivia-jasenyhdistykset.fi\/tietoturva\/#organization","name":"Tietoturva ry","url":"https:\/\/tivia-jasenyhdistykset.fi\/tietoturva\/","logo":{"@type":"ImageObject","inLanguage":"fi","@id":"https:\/\/tivia-jasenyhdistykset.fi\/tietoturva\/#\/schema\/logo\/image\/","url":"https:\/\/tietoturva.fi\/wp-content\/uploads\/sites\/7\/2021\/05\/Tietoturva-logo-2018-100.png","contentUrl":"https:\/\/tietoturva.fi\/wp-content\/uploads\/sites\/7\/2021\/05\/Tietoturva-logo-2018-100.png","width":73,"height":100,"caption":"Tietoturva ry"},"image":{"@id":"https:\/\/tivia-jasenyhdistykset.fi\/tietoturva\/#\/schema\/logo\/image\/"},"sameAs":["https:\/\/www.facebook.com\/TietoturvaRy\/","https:\/\/x.com\/tietoturva_ry","https:\/\/www.linkedin.com\/company\/tietoturva\/","https:\/\/www.youtube.com\/channel\/UCmXkytjYpJ4_N2msCNy69sw\/"]},{"@type":"Person","@id":"https:\/\/tivia-jasenyhdistykset.fi\/tietoturva\/#\/schema\/person\/509d9bb392337a2d220ec611546998ec","name":"Tommi V","image":{"@type":"ImageObject","inLanguage":"fi","@id":"https:\/\/secure.gravatar.com\/avatar\/407fe7c123719aedfe1043bea0075baf31b4805e5599ab36f3b560d37cfba06d?s=96&d=mm&r=g","url":"https:\/\/secure.gravatar.com\/avatar\/407fe7c123719aedfe1043bea0075baf31b4805e5599ab36f3b560d37cfba06d?s=96&d=mm&r=g","contentUrl":"https:\/\/secure.gravatar.com\/avatar\/407fe7c123719aedfe1043bea0075baf31b4805e5599ab36f3b560d37cfba06d?s=96&d=mm&r=g","caption":"Tommi V"},"url":"https:\/\/tivia-jasenyhdistykset.fi\/tietoturva\/author\/vanninentommi10605\/"}]}},"_links":{"self":[{"href":"https:\/\/tivia-jasenyhdistykset.fi\/tietoturva\/wp-json\/wp\/v2\/posts\/3348","targetHints":{"allow":["GET"]}}],"collection":[{"href":"https:\/\/tivia-jasenyhdistykset.fi\/tietoturva\/wp-json\/wp\/v2\/posts"}],"about":[{"href":"https:\/\/tivia-jasenyhdistykset.fi\/tietoturva\/wp-json\/wp\/v2\/types\/post"}],"author":[{"embeddable":true,"href":"https:\/\/tivia-jasenyhdistykset.fi\/tietoturva\/wp-json\/wp\/v2\/users\/2408"}],"replies":[{"embeddable":true,"href":"https:\/\/tivia-jasenyhdistykset.fi\/tietoturva\/wp-json\/wp\/v2\/comments?post=3348"}],"version-history":[{"count":13,"href":"https:\/\/tivia-jasenyhdistykset.fi\/tietoturva\/wp-json\/wp\/v2\/posts\/3348\/revisions"}],"predecessor-version":[{"id":3465,"href":"https:\/\/tivia-jasenyhdistykset.fi\/tietoturva\/wp-json\/wp\/v2\/posts\/3348\/revisions\/3465"}],"wp:featuredmedia":[{"embeddable":true,"href":"https:\/\/tivia-jasenyhdistykset.fi\/tietoturva\/wp-json\/wp\/v2\/media\/3456"}],"wp:attachment":[{"href":"https:\/\/tivia-jasenyhdistykset.fi\/tietoturva\/wp-json\/wp\/v2\/media?parent=3348"}],"wp:term":[{"taxonomy":"category","embeddable":true,"href":"https:\/\/tivia-jasenyhdistykset.fi\/tietoturva\/wp-json\/wp\/v2\/categories?post=3348"},{"taxonomy":"post_tag","embeddable":true,"href":"https:\/\/tivia-jasenyhdistykset.fi\/tietoturva\/wp-json\/wp\/v2\/tags?post=3348"}],"curies":[{"name":"wp","href":"https:\/\/api.w.org\/{rel}","templated":true}]}}