{"id":3436,"date":"2025-11-30T15:33:18","date_gmt":"2025-11-30T13:33:18","guid":{"rendered":"https:\/\/tietoturva.fi\/?p=3436"},"modified":"2025-11-30T15:36:33","modified_gmt":"2025-11-30T13:36:33","slug":"tietosuojavastaava-ja-tietosuojateko-2025","status":"publish","type":"post","link":"https:\/\/tivia-jasenyhdistykset.fi\/tietoturva\/2025\/11\/30\/tietosuojavastaava-ja-tietosuojateko-2025\/","title":{"rendered":"Ehdota vuoden 2025 Tietosuojavastaavaa ja Tietosuojatekoa"},"content":{"rendered":"<p>Tietoturva ry kutsuu sinut nostamaan esiin tietosuojan ja tietoturvan parhaat suomalaiset osaajat ja teot. Kilpailulla halutaan kiitt\u00e4\u00e4 ja kannustaa heit\u00e4, jotka ovat esimerkill\u00e4\u00e4n kehitt\u00e4neet alan k\u00e4yt\u00e4nt\u00f6j\u00e4 ja edist\u00e4neet osaamista.\u200b Ehdokasasettelulle on aikaa 9.1.2026 asti.<\/p>\n<p>Tunnustukset jaetaan Tietosuojap\u00e4iv\u00e4ss\u00e4 28.1.2026 yhteisty\u00f6ss\u00e4 Suomen IAPP Chapter Chairien ja Alma Insightsin kanssa.<\/p>\n<p>Lis\u00e4tietoa ehdokasasettelusta, palkitsemisperusteista, aiemmin palkituista sek\u00e4 Tietosuojap\u00e4iv\u00e4st\u00e4 l\u00f6yd\u00e4t<strong>\u00a0<\/strong><a title=\"\" href=\"https:\/\/tietoturva.fi\/toiminta\/vuoden-tietosuojavastaava\/\" target=\"_blank\" rel=\"noopener\" data-saferedirecturl=\"https:\/\/www.google.com\/url?q=https:\/\/tivia.fi\/r\/TtA\/m\/973166&amp;source=gmail&amp;ust=1764594920512000&amp;usg=AOvVaw0dfgeS2vHFFnsdHFGWK4Zi\"><strong>verkkosivuiltamme.<\/strong><\/a><strong><br \/>\n<\/strong><\/p>\n<hr \/>\n<h2><strong>KILPAILUN TIEDOT<\/strong><\/h2>\n<h3><strong>Vuoden Tietosuojavastaava<br \/>\n<\/strong><\/h3>\n<p>Vuoden Tietosuojavastaavaksi etsit\u00e4\u00e4n henkil\u00f6\u00e4, joka on rohkeasti ja esimerkillisesti kehitt\u00e4nyt tietosuojan toimintatapoja organisaatiossaan tai vahvistanut tietosuoja-ammattilaisten osaamista ja tiedon jakamista yli organisaatiorajojen.<\/p>\n<p>Palkittava henkil\u00f6 ty\u00f6skentelee Suomessa tietosuojateht\u00e4viss\u00e4, kuten tietosuojavastaavana, -p\u00e4\u00e4llikk\u00f6n\u00e4 tai -johtajana. Teht\u00e4v\u00e4nimike ei kuitenkaan ole ratkaiseva \u2013 ehdotukseen kirjatut saavutukset tietosuojaty\u00f6ss\u00e4 ovat t\u00e4rkein kriteeri. Jos henkil\u00f6 toimii konsulttina, tulee hakemuksessa osoittaa, ett\u00e4 h\u00e4n ty\u00f6skentelee vaaditussa teht\u00e4v\u00e4ss\u00e4.<\/p>\n<p><a href=\"https:\/\/response.questback.com\/isa\/qbv.dll\/bylink?p=ZRuIyHSEubmZNOxhKxUxS9NovXGcO61cDuYdzdu_RhIzSiyJUHEt-Q6bvf6AjWeI0\" target=\"_blank\" rel=\"noopener\">&gt;&gt; J\u00e4t\u00e4 ehdotus Vuoden tietosuojavastaavaksi<\/a><\/p>\n<h3>Vuoden Tietosuojateko<\/h3>\n<p>Vuoden tietosuojatekoa valittaessa etsit\u00e4\u00e4n tekoa, joka konkreettisella tavalla on vaikuttanut suomalaiseen tietosuojaosaamiseen, kulttuuriin tai asenteen kehittymiseen. Valinnassa otetaan huomioon teon tunnettuus, laadukkuus ja kotimaisuus.<\/p>\n<p><a href=\"https:\/\/response.questback.com\/isa\/qbv.dll\/bylink?p=CljUtTqjZtX9OD75prvJZ0JP8yHbuXunHLNf9QKz6eYO79h01bOYLAO8mD5wV8Og0\" target=\"_blank\" rel=\"noopener\">&gt;&gt; J\u00e4t\u00e4 ehdotus Vuoden tietosuojateoksi<\/a><\/p>\n<p>&nbsp;<\/p>\n<hr \/>\n<h2>Tietosuojap\u00e4iv\u00e4n ohjelma &amp; ilmoittautuminen<\/h2>\n<p>Tutustu Tietosuojap\u00e4iv\u00e4n ohjelmaan ja ilmoittaudu mukaan\u00a0<a href=\"https:\/\/koulutus.almainsights.fi\/tietosuojapaiva\/\" target=\"_blank\" rel=\"noopener\">Tietosuojap\u00e4iv\u00e4\u00e4n t\u00e4st\u00e4<\/a>!<\/p>\n","protected":false},"excerpt":{"rendered":"<p>Tietoturva ry kutsuu sinut nostamaan esiin tietosuojan ja tietoturvan parhaat suomalaiset osaajat ja teot. Kilpailulla halutaan kiitt\u00e4\u00e4 ja kannustaa heit\u00e4, jotka ovat esimerkill\u00e4\u00e4n kehitt\u00e4neet alan k\u00e4yt\u00e4nt\u00f6j\u00e4 ja edist\u00e4neet osaamista.\u200b Ehdokasasettelulle on aikaa 9.1.2026 asti.<\/p>\n<p>Tunnustukset jaetaan Tietosuojap\u00e4iv\u00e4ss\u00e4 28.1.2026 yhteisty\u00f6ss\u00e4 Suomen IAPP Chapter Chairien ja Alma Insightsin kanssa.<\/p>\n","protected":false},"author":2408,"featured_media":3437,"comment_status":"closed","ping_status":"closed","sticky":false,"template":"","format":"standard","meta":{"_acf_changed":false,"footnotes":""},"categories":[26],"tags":[],"class_list":["post-3436","post","type-post","status-publish","format-standard","has-post-thumbnail","hentry","category-tietosuoja"],"acf":[],"yoast_head":"<!-- This site is optimized with the Yoast SEO plugin v27.5 - https:\/\/yoast.com\/product\/yoast-seo-wordpress\/ -->\n<title>Ehdota vuoden 2025 Tietosuojavastaavaa ja Tietosuojatekoa - Tietoturva ry<\/title>\n<meta name=\"robots\" content=\"index, follow, max-snippet:-1, max-image-preview:large, max-video-preview:-1\" \/>\n<link rel=\"canonical\" href=\"https:\/\/tivia-jasenyhdistykset.fi\/tietoturva\/2025\/11\/30\/tietosuojavastaava-ja-tietosuojateko-2025\/\" \/>\n<meta property=\"og:locale\" content=\"fi_FI\" \/>\n<meta property=\"og:type\" content=\"article\" \/>\n<meta property=\"og:title\" content=\"Ehdota vuoden 2025 Tietosuojavastaavaa ja Tietosuojatekoa - Tietoturva ry\" \/>\n<meta property=\"og:description\" content=\"Tietoturva ry kutsuu sinut nostamaan esiin tietosuojan ja tietoturvan parhaat suomalaiset osaajat ja teot. Kilpailulla halutaan kiitt\u00e4\u00e4 ja kannustaa heit\u00e4, jotka ovat esimerkill\u00e4\u00e4n kehitt\u00e4neet alan k\u00e4yt\u00e4nt\u00f6j\u00e4 ja edist\u00e4neet osaamista.\u200b Ehdokasasettelulle on aikaa 9.1.2026 asti. Tunnustukset jaetaan Tietosuojap\u00e4iv\u00e4ss\u00e4 28.1.2026 yhteisty\u00f6ss\u00e4 Suomen IAPP Chapter Chairien ja Alma Insightsin kanssa.\" \/>\n<meta property=\"og:url\" content=\"https:\/\/tivia-jasenyhdistykset.fi\/tietoturva\/2025\/11\/30\/tietosuojavastaava-ja-tietosuojateko-2025\/\" \/>\n<meta property=\"og:site_name\" content=\"Tietoturva ry\" \/>\n<meta property=\"article:publisher\" content=\"https:\/\/www.facebook.com\/TietoturvaRy\/\" \/>\n<meta property=\"article:published_time\" content=\"2025-11-30T13:33:18+00:00\" \/>\n<meta property=\"article:modified_time\" content=\"2025-11-30T13:36:33+00:00\" \/>\n<meta property=\"og:image\" content=\"https:\/\/tivia-jasenyhdistykset.fi\/tietoturva\/wp-content\/uploads\/sites\/7\/2025\/11\/ttry-tietosuoja-2048x846-1.jpg\" \/>\n\t<meta property=\"og:image:width\" content=\"2048\" \/>\n\t<meta property=\"og:image:height\" content=\"846\" \/>\n\t<meta property=\"og:image:type\" content=\"image\/jpeg\" \/>\n<meta name=\"author\" content=\"Tommi V\" \/>\n<meta name=\"twitter:card\" content=\"summary_large_image\" \/>\n<meta name=\"twitter:creator\" content=\"@tietoturva_ry\" \/>\n<meta name=\"twitter:site\" content=\"@tietoturva_ry\" \/>\n<meta name=\"twitter:label1\" content=\"Kirjoittanut\" \/>\n\t<meta name=\"twitter:data1\" content=\"Tommi V\" \/>\n\t<meta name=\"twitter:label2\" content=\"Arvioitu lukuaika\" \/>\n\t<meta name=\"twitter:data2\" content=\"2 minuuttia\" \/>\n<script type=\"application\/ld+json\" class=\"yoast-schema-graph\">{\"@context\":\"https:\\\/\\\/schema.org\",\"@graph\":[{\"@type\":\"Article\",\"@id\":\"https:\\\/\\\/tivia-jasenyhdistykset.fi\\\/tietoturva\\\/2025\\\/11\\\/30\\\/tietosuojavastaava-ja-tietosuojateko-2025\\\/#article\",\"isPartOf\":{\"@id\":\"https:\\\/\\\/tivia-jasenyhdistykset.fi\\\/tietoturva\\\/2025\\\/11\\\/30\\\/tietosuojavastaava-ja-tietosuojateko-2025\\\/\"},\"author\":{\"name\":\"Tommi V\",\"@id\":\"https:\\\/\\\/tivia-jasenyhdistykset.fi\\\/tietoturva\\\/#\\\/schema\\\/person\\\/509d9bb392337a2d220ec611546998ec\"},\"headline\":\"Ehdota vuoden 2025 Tietosuojavastaavaa ja Tietosuojatekoa\",\"datePublished\":\"2025-11-30T13:33:18+00:00\",\"dateModified\":\"2025-11-30T13:36:33+00:00\",\"mainEntityOfPage\":{\"@id\":\"https:\\\/\\\/tivia-jasenyhdistykset.fi\\\/tietoturva\\\/2025\\\/11\\\/30\\\/tietosuojavastaava-ja-tietosuojateko-2025\\\/\"},\"wordCount\":208,\"publisher\":{\"@id\":\"https:\\\/\\\/tivia-jasenyhdistykset.fi\\\/tietoturva\\\/#organization\"},\"image\":{\"@id\":\"https:\\\/\\\/tivia-jasenyhdistykset.fi\\\/tietoturva\\\/2025\\\/11\\\/30\\\/tietosuojavastaava-ja-tietosuojateko-2025\\\/#primaryimage\"},\"thumbnailUrl\":\"https:\\\/\\\/tivia-jasenyhdistykset.fi\\\/tietoturva\\\/wp-content\\\/uploads\\\/sites\\\/7\\\/2025\\\/11\\\/ttry-tietosuoja-2048x846-1.jpg\",\"articleSection\":[\"Tietosuoja\"],\"inLanguage\":\"fi\"},{\"@type\":\"WebPage\",\"@id\":\"https:\\\/\\\/tivia-jasenyhdistykset.fi\\\/tietoturva\\\/2025\\\/11\\\/30\\\/tietosuojavastaava-ja-tietosuojateko-2025\\\/\",\"url\":\"https:\\\/\\\/tivia-jasenyhdistykset.fi\\\/tietoturva\\\/2025\\\/11\\\/30\\\/tietosuojavastaava-ja-tietosuojateko-2025\\\/\",\"name\":\"Ehdota vuoden 2025 Tietosuojavastaavaa ja Tietosuojatekoa - Tietoturva ry\",\"isPartOf\":{\"@id\":\"https:\\\/\\\/tivia-jasenyhdistykset.fi\\\/tietoturva\\\/#website\"},\"primaryImageOfPage\":{\"@id\":\"https:\\\/\\\/tivia-jasenyhdistykset.fi\\\/tietoturva\\\/2025\\\/11\\\/30\\\/tietosuojavastaava-ja-tietosuojateko-2025\\\/#primaryimage\"},\"image\":{\"@id\":\"https:\\\/\\\/tivia-jasenyhdistykset.fi\\\/tietoturva\\\/2025\\\/11\\\/30\\\/tietosuojavastaava-ja-tietosuojateko-2025\\\/#primaryimage\"},\"thumbnailUrl\":\"https:\\\/\\\/tivia-jasenyhdistykset.fi\\\/tietoturva\\\/wp-content\\\/uploads\\\/sites\\\/7\\\/2025\\\/11\\\/ttry-tietosuoja-2048x846-1.jpg\",\"datePublished\":\"2025-11-30T13:33:18+00:00\",\"dateModified\":\"2025-11-30T13:36:33+00:00\",\"breadcrumb\":{\"@id\":\"https:\\\/\\\/tivia-jasenyhdistykset.fi\\\/tietoturva\\\/2025\\\/11\\\/30\\\/tietosuojavastaava-ja-tietosuojateko-2025\\\/#breadcrumb\"},\"inLanguage\":\"fi\",\"potentialAction\":[{\"@type\":\"ReadAction\",\"target\":[\"https:\\\/\\\/tivia-jasenyhdistykset.fi\\\/tietoturva\\\/2025\\\/11\\\/30\\\/tietosuojavastaava-ja-tietosuojateko-2025\\\/\"]}]},{\"@type\":\"ImageObject\",\"inLanguage\":\"fi\",\"@id\":\"https:\\\/\\\/tivia-jasenyhdistykset.fi\\\/tietoturva\\\/2025\\\/11\\\/30\\\/tietosuojavastaava-ja-tietosuojateko-2025\\\/#primaryimage\",\"url\":\"https:\\\/\\\/tivia-jasenyhdistykset.fi\\\/tietoturva\\\/wp-content\\\/uploads\\\/sites\\\/7\\\/2025\\\/11\\\/ttry-tietosuoja-2048x846-1.jpg\",\"contentUrl\":\"https:\\\/\\\/tivia-jasenyhdistykset.fi\\\/tietoturva\\\/wp-content\\\/uploads\\\/sites\\\/7\\\/2025\\\/11\\\/ttry-tietosuoja-2048x846-1.jpg\",\"width\":2048,\"height\":846},{\"@type\":\"BreadcrumbList\",\"@id\":\"https:\\\/\\\/tivia-jasenyhdistykset.fi\\\/tietoturva\\\/2025\\\/11\\\/30\\\/tietosuojavastaava-ja-tietosuojateko-2025\\\/#breadcrumb\",\"itemListElement\":[{\"@type\":\"ListItem\",\"position\":1,\"name\":\"Etusivu\",\"item\":\"https:\\\/\\\/tivia-jasenyhdistykset.fi\\\/tietoturva\\\/\"},{\"@type\":\"ListItem\",\"position\":2,\"name\":\"Ehdota vuoden 2025 Tietosuojavastaavaa ja Tietosuojatekoa\"}]},{\"@type\":\"WebSite\",\"@id\":\"https:\\\/\\\/tivia-jasenyhdistykset.fi\\\/tietoturva\\\/#website\",\"url\":\"https:\\\/\\\/tivia-jasenyhdistykset.fi\\\/tietoturva\\\/\",\"name\":\"Tietoturva ry\",\"description\":\"Suomen suurin tietoturva-ammattilaisten verkosto\",\"publisher\":{\"@id\":\"https:\\\/\\\/tivia-jasenyhdistykset.fi\\\/tietoturva\\\/#organization\"},\"potentialAction\":[{\"@type\":\"SearchAction\",\"target\":{\"@type\":\"EntryPoint\",\"urlTemplate\":\"https:\\\/\\\/tivia-jasenyhdistykset.fi\\\/tietoturva\\\/?s={search_term_string}\"},\"query-input\":{\"@type\":\"PropertyValueSpecification\",\"valueRequired\":true,\"valueName\":\"search_term_string\"}}],\"inLanguage\":\"fi\"},{\"@type\":\"Organization\",\"@id\":\"https:\\\/\\\/tivia-jasenyhdistykset.fi\\\/tietoturva\\\/#organization\",\"name\":\"Tietoturva ry\",\"url\":\"https:\\\/\\\/tivia-jasenyhdistykset.fi\\\/tietoturva\\\/\",\"logo\":{\"@type\":\"ImageObject\",\"inLanguage\":\"fi\",\"@id\":\"https:\\\/\\\/tivia-jasenyhdistykset.fi\\\/tietoturva\\\/#\\\/schema\\\/logo\\\/image\\\/\",\"url\":\"https:\\\/\\\/tietoturva.fi\\\/wp-content\\\/uploads\\\/sites\\\/7\\\/2021\\\/05\\\/Tietoturva-logo-2018-100.png\",\"contentUrl\":\"https:\\\/\\\/tietoturva.fi\\\/wp-content\\\/uploads\\\/sites\\\/7\\\/2021\\\/05\\\/Tietoturva-logo-2018-100.png\",\"width\":73,\"height\":100,\"caption\":\"Tietoturva ry\"},\"image\":{\"@id\":\"https:\\\/\\\/tivia-jasenyhdistykset.fi\\\/tietoturva\\\/#\\\/schema\\\/logo\\\/image\\\/\"},\"sameAs\":[\"https:\\\/\\\/www.facebook.com\\\/TietoturvaRy\\\/\",\"https:\\\/\\\/x.com\\\/tietoturva_ry\",\"https:\\\/\\\/www.linkedin.com\\\/company\\\/tietoturva\\\/\",\"https:\\\/\\\/www.youtube.com\\\/channel\\\/UCmXkytjYpJ4_N2msCNy69sw\\\/\"]},{\"@type\":\"Person\",\"@id\":\"https:\\\/\\\/tivia-jasenyhdistykset.fi\\\/tietoturva\\\/#\\\/schema\\\/person\\\/509d9bb392337a2d220ec611546998ec\",\"name\":\"Tommi V\",\"image\":{\"@type\":\"ImageObject\",\"inLanguage\":\"fi\",\"@id\":\"https:\\\/\\\/secure.gravatar.com\\\/avatar\\\/407fe7c123719aedfe1043bea0075baf31b4805e5599ab36f3b560d37cfba06d?s=96&d=mm&r=g\",\"url\":\"https:\\\/\\\/secure.gravatar.com\\\/avatar\\\/407fe7c123719aedfe1043bea0075baf31b4805e5599ab36f3b560d37cfba06d?s=96&d=mm&r=g\",\"contentUrl\":\"https:\\\/\\\/secure.gravatar.com\\\/avatar\\\/407fe7c123719aedfe1043bea0075baf31b4805e5599ab36f3b560d37cfba06d?s=96&d=mm&r=g\",\"caption\":\"Tommi V\"},\"url\":\"https:\\\/\\\/tivia-jasenyhdistykset.fi\\\/tietoturva\\\/author\\\/vanninentommi10605\\\/\"}]}<\/script>\n<!-- \/ Yoast SEO plugin. -->","yoast_head_json":{"title":"Ehdota vuoden 2025 Tietosuojavastaavaa ja Tietosuojatekoa - Tietoturva ry","robots":{"index":"index","follow":"follow","max-snippet":"max-snippet:-1","max-image-preview":"max-image-preview:large","max-video-preview":"max-video-preview:-1"},"canonical":"https:\/\/tivia-jasenyhdistykset.fi\/tietoturva\/2025\/11\/30\/tietosuojavastaava-ja-tietosuojateko-2025\/","og_locale":"fi_FI","og_type":"article","og_title":"Ehdota vuoden 2025 Tietosuojavastaavaa ja Tietosuojatekoa - Tietoturva ry","og_description":"Tietoturva ry kutsuu sinut nostamaan esiin tietosuojan ja tietoturvan parhaat suomalaiset osaajat ja teot. Kilpailulla halutaan kiitt\u00e4\u00e4 ja kannustaa heit\u00e4, jotka ovat esimerkill\u00e4\u00e4n kehitt\u00e4neet alan k\u00e4yt\u00e4nt\u00f6j\u00e4 ja edist\u00e4neet osaamista.\u200b Ehdokasasettelulle on aikaa 9.1.2026 asti. Tunnustukset jaetaan Tietosuojap\u00e4iv\u00e4ss\u00e4 28.1.2026 yhteisty\u00f6ss\u00e4 Suomen IAPP Chapter Chairien ja Alma Insightsin kanssa.","og_url":"https:\/\/tivia-jasenyhdistykset.fi\/tietoturva\/2025\/11\/30\/tietosuojavastaava-ja-tietosuojateko-2025\/","og_site_name":"Tietoturva ry","article_publisher":"https:\/\/www.facebook.com\/TietoturvaRy\/","article_published_time":"2025-11-30T13:33:18+00:00","article_modified_time":"2025-11-30T13:36:33+00:00","og_image":[{"width":2048,"height":846,"url":"https:\/\/tivia-jasenyhdistykset.fi\/tietoturva\/wp-content\/uploads\/sites\/7\/2025\/11\/ttry-tietosuoja-2048x846-1.jpg","type":"image\/jpeg"}],"author":"Tommi V","twitter_card":"summary_large_image","twitter_creator":"@tietoturva_ry","twitter_site":"@tietoturva_ry","twitter_misc":{"Kirjoittanut":"Tommi V","Arvioitu lukuaika":"2 minuuttia"},"schema":{"@context":"https:\/\/schema.org","@graph":[{"@type":"Article","@id":"https:\/\/tivia-jasenyhdistykset.fi\/tietoturva\/2025\/11\/30\/tietosuojavastaava-ja-tietosuojateko-2025\/#article","isPartOf":{"@id":"https:\/\/tivia-jasenyhdistykset.fi\/tietoturva\/2025\/11\/30\/tietosuojavastaava-ja-tietosuojateko-2025\/"},"author":{"name":"Tommi V","@id":"https:\/\/tivia-jasenyhdistykset.fi\/tietoturva\/#\/schema\/person\/509d9bb392337a2d220ec611546998ec"},"headline":"Ehdota vuoden 2025 Tietosuojavastaavaa ja Tietosuojatekoa","datePublished":"2025-11-30T13:33:18+00:00","dateModified":"2025-11-30T13:36:33+00:00","mainEntityOfPage":{"@id":"https:\/\/tivia-jasenyhdistykset.fi\/tietoturva\/2025\/11\/30\/tietosuojavastaava-ja-tietosuojateko-2025\/"},"wordCount":208,"publisher":{"@id":"https:\/\/tivia-jasenyhdistykset.fi\/tietoturva\/#organization"},"image":{"@id":"https:\/\/tivia-jasenyhdistykset.fi\/tietoturva\/2025\/11\/30\/tietosuojavastaava-ja-tietosuojateko-2025\/#primaryimage"},"thumbnailUrl":"https:\/\/tivia-jasenyhdistykset.fi\/tietoturva\/wp-content\/uploads\/sites\/7\/2025\/11\/ttry-tietosuoja-2048x846-1.jpg","articleSection":["Tietosuoja"],"inLanguage":"fi"},{"@type":"WebPage","@id":"https:\/\/tivia-jasenyhdistykset.fi\/tietoturva\/2025\/11\/30\/tietosuojavastaava-ja-tietosuojateko-2025\/","url":"https:\/\/tivia-jasenyhdistykset.fi\/tietoturva\/2025\/11\/30\/tietosuojavastaava-ja-tietosuojateko-2025\/","name":"Ehdota vuoden 2025 Tietosuojavastaavaa ja Tietosuojatekoa - Tietoturva ry","isPartOf":{"@id":"https:\/\/tivia-jasenyhdistykset.fi\/tietoturva\/#website"},"primaryImageOfPage":{"@id":"https:\/\/tivia-jasenyhdistykset.fi\/tietoturva\/2025\/11\/30\/tietosuojavastaava-ja-tietosuojateko-2025\/#primaryimage"},"image":{"@id":"https:\/\/tivia-jasenyhdistykset.fi\/tietoturva\/2025\/11\/30\/tietosuojavastaava-ja-tietosuojateko-2025\/#primaryimage"},"thumbnailUrl":"https:\/\/tivia-jasenyhdistykset.fi\/tietoturva\/wp-content\/uploads\/sites\/7\/2025\/11\/ttry-tietosuoja-2048x846-1.jpg","datePublished":"2025-11-30T13:33:18+00:00","dateModified":"2025-11-30T13:36:33+00:00","breadcrumb":{"@id":"https:\/\/tivia-jasenyhdistykset.fi\/tietoturva\/2025\/11\/30\/tietosuojavastaava-ja-tietosuojateko-2025\/#breadcrumb"},"inLanguage":"fi","potentialAction":[{"@type":"ReadAction","target":["https:\/\/tivia-jasenyhdistykset.fi\/tietoturva\/2025\/11\/30\/tietosuojavastaava-ja-tietosuojateko-2025\/"]}]},{"@type":"ImageObject","inLanguage":"fi","@id":"https:\/\/tivia-jasenyhdistykset.fi\/tietoturva\/2025\/11\/30\/tietosuojavastaava-ja-tietosuojateko-2025\/#primaryimage","url":"https:\/\/tivia-jasenyhdistykset.fi\/tietoturva\/wp-content\/uploads\/sites\/7\/2025\/11\/ttry-tietosuoja-2048x846-1.jpg","contentUrl":"https:\/\/tivia-jasenyhdistykset.fi\/tietoturva\/wp-content\/uploads\/sites\/7\/2025\/11\/ttry-tietosuoja-2048x846-1.jpg","width":2048,"height":846},{"@type":"BreadcrumbList","@id":"https:\/\/tivia-jasenyhdistykset.fi\/tietoturva\/2025\/11\/30\/tietosuojavastaava-ja-tietosuojateko-2025\/#breadcrumb","itemListElement":[{"@type":"ListItem","position":1,"name":"Etusivu","item":"https:\/\/tivia-jasenyhdistykset.fi\/tietoturva\/"},{"@type":"ListItem","position":2,"name":"Ehdota vuoden 2025 Tietosuojavastaavaa ja Tietosuojatekoa"}]},{"@type":"WebSite","@id":"https:\/\/tivia-jasenyhdistykset.fi\/tietoturva\/#website","url":"https:\/\/tivia-jasenyhdistykset.fi\/tietoturva\/","name":"Tietoturva ry","description":"Suomen suurin tietoturva-ammattilaisten verkosto","publisher":{"@id":"https:\/\/tivia-jasenyhdistykset.fi\/tietoturva\/#organization"},"potentialAction":[{"@type":"SearchAction","target":{"@type":"EntryPoint","urlTemplate":"https:\/\/tivia-jasenyhdistykset.fi\/tietoturva\/?s={search_term_string}"},"query-input":{"@type":"PropertyValueSpecification","valueRequired":true,"valueName":"search_term_string"}}],"inLanguage":"fi"},{"@type":"Organization","@id":"https:\/\/tivia-jasenyhdistykset.fi\/tietoturva\/#organization","name":"Tietoturva ry","url":"https:\/\/tivia-jasenyhdistykset.fi\/tietoturva\/","logo":{"@type":"ImageObject","inLanguage":"fi","@id":"https:\/\/tivia-jasenyhdistykset.fi\/tietoturva\/#\/schema\/logo\/image\/","url":"https:\/\/tietoturva.fi\/wp-content\/uploads\/sites\/7\/2021\/05\/Tietoturva-logo-2018-100.png","contentUrl":"https:\/\/tietoturva.fi\/wp-content\/uploads\/sites\/7\/2021\/05\/Tietoturva-logo-2018-100.png","width":73,"height":100,"caption":"Tietoturva ry"},"image":{"@id":"https:\/\/tivia-jasenyhdistykset.fi\/tietoturva\/#\/schema\/logo\/image\/"},"sameAs":["https:\/\/www.facebook.com\/TietoturvaRy\/","https:\/\/x.com\/tietoturva_ry","https:\/\/www.linkedin.com\/company\/tietoturva\/","https:\/\/www.youtube.com\/channel\/UCmXkytjYpJ4_N2msCNy69sw\/"]},{"@type":"Person","@id":"https:\/\/tivia-jasenyhdistykset.fi\/tietoturva\/#\/schema\/person\/509d9bb392337a2d220ec611546998ec","name":"Tommi V","image":{"@type":"ImageObject","inLanguage":"fi","@id":"https:\/\/secure.gravatar.com\/avatar\/407fe7c123719aedfe1043bea0075baf31b4805e5599ab36f3b560d37cfba06d?s=96&d=mm&r=g","url":"https:\/\/secure.gravatar.com\/avatar\/407fe7c123719aedfe1043bea0075baf31b4805e5599ab36f3b560d37cfba06d?s=96&d=mm&r=g","contentUrl":"https:\/\/secure.gravatar.com\/avatar\/407fe7c123719aedfe1043bea0075baf31b4805e5599ab36f3b560d37cfba06d?s=96&d=mm&r=g","caption":"Tommi V"},"url":"https:\/\/tivia-jasenyhdistykset.fi\/tietoturva\/author\/vanninentommi10605\/"}]}},"_links":{"self":[{"href":"https:\/\/tivia-jasenyhdistykset.fi\/tietoturva\/wp-json\/wp\/v2\/posts\/3436","targetHints":{"allow":["GET"]}}],"collection":[{"href":"https:\/\/tivia-jasenyhdistykset.fi\/tietoturva\/wp-json\/wp\/v2\/posts"}],"about":[{"href":"https:\/\/tivia-jasenyhdistykset.fi\/tietoturva\/wp-json\/wp\/v2\/types\/post"}],"author":[{"embeddable":true,"href":"https:\/\/tivia-jasenyhdistykset.fi\/tietoturva\/wp-json\/wp\/v2\/users\/2408"}],"replies":[{"embeddable":true,"href":"https:\/\/tivia-jasenyhdistykset.fi\/tietoturva\/wp-json\/wp\/v2\/comments?post=3436"}],"version-history":[{"count":3,"href":"https:\/\/tivia-jasenyhdistykset.fi\/tietoturva\/wp-json\/wp\/v2\/posts\/3436\/revisions"}],"predecessor-version":[{"id":3441,"href":"https:\/\/tivia-jasenyhdistykset.fi\/tietoturva\/wp-json\/wp\/v2\/posts\/3436\/revisions\/3441"}],"wp:featuredmedia":[{"embeddable":true,"href":"https:\/\/tivia-jasenyhdistykset.fi\/tietoturva\/wp-json\/wp\/v2\/media\/3437"}],"wp:attachment":[{"href":"https:\/\/tivia-jasenyhdistykset.fi\/tietoturva\/wp-json\/wp\/v2\/media?parent=3436"}],"wp:term":[{"taxonomy":"category","embeddable":true,"href":"https:\/\/tivia-jasenyhdistykset.fi\/tietoturva\/wp-json\/wp\/v2\/categories?post=3436"},{"taxonomy":"post_tag","embeddable":true,"href":"https:\/\/tivia-jasenyhdistykset.fi\/tietoturva\/wp-json\/wp\/v2\/tags?post=3436"}],"curies":[{"name":"wp","href":"https:\/\/api.w.org\/{rel}","templated":true}]}}