{"id":3492,"date":"2025-12-15T14:38:36","date_gmt":"2025-12-15T12:38:36","guid":{"rendered":"https:\/\/tietoturva.fi\/?p=3492"},"modified":"2025-12-15T16:11:57","modified_gmt":"2025-12-15T14:11:57","slug":"tietoturvakatsaus-2026","status":"publish","type":"post","link":"https:\/\/tivia-jasenyhdistykset.fi\/tietoturva\/2025\/12\/15\/tietoturvakatsaus-2026\/","title":{"rendered":"Save the Date: Tietoturva ry:n Tietoturvakatsaus 25.3.2026"},"content":{"rendered":"<p>Merkitse kalenteriisi jo nyt Tietoturva ry:n seuraava Tietoturvakatsaus, joka j\u00e4rjestet\u00e4\u00e4n alustavasti keskiviikkona <strong>25.3.2026<\/strong> Helsingin keskustassa. T\u00e4m\u00e4 on yksi vuoden 2026 t\u00e4rkeimmist\u00e4 tietoturva-alan kohtaamispaikoista, jossa pureudutaan ajankohtaisiin kyberturvallisuusteemoihin, trendeihin ja ratkaisuihin.<\/p>\n<div>\n<p><strong>Mik\u00e4 on Tietoturvakatsaus?<\/strong><br \/>\nTietoturvakatsaukset ovat kahdesti vuodessa j\u00e4rjestett\u00e4vi\u00e4 ammattilaisseminaareja, jotka keskittyv\u00e4t ajankohtaisiin tietoturva-aiheisiin. Tapahtuma tarjoaa syv\u00e4llist\u00e4 asiantuntijatietoa, k\u00e4yt\u00e4nn\u00f6n vinkkej\u00e4 ja mahdollisuuden verkostoitua alan osaajien kanssa.<\/p>\n<p><strong>Kenelle tapahtuma sopii?<\/strong><\/p>\n<ul>\n<li>Tietoturva- ja kyberturvallisuusasiantuntijoille<\/li>\n<li>IT- ja riskienhallinnan ammattilaisille<\/li>\n<li>Privacy- ja tietosuoja-asiantuntijoille<\/li>\n<li>Liiketoimintajohdolle<\/li>\n<li>ja kaikille, jotka haluavat pysy\u00e4 ajan tasalla tietoturvan kehityksest\u00e4<\/li>\n<\/ul>\n<p><strong>Miksi osallistua?<\/strong><\/p>\n<ul>\n<li>Syv\u00e4llisi\u00e4 asiantuntijapuheenvuoroja kyberturvallisuuden ja tietosuojan uusimmista ilmi\u00f6ist\u00e4<\/li>\n<li>K\u00e4yt\u00e4nn\u00f6n case-esimerkkej\u00e4 ja ratkaisuja arjen haasteisiin<\/li>\n<li>Verkostoitumismahdollisuuksia alan ammattilaisten kanssa<\/li>\n<li>Keskustelua ja n\u00e4kemyksi\u00e4 tulevaisuuden tietoturvasta ja privacy-trendeist\u00e4<\/li>\n<\/ul>\n<p><strong>Lis\u00e4tietoja ja ilmoittautuminen<\/strong><br \/>\nTarkempi ohjelma ja ilmoittautumislinkki julkaistaan alkuvuodesta 2026. Seuraa Tietoturva ry:n verkkosivuja ja some-kanavia, jotta pysyt ajan tasalla.<\/p>\n<p>\ud83d\udc49 <strong>Merkitse p\u00e4iv\u00e4m\u00e4\u00e4r\u00e4 kalenteriisi jo nyt: 25.3.2026, Helsinki!<\/strong><\/p>\n<p>T\u00e4m\u00e4 on tilaisuus, jota et halua j\u00e4tt\u00e4\u00e4 v\u00e4liin.<\/p>\n<hr \/>\n<p><img loading=\"lazy\" decoding=\"async\" class=\"alignnone wp-image-3359\" src=\"https:\/\/tietoturva.fi\/wp-content\/uploads\/sites\/7\/2025\/10\/tietoturvakatsaus_banner.png\" alt=\"\" width=\"704\" height=\"126\" srcset=\"https:\/\/tivia-jasenyhdistykset.fi\/tietoturva\/wp-content\/uploads\/sites\/7\/2025\/10\/tietoturvakatsaus_banner.png 861w, https:\/\/tivia-jasenyhdistykset.fi\/tietoturva\/wp-content\/uploads\/sites\/7\/2025\/10\/tietoturvakatsaus_banner-300x54.png 300w, https:\/\/tivia-jasenyhdistykset.fi\/tietoturva\/wp-content\/uploads\/sites\/7\/2025\/10\/tietoturvakatsaus_banner-768x137.png 768w\" sizes=\"auto, (max-width: 704px) 100vw, 704px\" \/><\/p>\n<\/div>\n<p><img loading=\"lazy\" decoding=\"async\" class=\"alignnone wp-image-3456\" src=\"https:\/\/tietoturva.fi\/wp-content\/uploads\/sites\/7\/2025\/12\/Tietoturvakatsaus-2025-scaled-e1765110982775.jpeg\" alt=\"\" width=\"710\" height=\"342\" srcset=\"https:\/\/tivia-jasenyhdistykset.fi\/tietoturva\/wp-content\/uploads\/sites\/7\/2025\/12\/Tietoturvakatsaus-2025-scaled-e1765110982775.jpeg 2560w, https:\/\/tivia-jasenyhdistykset.fi\/tietoturva\/wp-content\/uploads\/sites\/7\/2025\/12\/Tietoturvakatsaus-2025-scaled-e1765110982775-300x144.jpeg 300w, https:\/\/tivia-jasenyhdistykset.fi\/tietoturva\/wp-content\/uploads\/sites\/7\/2025\/12\/Tietoturvakatsaus-2025-scaled-e1765110982775-1024x493.jpeg 1024w, https:\/\/tivia-jasenyhdistykset.fi\/tietoturva\/wp-content\/uploads\/sites\/7\/2025\/12\/Tietoturvakatsaus-2025-scaled-e1765110982775-768x370.jpeg 768w, https:\/\/tivia-jasenyhdistykset.fi\/tietoturva\/wp-content\/uploads\/sites\/7\/2025\/12\/Tietoturvakatsaus-2025-scaled-e1765110982775-1536x740.jpeg 1536w, https:\/\/tivia-jasenyhdistykset.fi\/tietoturva\/wp-content\/uploads\/sites\/7\/2025\/12\/Tietoturvakatsaus-2025-scaled-e1765110982775-2048x986.jpeg 2048w\" sizes=\"auto, (max-width: 710px) 100vw, 710px\" \/><\/p>\n<p>Tutustu juuri \u00e4skett\u00e4in pidetyn Tietoturvakatsaus #7 seminaarin antiin ja sen \ud83c\udfa5 tallenteisiin osoitteessa:<\/p>\n<p><a href=\"https:\/\/tietoturva.fi\/2025\/12\/07\/tietoturvakatsauksen_antia\/\">https:\/\/tietoturva.fi\/2025\/12\/07\/tietoturvakatsauksen_antia\/<\/a><\/p>\n<p>&nbsp;<\/p>\n","protected":false},"excerpt":{"rendered":"<p>Merkitse kalenteriisi jo nyt Tietoturva ry:n seuraava Tietoturvakatsaus, joka j\u00e4rjestet\u00e4\u00e4n alustavasti keskiviikkona 25.3.2026 Helsingin keskustassa. T\u00e4m\u00e4 on yksi vuoden 2026 t\u00e4rkeimmist\u00e4 tietoturva-alan kohtaamispaikoista, jossa pureudutaan ajankohtaisiin kyberturvallisuusteemoihin, trendeihin ja ratkaisuihin.<\/p>\n<p>Mik\u00e4 on Tietoturvakatsaus?<br \/>\nTietoturvakatsaukset ovat kahdesti vuodessa j\u00e4rjestett\u00e4vi\u00e4 ammattilaisseminaareja,<\/p>\n","protected":false},"author":2408,"featured_media":3014,"comment_status":"closed","ping_status":"closed","sticky":false,"template":"","format":"standard","meta":{"_acf_changed":false,"footnotes":""},"categories":[90],"tags":[],"class_list":["post-3492","post","type-post","status-publish","format-standard","has-post-thumbnail","hentry","category-tietoturvakatsaus"],"acf":[],"yoast_head":"<!-- This site is optimized with the Yoast SEO plugin v27.5 - https:\/\/yoast.com\/product\/yoast-seo-wordpress\/ -->\n<title>Save the Date: Tietoturva ry:n Tietoturvakatsaus 25.3.2026 - Tietoturva ry<\/title>\n<meta name=\"robots\" content=\"index, follow, max-snippet:-1, max-image-preview:large, max-video-preview:-1\" \/>\n<link rel=\"canonical\" href=\"https:\/\/tivia-jasenyhdistykset.fi\/tietoturva\/2025\/12\/15\/tietoturvakatsaus-2026\/\" \/>\n<meta property=\"og:locale\" content=\"fi_FI\" \/>\n<meta property=\"og:type\" content=\"article\" \/>\n<meta property=\"og:title\" content=\"Save the Date: Tietoturva ry:n Tietoturvakatsaus 25.3.2026 - Tietoturva ry\" \/>\n<meta property=\"og:description\" content=\"Merkitse kalenteriisi jo nyt Tietoturva ry:n seuraava Tietoturvakatsaus, joka j\u00e4rjestet\u00e4\u00e4n alustavasti keskiviikkona 25.3.2026 Helsingin keskustassa. T\u00e4m\u00e4 on yksi vuoden 2026 t\u00e4rkeimmist\u00e4 tietoturva-alan kohtaamispaikoista, jossa pureudutaan ajankohtaisiin kyberturvallisuusteemoihin, trendeihin ja ratkaisuihin. Mik\u00e4 on Tietoturvakatsaus? Tietoturvakatsaukset ovat kahdesti vuodessa j\u00e4rjestett\u00e4vi\u00e4 ammattilaisseminaareja,\" \/>\n<meta property=\"og:url\" content=\"https:\/\/tivia-jasenyhdistykset.fi\/tietoturva\/2025\/12\/15\/tietoturvakatsaus-2026\/\" \/>\n<meta property=\"og:site_name\" content=\"Tietoturva ry\" \/>\n<meta property=\"article:publisher\" content=\"https:\/\/www.facebook.com\/TietoturvaRy\/\" \/>\n<meta property=\"article:published_time\" content=\"2025-12-15T12:38:36+00:00\" \/>\n<meta property=\"article:modified_time\" content=\"2025-12-15T14:11:57+00:00\" \/>\n<meta property=\"og:image\" content=\"https:\/\/tivia-jasenyhdistykset.fi\/tietoturva\/wp-content\/uploads\/sites\/7\/2025\/02\/Tietoturvakatsaus-logo.png\" \/>\n\t<meta property=\"og:image:width\" content=\"1380\" \/>\n\t<meta property=\"og:image:height\" content=\"508\" \/>\n\t<meta property=\"og:image:type\" content=\"image\/png\" \/>\n<meta name=\"author\" content=\"Tommi V\" \/>\n<meta name=\"twitter:card\" content=\"summary_large_image\" \/>\n<meta name=\"twitter:creator\" content=\"@tietoturva_ry\" \/>\n<meta name=\"twitter:site\" content=\"@tietoturva_ry\" \/>\n<meta name=\"twitter:label1\" content=\"Kirjoittanut\" \/>\n\t<meta name=\"twitter:data1\" content=\"Tommi V\" \/>\n\t<meta name=\"twitter:label2\" content=\"Arvioitu lukuaika\" \/>\n\t<meta name=\"twitter:data2\" content=\"2 minuuttia\" \/>\n<script type=\"application\/ld+json\" class=\"yoast-schema-graph\">{\"@context\":\"https:\\\/\\\/schema.org\",\"@graph\":[{\"@type\":\"Article\",\"@id\":\"https:\\\/\\\/tivia-jasenyhdistykset.fi\\\/tietoturva\\\/2025\\\/12\\\/15\\\/tietoturvakatsaus-2026\\\/#article\",\"isPartOf\":{\"@id\":\"https:\\\/\\\/tivia-jasenyhdistykset.fi\\\/tietoturva\\\/2025\\\/12\\\/15\\\/tietoturvakatsaus-2026\\\/\"},\"author\":{\"name\":\"Tommi V\",\"@id\":\"https:\\\/\\\/tivia-jasenyhdistykset.fi\\\/tietoturva\\\/#\\\/schema\\\/person\\\/509d9bb392337a2d220ec611546998ec\"},\"headline\":\"Save the Date: Tietoturva ry:n Tietoturvakatsaus 25.3.2026\",\"datePublished\":\"2025-12-15T12:38:36+00:00\",\"dateModified\":\"2025-12-15T14:11:57+00:00\",\"mainEntityOfPage\":{\"@id\":\"https:\\\/\\\/tivia-jasenyhdistykset.fi\\\/tietoturva\\\/2025\\\/12\\\/15\\\/tietoturvakatsaus-2026\\\/\"},\"wordCount\":186,\"publisher\":{\"@id\":\"https:\\\/\\\/tivia-jasenyhdistykset.fi\\\/tietoturva\\\/#organization\"},\"image\":{\"@id\":\"https:\\\/\\\/tivia-jasenyhdistykset.fi\\\/tietoturva\\\/2025\\\/12\\\/15\\\/tietoturvakatsaus-2026\\\/#primaryimage\"},\"thumbnailUrl\":\"https:\\\/\\\/tivia-jasenyhdistykset.fi\\\/tietoturva\\\/wp-content\\\/uploads\\\/sites\\\/7\\\/2025\\\/02\\\/Tietoturvakatsaus-logo.png\",\"articleSection\":[\"Tietoturvakatsaus\"],\"inLanguage\":\"fi\"},{\"@type\":\"WebPage\",\"@id\":\"https:\\\/\\\/tivia-jasenyhdistykset.fi\\\/tietoturva\\\/2025\\\/12\\\/15\\\/tietoturvakatsaus-2026\\\/\",\"url\":\"https:\\\/\\\/tivia-jasenyhdistykset.fi\\\/tietoturva\\\/2025\\\/12\\\/15\\\/tietoturvakatsaus-2026\\\/\",\"name\":\"Save the Date: Tietoturva ry:n Tietoturvakatsaus 25.3.2026 - Tietoturva ry\",\"isPartOf\":{\"@id\":\"https:\\\/\\\/tivia-jasenyhdistykset.fi\\\/tietoturva\\\/#website\"},\"primaryImageOfPage\":{\"@id\":\"https:\\\/\\\/tivia-jasenyhdistykset.fi\\\/tietoturva\\\/2025\\\/12\\\/15\\\/tietoturvakatsaus-2026\\\/#primaryimage\"},\"image\":{\"@id\":\"https:\\\/\\\/tivia-jasenyhdistykset.fi\\\/tietoturva\\\/2025\\\/12\\\/15\\\/tietoturvakatsaus-2026\\\/#primaryimage\"},\"thumbnailUrl\":\"https:\\\/\\\/tivia-jasenyhdistykset.fi\\\/tietoturva\\\/wp-content\\\/uploads\\\/sites\\\/7\\\/2025\\\/02\\\/Tietoturvakatsaus-logo.png\",\"datePublished\":\"2025-12-15T12:38:36+00:00\",\"dateModified\":\"2025-12-15T14:11:57+00:00\",\"breadcrumb\":{\"@id\":\"https:\\\/\\\/tivia-jasenyhdistykset.fi\\\/tietoturva\\\/2025\\\/12\\\/15\\\/tietoturvakatsaus-2026\\\/#breadcrumb\"},\"inLanguage\":\"fi\",\"potentialAction\":[{\"@type\":\"ReadAction\",\"target\":[\"https:\\\/\\\/tivia-jasenyhdistykset.fi\\\/tietoturva\\\/2025\\\/12\\\/15\\\/tietoturvakatsaus-2026\\\/\"]}]},{\"@type\":\"ImageObject\",\"inLanguage\":\"fi\",\"@id\":\"https:\\\/\\\/tivia-jasenyhdistykset.fi\\\/tietoturva\\\/2025\\\/12\\\/15\\\/tietoturvakatsaus-2026\\\/#primaryimage\",\"url\":\"https:\\\/\\\/tivia-jasenyhdistykset.fi\\\/tietoturva\\\/wp-content\\\/uploads\\\/sites\\\/7\\\/2025\\\/02\\\/Tietoturvakatsaus-logo.png\",\"contentUrl\":\"https:\\\/\\\/tivia-jasenyhdistykset.fi\\\/tietoturva\\\/wp-content\\\/uploads\\\/sites\\\/7\\\/2025\\\/02\\\/Tietoturvakatsaus-logo.png\",\"width\":1380,\"height\":508},{\"@type\":\"BreadcrumbList\",\"@id\":\"https:\\\/\\\/tivia-jasenyhdistykset.fi\\\/tietoturva\\\/2025\\\/12\\\/15\\\/tietoturvakatsaus-2026\\\/#breadcrumb\",\"itemListElement\":[{\"@type\":\"ListItem\",\"position\":1,\"name\":\"Etusivu\",\"item\":\"https:\\\/\\\/tivia-jasenyhdistykset.fi\\\/tietoturva\\\/\"},{\"@type\":\"ListItem\",\"position\":2,\"name\":\"Save the Date: Tietoturva ry:n Tietoturvakatsaus 25.3.2026\"}]},{\"@type\":\"WebSite\",\"@id\":\"https:\\\/\\\/tivia-jasenyhdistykset.fi\\\/tietoturva\\\/#website\",\"url\":\"https:\\\/\\\/tivia-jasenyhdistykset.fi\\\/tietoturva\\\/\",\"name\":\"Tietoturva ry\",\"description\":\"Suomen suurin tietoturva-ammattilaisten verkosto\",\"publisher\":{\"@id\":\"https:\\\/\\\/tivia-jasenyhdistykset.fi\\\/tietoturva\\\/#organization\"},\"potentialAction\":[{\"@type\":\"SearchAction\",\"target\":{\"@type\":\"EntryPoint\",\"urlTemplate\":\"https:\\\/\\\/tivia-jasenyhdistykset.fi\\\/tietoturva\\\/?s={search_term_string}\"},\"query-input\":{\"@type\":\"PropertyValueSpecification\",\"valueRequired\":true,\"valueName\":\"search_term_string\"}}],\"inLanguage\":\"fi\"},{\"@type\":\"Organization\",\"@id\":\"https:\\\/\\\/tivia-jasenyhdistykset.fi\\\/tietoturva\\\/#organization\",\"name\":\"Tietoturva ry\",\"url\":\"https:\\\/\\\/tivia-jasenyhdistykset.fi\\\/tietoturva\\\/\",\"logo\":{\"@type\":\"ImageObject\",\"inLanguage\":\"fi\",\"@id\":\"https:\\\/\\\/tivia-jasenyhdistykset.fi\\\/tietoturva\\\/#\\\/schema\\\/logo\\\/image\\\/\",\"url\":\"https:\\\/\\\/tietoturva.fi\\\/wp-content\\\/uploads\\\/sites\\\/7\\\/2021\\\/05\\\/Tietoturva-logo-2018-100.png\",\"contentUrl\":\"https:\\\/\\\/tietoturva.fi\\\/wp-content\\\/uploads\\\/sites\\\/7\\\/2021\\\/05\\\/Tietoturva-logo-2018-100.png\",\"width\":73,\"height\":100,\"caption\":\"Tietoturva ry\"},\"image\":{\"@id\":\"https:\\\/\\\/tivia-jasenyhdistykset.fi\\\/tietoturva\\\/#\\\/schema\\\/logo\\\/image\\\/\"},\"sameAs\":[\"https:\\\/\\\/www.facebook.com\\\/TietoturvaRy\\\/\",\"https:\\\/\\\/x.com\\\/tietoturva_ry\",\"https:\\\/\\\/www.linkedin.com\\\/company\\\/tietoturva\\\/\",\"https:\\\/\\\/www.youtube.com\\\/channel\\\/UCmXkytjYpJ4_N2msCNy69sw\\\/\"]},{\"@type\":\"Person\",\"@id\":\"https:\\\/\\\/tivia-jasenyhdistykset.fi\\\/tietoturva\\\/#\\\/schema\\\/person\\\/509d9bb392337a2d220ec611546998ec\",\"name\":\"Tommi V\",\"image\":{\"@type\":\"ImageObject\",\"inLanguage\":\"fi\",\"@id\":\"https:\\\/\\\/secure.gravatar.com\\\/avatar\\\/407fe7c123719aedfe1043bea0075baf31b4805e5599ab36f3b560d37cfba06d?s=96&d=mm&r=g\",\"url\":\"https:\\\/\\\/secure.gravatar.com\\\/avatar\\\/407fe7c123719aedfe1043bea0075baf31b4805e5599ab36f3b560d37cfba06d?s=96&d=mm&r=g\",\"contentUrl\":\"https:\\\/\\\/secure.gravatar.com\\\/avatar\\\/407fe7c123719aedfe1043bea0075baf31b4805e5599ab36f3b560d37cfba06d?s=96&d=mm&r=g\",\"caption\":\"Tommi V\"},\"url\":\"https:\\\/\\\/tivia-jasenyhdistykset.fi\\\/tietoturva\\\/author\\\/vanninentommi10605\\\/\"}]}<\/script>\n<!-- \/ Yoast SEO plugin. -->","yoast_head_json":{"title":"Save the Date: Tietoturva ry:n Tietoturvakatsaus 25.3.2026 - Tietoturva ry","robots":{"index":"index","follow":"follow","max-snippet":"max-snippet:-1","max-image-preview":"max-image-preview:large","max-video-preview":"max-video-preview:-1"},"canonical":"https:\/\/tivia-jasenyhdistykset.fi\/tietoturva\/2025\/12\/15\/tietoturvakatsaus-2026\/","og_locale":"fi_FI","og_type":"article","og_title":"Save the Date: Tietoturva ry:n Tietoturvakatsaus 25.3.2026 - Tietoturva ry","og_description":"Merkitse kalenteriisi jo nyt Tietoturva ry:n seuraava Tietoturvakatsaus, joka j\u00e4rjestet\u00e4\u00e4n alustavasti keskiviikkona 25.3.2026 Helsingin keskustassa. T\u00e4m\u00e4 on yksi vuoden 2026 t\u00e4rkeimmist\u00e4 tietoturva-alan kohtaamispaikoista, jossa pureudutaan ajankohtaisiin kyberturvallisuusteemoihin, trendeihin ja ratkaisuihin. Mik\u00e4 on Tietoturvakatsaus? Tietoturvakatsaukset ovat kahdesti vuodessa j\u00e4rjestett\u00e4vi\u00e4 ammattilaisseminaareja,","og_url":"https:\/\/tivia-jasenyhdistykset.fi\/tietoturva\/2025\/12\/15\/tietoturvakatsaus-2026\/","og_site_name":"Tietoturva ry","article_publisher":"https:\/\/www.facebook.com\/TietoturvaRy\/","article_published_time":"2025-12-15T12:38:36+00:00","article_modified_time":"2025-12-15T14:11:57+00:00","og_image":[{"width":1380,"height":508,"url":"https:\/\/tivia-jasenyhdistykset.fi\/tietoturva\/wp-content\/uploads\/sites\/7\/2025\/02\/Tietoturvakatsaus-logo.png","type":"image\/png"}],"author":"Tommi V","twitter_card":"summary_large_image","twitter_creator":"@tietoturva_ry","twitter_site":"@tietoturva_ry","twitter_misc":{"Kirjoittanut":"Tommi V","Arvioitu lukuaika":"2 minuuttia"},"schema":{"@context":"https:\/\/schema.org","@graph":[{"@type":"Article","@id":"https:\/\/tivia-jasenyhdistykset.fi\/tietoturva\/2025\/12\/15\/tietoturvakatsaus-2026\/#article","isPartOf":{"@id":"https:\/\/tivia-jasenyhdistykset.fi\/tietoturva\/2025\/12\/15\/tietoturvakatsaus-2026\/"},"author":{"name":"Tommi V","@id":"https:\/\/tivia-jasenyhdistykset.fi\/tietoturva\/#\/schema\/person\/509d9bb392337a2d220ec611546998ec"},"headline":"Save the Date: Tietoturva ry:n Tietoturvakatsaus 25.3.2026","datePublished":"2025-12-15T12:38:36+00:00","dateModified":"2025-12-15T14:11:57+00:00","mainEntityOfPage":{"@id":"https:\/\/tivia-jasenyhdistykset.fi\/tietoturva\/2025\/12\/15\/tietoturvakatsaus-2026\/"},"wordCount":186,"publisher":{"@id":"https:\/\/tivia-jasenyhdistykset.fi\/tietoturva\/#organization"},"image":{"@id":"https:\/\/tivia-jasenyhdistykset.fi\/tietoturva\/2025\/12\/15\/tietoturvakatsaus-2026\/#primaryimage"},"thumbnailUrl":"https:\/\/tivia-jasenyhdistykset.fi\/tietoturva\/wp-content\/uploads\/sites\/7\/2025\/02\/Tietoturvakatsaus-logo.png","articleSection":["Tietoturvakatsaus"],"inLanguage":"fi"},{"@type":"WebPage","@id":"https:\/\/tivia-jasenyhdistykset.fi\/tietoturva\/2025\/12\/15\/tietoturvakatsaus-2026\/","url":"https:\/\/tivia-jasenyhdistykset.fi\/tietoturva\/2025\/12\/15\/tietoturvakatsaus-2026\/","name":"Save the Date: Tietoturva ry:n Tietoturvakatsaus 25.3.2026 - Tietoturva ry","isPartOf":{"@id":"https:\/\/tivia-jasenyhdistykset.fi\/tietoturva\/#website"},"primaryImageOfPage":{"@id":"https:\/\/tivia-jasenyhdistykset.fi\/tietoturva\/2025\/12\/15\/tietoturvakatsaus-2026\/#primaryimage"},"image":{"@id":"https:\/\/tivia-jasenyhdistykset.fi\/tietoturva\/2025\/12\/15\/tietoturvakatsaus-2026\/#primaryimage"},"thumbnailUrl":"https:\/\/tivia-jasenyhdistykset.fi\/tietoturva\/wp-content\/uploads\/sites\/7\/2025\/02\/Tietoturvakatsaus-logo.png","datePublished":"2025-12-15T12:38:36+00:00","dateModified":"2025-12-15T14:11:57+00:00","breadcrumb":{"@id":"https:\/\/tivia-jasenyhdistykset.fi\/tietoturva\/2025\/12\/15\/tietoturvakatsaus-2026\/#breadcrumb"},"inLanguage":"fi","potentialAction":[{"@type":"ReadAction","target":["https:\/\/tivia-jasenyhdistykset.fi\/tietoturva\/2025\/12\/15\/tietoturvakatsaus-2026\/"]}]},{"@type":"ImageObject","inLanguage":"fi","@id":"https:\/\/tivia-jasenyhdistykset.fi\/tietoturva\/2025\/12\/15\/tietoturvakatsaus-2026\/#primaryimage","url":"https:\/\/tivia-jasenyhdistykset.fi\/tietoturva\/wp-content\/uploads\/sites\/7\/2025\/02\/Tietoturvakatsaus-logo.png","contentUrl":"https:\/\/tivia-jasenyhdistykset.fi\/tietoturva\/wp-content\/uploads\/sites\/7\/2025\/02\/Tietoturvakatsaus-logo.png","width":1380,"height":508},{"@type":"BreadcrumbList","@id":"https:\/\/tivia-jasenyhdistykset.fi\/tietoturva\/2025\/12\/15\/tietoturvakatsaus-2026\/#breadcrumb","itemListElement":[{"@type":"ListItem","position":1,"name":"Etusivu","item":"https:\/\/tivia-jasenyhdistykset.fi\/tietoturva\/"},{"@type":"ListItem","position":2,"name":"Save the Date: Tietoturva ry:n Tietoturvakatsaus 25.3.2026"}]},{"@type":"WebSite","@id":"https:\/\/tivia-jasenyhdistykset.fi\/tietoturva\/#website","url":"https:\/\/tivia-jasenyhdistykset.fi\/tietoturva\/","name":"Tietoturva ry","description":"Suomen suurin tietoturva-ammattilaisten verkosto","publisher":{"@id":"https:\/\/tivia-jasenyhdistykset.fi\/tietoturva\/#organization"},"potentialAction":[{"@type":"SearchAction","target":{"@type":"EntryPoint","urlTemplate":"https:\/\/tivia-jasenyhdistykset.fi\/tietoturva\/?s={search_term_string}"},"query-input":{"@type":"PropertyValueSpecification","valueRequired":true,"valueName":"search_term_string"}}],"inLanguage":"fi"},{"@type":"Organization","@id":"https:\/\/tivia-jasenyhdistykset.fi\/tietoturva\/#organization","name":"Tietoturva ry","url":"https:\/\/tivia-jasenyhdistykset.fi\/tietoturva\/","logo":{"@type":"ImageObject","inLanguage":"fi","@id":"https:\/\/tivia-jasenyhdistykset.fi\/tietoturva\/#\/schema\/logo\/image\/","url":"https:\/\/tietoturva.fi\/wp-content\/uploads\/sites\/7\/2021\/05\/Tietoturva-logo-2018-100.png","contentUrl":"https:\/\/tietoturva.fi\/wp-content\/uploads\/sites\/7\/2021\/05\/Tietoturva-logo-2018-100.png","width":73,"height":100,"caption":"Tietoturva ry"},"image":{"@id":"https:\/\/tivia-jasenyhdistykset.fi\/tietoturva\/#\/schema\/logo\/image\/"},"sameAs":["https:\/\/www.facebook.com\/TietoturvaRy\/","https:\/\/x.com\/tietoturva_ry","https:\/\/www.linkedin.com\/company\/tietoturva\/","https:\/\/www.youtube.com\/channel\/UCmXkytjYpJ4_N2msCNy69sw\/"]},{"@type":"Person","@id":"https:\/\/tivia-jasenyhdistykset.fi\/tietoturva\/#\/schema\/person\/509d9bb392337a2d220ec611546998ec","name":"Tommi V","image":{"@type":"ImageObject","inLanguage":"fi","@id":"https:\/\/secure.gravatar.com\/avatar\/407fe7c123719aedfe1043bea0075baf31b4805e5599ab36f3b560d37cfba06d?s=96&d=mm&r=g","url":"https:\/\/secure.gravatar.com\/avatar\/407fe7c123719aedfe1043bea0075baf31b4805e5599ab36f3b560d37cfba06d?s=96&d=mm&r=g","contentUrl":"https:\/\/secure.gravatar.com\/avatar\/407fe7c123719aedfe1043bea0075baf31b4805e5599ab36f3b560d37cfba06d?s=96&d=mm&r=g","caption":"Tommi V"},"url":"https:\/\/tivia-jasenyhdistykset.fi\/tietoturva\/author\/vanninentommi10605\/"}]}},"_links":{"self":[{"href":"https:\/\/tivia-jasenyhdistykset.fi\/tietoturva\/wp-json\/wp\/v2\/posts\/3492","targetHints":{"allow":["GET"]}}],"collection":[{"href":"https:\/\/tivia-jasenyhdistykset.fi\/tietoturva\/wp-json\/wp\/v2\/posts"}],"about":[{"href":"https:\/\/tivia-jasenyhdistykset.fi\/tietoturva\/wp-json\/wp\/v2\/types\/post"}],"author":[{"embeddable":true,"href":"https:\/\/tivia-jasenyhdistykset.fi\/tietoturva\/wp-json\/wp\/v2\/users\/2408"}],"replies":[{"embeddable":true,"href":"https:\/\/tivia-jasenyhdistykset.fi\/tietoturva\/wp-json\/wp\/v2\/comments?post=3492"}],"version-history":[{"count":4,"href":"https:\/\/tivia-jasenyhdistykset.fi\/tietoturva\/wp-json\/wp\/v2\/posts\/3492\/revisions"}],"predecessor-version":[{"id":3496,"href":"https:\/\/tivia-jasenyhdistykset.fi\/tietoturva\/wp-json\/wp\/v2\/posts\/3492\/revisions\/3496"}],"wp:featuredmedia":[{"embeddable":true,"href":"https:\/\/tivia-jasenyhdistykset.fi\/tietoturva\/wp-json\/wp\/v2\/media\/3014"}],"wp:attachment":[{"href":"https:\/\/tivia-jasenyhdistykset.fi\/tietoturva\/wp-json\/wp\/v2\/media?parent=3492"}],"wp:term":[{"taxonomy":"category","embeddable":true,"href":"https:\/\/tivia-jasenyhdistykset.fi\/tietoturva\/wp-json\/wp\/v2\/categories?post=3492"},{"taxonomy":"post_tag","embeddable":true,"href":"https:\/\/tivia-jasenyhdistykset.fi\/tietoturva\/wp-json\/wp\/v2\/tags?post=3492"}],"curies":[{"name":"wp","href":"https:\/\/api.w.org\/{rel}","templated":true}]}}