{"id":569,"date":"2020-12-18T11:49:28","date_gmt":"2020-12-18T09:49:28","guid":{"rendered":"https:\/\/tietoturva.fi\/?p=569"},"modified":"2024-05-31T13:41:16","modified_gmt":"2024-05-31T10:41:16","slug":"tietosuojaverkoston-vuoden-2021-ensimmainen-tapaaminen","status":"publish","type":"post","link":"https:\/\/tivia-jasenyhdistykset.fi\/tietoturva\/2020\/12\/18\/tietosuojaverkoston-vuoden-2021-ensimmainen-tapaaminen\/","title":{"rendered":"Tietosuojaverkoston vuoden 2021 ensimm\u00e4inen tapaaminen"},"content":{"rendered":"<p>Tietosuojaverkosto on <a href=\"https:\/\/tivia-jasenyhdistykset.fi\/tivia\/tivia-yhteiso\/\" target=\"_blank\" rel=\"noopener noreferrer\">TIVIA<\/a>n j\u00e4senyhdistyksien j\u00e4senille suunnattu <a href=\"https:\/\/tietoturva.fi\/\" target=\"_blank\" rel=\"noopener noreferrer\">Tietoturva ry<\/a>:n j\u00e4rjest\u00e4m\u00e4 verkosto kaikille tietosuojaosaajille tai siit\u00e4 muuten kiinnostuneille. Verkostossa keskustellaan tietosuojan ajankohtaisista asioista, jaetaan parhaita k\u00e4yt\u00e4nt\u00f6j\u00e4 sek\u00e4 annetaan vertaistukea.<\/p>\n<p><strong>Kenelle?<\/strong><br \/>\nKaikille Tivian j\u00e4senyhteis\u00f6jen j\u00e4senille, kuten Tietoturva ry:n j\u00e4senille. Mik\u00e4li liityt j\u00e4seneksi ilmoittautumisen yhteydess\u00e4, t\u00e4yt\u00e4 my\u00f6s syntym\u00e4aikasi ja muussa tapauksessa j\u00e4t\u00e4 tyhj\u00e4ksi.<\/p>\n<p><a href=\"https:\/\/tietoturva.fi\/jaseneksi\/\" target=\"_blank\" rel=\"noopener noreferrer\">Tietoturva ry:n j\u00e4seneksi p\u00e4\u00e4set liittym\u00e4\u00e4n paitsi ilmoittautumislinkist\u00e4, my\u00f6s sivustomme kautta<\/a>.<\/p>\n<p>Mik\u00e4li tietosuoja kiinnostaa, seuraa verkkosivujamme ja Twitter-tili\u00e4mme, joissa ilmoitamme verkoston kokoontumisesta!<\/p>\n<p><strong>Kokoontuminen?<\/strong><br \/>\nTietosuojaverkosto kokoontuu noin kuuden viikon v\u00e4lein. Tilaisuudet ovat toistaiseksi verkkotapaamisia<\/p>\n<p><span style=\"color: #ff0000;\">Vuoden 2021 ensimm\u00e4inen \u00a0online-tapaaminen j\u00e4rjestet\u00e4\u00e4n 21.1.2021. klo 14.30-16.00<\/span><\/p>\n<p>Tapaamisen \u00a0aiheena:<\/p>\n<ul>\n<li>Ilmiantokanava ja tietosuoja<\/li>\n<li>Tietosuojan ajankohtaiset asiat<\/li>\n<\/ul>\n<p><strong>ILMOITTAUTUMINEN<\/strong><\/p>\n<p><a href=\"https:\/\/crm.ttlry.fi\/ttlkotisivupalvelut\/Tilaisuus_ilmoittaudu.aspx?TIAId=4963&amp;kaid=91672\" target=\"_blank\" rel=\"noopener\">Ilmoittautuminen TIVIAn sivuston kautta. Mik\u00e4li et ole viel\u00e4 j\u00e4sen, voit halutessasi samalla sek\u00e4 ilmoittautua tapahtumaan, ett\u00e4 liitty\u00e4 j\u00e4seneksi: https:\/\/crm.ttlry.fi\/ttlkotisivupalvelut\/Tilaisuus_ilmoittaudu.aspx?TIAId=4963&amp;kaid=91672<\/a><\/p>\n<p>Ilmoittautumisen yhteydess\u00e4 kysytt\u00e4v\u00e4\u00e4 syntym\u00e4aikaa tarvitaan vain j\u00e4seneksi liittymisen yhteydess\u00e4: Mik\u00e4li olet jo j\u00e4sen, j\u00e4t\u00e4 syntym\u00e4aika t\u00e4ytt\u00e4m\u00e4tt\u00e4.<\/p>\n<p><strong>Puhujina mukana:<\/strong><\/p>\n<ul>\n<li>Jasmina Heinonen, Tietosuojalakimies, Asianajotoimisto DLA Piper<\/li>\n<li>Frida Wahlberg, Cyber Risk Manager, Data &amp; Privacy Practice Lead, CIPP\/E, \u00a0Deloitte<\/li>\n<\/ul>\n","protected":false},"excerpt":{"rendered":"<p>Tietosuojaverkosto on <a href=\"https:\/\/tivia-jasenyhdistykset.fi\/tivia\/tivia-yhteiso\/\" target=\"_blank\" rel=\"noopener noreferrer\">TIVIA<\/a>n j\u00e4senyhdistyksien j\u00e4senille suunnattu <a href=\"https:\/\/tietoturva.fi\/\" target=\"_blank\" rel=\"noopener noreferrer\">Tietoturva ry<\/a>:n j\u00e4rjest\u00e4m\u00e4 verkosto kaikille tietosuojaosaajille tai siit\u00e4 muuten kiinnostuneille. Verkostossa keskustellaan tietosuojan ajankohtaisista asioista, jaetaan parhaita k\u00e4yt\u00e4nt\u00f6j\u00e4 sek\u00e4 annetaan vertaistukea.<\/p>\n<p>Kenelle?<br \/>\nKaikille Tivian j\u00e4senyhteis\u00f6jen j\u00e4senille,<\/p>\n","protected":false},"author":2406,"featured_media":570,"comment_status":"open","ping_status":"open","sticky":false,"template":"","format":"image","meta":{"_acf_changed":false,"footnotes":""},"categories":[26,27],"tags":[],"class_list":["post-569","post","type-post","status-publish","format-image","has-post-thumbnail","hentry","category-tietosuoja","category-tivia-verkostokorttitapahtuma","post_format-post-format-image"],"acf":[],"yoast_head":"<!-- This site is optimized with the Yoast SEO plugin v27.5 - https:\/\/yoast.com\/product\/yoast-seo-wordpress\/ -->\n<title>Tietosuojaverkoston vuoden 2021 ensimm\u00e4inen tapaaminen - Tietoturva ry<\/title>\n<meta name=\"robots\" content=\"index, follow, max-snippet:-1, max-image-preview:large, max-video-preview:-1\" \/>\n<link rel=\"canonical\" href=\"https:\/\/tivia-jasenyhdistykset.fi\/tietoturva\/2020\/12\/18\/tietosuojaverkoston-vuoden-2021-ensimmainen-tapaaminen\/\" \/>\n<meta property=\"og:locale\" content=\"fi_FI\" \/>\n<meta property=\"og:type\" content=\"article\" \/>\n<meta property=\"og:title\" content=\"Tietosuojaverkoston vuoden 2021 ensimm\u00e4inen tapaaminen - Tietoturva ry\" \/>\n<meta property=\"og:description\" content=\"Tietosuojaverkosto on TIVIAn j\u00e4senyhdistyksien j\u00e4senille suunnattu Tietoturva ry:n j\u00e4rjest\u00e4m\u00e4 verkosto kaikille tietosuojaosaajille tai siit\u00e4 muuten kiinnostuneille. Verkostossa keskustellaan tietosuojan ajankohtaisista asioista, jaetaan parhaita k\u00e4yt\u00e4nt\u00f6j\u00e4 sek\u00e4 annetaan vertaistukea. Kenelle? Kaikille Tivian j\u00e4senyhteis\u00f6jen j\u00e4senille,\" \/>\n<meta property=\"og:url\" content=\"https:\/\/tivia-jasenyhdistykset.fi\/tietoturva\/2020\/12\/18\/tietosuojaverkoston-vuoden-2021-ensimmainen-tapaaminen\/\" \/>\n<meta property=\"og:site_name\" content=\"Tietoturva ry\" \/>\n<meta property=\"article:publisher\" content=\"https:\/\/www.facebook.com\/TietoturvaRy\/\" \/>\n<meta property=\"article:published_time\" content=\"2020-12-18T09:49:28+00:00\" \/>\n<meta property=\"article:modified_time\" content=\"2024-05-31T10:41:16+00:00\" \/>\n<meta property=\"og:image\" content=\"https:\/\/tivia-jasenyhdistykset.fi\/tietoturva\/wp-content\/uploads\/sites\/7\/2020\/12\/tivia-verkosto.png\" \/>\n\t<meta property=\"og:image:width\" content=\"400\" \/>\n\t<meta property=\"og:image:height\" content=\"400\" \/>\n\t<meta property=\"og:image:type\" content=\"image\/png\" \/>\n<meta name=\"author\" content=\"marttinentomi14855\" \/>\n<meta name=\"twitter:card\" content=\"summary_large_image\" \/>\n<meta name=\"twitter:creator\" content=\"@tietoturva_ry\" \/>\n<meta name=\"twitter:site\" content=\"@tietoturva_ry\" \/>\n<meta name=\"twitter:label1\" content=\"Kirjoittanut\" \/>\n\t<meta name=\"twitter:data1\" content=\"marttinentomi14855\" \/>\n\t<meta name=\"twitter:label2\" content=\"Arvioitu lukuaika\" \/>\n\t<meta name=\"twitter:data2\" content=\"1 minuutti\" \/>\n<script type=\"application\/ld+json\" class=\"yoast-schema-graph\">{\"@context\":\"https:\\\/\\\/schema.org\",\"@graph\":[{\"@type\":\"Article\",\"@id\":\"https:\\\/\\\/tivia-jasenyhdistykset.fi\\\/tietoturva\\\/2020\\\/12\\\/18\\\/tietosuojaverkoston-vuoden-2021-ensimmainen-tapaaminen\\\/#article\",\"isPartOf\":{\"@id\":\"https:\\\/\\\/tivia-jasenyhdistykset.fi\\\/tietoturva\\\/2020\\\/12\\\/18\\\/tietosuojaverkoston-vuoden-2021-ensimmainen-tapaaminen\\\/\"},\"author\":{\"name\":\"marttinentomi14855\",\"@id\":\"https:\\\/\\\/tivia-jasenyhdistykset.fi\\\/tietoturva\\\/#\\\/schema\\\/person\\\/19adf5a38ed1bb5572c797f59f5d398c\"},\"headline\":\"Tietosuojaverkoston vuoden 2021 ensimm\u00e4inen tapaaminen\",\"datePublished\":\"2020-12-18T09:49:28+00:00\",\"dateModified\":\"2024-05-31T10:41:16+00:00\",\"mainEntityOfPage\":{\"@id\":\"https:\\\/\\\/tivia-jasenyhdistykset.fi\\\/tietoturva\\\/2020\\\/12\\\/18\\\/tietosuojaverkoston-vuoden-2021-ensimmainen-tapaaminen\\\/\"},\"wordCount\":211,\"commentCount\":0,\"publisher\":{\"@id\":\"https:\\\/\\\/tivia-jasenyhdistykset.fi\\\/tietoturva\\\/#organization\"},\"image\":{\"@id\":\"https:\\\/\\\/tivia-jasenyhdistykset.fi\\\/tietoturva\\\/2020\\\/12\\\/18\\\/tietosuojaverkoston-vuoden-2021-ensimmainen-tapaaminen\\\/#primaryimage\"},\"thumbnailUrl\":\"https:\\\/\\\/tivia-jasenyhdistykset.fi\\\/tietoturva\\\/wp-content\\\/uploads\\\/sites\\\/7\\\/2020\\\/12\\\/tivia-verkosto.png\",\"articleSection\":[\"Tietosuoja\",\"TIVIA-verkostokorttitapahtuma\"],\"inLanguage\":\"fi\"},{\"@type\":\"WebPage\",\"@id\":\"https:\\\/\\\/tivia-jasenyhdistykset.fi\\\/tietoturva\\\/2020\\\/12\\\/18\\\/tietosuojaverkoston-vuoden-2021-ensimmainen-tapaaminen\\\/\",\"url\":\"https:\\\/\\\/tivia-jasenyhdistykset.fi\\\/tietoturva\\\/2020\\\/12\\\/18\\\/tietosuojaverkoston-vuoden-2021-ensimmainen-tapaaminen\\\/\",\"name\":\"Tietosuojaverkoston vuoden 2021 ensimm\u00e4inen tapaaminen - Tietoturva ry\",\"isPartOf\":{\"@id\":\"https:\\\/\\\/tivia-jasenyhdistykset.fi\\\/tietoturva\\\/#website\"},\"primaryImageOfPage\":{\"@id\":\"https:\\\/\\\/tivia-jasenyhdistykset.fi\\\/tietoturva\\\/2020\\\/12\\\/18\\\/tietosuojaverkoston-vuoden-2021-ensimmainen-tapaaminen\\\/#primaryimage\"},\"image\":{\"@id\":\"https:\\\/\\\/tivia-jasenyhdistykset.fi\\\/tietoturva\\\/2020\\\/12\\\/18\\\/tietosuojaverkoston-vuoden-2021-ensimmainen-tapaaminen\\\/#primaryimage\"},\"thumbnailUrl\":\"https:\\\/\\\/tivia-jasenyhdistykset.fi\\\/tietoturva\\\/wp-content\\\/uploads\\\/sites\\\/7\\\/2020\\\/12\\\/tivia-verkosto.png\",\"datePublished\":\"2020-12-18T09:49:28+00:00\",\"dateModified\":\"2024-05-31T10:41:16+00:00\",\"breadcrumb\":{\"@id\":\"https:\\\/\\\/tivia-jasenyhdistykset.fi\\\/tietoturva\\\/2020\\\/12\\\/18\\\/tietosuojaverkoston-vuoden-2021-ensimmainen-tapaaminen\\\/#breadcrumb\"},\"inLanguage\":\"fi\",\"potentialAction\":[{\"@type\":\"ReadAction\",\"target\":[\"https:\\\/\\\/tivia-jasenyhdistykset.fi\\\/tietoturva\\\/2020\\\/12\\\/18\\\/tietosuojaverkoston-vuoden-2021-ensimmainen-tapaaminen\\\/\"]}]},{\"@type\":\"ImageObject\",\"inLanguage\":\"fi\",\"@id\":\"https:\\\/\\\/tivia-jasenyhdistykset.fi\\\/tietoturva\\\/2020\\\/12\\\/18\\\/tietosuojaverkoston-vuoden-2021-ensimmainen-tapaaminen\\\/#primaryimage\",\"url\":\"https:\\\/\\\/tivia-jasenyhdistykset.fi\\\/tietoturva\\\/wp-content\\\/uploads\\\/sites\\\/7\\\/2020\\\/12\\\/tivia-verkosto.png\",\"contentUrl\":\"https:\\\/\\\/tivia-jasenyhdistykset.fi\\\/tietoturva\\\/wp-content\\\/uploads\\\/sites\\\/7\\\/2020\\\/12\\\/tivia-verkosto.png\",\"width\":400,\"height\":400},{\"@type\":\"BreadcrumbList\",\"@id\":\"https:\\\/\\\/tivia-jasenyhdistykset.fi\\\/tietoturva\\\/2020\\\/12\\\/18\\\/tietosuojaverkoston-vuoden-2021-ensimmainen-tapaaminen\\\/#breadcrumb\",\"itemListElement\":[{\"@type\":\"ListItem\",\"position\":1,\"name\":\"Etusivu\",\"item\":\"https:\\\/\\\/tivia-jasenyhdistykset.fi\\\/tietoturva\\\/\"},{\"@type\":\"ListItem\",\"position\":2,\"name\":\"Tietosuojaverkoston vuoden 2021 ensimm\u00e4inen tapaaminen\"}]},{\"@type\":\"WebSite\",\"@id\":\"https:\\\/\\\/tivia-jasenyhdistykset.fi\\\/tietoturva\\\/#website\",\"url\":\"https:\\\/\\\/tivia-jasenyhdistykset.fi\\\/tietoturva\\\/\",\"name\":\"Tietoturva ry\",\"description\":\"Suomen suurin tietoturva-ammattilaisten verkosto\",\"publisher\":{\"@id\":\"https:\\\/\\\/tivia-jasenyhdistykset.fi\\\/tietoturva\\\/#organization\"},\"potentialAction\":[{\"@type\":\"SearchAction\",\"target\":{\"@type\":\"EntryPoint\",\"urlTemplate\":\"https:\\\/\\\/tivia-jasenyhdistykset.fi\\\/tietoturva\\\/?s={search_term_string}\"},\"query-input\":{\"@type\":\"PropertyValueSpecification\",\"valueRequired\":true,\"valueName\":\"search_term_string\"}}],\"inLanguage\":\"fi\"},{\"@type\":\"Organization\",\"@id\":\"https:\\\/\\\/tivia-jasenyhdistykset.fi\\\/tietoturva\\\/#organization\",\"name\":\"Tietoturva ry\",\"url\":\"https:\\\/\\\/tivia-jasenyhdistykset.fi\\\/tietoturva\\\/\",\"logo\":{\"@type\":\"ImageObject\",\"inLanguage\":\"fi\",\"@id\":\"https:\\\/\\\/tivia-jasenyhdistykset.fi\\\/tietoturva\\\/#\\\/schema\\\/logo\\\/image\\\/\",\"url\":\"https:\\\/\\\/tietoturva.fi\\\/wp-content\\\/uploads\\\/sites\\\/7\\\/2021\\\/05\\\/Tietoturva-logo-2018-100.png\",\"contentUrl\":\"https:\\\/\\\/tietoturva.fi\\\/wp-content\\\/uploads\\\/sites\\\/7\\\/2021\\\/05\\\/Tietoturva-logo-2018-100.png\",\"width\":73,\"height\":100,\"caption\":\"Tietoturva ry\"},\"image\":{\"@id\":\"https:\\\/\\\/tivia-jasenyhdistykset.fi\\\/tietoturva\\\/#\\\/schema\\\/logo\\\/image\\\/\"},\"sameAs\":[\"https:\\\/\\\/www.facebook.com\\\/TietoturvaRy\\\/\",\"https:\\\/\\\/x.com\\\/tietoturva_ry\",\"https:\\\/\\\/www.linkedin.com\\\/company\\\/tietoturva\\\/\",\"https:\\\/\\\/www.youtube.com\\\/channel\\\/UCmXkytjYpJ4_N2msCNy69sw\\\/\"]},{\"@type\":\"Person\",\"@id\":\"https:\\\/\\\/tivia-jasenyhdistykset.fi\\\/tietoturva\\\/#\\\/schema\\\/person\\\/19adf5a38ed1bb5572c797f59f5d398c\",\"name\":\"marttinentomi14855\",\"image\":{\"@type\":\"ImageObject\",\"inLanguage\":\"fi\",\"@id\":\"https:\\\/\\\/secure.gravatar.com\\\/avatar\\\/86ce3195a207958a65db3a2f1a0b53c6822ec82b8849c824270d6274e1a79ff8?s=96&d=mm&r=g\",\"url\":\"https:\\\/\\\/secure.gravatar.com\\\/avatar\\\/86ce3195a207958a65db3a2f1a0b53c6822ec82b8849c824270d6274e1a79ff8?s=96&d=mm&r=g\",\"contentUrl\":\"https:\\\/\\\/secure.gravatar.com\\\/avatar\\\/86ce3195a207958a65db3a2f1a0b53c6822ec82b8849c824270d6274e1a79ff8?s=96&d=mm&r=g\",\"caption\":\"marttinentomi14855\"},\"url\":\"https:\\\/\\\/tivia-jasenyhdistykset.fi\\\/tietoturva\\\/author\\\/marttinentomi14855\\\/\"}]}<\/script>\n<!-- \/ Yoast SEO plugin. -->","yoast_head_json":{"title":"Tietosuojaverkoston vuoden 2021 ensimm\u00e4inen tapaaminen - Tietoturva ry","robots":{"index":"index","follow":"follow","max-snippet":"max-snippet:-1","max-image-preview":"max-image-preview:large","max-video-preview":"max-video-preview:-1"},"canonical":"https:\/\/tivia-jasenyhdistykset.fi\/tietoturva\/2020\/12\/18\/tietosuojaverkoston-vuoden-2021-ensimmainen-tapaaminen\/","og_locale":"fi_FI","og_type":"article","og_title":"Tietosuojaverkoston vuoden 2021 ensimm\u00e4inen tapaaminen - Tietoturva ry","og_description":"Tietosuojaverkosto on TIVIAn j\u00e4senyhdistyksien j\u00e4senille suunnattu Tietoturva ry:n j\u00e4rjest\u00e4m\u00e4 verkosto kaikille tietosuojaosaajille tai siit\u00e4 muuten kiinnostuneille. Verkostossa keskustellaan tietosuojan ajankohtaisista asioista, jaetaan parhaita k\u00e4yt\u00e4nt\u00f6j\u00e4 sek\u00e4 annetaan vertaistukea. Kenelle? Kaikille Tivian j\u00e4senyhteis\u00f6jen j\u00e4senille,","og_url":"https:\/\/tivia-jasenyhdistykset.fi\/tietoturva\/2020\/12\/18\/tietosuojaverkoston-vuoden-2021-ensimmainen-tapaaminen\/","og_site_name":"Tietoturva ry","article_publisher":"https:\/\/www.facebook.com\/TietoturvaRy\/","article_published_time":"2020-12-18T09:49:28+00:00","article_modified_time":"2024-05-31T10:41:16+00:00","og_image":[{"width":400,"height":400,"url":"https:\/\/tivia-jasenyhdistykset.fi\/tietoturva\/wp-content\/uploads\/sites\/7\/2020\/12\/tivia-verkosto.png","type":"image\/png"}],"author":"marttinentomi14855","twitter_card":"summary_large_image","twitter_creator":"@tietoturva_ry","twitter_site":"@tietoturva_ry","twitter_misc":{"Kirjoittanut":"marttinentomi14855","Arvioitu lukuaika":"1 minuutti"},"schema":{"@context":"https:\/\/schema.org","@graph":[{"@type":"Article","@id":"https:\/\/tivia-jasenyhdistykset.fi\/tietoturva\/2020\/12\/18\/tietosuojaverkoston-vuoden-2021-ensimmainen-tapaaminen\/#article","isPartOf":{"@id":"https:\/\/tivia-jasenyhdistykset.fi\/tietoturva\/2020\/12\/18\/tietosuojaverkoston-vuoden-2021-ensimmainen-tapaaminen\/"},"author":{"name":"marttinentomi14855","@id":"https:\/\/tivia-jasenyhdistykset.fi\/tietoturva\/#\/schema\/person\/19adf5a38ed1bb5572c797f59f5d398c"},"headline":"Tietosuojaverkoston vuoden 2021 ensimm\u00e4inen tapaaminen","datePublished":"2020-12-18T09:49:28+00:00","dateModified":"2024-05-31T10:41:16+00:00","mainEntityOfPage":{"@id":"https:\/\/tivia-jasenyhdistykset.fi\/tietoturva\/2020\/12\/18\/tietosuojaverkoston-vuoden-2021-ensimmainen-tapaaminen\/"},"wordCount":211,"commentCount":0,"publisher":{"@id":"https:\/\/tivia-jasenyhdistykset.fi\/tietoturva\/#organization"},"image":{"@id":"https:\/\/tivia-jasenyhdistykset.fi\/tietoturva\/2020\/12\/18\/tietosuojaverkoston-vuoden-2021-ensimmainen-tapaaminen\/#primaryimage"},"thumbnailUrl":"https:\/\/tivia-jasenyhdistykset.fi\/tietoturva\/wp-content\/uploads\/sites\/7\/2020\/12\/tivia-verkosto.png","articleSection":["Tietosuoja","TIVIA-verkostokorttitapahtuma"],"inLanguage":"fi"},{"@type":"WebPage","@id":"https:\/\/tivia-jasenyhdistykset.fi\/tietoturva\/2020\/12\/18\/tietosuojaverkoston-vuoden-2021-ensimmainen-tapaaminen\/","url":"https:\/\/tivia-jasenyhdistykset.fi\/tietoturva\/2020\/12\/18\/tietosuojaverkoston-vuoden-2021-ensimmainen-tapaaminen\/","name":"Tietosuojaverkoston vuoden 2021 ensimm\u00e4inen tapaaminen - Tietoturva ry","isPartOf":{"@id":"https:\/\/tivia-jasenyhdistykset.fi\/tietoturva\/#website"},"primaryImageOfPage":{"@id":"https:\/\/tivia-jasenyhdistykset.fi\/tietoturva\/2020\/12\/18\/tietosuojaverkoston-vuoden-2021-ensimmainen-tapaaminen\/#primaryimage"},"image":{"@id":"https:\/\/tivia-jasenyhdistykset.fi\/tietoturva\/2020\/12\/18\/tietosuojaverkoston-vuoden-2021-ensimmainen-tapaaminen\/#primaryimage"},"thumbnailUrl":"https:\/\/tivia-jasenyhdistykset.fi\/tietoturva\/wp-content\/uploads\/sites\/7\/2020\/12\/tivia-verkosto.png","datePublished":"2020-12-18T09:49:28+00:00","dateModified":"2024-05-31T10:41:16+00:00","breadcrumb":{"@id":"https:\/\/tivia-jasenyhdistykset.fi\/tietoturva\/2020\/12\/18\/tietosuojaverkoston-vuoden-2021-ensimmainen-tapaaminen\/#breadcrumb"},"inLanguage":"fi","potentialAction":[{"@type":"ReadAction","target":["https:\/\/tivia-jasenyhdistykset.fi\/tietoturva\/2020\/12\/18\/tietosuojaverkoston-vuoden-2021-ensimmainen-tapaaminen\/"]}]},{"@type":"ImageObject","inLanguage":"fi","@id":"https:\/\/tivia-jasenyhdistykset.fi\/tietoturva\/2020\/12\/18\/tietosuojaverkoston-vuoden-2021-ensimmainen-tapaaminen\/#primaryimage","url":"https:\/\/tivia-jasenyhdistykset.fi\/tietoturva\/wp-content\/uploads\/sites\/7\/2020\/12\/tivia-verkosto.png","contentUrl":"https:\/\/tivia-jasenyhdistykset.fi\/tietoturva\/wp-content\/uploads\/sites\/7\/2020\/12\/tivia-verkosto.png","width":400,"height":400},{"@type":"BreadcrumbList","@id":"https:\/\/tivia-jasenyhdistykset.fi\/tietoturva\/2020\/12\/18\/tietosuojaverkoston-vuoden-2021-ensimmainen-tapaaminen\/#breadcrumb","itemListElement":[{"@type":"ListItem","position":1,"name":"Etusivu","item":"https:\/\/tivia-jasenyhdistykset.fi\/tietoturva\/"},{"@type":"ListItem","position":2,"name":"Tietosuojaverkoston vuoden 2021 ensimm\u00e4inen tapaaminen"}]},{"@type":"WebSite","@id":"https:\/\/tivia-jasenyhdistykset.fi\/tietoturva\/#website","url":"https:\/\/tivia-jasenyhdistykset.fi\/tietoturva\/","name":"Tietoturva ry","description":"Suomen suurin tietoturva-ammattilaisten verkosto","publisher":{"@id":"https:\/\/tivia-jasenyhdistykset.fi\/tietoturva\/#organization"},"potentialAction":[{"@type":"SearchAction","target":{"@type":"EntryPoint","urlTemplate":"https:\/\/tivia-jasenyhdistykset.fi\/tietoturva\/?s={search_term_string}"},"query-input":{"@type":"PropertyValueSpecification","valueRequired":true,"valueName":"search_term_string"}}],"inLanguage":"fi"},{"@type":"Organization","@id":"https:\/\/tivia-jasenyhdistykset.fi\/tietoturva\/#organization","name":"Tietoturva ry","url":"https:\/\/tivia-jasenyhdistykset.fi\/tietoturva\/","logo":{"@type":"ImageObject","inLanguage":"fi","@id":"https:\/\/tivia-jasenyhdistykset.fi\/tietoturva\/#\/schema\/logo\/image\/","url":"https:\/\/tietoturva.fi\/wp-content\/uploads\/sites\/7\/2021\/05\/Tietoturva-logo-2018-100.png","contentUrl":"https:\/\/tietoturva.fi\/wp-content\/uploads\/sites\/7\/2021\/05\/Tietoturva-logo-2018-100.png","width":73,"height":100,"caption":"Tietoturva ry"},"image":{"@id":"https:\/\/tivia-jasenyhdistykset.fi\/tietoturva\/#\/schema\/logo\/image\/"},"sameAs":["https:\/\/www.facebook.com\/TietoturvaRy\/","https:\/\/x.com\/tietoturva_ry","https:\/\/www.linkedin.com\/company\/tietoturva\/","https:\/\/www.youtube.com\/channel\/UCmXkytjYpJ4_N2msCNy69sw\/"]},{"@type":"Person","@id":"https:\/\/tivia-jasenyhdistykset.fi\/tietoturva\/#\/schema\/person\/19adf5a38ed1bb5572c797f59f5d398c","name":"marttinentomi14855","image":{"@type":"ImageObject","inLanguage":"fi","@id":"https:\/\/secure.gravatar.com\/avatar\/86ce3195a207958a65db3a2f1a0b53c6822ec82b8849c824270d6274e1a79ff8?s=96&d=mm&r=g","url":"https:\/\/secure.gravatar.com\/avatar\/86ce3195a207958a65db3a2f1a0b53c6822ec82b8849c824270d6274e1a79ff8?s=96&d=mm&r=g","contentUrl":"https:\/\/secure.gravatar.com\/avatar\/86ce3195a207958a65db3a2f1a0b53c6822ec82b8849c824270d6274e1a79ff8?s=96&d=mm&r=g","caption":"marttinentomi14855"},"url":"https:\/\/tivia-jasenyhdistykset.fi\/tietoturva\/author\/marttinentomi14855\/"}]}},"_links":{"self":[{"href":"https:\/\/tivia-jasenyhdistykset.fi\/tietoturva\/wp-json\/wp\/v2\/posts\/569","targetHints":{"allow":["GET"]}}],"collection":[{"href":"https:\/\/tivia-jasenyhdistykset.fi\/tietoturva\/wp-json\/wp\/v2\/posts"}],"about":[{"href":"https:\/\/tivia-jasenyhdistykset.fi\/tietoturva\/wp-json\/wp\/v2\/types\/post"}],"author":[{"embeddable":true,"href":"https:\/\/tivia-jasenyhdistykset.fi\/tietoturva\/wp-json\/wp\/v2\/users\/2406"}],"replies":[{"embeddable":true,"href":"https:\/\/tivia-jasenyhdistykset.fi\/tietoturva\/wp-json\/wp\/v2\/comments?post=569"}],"version-history":[{"count":2,"href":"https:\/\/tivia-jasenyhdistykset.fi\/tietoturva\/wp-json\/wp\/v2\/posts\/569\/revisions"}],"predecessor-version":[{"id":572,"href":"https:\/\/tivia-jasenyhdistykset.fi\/tietoturva\/wp-json\/wp\/v2\/posts\/569\/revisions\/572"}],"wp:featuredmedia":[{"embeddable":true,"href":"https:\/\/tivia-jasenyhdistykset.fi\/tietoturva\/wp-json\/wp\/v2\/media\/570"}],"wp:attachment":[{"href":"https:\/\/tivia-jasenyhdistykset.fi\/tietoturva\/wp-json\/wp\/v2\/media?parent=569"}],"wp:term":[{"taxonomy":"category","embeddable":true,"href":"https:\/\/tivia-jasenyhdistykset.fi\/tietoturva\/wp-json\/wp\/v2\/categories?post=569"},{"taxonomy":"post_tag","embeddable":true,"href":"https:\/\/tivia-jasenyhdistykset.fi\/tietoturva\/wp-json\/wp\/v2\/tags?post=569"}],"curies":[{"name":"wp","href":"https:\/\/api.w.org\/{rel}","templated":true}]}}