{"id":619,"date":"2021-02-05T10:14:01","date_gmt":"2021-02-05T08:14:01","guid":{"rendered":"https:\/\/tietoturva.fi\/?p=619"},"modified":"2024-05-31T13:41:14","modified_gmt":"2024-05-31T10:41:14","slug":"tule-mukaan-tietoturva-ryn-avoimeen-slackiin","status":"publish","type":"post","link":"https:\/\/tivia-jasenyhdistykset.fi\/tietoturva\/2021\/02\/05\/tule-mukaan-tietoturva-ryn-avoimeen-slackiin\/","title":{"rendered":"Tule mukaan Tietoturva ry:n avoimeen Slackiin!"},"content":{"rendered":"<h1><a href=\"https:\/\/tietoturva.fi\/\" target=\"_blank\" rel=\"noopener\">Tietoturva ry<\/a>\u00a0 on perustanut julkisen Slack-kanavan.<\/h1>\n<h2><a href=\"https:\/\/join.slack.com\/t\/ttryjsenist\/shared_invite\/zt-nbzz6j8w-ZUoXvsuNVYwWODxuSIVe3Q\" target=\"_blank\" rel=\"noopener\">TTRY J\u00e4senist\u00f6<\/a> -kanavalla on parikin k\u00e4ytt\u00f6tarkoitusta:<\/h2>\n<ul>\n<li><a href=\"https:\/\/tietoturva.fi\/\" target=\"_blank\" rel=\"noopener\">Tietoturva ry<\/a>n hallitus on l\u00e4sn\u00e4 kanavalla ja pystyy vastaamaan nykyisten ja tulevien j\u00e4senien kysymyksiin, liittyi ne sitten varsinaiseen j\u00e4senyyteen, tapahtumiin tai muihin askarruttaviin kysymyksiin yhdistyksest\u00e4. Kanavalla otamme vastaan my\u00f6s ruohonjuuritason palautetta siit\u00e4, mit\u00e4 kaikkea TTRY voisi olla j\u00e4senilleen.<\/li>\n<li>Kanava on avoin kaikenlaiselle keskustelulle joka liittyy tietoturvaan ja p\u00e4iv\u00e4npolttaviin tietoturva-aiheisiin &#8211; oli aiheet sitten teknisi\u00e4, hallinnollisia tai muuten vaan mielenkiintoisia.<\/li>\n<li>Siksi ett\u00e4 kanava on julkinen, olemme my\u00f6s p\u00e4\u00e4tt\u00e4neet ett\u00e4 emme rajoita t\u00e4t\u00e4 pelk\u00e4st\u00e4\u00e4n j\u00e4senist\u00f6lle vaan<strong> toivomme, ett\u00e4 kaikki tietoturvasta kiinnostuneet osallistuvat keskusteluun<\/strong> &#8211; ja ehk\u00e4 sit\u00e4 kautta my\u00f6s p\u00e4\u00e4tyv\u00e4t j\u00e4seniksi. J\u00e4senet voivat siis halutessaan kutsua mukaan my\u00f6s omista sidosryhmist\u00e4\u00e4n ei-j\u00e4seni\u00e4 mukaan keskusteluun.<\/li>\n<li>Toimimme kaikin puolin valitun median ehdoilla ja haluamme luoda avoimen torin asialliselle keskustelulle rajoittamatta sit\u00e4 keinotekoisesti. Toivomme my\u00f6s <a href=\"https:\/\/tivia-jasenyhdistykset.fi\/\" target=\"_blank\" rel=\"noopener\">TIVIA<\/a>n muiden j\u00e4senyhdistysten tietoturvasta kiinnostuneiden henkil\u00f6iden liittyv\u00e4n t\u00e4h\u00e4n avoimeen workspaceen:<\/li>\n<\/ul>\n<p><a href=\"https:\/\/join.slack.com\/t\/ttryjsenist\/shared_invite\/zt-nbzz6j8w-ZUoXvsuNVYwWODxuSIVe3Q\" target=\"_blank\" rel=\"noopener\">https:\/\/join.slack.com\/t\/ttryjsenist\/shared_invite\/zt-nbzz6j8w-ZUoXvsuNVYwWODxuSIVe3Q<\/a><\/p>\n","protected":false},"excerpt":{"rendered":"<p><a href=\"https:\/\/tietoturva.fi\/\" target=\"_blank\" rel=\"noopener\">Tietoturva ry<\/a>\u00a0 on perustanut julkisen Slack-kanavan.<br \/>\n<a href=\"https:\/\/join.slack.com\/t\/ttryjsenist\/shared_invite\/zt-nbzz6j8w-ZUoXvsuNVYwWODxuSIVe3Q\" target=\"_blank\" rel=\"noopener\">TTRY J\u00e4senist\u00f6<\/a> -kanavalla on parikin k\u00e4ytt\u00f6tarkoitusta:<\/p>\n<ul>\n<li><a href=\"https:\/\/tietoturva.fi\/\" target=\"_blank\" rel=\"noopener\">Tietoturva ry<\/a>n hallitus on l\u00e4sn\u00e4 kanavalla ja pystyy vastaamaan nykyisten ja tulevien j\u00e4senien kysymyksiin, liittyi ne sitten varsinaiseen j\u00e4senyyteen, tapahtumiin tai muihin askarruttaviin kysymyksiin yhdistyksest\u00e4.<\/li>\n<\/ul>\n","protected":false},"author":2406,"featured_media":620,"comment_status":"open","ping_status":"open","sticky":false,"template":"","format":"standard","meta":{"_acf_changed":false,"footnotes":""},"categories":[21,1],"tags":[],"class_list":["post-619","post","type-post","status-publish","format-standard","has-post-thumbnail","hentry","category-some","category-yleinen"],"acf":[],"yoast_head":"<!-- This site is optimized with the Yoast SEO plugin v27.5 - https:\/\/yoast.com\/product\/yoast-seo-wordpress\/ -->\n<title>Tule mukaan Tietoturva ry:n avoimeen Slackiin! - Tietoturva ry<\/title>\n<meta name=\"robots\" content=\"index, follow, max-snippet:-1, max-image-preview:large, max-video-preview:-1\" \/>\n<link rel=\"canonical\" href=\"https:\/\/tivia-jasenyhdistykset.fi\/tietoturva\/2021\/02\/05\/tule-mukaan-tietoturva-ryn-avoimeen-slackiin\/\" \/>\n<meta property=\"og:locale\" content=\"fi_FI\" \/>\n<meta property=\"og:type\" content=\"article\" \/>\n<meta property=\"og:title\" content=\"Tule mukaan Tietoturva ry:n avoimeen Slackiin! - Tietoturva ry\" \/>\n<meta property=\"og:description\" content=\"Tietoturva ry\u00a0 on perustanut julkisen Slack-kanavan. TTRY J\u00e4senist\u00f6 -kanavalla on parikin k\u00e4ytt\u00f6tarkoitusta: Tietoturva ryn hallitus on l\u00e4sn\u00e4 kanavalla ja pystyy vastaamaan nykyisten ja tulevien j\u00e4senien kysymyksiin, liittyi ne sitten varsinaiseen j\u00e4senyyteen, tapahtumiin tai muihin askarruttaviin kysymyksiin yhdistyksest\u00e4.\" \/>\n<meta property=\"og:url\" content=\"https:\/\/tivia-jasenyhdistykset.fi\/tietoturva\/2021\/02\/05\/tule-mukaan-tietoturva-ryn-avoimeen-slackiin\/\" \/>\n<meta property=\"og:site_name\" content=\"Tietoturva ry\" \/>\n<meta property=\"article:publisher\" content=\"https:\/\/www.facebook.com\/TietoturvaRy\/\" \/>\n<meta property=\"article:published_time\" content=\"2021-02-05T08:14:01+00:00\" \/>\n<meta property=\"article:modified_time\" content=\"2024-05-31T10:41:14+00:00\" \/>\n<meta property=\"og:image\" content=\"https:\/\/tivia-jasenyhdistykset.fi\/tietoturva\/wp-content\/uploads\/sites\/7\/2021\/02\/ttry-slack.png\" \/>\n\t<meta property=\"og:image:width\" content=\"338\" \/>\n\t<meta property=\"og:image:height\" content=\"92\" \/>\n\t<meta property=\"og:image:type\" content=\"image\/png\" \/>\n<meta name=\"author\" content=\"marttinentomi14855\" \/>\n<meta name=\"twitter:card\" content=\"summary_large_image\" \/>\n<meta name=\"twitter:creator\" content=\"@tietoturva_ry\" \/>\n<meta name=\"twitter:site\" content=\"@tietoturva_ry\" \/>\n<meta name=\"twitter:label1\" content=\"Kirjoittanut\" \/>\n\t<meta name=\"twitter:data1\" content=\"marttinentomi14855\" \/>\n\t<meta name=\"twitter:label2\" content=\"Arvioitu lukuaika\" \/>\n\t<meta name=\"twitter:data2\" content=\"1 minuutti\" \/>\n<script type=\"application\/ld+json\" class=\"yoast-schema-graph\">{\"@context\":\"https:\\\/\\\/schema.org\",\"@graph\":[{\"@type\":\"Article\",\"@id\":\"https:\\\/\\\/tivia-jasenyhdistykset.fi\\\/tietoturva\\\/2021\\\/02\\\/05\\\/tule-mukaan-tietoturva-ryn-avoimeen-slackiin\\\/#article\",\"isPartOf\":{\"@id\":\"https:\\\/\\\/tivia-jasenyhdistykset.fi\\\/tietoturva\\\/2021\\\/02\\\/05\\\/tule-mukaan-tietoturva-ryn-avoimeen-slackiin\\\/\"},\"author\":{\"name\":\"marttinentomi14855\",\"@id\":\"https:\\\/\\\/tivia-jasenyhdistykset.fi\\\/tietoturva\\\/#\\\/schema\\\/person\\\/19adf5a38ed1bb5572c797f59f5d398c\"},\"headline\":\"Tule mukaan Tietoturva ry:n avoimeen Slackiin!\",\"datePublished\":\"2021-02-05T08:14:01+00:00\",\"dateModified\":\"2024-05-31T10:41:14+00:00\",\"mainEntityOfPage\":{\"@id\":\"https:\\\/\\\/tivia-jasenyhdistykset.fi\\\/tietoturva\\\/2021\\\/02\\\/05\\\/tule-mukaan-tietoturva-ryn-avoimeen-slackiin\\\/\"},\"wordCount\":192,\"commentCount\":0,\"publisher\":{\"@id\":\"https:\\\/\\\/tivia-jasenyhdistykset.fi\\\/tietoturva\\\/#organization\"},\"image\":{\"@id\":\"https:\\\/\\\/tivia-jasenyhdistykset.fi\\\/tietoturva\\\/2021\\\/02\\\/05\\\/tule-mukaan-tietoturva-ryn-avoimeen-slackiin\\\/#primaryimage\"},\"thumbnailUrl\":\"https:\\\/\\\/tivia-jasenyhdistykset.fi\\\/tietoturva\\\/wp-content\\\/uploads\\\/sites\\\/7\\\/2021\\\/02\\\/ttry-slack.png\",\"articleSection\":[\"SoMe\"],\"inLanguage\":\"fi\"},{\"@type\":\"WebPage\",\"@id\":\"https:\\\/\\\/tivia-jasenyhdistykset.fi\\\/tietoturva\\\/2021\\\/02\\\/05\\\/tule-mukaan-tietoturva-ryn-avoimeen-slackiin\\\/\",\"url\":\"https:\\\/\\\/tivia-jasenyhdistykset.fi\\\/tietoturva\\\/2021\\\/02\\\/05\\\/tule-mukaan-tietoturva-ryn-avoimeen-slackiin\\\/\",\"name\":\"Tule mukaan Tietoturva ry:n avoimeen Slackiin! - Tietoturva ry\",\"isPartOf\":{\"@id\":\"https:\\\/\\\/tivia-jasenyhdistykset.fi\\\/tietoturva\\\/#website\"},\"primaryImageOfPage\":{\"@id\":\"https:\\\/\\\/tivia-jasenyhdistykset.fi\\\/tietoturva\\\/2021\\\/02\\\/05\\\/tule-mukaan-tietoturva-ryn-avoimeen-slackiin\\\/#primaryimage\"},\"image\":{\"@id\":\"https:\\\/\\\/tivia-jasenyhdistykset.fi\\\/tietoturva\\\/2021\\\/02\\\/05\\\/tule-mukaan-tietoturva-ryn-avoimeen-slackiin\\\/#primaryimage\"},\"thumbnailUrl\":\"https:\\\/\\\/tivia-jasenyhdistykset.fi\\\/tietoturva\\\/wp-content\\\/uploads\\\/sites\\\/7\\\/2021\\\/02\\\/ttry-slack.png\",\"datePublished\":\"2021-02-05T08:14:01+00:00\",\"dateModified\":\"2024-05-31T10:41:14+00:00\",\"breadcrumb\":{\"@id\":\"https:\\\/\\\/tivia-jasenyhdistykset.fi\\\/tietoturva\\\/2021\\\/02\\\/05\\\/tule-mukaan-tietoturva-ryn-avoimeen-slackiin\\\/#breadcrumb\"},\"inLanguage\":\"fi\",\"potentialAction\":[{\"@type\":\"ReadAction\",\"target\":[\"https:\\\/\\\/tivia-jasenyhdistykset.fi\\\/tietoturva\\\/2021\\\/02\\\/05\\\/tule-mukaan-tietoturva-ryn-avoimeen-slackiin\\\/\"]}]},{\"@type\":\"ImageObject\",\"inLanguage\":\"fi\",\"@id\":\"https:\\\/\\\/tivia-jasenyhdistykset.fi\\\/tietoturva\\\/2021\\\/02\\\/05\\\/tule-mukaan-tietoturva-ryn-avoimeen-slackiin\\\/#primaryimage\",\"url\":\"https:\\\/\\\/tivia-jasenyhdistykset.fi\\\/tietoturva\\\/wp-content\\\/uploads\\\/sites\\\/7\\\/2021\\\/02\\\/ttry-slack.png\",\"contentUrl\":\"https:\\\/\\\/tivia-jasenyhdistykset.fi\\\/tietoturva\\\/wp-content\\\/uploads\\\/sites\\\/7\\\/2021\\\/02\\\/ttry-slack.png\",\"width\":338,\"height\":92},{\"@type\":\"BreadcrumbList\",\"@id\":\"https:\\\/\\\/tivia-jasenyhdistykset.fi\\\/tietoturva\\\/2021\\\/02\\\/05\\\/tule-mukaan-tietoturva-ryn-avoimeen-slackiin\\\/#breadcrumb\",\"itemListElement\":[{\"@type\":\"ListItem\",\"position\":1,\"name\":\"Etusivu\",\"item\":\"https:\\\/\\\/tivia-jasenyhdistykset.fi\\\/tietoturva\\\/\"},{\"@type\":\"ListItem\",\"position\":2,\"name\":\"Tule mukaan Tietoturva ry:n avoimeen Slackiin!\"}]},{\"@type\":\"WebSite\",\"@id\":\"https:\\\/\\\/tivia-jasenyhdistykset.fi\\\/tietoturva\\\/#website\",\"url\":\"https:\\\/\\\/tivia-jasenyhdistykset.fi\\\/tietoturva\\\/\",\"name\":\"Tietoturva ry\",\"description\":\"Suomen suurin tietoturva-ammattilaisten verkosto\",\"publisher\":{\"@id\":\"https:\\\/\\\/tivia-jasenyhdistykset.fi\\\/tietoturva\\\/#organization\"},\"potentialAction\":[{\"@type\":\"SearchAction\",\"target\":{\"@type\":\"EntryPoint\",\"urlTemplate\":\"https:\\\/\\\/tivia-jasenyhdistykset.fi\\\/tietoturva\\\/?s={search_term_string}\"},\"query-input\":{\"@type\":\"PropertyValueSpecification\",\"valueRequired\":true,\"valueName\":\"search_term_string\"}}],\"inLanguage\":\"fi\"},{\"@type\":\"Organization\",\"@id\":\"https:\\\/\\\/tivia-jasenyhdistykset.fi\\\/tietoturva\\\/#organization\",\"name\":\"Tietoturva ry\",\"url\":\"https:\\\/\\\/tivia-jasenyhdistykset.fi\\\/tietoturva\\\/\",\"logo\":{\"@type\":\"ImageObject\",\"inLanguage\":\"fi\",\"@id\":\"https:\\\/\\\/tivia-jasenyhdistykset.fi\\\/tietoturva\\\/#\\\/schema\\\/logo\\\/image\\\/\",\"url\":\"https:\\\/\\\/tietoturva.fi\\\/wp-content\\\/uploads\\\/sites\\\/7\\\/2021\\\/05\\\/Tietoturva-logo-2018-100.png\",\"contentUrl\":\"https:\\\/\\\/tietoturva.fi\\\/wp-content\\\/uploads\\\/sites\\\/7\\\/2021\\\/05\\\/Tietoturva-logo-2018-100.png\",\"width\":73,\"height\":100,\"caption\":\"Tietoturva ry\"},\"image\":{\"@id\":\"https:\\\/\\\/tivia-jasenyhdistykset.fi\\\/tietoturva\\\/#\\\/schema\\\/logo\\\/image\\\/\"},\"sameAs\":[\"https:\\\/\\\/www.facebook.com\\\/TietoturvaRy\\\/\",\"https:\\\/\\\/x.com\\\/tietoturva_ry\",\"https:\\\/\\\/www.linkedin.com\\\/company\\\/tietoturva\\\/\",\"https:\\\/\\\/www.youtube.com\\\/channel\\\/UCmXkytjYpJ4_N2msCNy69sw\\\/\"]},{\"@type\":\"Person\",\"@id\":\"https:\\\/\\\/tivia-jasenyhdistykset.fi\\\/tietoturva\\\/#\\\/schema\\\/person\\\/19adf5a38ed1bb5572c797f59f5d398c\",\"name\":\"marttinentomi14855\",\"image\":{\"@type\":\"ImageObject\",\"inLanguage\":\"fi\",\"@id\":\"https:\\\/\\\/secure.gravatar.com\\\/avatar\\\/86ce3195a207958a65db3a2f1a0b53c6822ec82b8849c824270d6274e1a79ff8?s=96&d=mm&r=g\",\"url\":\"https:\\\/\\\/secure.gravatar.com\\\/avatar\\\/86ce3195a207958a65db3a2f1a0b53c6822ec82b8849c824270d6274e1a79ff8?s=96&d=mm&r=g\",\"contentUrl\":\"https:\\\/\\\/secure.gravatar.com\\\/avatar\\\/86ce3195a207958a65db3a2f1a0b53c6822ec82b8849c824270d6274e1a79ff8?s=96&d=mm&r=g\",\"caption\":\"marttinentomi14855\"},\"url\":\"https:\\\/\\\/tivia-jasenyhdistykset.fi\\\/tietoturva\\\/author\\\/marttinentomi14855\\\/\"}]}<\/script>\n<!-- \/ Yoast SEO plugin. -->","yoast_head_json":{"title":"Tule mukaan Tietoturva ry:n avoimeen Slackiin! - Tietoturva ry","robots":{"index":"index","follow":"follow","max-snippet":"max-snippet:-1","max-image-preview":"max-image-preview:large","max-video-preview":"max-video-preview:-1"},"canonical":"https:\/\/tivia-jasenyhdistykset.fi\/tietoturva\/2021\/02\/05\/tule-mukaan-tietoturva-ryn-avoimeen-slackiin\/","og_locale":"fi_FI","og_type":"article","og_title":"Tule mukaan Tietoturva ry:n avoimeen Slackiin! - Tietoturva ry","og_description":"Tietoturva ry\u00a0 on perustanut julkisen Slack-kanavan. TTRY J\u00e4senist\u00f6 -kanavalla on parikin k\u00e4ytt\u00f6tarkoitusta: Tietoturva ryn hallitus on l\u00e4sn\u00e4 kanavalla ja pystyy vastaamaan nykyisten ja tulevien j\u00e4senien kysymyksiin, liittyi ne sitten varsinaiseen j\u00e4senyyteen, tapahtumiin tai muihin askarruttaviin kysymyksiin yhdistyksest\u00e4.","og_url":"https:\/\/tivia-jasenyhdistykset.fi\/tietoturva\/2021\/02\/05\/tule-mukaan-tietoturva-ryn-avoimeen-slackiin\/","og_site_name":"Tietoturva ry","article_publisher":"https:\/\/www.facebook.com\/TietoturvaRy\/","article_published_time":"2021-02-05T08:14:01+00:00","article_modified_time":"2024-05-31T10:41:14+00:00","og_image":[{"width":338,"height":92,"url":"https:\/\/tivia-jasenyhdistykset.fi\/tietoturva\/wp-content\/uploads\/sites\/7\/2021\/02\/ttry-slack.png","type":"image\/png"}],"author":"marttinentomi14855","twitter_card":"summary_large_image","twitter_creator":"@tietoturva_ry","twitter_site":"@tietoturva_ry","twitter_misc":{"Kirjoittanut":"marttinentomi14855","Arvioitu lukuaika":"1 minuutti"},"schema":{"@context":"https:\/\/schema.org","@graph":[{"@type":"Article","@id":"https:\/\/tivia-jasenyhdistykset.fi\/tietoturva\/2021\/02\/05\/tule-mukaan-tietoturva-ryn-avoimeen-slackiin\/#article","isPartOf":{"@id":"https:\/\/tivia-jasenyhdistykset.fi\/tietoturva\/2021\/02\/05\/tule-mukaan-tietoturva-ryn-avoimeen-slackiin\/"},"author":{"name":"marttinentomi14855","@id":"https:\/\/tivia-jasenyhdistykset.fi\/tietoturva\/#\/schema\/person\/19adf5a38ed1bb5572c797f59f5d398c"},"headline":"Tule mukaan Tietoturva ry:n avoimeen Slackiin!","datePublished":"2021-02-05T08:14:01+00:00","dateModified":"2024-05-31T10:41:14+00:00","mainEntityOfPage":{"@id":"https:\/\/tivia-jasenyhdistykset.fi\/tietoturva\/2021\/02\/05\/tule-mukaan-tietoturva-ryn-avoimeen-slackiin\/"},"wordCount":192,"commentCount":0,"publisher":{"@id":"https:\/\/tivia-jasenyhdistykset.fi\/tietoturva\/#organization"},"image":{"@id":"https:\/\/tivia-jasenyhdistykset.fi\/tietoturva\/2021\/02\/05\/tule-mukaan-tietoturva-ryn-avoimeen-slackiin\/#primaryimage"},"thumbnailUrl":"https:\/\/tivia-jasenyhdistykset.fi\/tietoturva\/wp-content\/uploads\/sites\/7\/2021\/02\/ttry-slack.png","articleSection":["SoMe"],"inLanguage":"fi"},{"@type":"WebPage","@id":"https:\/\/tivia-jasenyhdistykset.fi\/tietoturva\/2021\/02\/05\/tule-mukaan-tietoturva-ryn-avoimeen-slackiin\/","url":"https:\/\/tivia-jasenyhdistykset.fi\/tietoturva\/2021\/02\/05\/tule-mukaan-tietoturva-ryn-avoimeen-slackiin\/","name":"Tule mukaan Tietoturva ry:n avoimeen Slackiin! - Tietoturva ry","isPartOf":{"@id":"https:\/\/tivia-jasenyhdistykset.fi\/tietoturva\/#website"},"primaryImageOfPage":{"@id":"https:\/\/tivia-jasenyhdistykset.fi\/tietoturva\/2021\/02\/05\/tule-mukaan-tietoturva-ryn-avoimeen-slackiin\/#primaryimage"},"image":{"@id":"https:\/\/tivia-jasenyhdistykset.fi\/tietoturva\/2021\/02\/05\/tule-mukaan-tietoturva-ryn-avoimeen-slackiin\/#primaryimage"},"thumbnailUrl":"https:\/\/tivia-jasenyhdistykset.fi\/tietoturva\/wp-content\/uploads\/sites\/7\/2021\/02\/ttry-slack.png","datePublished":"2021-02-05T08:14:01+00:00","dateModified":"2024-05-31T10:41:14+00:00","breadcrumb":{"@id":"https:\/\/tivia-jasenyhdistykset.fi\/tietoturva\/2021\/02\/05\/tule-mukaan-tietoturva-ryn-avoimeen-slackiin\/#breadcrumb"},"inLanguage":"fi","potentialAction":[{"@type":"ReadAction","target":["https:\/\/tivia-jasenyhdistykset.fi\/tietoturva\/2021\/02\/05\/tule-mukaan-tietoturva-ryn-avoimeen-slackiin\/"]}]},{"@type":"ImageObject","inLanguage":"fi","@id":"https:\/\/tivia-jasenyhdistykset.fi\/tietoturva\/2021\/02\/05\/tule-mukaan-tietoturva-ryn-avoimeen-slackiin\/#primaryimage","url":"https:\/\/tivia-jasenyhdistykset.fi\/tietoturva\/wp-content\/uploads\/sites\/7\/2021\/02\/ttry-slack.png","contentUrl":"https:\/\/tivia-jasenyhdistykset.fi\/tietoturva\/wp-content\/uploads\/sites\/7\/2021\/02\/ttry-slack.png","width":338,"height":92},{"@type":"BreadcrumbList","@id":"https:\/\/tivia-jasenyhdistykset.fi\/tietoturva\/2021\/02\/05\/tule-mukaan-tietoturva-ryn-avoimeen-slackiin\/#breadcrumb","itemListElement":[{"@type":"ListItem","position":1,"name":"Etusivu","item":"https:\/\/tivia-jasenyhdistykset.fi\/tietoturva\/"},{"@type":"ListItem","position":2,"name":"Tule mukaan Tietoturva ry:n avoimeen Slackiin!"}]},{"@type":"WebSite","@id":"https:\/\/tivia-jasenyhdistykset.fi\/tietoturva\/#website","url":"https:\/\/tivia-jasenyhdistykset.fi\/tietoturva\/","name":"Tietoturva ry","description":"Suomen suurin tietoturva-ammattilaisten verkosto","publisher":{"@id":"https:\/\/tivia-jasenyhdistykset.fi\/tietoturva\/#organization"},"potentialAction":[{"@type":"SearchAction","target":{"@type":"EntryPoint","urlTemplate":"https:\/\/tivia-jasenyhdistykset.fi\/tietoturva\/?s={search_term_string}"},"query-input":{"@type":"PropertyValueSpecification","valueRequired":true,"valueName":"search_term_string"}}],"inLanguage":"fi"},{"@type":"Organization","@id":"https:\/\/tivia-jasenyhdistykset.fi\/tietoturva\/#organization","name":"Tietoturva ry","url":"https:\/\/tivia-jasenyhdistykset.fi\/tietoturva\/","logo":{"@type":"ImageObject","inLanguage":"fi","@id":"https:\/\/tivia-jasenyhdistykset.fi\/tietoturva\/#\/schema\/logo\/image\/","url":"https:\/\/tietoturva.fi\/wp-content\/uploads\/sites\/7\/2021\/05\/Tietoturva-logo-2018-100.png","contentUrl":"https:\/\/tietoturva.fi\/wp-content\/uploads\/sites\/7\/2021\/05\/Tietoturva-logo-2018-100.png","width":73,"height":100,"caption":"Tietoturva ry"},"image":{"@id":"https:\/\/tivia-jasenyhdistykset.fi\/tietoturva\/#\/schema\/logo\/image\/"},"sameAs":["https:\/\/www.facebook.com\/TietoturvaRy\/","https:\/\/x.com\/tietoturva_ry","https:\/\/www.linkedin.com\/company\/tietoturva\/","https:\/\/www.youtube.com\/channel\/UCmXkytjYpJ4_N2msCNy69sw\/"]},{"@type":"Person","@id":"https:\/\/tivia-jasenyhdistykset.fi\/tietoturva\/#\/schema\/person\/19adf5a38ed1bb5572c797f59f5d398c","name":"marttinentomi14855","image":{"@type":"ImageObject","inLanguage":"fi","@id":"https:\/\/secure.gravatar.com\/avatar\/86ce3195a207958a65db3a2f1a0b53c6822ec82b8849c824270d6274e1a79ff8?s=96&d=mm&r=g","url":"https:\/\/secure.gravatar.com\/avatar\/86ce3195a207958a65db3a2f1a0b53c6822ec82b8849c824270d6274e1a79ff8?s=96&d=mm&r=g","contentUrl":"https:\/\/secure.gravatar.com\/avatar\/86ce3195a207958a65db3a2f1a0b53c6822ec82b8849c824270d6274e1a79ff8?s=96&d=mm&r=g","caption":"marttinentomi14855"},"url":"https:\/\/tivia-jasenyhdistykset.fi\/tietoturva\/author\/marttinentomi14855\/"}]}},"_links":{"self":[{"href":"https:\/\/tivia-jasenyhdistykset.fi\/tietoturva\/wp-json\/wp\/v2\/posts\/619","targetHints":{"allow":["GET"]}}],"collection":[{"href":"https:\/\/tivia-jasenyhdistykset.fi\/tietoturva\/wp-json\/wp\/v2\/posts"}],"about":[{"href":"https:\/\/tivia-jasenyhdistykset.fi\/tietoturva\/wp-json\/wp\/v2\/types\/post"}],"author":[{"embeddable":true,"href":"https:\/\/tivia-jasenyhdistykset.fi\/tietoturva\/wp-json\/wp\/v2\/users\/2406"}],"replies":[{"embeddable":true,"href":"https:\/\/tivia-jasenyhdistykset.fi\/tietoturva\/wp-json\/wp\/v2\/comments?post=619"}],"version-history":[{"count":4,"href":"https:\/\/tivia-jasenyhdistykset.fi\/tietoturva\/wp-json\/wp\/v2\/posts\/619\/revisions"}],"predecessor-version":[{"id":754,"href":"https:\/\/tivia-jasenyhdistykset.fi\/tietoturva\/wp-json\/wp\/v2\/posts\/619\/revisions\/754"}],"wp:featuredmedia":[{"embeddable":true,"href":"https:\/\/tivia-jasenyhdistykset.fi\/tietoturva\/wp-json\/wp\/v2\/media\/620"}],"wp:attachment":[{"href":"https:\/\/tivia-jasenyhdistykset.fi\/tietoturva\/wp-json\/wp\/v2\/media?parent=619"}],"wp:term":[{"taxonomy":"category","embeddable":true,"href":"https:\/\/tivia-jasenyhdistykset.fi\/tietoturva\/wp-json\/wp\/v2\/categories?post=619"},{"taxonomy":"post_tag","embeddable":true,"href":"https:\/\/tivia-jasenyhdistykset.fi\/tietoturva\/wp-json\/wp\/v2\/tags?post=619"}],"curies":[{"name":"wp","href":"https:\/\/api.w.org\/{rel}","templated":true}]}}