{"id":774,"date":"2021-05-03T20:15:09","date_gmt":"2021-05-03T17:15:09","guid":{"rendered":"https:\/\/tietoturva.fi\/?p=774"},"modified":"2024-05-31T13:41:08","modified_gmt":"2024-05-31T10:41:08","slug":"saantomaarainen-kevatkokous-2021","status":"publish","type":"post","link":"https:\/\/tivia-jasenyhdistykset.fi\/tietoturva\/2021\/05\/03\/saantomaarainen-kevatkokous-2021\/","title":{"rendered":"S\u00e4\u00e4nt\u00f6m\u00e4\u00e4r\u00e4inen kev\u00e4tkokous 2021"},"content":{"rendered":"<h1><strong>S\u00e4\u00e4nt\u00f6m\u00e4\u00e4r\u00e4inen kev\u00e4tkokous torstaina\u00a020.5.2021\u00a0klo 17:00- 19:00<\/strong><\/h1>\n<div>\n<div>\n<div>Tervetuloa kev\u00e4tkokoukseen!<\/div>\n<div><\/div>\n<div>Kev\u00e4tkokous kokoontuu ensisijaisesti virtuaalisesti, pandemian rajoitustoimien mukaisesti paikan p\u00e4\u00e4ll\u00e4 kokoontuu vain v\u00e4ltt\u00e4m\u00e4tt\u00f6m\u00e4t toimihenkil\u00f6t.<\/div>\n<div><\/div>\n<div>Ennen varsinaista kokousta\u00a0<a href=\"https:\/\/www.linkedin.com\/in\/jarno-limn%C3%A9ll-08699720\/\" target=\"_blank\" rel=\"noopener\">Jarno Limnell<\/a>\u00a0pit\u00e4\u00e4 meille mielenkiintoisen luennon ajankohtaisista kyberturvallisuusasioista.<\/div>\n<div><\/div>\n<div><strong>Illan ohjelma:<\/strong><\/div>\n<div><\/div>\n<div>17.10-17.55\u00a0Ajankohtaisluento, Jarno Limnell.\u00a0Professori (Professor of Practice), Kyberturvallisuus, Aalto-yliopisto.<br \/>\n18:00-19:00\u00a0Kev\u00e4tkokous 2021<\/div>\n<div><\/div>\n<div>Kokouksen agenda:<\/div>\n<div>1. Kokouksen avaus<br \/>\n2. Kokouksen toimihenkil\u00f6iden valinta<br \/>\n3. Kokouksen laillisuus ja p\u00e4\u00e4t\u00f6svaltaisuus<br \/>\n4. Esityslistan hyv\u00e4ksyminen<br \/>\n5. Hallituksen esitys yhdistyksen toimintakertomukseksi tilikaudelle 2020<br \/>\n6. Tilinp\u00e4\u00e4t\u00f6s ja toiminnantarkastajien lausunto tilikaudesta 2020<br \/>\n7. P\u00e4\u00e4tet\u00e4\u00e4n tilinp\u00e4\u00e4t\u00f6ksen vahvistamisesta<br \/>\n8. P\u00e4\u00e4tet\u00e4\u00e4n vastuuvapauden my\u00f6nt\u00e4misest\u00e4 hallitukselle<\/div>\n<div>\u00a09. Hallituksen esitys yhdistyksen s\u00e4\u00e4nt\u00f6jen muuttamiseksi.<br \/>\n10. Muut asiat<br \/>\n11. Kokouksen p\u00e4\u00e4tt\u00e4minen<\/div>\n<div><\/div>\n<div><\/div>\n<\/div>\n<div>\n<div><strong>Aika:\u00a0ke 20<\/strong>.05.2021\u00a0klo 17.00-19:00<\/div>\n<div><\/div>\n<div><strong>Paikka:\u00a0Online + Sokos Hotel Vaakuna, Helsinki.\u00a0<\/strong><\/div>\n<\/div>\n<div><\/div>\n<div><strong>Ilmoittautumisinfo:<\/strong>\u00a0Tilaisuus on ainoastaan Tietoturva ry:n j\u00e4senille ja\u00a0se on veloitukseton.<\/div>\n<\/div>\n<p><a href=\"https:\/\/www.lyyti.fi\/reg\/ttry-kevatkokous2021\" target=\"_blank\" rel=\"noopener\">Osallistuakseni kokoukseen, ilmoittaudu t\u00e4\u00e4ll\u00e4:<\/a><\/p>\n<p>https:\/\/www.lyyti.fi\/reg\/ttry-kevatkokous2021<\/p>\n","protected":false},"excerpt":{"rendered":"<p>S\u00e4\u00e4nt\u00f6m\u00e4\u00e4r\u00e4inen kev\u00e4tkokous torstaina\u00a020.5.2021\u00a0klo 17:00- 19:00<\/p>\n<p>Tervetuloa kev\u00e4tkokoukseen!<\/p>\n<p>Kev\u00e4tkokous kokoontuu ensisijaisesti virtuaalisesti, pandemian rajoitustoimien mukaisesti paikan p\u00e4\u00e4ll\u00e4 kokoontuu vain v\u00e4ltt\u00e4m\u00e4tt\u00f6m\u00e4t toimihenkil\u00f6t.<\/p>\n<p>Ennen varsinaista kokousta\u00a0<a href=\"https:\/\/www.linkedin.com\/in\/jarno-limn%C3%A9ll-08699720\/\" target=\"_blank\" rel=\"noopener\">Jarno Limnell<\/a>\u00a0pit\u00e4\u00e4 meille mielenkiintoisen luennon ajankohtaisista kyberturvallisuusasioista.<\/p>\n<p>Illan ohjelma:<\/p>\n<p>17.10-17.55\u00a0Ajankohtaisluento, Jarno Limnell.\u00a0<\/p>\n","protected":false},"author":2406,"featured_media":118,"comment_status":"open","ping_status":"open","sticky":false,"template":"","format":"standard","meta":{"_acf_changed":false,"footnotes":""},"categories":[43],"tags":[],"class_list":["post-774","post","type-post","status-publish","format-standard","has-post-thumbnail","hentry","category-kokoukset"],"acf":[],"yoast_head":"<!-- This site is optimized with the Yoast SEO plugin v27.5 - https:\/\/yoast.com\/product\/yoast-seo-wordpress\/ -->\n<title>S\u00e4\u00e4nt\u00f6m\u00e4\u00e4r\u00e4inen kev\u00e4tkokous 2021 - Tietoturva ry<\/title>\n<meta name=\"robots\" content=\"index, follow, max-snippet:-1, max-image-preview:large, max-video-preview:-1\" \/>\n<link rel=\"canonical\" href=\"https:\/\/tivia-jasenyhdistykset.fi\/tietoturva\/2021\/05\/03\/saantomaarainen-kevatkokous-2021\/\" \/>\n<meta property=\"og:locale\" content=\"fi_FI\" \/>\n<meta property=\"og:type\" content=\"article\" \/>\n<meta property=\"og:title\" content=\"S\u00e4\u00e4nt\u00f6m\u00e4\u00e4r\u00e4inen kev\u00e4tkokous 2021 - Tietoturva ry\" \/>\n<meta property=\"og:description\" content=\"S\u00e4\u00e4nt\u00f6m\u00e4\u00e4r\u00e4inen kev\u00e4tkokous torstaina\u00a020.5.2021\u00a0klo 17:00- 19:00  Tervetuloa kev\u00e4tkokoukseen! Kev\u00e4tkokous kokoontuu ensisijaisesti virtuaalisesti, pandemian rajoitustoimien mukaisesti paikan p\u00e4\u00e4ll\u00e4 kokoontuu vain v\u00e4ltt\u00e4m\u00e4tt\u00f6m\u00e4t toimihenkil\u00f6t. Ennen varsinaista kokousta\u00a0Jarno Limnell\u00a0pit\u00e4\u00e4 meille mielenkiintoisen luennon ajankohtaisista kyberturvallisuusasioista. Illan ohjelma: 17.10-17.55\u00a0Ajankohtaisluento, Jarno Limnell.\u00a0\" \/>\n<meta property=\"og:url\" content=\"https:\/\/tivia-jasenyhdistykset.fi\/tietoturva\/2021\/05\/03\/saantomaarainen-kevatkokous-2021\/\" \/>\n<meta property=\"og:site_name\" content=\"Tietoturva ry\" \/>\n<meta property=\"article:publisher\" content=\"https:\/\/www.facebook.com\/TietoturvaRy\/\" \/>\n<meta property=\"article:published_time\" content=\"2021-05-03T17:15:09+00:00\" \/>\n<meta property=\"article:modified_time\" content=\"2024-05-31T10:41:08+00:00\" \/>\n<meta property=\"og:image\" content=\"https:\/\/tivia-jasenyhdistykset.fi\/tietoturva\/wp-content\/uploads\/sites\/7\/2019\/06\/Tietoturva-logo-2018-100.png\" \/>\n\t<meta property=\"og:image:width\" content=\"73\" \/>\n\t<meta property=\"og:image:height\" content=\"100\" \/>\n\t<meta property=\"og:image:type\" content=\"image\/png\" \/>\n<meta name=\"author\" content=\"marttinentomi14855\" \/>\n<meta name=\"twitter:card\" content=\"summary_large_image\" \/>\n<meta name=\"twitter:creator\" content=\"@tietoturva_ry\" \/>\n<meta name=\"twitter:site\" content=\"@tietoturva_ry\" \/>\n<meta name=\"twitter:label1\" content=\"Kirjoittanut\" \/>\n\t<meta name=\"twitter:data1\" content=\"marttinentomi14855\" \/>\n\t<meta name=\"twitter:label2\" content=\"Arvioitu lukuaika\" \/>\n\t<meta name=\"twitter:data2\" content=\"1 minuutti\" \/>\n<script type=\"application\/ld+json\" class=\"yoast-schema-graph\">{\"@context\":\"https:\\\/\\\/schema.org\",\"@graph\":[{\"@type\":\"Article\",\"@id\":\"https:\\\/\\\/tivia-jasenyhdistykset.fi\\\/tietoturva\\\/2021\\\/05\\\/03\\\/saantomaarainen-kevatkokous-2021\\\/#article\",\"isPartOf\":{\"@id\":\"https:\\\/\\\/tivia-jasenyhdistykset.fi\\\/tietoturva\\\/2021\\\/05\\\/03\\\/saantomaarainen-kevatkokous-2021\\\/\"},\"author\":{\"name\":\"marttinentomi14855\",\"@id\":\"https:\\\/\\\/tivia-jasenyhdistykset.fi\\\/tietoturva\\\/#\\\/schema\\\/person\\\/19adf5a38ed1bb5572c797f59f5d398c\"},\"headline\":\"S\u00e4\u00e4nt\u00f6m\u00e4\u00e4r\u00e4inen kev\u00e4tkokous 2021\",\"datePublished\":\"2021-05-03T17:15:09+00:00\",\"dateModified\":\"2024-05-31T10:41:08+00:00\",\"mainEntityOfPage\":{\"@id\":\"https:\\\/\\\/tivia-jasenyhdistykset.fi\\\/tietoturva\\\/2021\\\/05\\\/03\\\/saantomaarainen-kevatkokous-2021\\\/\"},\"wordCount\":158,\"commentCount\":0,\"publisher\":{\"@id\":\"https:\\\/\\\/tivia-jasenyhdistykset.fi\\\/tietoturva\\\/#organization\"},\"image\":{\"@id\":\"https:\\\/\\\/tivia-jasenyhdistykset.fi\\\/tietoturva\\\/2021\\\/05\\\/03\\\/saantomaarainen-kevatkokous-2021\\\/#primaryimage\"},\"thumbnailUrl\":\"https:\\\/\\\/tivia-jasenyhdistykset.fi\\\/tietoturva\\\/wp-content\\\/uploads\\\/sites\\\/7\\\/2019\\\/06\\\/Tietoturva-logo-2018-100.png\",\"articleSection\":[\"Kokoukset\"],\"inLanguage\":\"fi\"},{\"@type\":\"WebPage\",\"@id\":\"https:\\\/\\\/tivia-jasenyhdistykset.fi\\\/tietoturva\\\/2021\\\/05\\\/03\\\/saantomaarainen-kevatkokous-2021\\\/\",\"url\":\"https:\\\/\\\/tivia-jasenyhdistykset.fi\\\/tietoturva\\\/2021\\\/05\\\/03\\\/saantomaarainen-kevatkokous-2021\\\/\",\"name\":\"S\u00e4\u00e4nt\u00f6m\u00e4\u00e4r\u00e4inen kev\u00e4tkokous 2021 - Tietoturva ry\",\"isPartOf\":{\"@id\":\"https:\\\/\\\/tivia-jasenyhdistykset.fi\\\/tietoturva\\\/#website\"},\"primaryImageOfPage\":{\"@id\":\"https:\\\/\\\/tivia-jasenyhdistykset.fi\\\/tietoturva\\\/2021\\\/05\\\/03\\\/saantomaarainen-kevatkokous-2021\\\/#primaryimage\"},\"image\":{\"@id\":\"https:\\\/\\\/tivia-jasenyhdistykset.fi\\\/tietoturva\\\/2021\\\/05\\\/03\\\/saantomaarainen-kevatkokous-2021\\\/#primaryimage\"},\"thumbnailUrl\":\"https:\\\/\\\/tivia-jasenyhdistykset.fi\\\/tietoturva\\\/wp-content\\\/uploads\\\/sites\\\/7\\\/2019\\\/06\\\/Tietoturva-logo-2018-100.png\",\"datePublished\":\"2021-05-03T17:15:09+00:00\",\"dateModified\":\"2024-05-31T10:41:08+00:00\",\"breadcrumb\":{\"@id\":\"https:\\\/\\\/tivia-jasenyhdistykset.fi\\\/tietoturva\\\/2021\\\/05\\\/03\\\/saantomaarainen-kevatkokous-2021\\\/#breadcrumb\"},\"inLanguage\":\"fi\",\"potentialAction\":[{\"@type\":\"ReadAction\",\"target\":[\"https:\\\/\\\/tivia-jasenyhdistykset.fi\\\/tietoturva\\\/2021\\\/05\\\/03\\\/saantomaarainen-kevatkokous-2021\\\/\"]}]},{\"@type\":\"ImageObject\",\"inLanguage\":\"fi\",\"@id\":\"https:\\\/\\\/tivia-jasenyhdistykset.fi\\\/tietoturva\\\/2021\\\/05\\\/03\\\/saantomaarainen-kevatkokous-2021\\\/#primaryimage\",\"url\":\"https:\\\/\\\/tivia-jasenyhdistykset.fi\\\/tietoturva\\\/wp-content\\\/uploads\\\/sites\\\/7\\\/2019\\\/06\\\/Tietoturva-logo-2018-100.png\",\"contentUrl\":\"https:\\\/\\\/tivia-jasenyhdistykset.fi\\\/tietoturva\\\/wp-content\\\/uploads\\\/sites\\\/7\\\/2019\\\/06\\\/Tietoturva-logo-2018-100.png\",\"width\":73,\"height\":100},{\"@type\":\"BreadcrumbList\",\"@id\":\"https:\\\/\\\/tivia-jasenyhdistykset.fi\\\/tietoturva\\\/2021\\\/05\\\/03\\\/saantomaarainen-kevatkokous-2021\\\/#breadcrumb\",\"itemListElement\":[{\"@type\":\"ListItem\",\"position\":1,\"name\":\"Etusivu\",\"item\":\"https:\\\/\\\/tivia-jasenyhdistykset.fi\\\/tietoturva\\\/\"},{\"@type\":\"ListItem\",\"position\":2,\"name\":\"S\u00e4\u00e4nt\u00f6m\u00e4\u00e4r\u00e4inen kev\u00e4tkokous 2021\"}]},{\"@type\":\"WebSite\",\"@id\":\"https:\\\/\\\/tivia-jasenyhdistykset.fi\\\/tietoturva\\\/#website\",\"url\":\"https:\\\/\\\/tivia-jasenyhdistykset.fi\\\/tietoturva\\\/\",\"name\":\"Tietoturva ry\",\"description\":\"Suomen suurin tietoturva-ammattilaisten verkosto\",\"publisher\":{\"@id\":\"https:\\\/\\\/tivia-jasenyhdistykset.fi\\\/tietoturva\\\/#organization\"},\"potentialAction\":[{\"@type\":\"SearchAction\",\"target\":{\"@type\":\"EntryPoint\",\"urlTemplate\":\"https:\\\/\\\/tivia-jasenyhdistykset.fi\\\/tietoturva\\\/?s={search_term_string}\"},\"query-input\":{\"@type\":\"PropertyValueSpecification\",\"valueRequired\":true,\"valueName\":\"search_term_string\"}}],\"inLanguage\":\"fi\"},{\"@type\":\"Organization\",\"@id\":\"https:\\\/\\\/tivia-jasenyhdistykset.fi\\\/tietoturva\\\/#organization\",\"name\":\"Tietoturva ry\",\"url\":\"https:\\\/\\\/tivia-jasenyhdistykset.fi\\\/tietoturva\\\/\",\"logo\":{\"@type\":\"ImageObject\",\"inLanguage\":\"fi\",\"@id\":\"https:\\\/\\\/tivia-jasenyhdistykset.fi\\\/tietoturva\\\/#\\\/schema\\\/logo\\\/image\\\/\",\"url\":\"https:\\\/\\\/tietoturva.fi\\\/wp-content\\\/uploads\\\/sites\\\/7\\\/2021\\\/05\\\/Tietoturva-logo-2018-100.png\",\"contentUrl\":\"https:\\\/\\\/tietoturva.fi\\\/wp-content\\\/uploads\\\/sites\\\/7\\\/2021\\\/05\\\/Tietoturva-logo-2018-100.png\",\"width\":73,\"height\":100,\"caption\":\"Tietoturva ry\"},\"image\":{\"@id\":\"https:\\\/\\\/tivia-jasenyhdistykset.fi\\\/tietoturva\\\/#\\\/schema\\\/logo\\\/image\\\/\"},\"sameAs\":[\"https:\\\/\\\/www.facebook.com\\\/TietoturvaRy\\\/\",\"https:\\\/\\\/x.com\\\/tietoturva_ry\",\"https:\\\/\\\/www.linkedin.com\\\/company\\\/tietoturva\\\/\",\"https:\\\/\\\/www.youtube.com\\\/channel\\\/UCmXkytjYpJ4_N2msCNy69sw\\\/\"]},{\"@type\":\"Person\",\"@id\":\"https:\\\/\\\/tivia-jasenyhdistykset.fi\\\/tietoturva\\\/#\\\/schema\\\/person\\\/19adf5a38ed1bb5572c797f59f5d398c\",\"name\":\"marttinentomi14855\",\"image\":{\"@type\":\"ImageObject\",\"inLanguage\":\"fi\",\"@id\":\"https:\\\/\\\/secure.gravatar.com\\\/avatar\\\/86ce3195a207958a65db3a2f1a0b53c6822ec82b8849c824270d6274e1a79ff8?s=96&d=mm&r=g\",\"url\":\"https:\\\/\\\/secure.gravatar.com\\\/avatar\\\/86ce3195a207958a65db3a2f1a0b53c6822ec82b8849c824270d6274e1a79ff8?s=96&d=mm&r=g\",\"contentUrl\":\"https:\\\/\\\/secure.gravatar.com\\\/avatar\\\/86ce3195a207958a65db3a2f1a0b53c6822ec82b8849c824270d6274e1a79ff8?s=96&d=mm&r=g\",\"caption\":\"marttinentomi14855\"},\"url\":\"https:\\\/\\\/tivia-jasenyhdistykset.fi\\\/tietoturva\\\/author\\\/marttinentomi14855\\\/\"}]}<\/script>\n<!-- \/ Yoast SEO plugin. -->","yoast_head_json":{"title":"S\u00e4\u00e4nt\u00f6m\u00e4\u00e4r\u00e4inen kev\u00e4tkokous 2021 - Tietoturva ry","robots":{"index":"index","follow":"follow","max-snippet":"max-snippet:-1","max-image-preview":"max-image-preview:large","max-video-preview":"max-video-preview:-1"},"canonical":"https:\/\/tivia-jasenyhdistykset.fi\/tietoturva\/2021\/05\/03\/saantomaarainen-kevatkokous-2021\/","og_locale":"fi_FI","og_type":"article","og_title":"S\u00e4\u00e4nt\u00f6m\u00e4\u00e4r\u00e4inen kev\u00e4tkokous 2021 - Tietoturva ry","og_description":"S\u00e4\u00e4nt\u00f6m\u00e4\u00e4r\u00e4inen kev\u00e4tkokous torstaina\u00a020.5.2021\u00a0klo 17:00- 19:00  Tervetuloa kev\u00e4tkokoukseen! Kev\u00e4tkokous kokoontuu ensisijaisesti virtuaalisesti, pandemian rajoitustoimien mukaisesti paikan p\u00e4\u00e4ll\u00e4 kokoontuu vain v\u00e4ltt\u00e4m\u00e4tt\u00f6m\u00e4t toimihenkil\u00f6t. Ennen varsinaista kokousta\u00a0Jarno Limnell\u00a0pit\u00e4\u00e4 meille mielenkiintoisen luennon ajankohtaisista kyberturvallisuusasioista. Illan ohjelma: 17.10-17.55\u00a0Ajankohtaisluento, Jarno Limnell.\u00a0","og_url":"https:\/\/tivia-jasenyhdistykset.fi\/tietoturva\/2021\/05\/03\/saantomaarainen-kevatkokous-2021\/","og_site_name":"Tietoturva ry","article_publisher":"https:\/\/www.facebook.com\/TietoturvaRy\/","article_published_time":"2021-05-03T17:15:09+00:00","article_modified_time":"2024-05-31T10:41:08+00:00","og_image":[{"width":73,"height":100,"url":"https:\/\/tivia-jasenyhdistykset.fi\/tietoturva\/wp-content\/uploads\/sites\/7\/2019\/06\/Tietoturva-logo-2018-100.png","type":"image\/png"}],"author":"marttinentomi14855","twitter_card":"summary_large_image","twitter_creator":"@tietoturva_ry","twitter_site":"@tietoturva_ry","twitter_misc":{"Kirjoittanut":"marttinentomi14855","Arvioitu lukuaika":"1 minuutti"},"schema":{"@context":"https:\/\/schema.org","@graph":[{"@type":"Article","@id":"https:\/\/tivia-jasenyhdistykset.fi\/tietoturva\/2021\/05\/03\/saantomaarainen-kevatkokous-2021\/#article","isPartOf":{"@id":"https:\/\/tivia-jasenyhdistykset.fi\/tietoturva\/2021\/05\/03\/saantomaarainen-kevatkokous-2021\/"},"author":{"name":"marttinentomi14855","@id":"https:\/\/tivia-jasenyhdistykset.fi\/tietoturva\/#\/schema\/person\/19adf5a38ed1bb5572c797f59f5d398c"},"headline":"S\u00e4\u00e4nt\u00f6m\u00e4\u00e4r\u00e4inen kev\u00e4tkokous 2021","datePublished":"2021-05-03T17:15:09+00:00","dateModified":"2024-05-31T10:41:08+00:00","mainEntityOfPage":{"@id":"https:\/\/tivia-jasenyhdistykset.fi\/tietoturva\/2021\/05\/03\/saantomaarainen-kevatkokous-2021\/"},"wordCount":158,"commentCount":0,"publisher":{"@id":"https:\/\/tivia-jasenyhdistykset.fi\/tietoturva\/#organization"},"image":{"@id":"https:\/\/tivia-jasenyhdistykset.fi\/tietoturva\/2021\/05\/03\/saantomaarainen-kevatkokous-2021\/#primaryimage"},"thumbnailUrl":"https:\/\/tivia-jasenyhdistykset.fi\/tietoturva\/wp-content\/uploads\/sites\/7\/2019\/06\/Tietoturva-logo-2018-100.png","articleSection":["Kokoukset"],"inLanguage":"fi"},{"@type":"WebPage","@id":"https:\/\/tivia-jasenyhdistykset.fi\/tietoturva\/2021\/05\/03\/saantomaarainen-kevatkokous-2021\/","url":"https:\/\/tivia-jasenyhdistykset.fi\/tietoturva\/2021\/05\/03\/saantomaarainen-kevatkokous-2021\/","name":"S\u00e4\u00e4nt\u00f6m\u00e4\u00e4r\u00e4inen kev\u00e4tkokous 2021 - Tietoturva ry","isPartOf":{"@id":"https:\/\/tivia-jasenyhdistykset.fi\/tietoturva\/#website"},"primaryImageOfPage":{"@id":"https:\/\/tivia-jasenyhdistykset.fi\/tietoturva\/2021\/05\/03\/saantomaarainen-kevatkokous-2021\/#primaryimage"},"image":{"@id":"https:\/\/tivia-jasenyhdistykset.fi\/tietoturva\/2021\/05\/03\/saantomaarainen-kevatkokous-2021\/#primaryimage"},"thumbnailUrl":"https:\/\/tivia-jasenyhdistykset.fi\/tietoturva\/wp-content\/uploads\/sites\/7\/2019\/06\/Tietoturva-logo-2018-100.png","datePublished":"2021-05-03T17:15:09+00:00","dateModified":"2024-05-31T10:41:08+00:00","breadcrumb":{"@id":"https:\/\/tivia-jasenyhdistykset.fi\/tietoturva\/2021\/05\/03\/saantomaarainen-kevatkokous-2021\/#breadcrumb"},"inLanguage":"fi","potentialAction":[{"@type":"ReadAction","target":["https:\/\/tivia-jasenyhdistykset.fi\/tietoturva\/2021\/05\/03\/saantomaarainen-kevatkokous-2021\/"]}]},{"@type":"ImageObject","inLanguage":"fi","@id":"https:\/\/tivia-jasenyhdistykset.fi\/tietoturva\/2021\/05\/03\/saantomaarainen-kevatkokous-2021\/#primaryimage","url":"https:\/\/tivia-jasenyhdistykset.fi\/tietoturva\/wp-content\/uploads\/sites\/7\/2019\/06\/Tietoturva-logo-2018-100.png","contentUrl":"https:\/\/tivia-jasenyhdistykset.fi\/tietoturva\/wp-content\/uploads\/sites\/7\/2019\/06\/Tietoturva-logo-2018-100.png","width":73,"height":100},{"@type":"BreadcrumbList","@id":"https:\/\/tivia-jasenyhdistykset.fi\/tietoturva\/2021\/05\/03\/saantomaarainen-kevatkokous-2021\/#breadcrumb","itemListElement":[{"@type":"ListItem","position":1,"name":"Etusivu","item":"https:\/\/tivia-jasenyhdistykset.fi\/tietoturva\/"},{"@type":"ListItem","position":2,"name":"S\u00e4\u00e4nt\u00f6m\u00e4\u00e4r\u00e4inen kev\u00e4tkokous 2021"}]},{"@type":"WebSite","@id":"https:\/\/tivia-jasenyhdistykset.fi\/tietoturva\/#website","url":"https:\/\/tivia-jasenyhdistykset.fi\/tietoturva\/","name":"Tietoturva ry","description":"Suomen suurin tietoturva-ammattilaisten verkosto","publisher":{"@id":"https:\/\/tivia-jasenyhdistykset.fi\/tietoturva\/#organization"},"potentialAction":[{"@type":"SearchAction","target":{"@type":"EntryPoint","urlTemplate":"https:\/\/tivia-jasenyhdistykset.fi\/tietoturva\/?s={search_term_string}"},"query-input":{"@type":"PropertyValueSpecification","valueRequired":true,"valueName":"search_term_string"}}],"inLanguage":"fi"},{"@type":"Organization","@id":"https:\/\/tivia-jasenyhdistykset.fi\/tietoturva\/#organization","name":"Tietoturva ry","url":"https:\/\/tivia-jasenyhdistykset.fi\/tietoturva\/","logo":{"@type":"ImageObject","inLanguage":"fi","@id":"https:\/\/tivia-jasenyhdistykset.fi\/tietoturva\/#\/schema\/logo\/image\/","url":"https:\/\/tietoturva.fi\/wp-content\/uploads\/sites\/7\/2021\/05\/Tietoturva-logo-2018-100.png","contentUrl":"https:\/\/tietoturva.fi\/wp-content\/uploads\/sites\/7\/2021\/05\/Tietoturva-logo-2018-100.png","width":73,"height":100,"caption":"Tietoturva ry"},"image":{"@id":"https:\/\/tivia-jasenyhdistykset.fi\/tietoturva\/#\/schema\/logo\/image\/"},"sameAs":["https:\/\/www.facebook.com\/TietoturvaRy\/","https:\/\/x.com\/tietoturva_ry","https:\/\/www.linkedin.com\/company\/tietoturva\/","https:\/\/www.youtube.com\/channel\/UCmXkytjYpJ4_N2msCNy69sw\/"]},{"@type":"Person","@id":"https:\/\/tivia-jasenyhdistykset.fi\/tietoturva\/#\/schema\/person\/19adf5a38ed1bb5572c797f59f5d398c","name":"marttinentomi14855","image":{"@type":"ImageObject","inLanguage":"fi","@id":"https:\/\/secure.gravatar.com\/avatar\/86ce3195a207958a65db3a2f1a0b53c6822ec82b8849c824270d6274e1a79ff8?s=96&d=mm&r=g","url":"https:\/\/secure.gravatar.com\/avatar\/86ce3195a207958a65db3a2f1a0b53c6822ec82b8849c824270d6274e1a79ff8?s=96&d=mm&r=g","contentUrl":"https:\/\/secure.gravatar.com\/avatar\/86ce3195a207958a65db3a2f1a0b53c6822ec82b8849c824270d6274e1a79ff8?s=96&d=mm&r=g","caption":"marttinentomi14855"},"url":"https:\/\/tivia-jasenyhdistykset.fi\/tietoturva\/author\/marttinentomi14855\/"}]}},"_links":{"self":[{"href":"https:\/\/tivia-jasenyhdistykset.fi\/tietoturva\/wp-json\/wp\/v2\/posts\/774","targetHints":{"allow":["GET"]}}],"collection":[{"href":"https:\/\/tivia-jasenyhdistykset.fi\/tietoturva\/wp-json\/wp\/v2\/posts"}],"about":[{"href":"https:\/\/tivia-jasenyhdistykset.fi\/tietoturva\/wp-json\/wp\/v2\/types\/post"}],"author":[{"embeddable":true,"href":"https:\/\/tivia-jasenyhdistykset.fi\/tietoturva\/wp-json\/wp\/v2\/users\/2406"}],"replies":[{"embeddable":true,"href":"https:\/\/tivia-jasenyhdistykset.fi\/tietoturva\/wp-json\/wp\/v2\/comments?post=774"}],"version-history":[{"count":1,"href":"https:\/\/tivia-jasenyhdistykset.fi\/tietoturva\/wp-json\/wp\/v2\/posts\/774\/revisions"}],"predecessor-version":[{"id":775,"href":"https:\/\/tivia-jasenyhdistykset.fi\/tietoturva\/wp-json\/wp\/v2\/posts\/774\/revisions\/775"}],"wp:featuredmedia":[{"embeddable":true,"href":"https:\/\/tivia-jasenyhdistykset.fi\/tietoturva\/wp-json\/wp\/v2\/media\/118"}],"wp:attachment":[{"href":"https:\/\/tivia-jasenyhdistykset.fi\/tietoturva\/wp-json\/wp\/v2\/media?parent=774"}],"wp:term":[{"taxonomy":"category","embeddable":true,"href":"https:\/\/tivia-jasenyhdistykset.fi\/tietoturva\/wp-json\/wp\/v2\/categories?post=774"},{"taxonomy":"post_tag","embeddable":true,"href":"https:\/\/tivia-jasenyhdistykset.fi\/tietoturva\/wp-json\/wp\/v2\/tags?post=774"}],"curies":[{"name":"wp","href":"https:\/\/api.w.org\/{rel}","templated":true}]}}